{"id":38018,"date":"2026-05-01T16:07:17","date_gmt":"2026-05-01T14:07:17","guid":{"rendered":"https:\/\/www.ladiagonale.net\/?p=38018"},"modified":"2026-05-01T16:07:18","modified_gmt":"2026-05-01T14:07:18","slug":"diatta-ne-devrait-pas-prolonger-et-quitter-lasm-cet-ete","status":"publish","type":"post","link":"https:\/\/www.ladiagonale.net\/index.php\/2026\/05\/01\/diatta-ne-devrait-pas-prolonger-et-quitter-lasm-cet-ete\/","title":{"rendered":"Diatta ne devrait pas prolonger et quitter l\u2019ASM cet \u00e9t\u00e9"},"content":{"rendered":"\n<p>D\u00e9but mars, <em>Nice-Matin<\/em> indiquait que <a href=\"https:\/\/www.ladiagonale.net\/index.php\/2026\/03\/09\/une-prolongation-de-diatta-ne-serait-pas-a-lordre-du-jour\/\" target=\"_blank\" rel=\"noreferrer noopener\">les n\u00e9gociations pour une prolongation de Kr\u00e9pin Diatta \u00e0 l\u2019AS Monaco n\u2019avaient pas encore eu lieu<\/a>, m\u00eame si la porte n\u2019\u00e9tait pas ferm\u00e9e \u00e0 des discussions. Si discussions il y a eu, elles ont visiblement tourn\u00e9 court, puisque selon <em>L\u2019\u00c9quipe<\/em>, le club de la Principaut\u00e9 aurait pris la d\u00e9cision de ne proposer aucune offre au S\u00e9n\u00e9galais de 27 ans pour \u00e9tendre son bail sur le Rocher. Une d\u00e9cision qui entra\u00eenera la lib\u00e9ration du joueur \u00e0 \u00e9ch\u00e9ance de son contrat, pr\u00e9vue le 30 juin.<\/p>\n\n\n\n<p>Cette d\u00e9cision n\u2019est pas r\u00e9ellement surprenante. Le champion d\u2019Afrique avait \u00e9t\u00e9 invit\u00e9 \u00e0 quitter le club au cours du dernier \u00e9t\u00e9, et c\u2019est en ce sens qu\u2019il avait \u00e9t\u00e9 \u00e9cart\u00e9 du groupe par Adi H\u00fctter au d\u00e9but de la saison ainsi que des listes pour la Ligue des champions. Gr\u00e2ce aux blessures, et celle de Denis Zakaria en particulier, il avait r\u00e9ussi \u00e0 regagner sa place et \u00e0 jouer en C1. Mais contre Toulouse, samedi dernier, il \u00e9tait de nouveau hors groupe, en raison de sa situation contractuelle.<\/p>\n\n\n\n<p>Cette saison, Diatta a rendu des services, par sa polyvalence et sa mentalit\u00e9 irr\u00e9prochable, et c\u2019est <a href=\"https:\/\/www.ladiagonale.net\/index.php\/2025\/10\/14\/diatta-je-pense-que-je-merite-beaucoup-plus-de-temps-de-jeu\/\" target=\"_blank\" rel=\"noreferrer noopener\">un \u00e9change gagnant-gagnant<\/a> qui s\u2019est nou\u00e9 entre les deux parties, afin qu\u2019il ne perde pas sa place en s\u00e9lection avant les \u00e9ch\u00e9ances importantes du football international (CAN et Coupe du monde). Depuis son arriv\u00e9e du Club Bruges en janvier 2021, contre 16 millions d\u2019euros, le natif de Dakar a pris part \u00e0 143 matches sous les couleurs mon\u00e9gasques, dont 22 cette saison.<\/p>\n\n\n","protected":false},"excerpt":{"rendered":"<p>D\u00e9but mars, Nice-Matin indiquait que les n\u00e9gociations pour une prolongation de Kr\u00e9pin Diatta \u00e0 l\u2019AS Monaco n\u2019avaient pas encore eu lieu, m\u00eame si la porte n\u2019\u00e9tait pas ferm\u00e9e \u00e0 des discussions. Si discussions il y a eu, elles ont visiblement tourn\u00e9 court, puisque selon L\u2019\u00c9quipe, le club de la Principaut\u00e9 aurait pris la d\u00e9cision de [&#8230;]\n","protected":false},"author":2,"featured_media":0,"comment_status":"open","ping_status":"open","sticky":false,"template":"","format":"standard","meta":[],"categories":[6,1086],"tags":[86,163,111,110],"yoast_head":"<!-- This site is optimized with the Yoast SEO plugin v19.8 - https:\/\/yoast.com\/wordpress\/plugins\/seo\/ -->\n<title>Diatta ne devrait pas prolonger et quitter l\u2019ASM cet \u00e9t\u00e9 - La Diagonale<\/title>\n<meta name=\"robots\" content=\"index, follow, max-snippet:-1, max-image-preview:large, max-video-preview:-1\" \/>\n<link rel=\"canonical\" href=\"https:\/\/www.ladiagonale.net\/index.php\/2026\/05\/01\/diatta-ne-devrait-pas-prolonger-et-quitter-lasm-cet-ete\/\" \/>\n<meta property=\"og:locale\" content=\"fr_FR\" \/>\n<meta property=\"og:type\" content=\"article\" \/>\n<meta property=\"og:title\" content=\"Diatta ne devrait pas prolonger et quitter l\u2019ASM cet \u00e9t\u00e9 - La Diagonale\" \/>\n<meta property=\"og:description\" content=\"D\u00e9but mars, Nice-Matin indiquait que les n\u00e9gociations pour une prolongation de Kr\u00e9pin Diatta \u00e0 l\u2019AS Monaco n\u2019avaient pas encore eu lieu, m\u00eame si la porte n\u2019\u00e9tait pas ferm\u00e9e \u00e0 des discussions. Si discussions il y a eu, elles ont visiblement tourn\u00e9 court, puisque selon L\u2019\u00c9quipe, le club de la Principaut\u00e9 aurait pris la d\u00e9cision de [...]\" \/>\n<meta property=\"og:url\" content=\"https:\/\/www.ladiagonale.net\/index.php\/2026\/05\/01\/diatta-ne-devrait-pas-prolonger-et-quitter-lasm-cet-ete\/\" \/>\n<meta property=\"og:site_name\" content=\"La Diagonale\" \/>\n<meta property=\"article:published_time\" content=\"2026-05-01T14:07:17+00:00\" \/>\n<meta property=\"article:modified_time\" content=\"2026-05-01T14:07:18+00:00\" \/>\n<meta property=\"og:image\" content=\"https:\/\/www.ladiagonale.net\/wp-content\/uploads\/2025\/10\/Diatta.png\" \/>\n\t<meta property=\"og:image:width\" content=\"1160\" \/>\n\t<meta property=\"og:image:height\" content=\"650\" \/>\n\t<meta property=\"og:image:type\" content=\"image\/png\" \/>\n<meta name=\"author\" content=\"Damien Dellerba\" \/>\n<meta name=\"twitter:card\" content=\"summary_large_image\" \/>\n<meta name=\"twitter:image\" content=\"https:\/\/www.ladiagonale.net\/wp-content\/uploads\/2025\/10\/Diatta.png\" \/>\n<meta name=\"twitter:label1\" content=\"\u00c9crit par\" \/>\n\t<meta name=\"twitter:data1\" content=\"Damien Dellerba\" \/>\n\t<meta name=\"twitter:label2\" content=\"Dur\u00e9e de lecture estim\u00e9e\" \/>\n\t<meta name=\"twitter:data2\" content=\"2 minutes\" \/>\n<script type=\"application\/ld+json\" class=\"yoast-schema-graph\">{\"@context\":\"https:\/\/schema.org\",\"@graph\":[{\"@type\":\"WebPage\",\"@id\":\"https:\/\/www.ladiagonale.net\/index.php\/2026\/05\/01\/diatta-ne-devrait-pas-prolonger-et-quitter-lasm-cet-ete\/\",\"url\":\"https:\/\/www.ladiagonale.net\/index.php\/2026\/05\/01\/diatta-ne-devrait-pas-prolonger-et-quitter-lasm-cet-ete\/\",\"name\":\"Diatta ne devrait pas prolonger et quitter l\u2019ASM cet \u00e9t\u00e9 - La Diagonale\",\"isPartOf\":{\"@id\":\"https:\/\/www.ladiagonale.net\/#website\"},\"datePublished\":\"2026-05-01T14:07:17+00:00\",\"dateModified\":\"2026-05-01T14:07:18+00:00\",\"author\":{\"@id\":\"https:\/\/www.ladiagonale.net\/#\/schema\/person\/79ff1e7b0853ed01b2aa26e64ad300bf\"},\"breadcrumb\":{\"@id\":\"https:\/\/www.ladiagonale.net\/index.php\/2026\/05\/01\/diatta-ne-devrait-pas-prolonger-et-quitter-lasm-cet-ete\/#breadcrumb\"},\"inLanguage\":\"fr-FR\",\"potentialAction\":[{\"@type\":\"ReadAction\",\"target\":[\"https:\/\/www.ladiagonale.net\/index.php\/2026\/05\/01\/diatta-ne-devrait-pas-prolonger-et-quitter-lasm-cet-ete\/\"]}]},{\"@type\":\"BreadcrumbList\",\"@id\":\"https:\/\/www.ladiagonale.net\/index.php\/2026\/05\/01\/diatta-ne-devrait-pas-prolonger-et-quitter-lasm-cet-ete\/#breadcrumb\",\"itemListElement\":[{\"@type\":\"ListItem\",\"position\":1,\"name\":\"Accueil\",\"item\":\"https:\/\/www.ladiagonale.net\/\"},{\"@type\":\"ListItem\",\"position\":2,\"name\":\"Diatta ne devrait pas prolonger et quitter l\u2019ASM cet \u00e9t\u00e9\"}]},{\"@type\":\"WebSite\",\"@id\":\"https:\/\/www.ladiagonale.net\/#website\",\"url\":\"https:\/\/www.ladiagonale.net\/\",\"name\":\"La Diagonale\",\"description\":\"Le site des supporters de l&#039;AS Monaco FC\",\"potentialAction\":[{\"@type\":\"SearchAction\",\"target\":{\"@type\":\"EntryPoint\",\"urlTemplate\":\"https:\/\/www.ladiagonale.net\/?s={search_term_string}\"},\"query-input\":\"required name=search_term_string\"}],\"inLanguage\":\"fr-FR\"},{\"@type\":\"Person\",\"@id\":\"https:\/\/www.ladiagonale.net\/#\/schema\/person\/79ff1e7b0853ed01b2aa26e64ad300bf\",\"name\":\"Damien Dellerba\",\"image\":{\"@type\":\"ImageObject\",\"inLanguage\":\"fr-FR\",\"@id\":\"https:\/\/www.ladiagonale.net\/#\/schema\/person\/image\/\",\"url\":\"https:\/\/secure.gravatar.com\/avatar\/c7850e06d3ff63cdbaee88b7fc16e2f0?s=96&d=mm&r=g\",\"contentUrl\":\"https:\/\/secure.gravatar.com\/avatar\/c7850e06d3ff63cdbaee88b7fc16e2f0?s=96&d=mm&r=g\",\"caption\":\"Damien Dellerba\"},\"url\":\"https:\/\/www.ladiagonale.net\/index.php\/author\/damien\/\"}]}<\/script>\n<!-- \/ Yoast SEO plugin. -->","yoast_head_json":{"title":"Diatta ne devrait pas prolonger et quitter l\u2019ASM cet \u00e9t\u00e9 - La Diagonale","robots":{"index":"index","follow":"follow","max-snippet":"max-snippet:-1","max-image-preview":"max-image-preview:large","max-video-preview":"max-video-preview:-1"},"canonical":"https:\/\/www.ladiagonale.net\/index.php\/2026\/05\/01\/diatta-ne-devrait-pas-prolonger-et-quitter-lasm-cet-ete\/","og_locale":"fr_FR","og_type":"article","og_title":"Diatta ne devrait pas prolonger et quitter l\u2019ASM cet \u00e9t\u00e9 - La Diagonale","og_description":"D\u00e9but mars, Nice-Matin indiquait que les n\u00e9gociations pour une prolongation de Kr\u00e9pin Diatta \u00e0 l\u2019AS Monaco n\u2019avaient pas encore eu lieu, m\u00eame si la porte n\u2019\u00e9tait pas ferm\u00e9e \u00e0 des discussions. Si discussions il y a eu, elles ont visiblement tourn\u00e9 court, puisque selon L\u2019\u00c9quipe, le club de la Principaut\u00e9 aurait pris la d\u00e9cision de [...]","og_url":"https:\/\/www.ladiagonale.net\/index.php\/2026\/05\/01\/diatta-ne-devrait-pas-prolonger-et-quitter-lasm-cet-ete\/","og_site_name":"La Diagonale","article_published_time":"2026-05-01T14:07:17+00:00","article_modified_time":"2026-05-01T14:07:18+00:00","og_image":[{"width":1160,"height":650,"url":"https:\/\/www.ladiagonale.net\/wp-content\/uploads\/2025\/10\/Diatta.png","type":"image\/png"}],"author":"Damien Dellerba","twitter_card":"summary_large_image","twitter_image":"https:\/\/www.ladiagonale.net\/wp-content\/uploads\/2025\/10\/Diatta.png","twitter_misc":{"\u00c9crit par":"Damien Dellerba","Dur\u00e9e de lecture estim\u00e9e":"2 minutes"},"schema":{"@context":"https:\/\/schema.org","@graph":[{"@type":"WebPage","@id":"https:\/\/www.ladiagonale.net\/index.php\/2026\/05\/01\/diatta-ne-devrait-pas-prolonger-et-quitter-lasm-cet-ete\/","url":"https:\/\/www.ladiagonale.net\/index.php\/2026\/05\/01\/diatta-ne-devrait-pas-prolonger-et-quitter-lasm-cet-ete\/","name":"Diatta ne devrait pas prolonger et quitter l\u2019ASM cet \u00e9t\u00e9 - La Diagonale","isPartOf":{"@id":"https:\/\/www.ladiagonale.net\/#website"},"datePublished":"2026-05-01T14:07:17+00:00","dateModified":"2026-05-01T14:07:18+00:00","author":{"@id":"https:\/\/www.ladiagonale.net\/#\/schema\/person\/79ff1e7b0853ed01b2aa26e64ad300bf"},"breadcrumb":{"@id":"https:\/\/www.ladiagonale.net\/index.php\/2026\/05\/01\/diatta-ne-devrait-pas-prolonger-et-quitter-lasm-cet-ete\/#breadcrumb"},"inLanguage":"fr-FR","potentialAction":[{"@type":"ReadAction","target":["https:\/\/www.ladiagonale.net\/index.php\/2026\/05\/01\/diatta-ne-devrait-pas-prolonger-et-quitter-lasm-cet-ete\/"]}]},{"@type":"BreadcrumbList","@id":"https:\/\/www.ladiagonale.net\/index.php\/2026\/05\/01\/diatta-ne-devrait-pas-prolonger-et-quitter-lasm-cet-ete\/#breadcrumb","itemListElement":[{"@type":"ListItem","position":1,"name":"Accueil","item":"https:\/\/www.ladiagonale.net\/"},{"@type":"ListItem","position":2,"name":"Diatta ne devrait pas prolonger et quitter l\u2019ASM cet \u00e9t\u00e9"}]},{"@type":"WebSite","@id":"https:\/\/www.ladiagonale.net\/#website","url":"https:\/\/www.ladiagonale.net\/","name":"La Diagonale","description":"Le site des supporters de l&#039;AS Monaco FC","potentialAction":[{"@type":"SearchAction","target":{"@type":"EntryPoint","urlTemplate":"https:\/\/www.ladiagonale.net\/?s={search_term_string}"},"query-input":"required name=search_term_string"}],"inLanguage":"fr-FR"},{"@type":"Person","@id":"https:\/\/www.ladiagonale.net\/#\/schema\/person\/79ff1e7b0853ed01b2aa26e64ad300bf","name":"Damien Dellerba","image":{"@type":"ImageObject","inLanguage":"fr-FR","@id":"https:\/\/www.ladiagonale.net\/#\/schema\/person\/image\/","url":"https:\/\/secure.gravatar.com\/avatar\/c7850e06d3ff63cdbaee88b7fc16e2f0?s=96&d=mm&r=g","contentUrl":"https:\/\/secure.gravatar.com\/avatar\/c7850e06d3ff63cdbaee88b7fc16e2f0?s=96&d=mm&r=g","caption":"Damien Dellerba"},"url":"https:\/\/www.ladiagonale.net\/index.php\/author\/damien\/"}]}},"_links":{"self":[{"href":"https:\/\/www.ladiagonale.net\/index.php\/wp-json\/wp\/v2\/posts\/38018"}],"collection":[{"href":"https:\/\/www.ladiagonale.net\/index.php\/wp-json\/wp\/v2\/posts"}],"about":[{"href":"https:\/\/www.ladiagonale.net\/index.php\/wp-json\/wp\/v2\/types\/post"}],"author":[{"embeddable":true,"href":"https:\/\/www.ladiagonale.net\/index.php\/wp-json\/wp\/v2\/users\/2"}],"replies":[{"embeddable":true,"href":"https:\/\/www.ladiagonale.net\/index.php\/wp-json\/wp\/v2\/comments?post=38018"}],"version-history":[{"count":1,"href":"https:\/\/www.ladiagonale.net\/index.php\/wp-json\/wp\/v2\/posts\/38018\/revisions"}],"predecessor-version":[{"id":38019,"href":"https:\/\/www.ladiagonale.net\/index.php\/wp-json\/wp\/v2\/posts\/38018\/revisions\/38019"}],"wp:attachment":[{"href":"https:\/\/www.ladiagonale.net\/index.php\/wp-json\/wp\/v2\/media?parent=38018"}],"wp:term":[{"taxonomy":"category","embeddable":true,"href":"https:\/\/www.ladiagonale.net\/index.php\/wp-json\/wp\/v2\/categories?post=38018"},{"taxonomy":"post_tag","embeddable":true,"href":"https:\/\/www.ladiagonale.net\/index.php\/wp-json\/wp\/v2\/tags?post=38018"}],"curies":[{"name":"wp","href":"https:\/\/api.w.org\/{rel}","templated":true}]}}