{"id":38035,"date":"2026-05-01T19:54:32","date_gmt":"2026-05-01T17:54:32","guid":{"rendered":"https:\/\/www.ladiagonale.net\/?p=38035"},"modified":"2026-05-01T19:54:33","modified_gmt":"2026-05-01T17:54:33","slug":"caio-henrique-de-retour-pour-le-deplacement-a-metz","status":"publish","type":"post","link":"https:\/\/www.ladiagonale.net\/index.php\/2026\/05\/01\/caio-henrique-de-retour-pour-le-deplacement-a-metz\/","title":{"rendered":"Caio Henrique de retour pour le d\u00e9placement \u00e0 Metz"},"content":{"rendered":"\n\n\n<p>L&rsquo;AS Monaco enregistre un retour \u00e0 l&rsquo;occasion de cette 32e journ\u00e9e de Ligue 1. Contre le FC Metz, samedi, le club de la Principaut\u00e9 pourra compter sur son lat\u00e9ral gauche Caio Henrique. Le Br\u00e9silien revient de sa blessure \u00e0 la cuisse droite.<\/p>\n\n\n\n<p>Kr\u00e9pin Diatta, qui <a href=\"https:\/\/www.ladiagonale.net\/index.php\/2026\/05\/01\/diatta-ne-devrait-pas-prolonger-et-quitter-lasm-cet-ete\/\" target=\"_blank\" rel=\"noreferrer noopener\">quittera le club librement<\/a> \u00e0 l&rsquo;issue de cette saison, reste \u00e0 l&rsquo;\u00e9cart du groupe.<\/p>\n\n\n\n<h3>Le groupe mon\u00e9gasque<\/h3>\n\n\n\n<ul><li><strong>Gardiens :\u00a0<\/strong>Hradecky, K\u00f6hn, Lienard.<\/li><li><strong>D\u00e9fenseurs :<\/strong>\u00a0C. Henrique, Dier, Faes, Kherer, Mawissa, Nibomb\u00e9, Teze.<\/li><li><strong>Milieux :\u00a0<\/strong>Akliouche, Bamba, Camara, Coulibaly, Golovin, Pogba, Tour\u00e9, Zakaria.<\/li><li><strong>Attaquants :\u00a0<\/strong>Adingra, Balogun, Biereth, Fati.<\/li><\/ul>\n\n\n\n<p><em>Absents :<\/em>\u00a0Ouattara, Vanderson, Salisu, Minamino, Idumbo (bless\u00e9s), Brunner (reprise), Diatta, Cabral, Stawiecki (choix).<\/p>\n","protected":false},"excerpt":{"rendered":"<p>L&rsquo;AS Monaco enregistre un retour \u00e0 l&rsquo;occasion de cette 32e journ\u00e9e de Ligue 1. Contre le FC Metz, samedi, le club de la Principaut\u00e9 pourra compter sur son lat\u00e9ral gauche Caio Henrique. Le Br\u00e9silien revient de sa blessure \u00e0 la cuisse droite. Kr\u00e9pin Diatta, qui quittera le club librement \u00e0 l&rsquo;issue de cette saison, reste [&#8230;]\n","protected":false},"author":2,"featured_media":0,"comment_status":"open","ping_status":"open","sticky":false,"template":"","format":"standard","meta":[],"categories":[4,6,1000],"tags":[86,225,94,794],"yoast_head":"<!-- This site is optimized with the Yoast SEO plugin v19.8 - https:\/\/yoast.com\/wordpress\/plugins\/seo\/ -->\n<title>Caio Henrique de retour pour le d\u00e9placement \u00e0 Metz - La Diagonale<\/title>\n<meta name=\"robots\" content=\"index, follow, max-snippet:-1, max-image-preview:large, max-video-preview:-1\" \/>\n<link rel=\"canonical\" href=\"https:\/\/www.ladiagonale.net\/index.php\/2026\/05\/01\/caio-henrique-de-retour-pour-le-deplacement-a-metz\/\" \/>\n<meta property=\"og:locale\" content=\"fr_FR\" \/>\n<meta property=\"og:type\" content=\"article\" \/>\n<meta property=\"og:title\" content=\"Caio Henrique de retour pour le d\u00e9placement \u00e0 Metz - La Diagonale\" \/>\n<meta property=\"og:description\" content=\"L&rsquo;AS Monaco enregistre un retour \u00e0 l&rsquo;occasion de cette 32e journ\u00e9e de Ligue 1. Contre le FC Metz, samedi, le club de la Principaut\u00e9 pourra compter sur son lat\u00e9ral gauche Caio Henrique. Le Br\u00e9silien revient de sa blessure \u00e0 la cuisse droite. Kr\u00e9pin Diatta, qui quittera le club librement \u00e0 l&rsquo;issue de cette saison, reste [...]\" \/>\n<meta property=\"og:url\" content=\"https:\/\/www.ladiagonale.net\/index.php\/2026\/05\/01\/caio-henrique-de-retour-pour-le-deplacement-a-metz\/\" \/>\n<meta property=\"og:site_name\" content=\"La Diagonale\" \/>\n<meta property=\"article:published_time\" content=\"2026-05-01T17:54:32+00:00\" \/>\n<meta property=\"article:modified_time\" content=\"2026-05-01T17:54:33+00:00\" \/>\n<meta property=\"og:image\" content=\"https:\/\/www.ladiagonale.net\/wp-content\/uploads\/2025\/12\/Caio-PFC.png\" \/>\n\t<meta property=\"og:image:width\" content=\"1160\" \/>\n\t<meta property=\"og:image:height\" content=\"650\" \/>\n\t<meta property=\"og:image:type\" content=\"image\/png\" \/>\n<meta name=\"author\" content=\"Damien Dellerba\" \/>\n<meta name=\"twitter:card\" content=\"summary_large_image\" \/>\n<meta name=\"twitter:image\" content=\"https:\/\/www.ladiagonale.net\/wp-content\/uploads\/2025\/12\/Caio-PFC.png\" \/>\n<meta name=\"twitter:label1\" content=\"\u00c9crit par\" \/>\n\t<meta name=\"twitter:data1\" content=\"Damien Dellerba\" \/>\n\t<meta name=\"twitter:label2\" content=\"Dur\u00e9e de lecture estim\u00e9e\" \/>\n\t<meta name=\"twitter:data2\" content=\"1 minute\" \/>\n<script type=\"application\/ld+json\" class=\"yoast-schema-graph\">{\"@context\":\"https:\/\/schema.org\",\"@graph\":[{\"@type\":\"WebPage\",\"@id\":\"https:\/\/www.ladiagonale.net\/index.php\/2026\/05\/01\/caio-henrique-de-retour-pour-le-deplacement-a-metz\/\",\"url\":\"https:\/\/www.ladiagonale.net\/index.php\/2026\/05\/01\/caio-henrique-de-retour-pour-le-deplacement-a-metz\/\",\"name\":\"Caio Henrique de retour pour le d\u00e9placement \u00e0 Metz - La Diagonale\",\"isPartOf\":{\"@id\":\"https:\/\/www.ladiagonale.net\/#website\"},\"datePublished\":\"2026-05-01T17:54:32+00:00\",\"dateModified\":\"2026-05-01T17:54:33+00:00\",\"author\":{\"@id\":\"https:\/\/www.ladiagonale.net\/#\/schema\/person\/79ff1e7b0853ed01b2aa26e64ad300bf\"},\"breadcrumb\":{\"@id\":\"https:\/\/www.ladiagonale.net\/index.php\/2026\/05\/01\/caio-henrique-de-retour-pour-le-deplacement-a-metz\/#breadcrumb\"},\"inLanguage\":\"fr-FR\",\"potentialAction\":[{\"@type\":\"ReadAction\",\"target\":[\"https:\/\/www.ladiagonale.net\/index.php\/2026\/05\/01\/caio-henrique-de-retour-pour-le-deplacement-a-metz\/\"]}]},{\"@type\":\"BreadcrumbList\",\"@id\":\"https:\/\/www.ladiagonale.net\/index.php\/2026\/05\/01\/caio-henrique-de-retour-pour-le-deplacement-a-metz\/#breadcrumb\",\"itemListElement\":[{\"@type\":\"ListItem\",\"position\":1,\"name\":\"Accueil\",\"item\":\"https:\/\/www.ladiagonale.net\/\"},{\"@type\":\"ListItem\",\"position\":2,\"name\":\"Caio Henrique de retour pour le d\u00e9placement \u00e0 Metz\"}]},{\"@type\":\"WebSite\",\"@id\":\"https:\/\/www.ladiagonale.net\/#website\",\"url\":\"https:\/\/www.ladiagonale.net\/\",\"name\":\"La Diagonale\",\"description\":\"Le site des supporters de l&#039;AS Monaco FC\",\"potentialAction\":[{\"@type\":\"SearchAction\",\"target\":{\"@type\":\"EntryPoint\",\"urlTemplate\":\"https:\/\/www.ladiagonale.net\/?s={search_term_string}\"},\"query-input\":\"required name=search_term_string\"}],\"inLanguage\":\"fr-FR\"},{\"@type\":\"Person\",\"@id\":\"https:\/\/www.ladiagonale.net\/#\/schema\/person\/79ff1e7b0853ed01b2aa26e64ad300bf\",\"name\":\"Damien Dellerba\",\"image\":{\"@type\":\"ImageObject\",\"inLanguage\":\"fr-FR\",\"@id\":\"https:\/\/www.ladiagonale.net\/#\/schema\/person\/image\/\",\"url\":\"https:\/\/secure.gravatar.com\/avatar\/c7850e06d3ff63cdbaee88b7fc16e2f0?s=96&d=mm&r=g\",\"contentUrl\":\"https:\/\/secure.gravatar.com\/avatar\/c7850e06d3ff63cdbaee88b7fc16e2f0?s=96&d=mm&r=g\",\"caption\":\"Damien Dellerba\"},\"url\":\"https:\/\/www.ladiagonale.net\/index.php\/author\/damien\/\"}]}<\/script>\n<!-- \/ Yoast SEO plugin. -->","yoast_head_json":{"title":"Caio Henrique de retour pour le d\u00e9placement \u00e0 Metz - La Diagonale","robots":{"index":"index","follow":"follow","max-snippet":"max-snippet:-1","max-image-preview":"max-image-preview:large","max-video-preview":"max-video-preview:-1"},"canonical":"https:\/\/www.ladiagonale.net\/index.php\/2026\/05\/01\/caio-henrique-de-retour-pour-le-deplacement-a-metz\/","og_locale":"fr_FR","og_type":"article","og_title":"Caio Henrique de retour pour le d\u00e9placement \u00e0 Metz - La Diagonale","og_description":"L&rsquo;AS Monaco enregistre un retour \u00e0 l&rsquo;occasion de cette 32e journ\u00e9e de Ligue 1. Contre le FC Metz, samedi, le club de la Principaut\u00e9 pourra compter sur son lat\u00e9ral gauche Caio Henrique. Le Br\u00e9silien revient de sa blessure \u00e0 la cuisse droite. Kr\u00e9pin Diatta, qui quittera le club librement \u00e0 l&rsquo;issue de cette saison, reste [...]","og_url":"https:\/\/www.ladiagonale.net\/index.php\/2026\/05\/01\/caio-henrique-de-retour-pour-le-deplacement-a-metz\/","og_site_name":"La Diagonale","article_published_time":"2026-05-01T17:54:32+00:00","article_modified_time":"2026-05-01T17:54:33+00:00","og_image":[{"width":1160,"height":650,"url":"https:\/\/www.ladiagonale.net\/wp-content\/uploads\/2025\/12\/Caio-PFC.png","type":"image\/png"}],"author":"Damien Dellerba","twitter_card":"summary_large_image","twitter_image":"https:\/\/www.ladiagonale.net\/wp-content\/uploads\/2025\/12\/Caio-PFC.png","twitter_misc":{"\u00c9crit par":"Damien Dellerba","Dur\u00e9e de lecture estim\u00e9e":"1 minute"},"schema":{"@context":"https:\/\/schema.org","@graph":[{"@type":"WebPage","@id":"https:\/\/www.ladiagonale.net\/index.php\/2026\/05\/01\/caio-henrique-de-retour-pour-le-deplacement-a-metz\/","url":"https:\/\/www.ladiagonale.net\/index.php\/2026\/05\/01\/caio-henrique-de-retour-pour-le-deplacement-a-metz\/","name":"Caio Henrique de retour pour le d\u00e9placement \u00e0 Metz - La Diagonale","isPartOf":{"@id":"https:\/\/www.ladiagonale.net\/#website"},"datePublished":"2026-05-01T17:54:32+00:00","dateModified":"2026-05-01T17:54:33+00:00","author":{"@id":"https:\/\/www.ladiagonale.net\/#\/schema\/person\/79ff1e7b0853ed01b2aa26e64ad300bf"},"breadcrumb":{"@id":"https:\/\/www.ladiagonale.net\/index.php\/2026\/05\/01\/caio-henrique-de-retour-pour-le-deplacement-a-metz\/#breadcrumb"},"inLanguage":"fr-FR","potentialAction":[{"@type":"ReadAction","target":["https:\/\/www.ladiagonale.net\/index.php\/2026\/05\/01\/caio-henrique-de-retour-pour-le-deplacement-a-metz\/"]}]},{"@type":"BreadcrumbList","@id":"https:\/\/www.ladiagonale.net\/index.php\/2026\/05\/01\/caio-henrique-de-retour-pour-le-deplacement-a-metz\/#breadcrumb","itemListElement":[{"@type":"ListItem","position":1,"name":"Accueil","item":"https:\/\/www.ladiagonale.net\/"},{"@type":"ListItem","position":2,"name":"Caio Henrique de retour pour le d\u00e9placement \u00e0 Metz"}]},{"@type":"WebSite","@id":"https:\/\/www.ladiagonale.net\/#website","url":"https:\/\/www.ladiagonale.net\/","name":"La Diagonale","description":"Le site des supporters de l&#039;AS Monaco FC","potentialAction":[{"@type":"SearchAction","target":{"@type":"EntryPoint","urlTemplate":"https:\/\/www.ladiagonale.net\/?s={search_term_string}"},"query-input":"required name=search_term_string"}],"inLanguage":"fr-FR"},{"@type":"Person","@id":"https:\/\/www.ladiagonale.net\/#\/schema\/person\/79ff1e7b0853ed01b2aa26e64ad300bf","name":"Damien Dellerba","image":{"@type":"ImageObject","inLanguage":"fr-FR","@id":"https:\/\/www.ladiagonale.net\/#\/schema\/person\/image\/","url":"https:\/\/secure.gravatar.com\/avatar\/c7850e06d3ff63cdbaee88b7fc16e2f0?s=96&d=mm&r=g","contentUrl":"https:\/\/secure.gravatar.com\/avatar\/c7850e06d3ff63cdbaee88b7fc16e2f0?s=96&d=mm&r=g","caption":"Damien Dellerba"},"url":"https:\/\/www.ladiagonale.net\/index.php\/author\/damien\/"}]}},"_links":{"self":[{"href":"https:\/\/www.ladiagonale.net\/index.php\/wp-json\/wp\/v2\/posts\/38035"}],"collection":[{"href":"https:\/\/www.ladiagonale.net\/index.php\/wp-json\/wp\/v2\/posts"}],"about":[{"href":"https:\/\/www.ladiagonale.net\/index.php\/wp-json\/wp\/v2\/types\/post"}],"author":[{"embeddable":true,"href":"https:\/\/www.ladiagonale.net\/index.php\/wp-json\/wp\/v2\/users\/2"}],"replies":[{"embeddable":true,"href":"https:\/\/www.ladiagonale.net\/index.php\/wp-json\/wp\/v2\/comments?post=38035"}],"version-history":[{"count":2,"href":"https:\/\/www.ladiagonale.net\/index.php\/wp-json\/wp\/v2\/posts\/38035\/revisions"}],"predecessor-version":[{"id":38037,"href":"https:\/\/www.ladiagonale.net\/index.php\/wp-json\/wp\/v2\/posts\/38035\/revisions\/38037"}],"wp:attachment":[{"href":"https:\/\/www.ladiagonale.net\/index.php\/wp-json\/wp\/v2\/media?parent=38035"}],"wp:term":[{"taxonomy":"category","embeddable":true,"href":"https:\/\/www.ladiagonale.net\/index.php\/wp-json\/wp\/v2\/categories?post=38035"},{"taxonomy":"post_tag","embeddable":true,"href":"https:\/\/www.ladiagonale.net\/index.php\/wp-json\/wp\/v2\/tags?post=38035"}],"curies":[{"name":"wp","href":"https:\/\/api.w.org\/{rel}","templated":true}]}}