{"id":38038,"date":"2026-05-02T00:52:37","date_gmt":"2026-05-01T22:52:37","guid":{"rendered":"https:\/\/www.ladiagonale.net\/?p=38038"},"modified":"2026-05-02T01:08:09","modified_gmt":"2026-05-01T23:08:09","slug":"pogba-annonce-titulaire-contre-metz","status":"publish","type":"post","link":"https:\/\/www.ladiagonale.net\/index.php\/2026\/05\/02\/pogba-annonce-titulaire-contre-metz\/","title":{"rendered":"Pogba annonc\u00e9 titulaire contre Metz"},"content":{"rendered":"\n<p>Alors que la saison de l\u2019AS Monaco est \u00e0 un tournant d\u00e9cisif et que son avenir europ\u00e9en est menac\u00e9, c\u2019est le moment que semble avoir choisi S\u00e9bastien Pocogonoli pour faire un pari. \u00c0 en croire <em>Nice-Matin<\/em> et <em>RMC Sport<\/em>, l\u2019entra\u00eeneur belge devrait aligner Paul Pogba dans le onze qui d\u00e9butera contre Metz, ce samedi (19h), pour l\u2019ant\u00e9p\u00e9nulti\u00e8me journ\u00e9e de Ligue 1. Un \u00e9v\u00e9nement pour celui qui n\u2019a jou\u00e9 que cinq rencontres depuis sa signature en juillet, et qui a pass\u00e9 plus de temps \u00e0 l\u2019infirmerie que sur les terrains cette saison.<\/p>\n\n\n\n<p>Le champion du monde 2018 a l\u00e9g\u00e8rement pu trouver de la continuit\u00e9 en cette fin d\u2019exercice puisqu\u2019il est dans le groupe depuis cinq journ\u00e9es et qu\u2019il a presque doubl\u00e9 son temps de jeu lors de deux derni\u00e8res lev\u00e9es, passant de 30 \u00e0 57 minutes en entrant contre le PFC et Toulouse. Mais cette fois, c\u2019est une \u00e9tape particuli\u00e8rement importante dans son processus de r\u00e9habilitation qui serait franchie, puisqu\u2019il s\u2019agirait de sa premi\u00e8re titularisation depuis trois ans, lorsqu\u2019il avait affront\u00e9 la Cremonese avec la Juventus le 14 mai 2023, avant sa suspension pour dopage prononc\u00e9e en septembre de la m\u00eame ann\u00e9e.<\/p>\n\n\n\n<p>Mais cette titularisation \u00e0 venir n\u2019est pas une fleur que fait Pocogonoli \u00e0 son joueur. Derri\u00e8re sa valeur hautement symbolique, il faudrait sans doute y voir un test sur la capacit\u00e9 de Pogba \u00e0 r\u00e9pondre \u00e0 l\u2019intensit\u00e9 d\u2019une entame de rencontre et \u00e0 r\u00e9p\u00e9ter les efforts, probablement en vue de la saison prochaine. Car selon <em>L\u2019\u00c9quipe<\/em>, son avenir sur le Rocher n\u2019est pas encore assur\u00e9, malgr\u00e9 un contrat qui court sur l\u2019ann\u00e9e suivante. Si le sentiment d\u2019\u00e9chec concernant le joueur de 33 ans est patent, loin des objectifs initiaux, Pogba serait tr\u00e8s appr\u00e9ci\u00e9 par Dmitry Rybolovlev. Contre Metz, il aura peut-\u00eatre l\u2019occasion de montrer qu\u2019il m\u00e9rite de continuer son aventure en Principaut\u00e9. <\/p>\n","protected":false},"excerpt":{"rendered":"<p>Alors que la saison de l\u2019AS Monaco est \u00e0 un tournant d\u00e9cisif et que son avenir europ\u00e9en est menac\u00e9, c\u2019est le moment que semble avoir choisi S\u00e9bastien Pocogonoli pour faire un pari. \u00c0 en croire Nice-Matin et RMC Sport, l\u2019entra\u00eeneur belge devrait aligner Paul Pogba dans le onze qui d\u00e9butera contre Metz, ce samedi (19h), [&#8230;]\n","protected":false},"author":2,"featured_media":0,"comment_status":"closed","ping_status":"open","sticky":false,"template":"","format":"standard","meta":[],"categories":[6,1000],"tags":[86,213,94,794,1057],"yoast_head":"<!-- This site is optimized with the Yoast SEO plugin v19.8 - https:\/\/yoast.com\/wordpress\/plugins\/seo\/ -->\n<title>Pogba annonc\u00e9 titulaire contre Metz - La Diagonale<\/title>\n<meta name=\"robots\" content=\"index, follow, max-snippet:-1, max-image-preview:large, max-video-preview:-1\" \/>\n<link rel=\"canonical\" href=\"https:\/\/www.ladiagonale.net\/index.php\/2026\/05\/02\/pogba-annonce-titulaire-contre-metz\/\" \/>\n<meta property=\"og:locale\" content=\"fr_FR\" \/>\n<meta property=\"og:type\" content=\"article\" \/>\n<meta property=\"og:title\" content=\"Pogba annonc\u00e9 titulaire contre Metz - La Diagonale\" \/>\n<meta property=\"og:description\" content=\"Alors que la saison de l\u2019AS Monaco est \u00e0 un tournant d\u00e9cisif et que son avenir europ\u00e9en est menac\u00e9, c\u2019est le moment que semble avoir choisi S\u00e9bastien Pocogonoli pour faire un pari. \u00c0 en croire Nice-Matin et RMC Sport, l\u2019entra\u00eeneur belge devrait aligner Paul Pogba dans le onze qui d\u00e9butera contre Metz, ce samedi (19h), [...]\" \/>\n<meta property=\"og:url\" content=\"https:\/\/www.ladiagonale.net\/index.php\/2026\/05\/02\/pogba-annonce-titulaire-contre-metz\/\" \/>\n<meta property=\"og:site_name\" content=\"La Diagonale\" \/>\n<meta property=\"article:published_time\" content=\"2026-05-01T22:52:37+00:00\" \/>\n<meta property=\"article:modified_time\" content=\"2026-05-01T23:08:09+00:00\" \/>\n<meta property=\"og:image\" content=\"https:\/\/www.ladiagonale.net\/wp-content\/uploads\/2026\/04\/pogba-pfc.png\" \/>\n\t<meta property=\"og:image:width\" content=\"1160\" \/>\n\t<meta property=\"og:image:height\" content=\"650\" \/>\n\t<meta property=\"og:image:type\" content=\"image\/png\" \/>\n<meta name=\"author\" content=\"Damien Dellerba\" \/>\n<meta name=\"twitter:card\" content=\"summary_large_image\" \/>\n<meta name=\"twitter:image\" content=\"https:\/\/www.ladiagonale.net\/wp-content\/uploads\/2026\/04\/pogba-pfc.png\" \/>\n<meta name=\"twitter:label1\" content=\"\u00c9crit par\" \/>\n\t<meta name=\"twitter:data1\" content=\"Damien Dellerba\" \/>\n\t<meta name=\"twitter:label2\" content=\"Dur\u00e9e de lecture estim\u00e9e\" \/>\n\t<meta name=\"twitter:data2\" content=\"2 minutes\" \/>\n<script type=\"application\/ld+json\" class=\"yoast-schema-graph\">{\"@context\":\"https:\/\/schema.org\",\"@graph\":[{\"@type\":\"WebPage\",\"@id\":\"https:\/\/www.ladiagonale.net\/index.php\/2026\/05\/02\/pogba-annonce-titulaire-contre-metz\/\",\"url\":\"https:\/\/www.ladiagonale.net\/index.php\/2026\/05\/02\/pogba-annonce-titulaire-contre-metz\/\",\"name\":\"Pogba annonc\u00e9 titulaire contre Metz - La Diagonale\",\"isPartOf\":{\"@id\":\"https:\/\/www.ladiagonale.net\/#website\"},\"datePublished\":\"2026-05-01T22:52:37+00:00\",\"dateModified\":\"2026-05-01T23:08:09+00:00\",\"author\":{\"@id\":\"https:\/\/www.ladiagonale.net\/#\/schema\/person\/79ff1e7b0853ed01b2aa26e64ad300bf\"},\"breadcrumb\":{\"@id\":\"https:\/\/www.ladiagonale.net\/index.php\/2026\/05\/02\/pogba-annonce-titulaire-contre-metz\/#breadcrumb\"},\"inLanguage\":\"fr-FR\",\"potentialAction\":[{\"@type\":\"ReadAction\",\"target\":[\"https:\/\/www.ladiagonale.net\/index.php\/2026\/05\/02\/pogba-annonce-titulaire-contre-metz\/\"]}]},{\"@type\":\"BreadcrumbList\",\"@id\":\"https:\/\/www.ladiagonale.net\/index.php\/2026\/05\/02\/pogba-annonce-titulaire-contre-metz\/#breadcrumb\",\"itemListElement\":[{\"@type\":\"ListItem\",\"position\":1,\"name\":\"Accueil\",\"item\":\"https:\/\/www.ladiagonale.net\/\"},{\"@type\":\"ListItem\",\"position\":2,\"name\":\"Pogba annonc\u00e9 titulaire contre Metz\"}]},{\"@type\":\"WebSite\",\"@id\":\"https:\/\/www.ladiagonale.net\/#website\",\"url\":\"https:\/\/www.ladiagonale.net\/\",\"name\":\"La Diagonale\",\"description\":\"Le site des supporters de l&#039;AS Monaco FC\",\"potentialAction\":[{\"@type\":\"SearchAction\",\"target\":{\"@type\":\"EntryPoint\",\"urlTemplate\":\"https:\/\/www.ladiagonale.net\/?s={search_term_string}\"},\"query-input\":\"required name=search_term_string\"}],\"inLanguage\":\"fr-FR\"},{\"@type\":\"Person\",\"@id\":\"https:\/\/www.ladiagonale.net\/#\/schema\/person\/79ff1e7b0853ed01b2aa26e64ad300bf\",\"name\":\"Damien Dellerba\",\"image\":{\"@type\":\"ImageObject\",\"inLanguage\":\"fr-FR\",\"@id\":\"https:\/\/www.ladiagonale.net\/#\/schema\/person\/image\/\",\"url\":\"https:\/\/secure.gravatar.com\/avatar\/c7850e06d3ff63cdbaee88b7fc16e2f0?s=96&d=mm&r=g\",\"contentUrl\":\"https:\/\/secure.gravatar.com\/avatar\/c7850e06d3ff63cdbaee88b7fc16e2f0?s=96&d=mm&r=g\",\"caption\":\"Damien Dellerba\"},\"url\":\"https:\/\/www.ladiagonale.net\/index.php\/author\/damien\/\"}]}<\/script>\n<!-- \/ Yoast SEO plugin. -->","yoast_head_json":{"title":"Pogba annonc\u00e9 titulaire contre Metz - La Diagonale","robots":{"index":"index","follow":"follow","max-snippet":"max-snippet:-1","max-image-preview":"max-image-preview:large","max-video-preview":"max-video-preview:-1"},"canonical":"https:\/\/www.ladiagonale.net\/index.php\/2026\/05\/02\/pogba-annonce-titulaire-contre-metz\/","og_locale":"fr_FR","og_type":"article","og_title":"Pogba annonc\u00e9 titulaire contre Metz - La Diagonale","og_description":"Alors que la saison de l\u2019AS Monaco est \u00e0 un tournant d\u00e9cisif et que son avenir europ\u00e9en est menac\u00e9, c\u2019est le moment que semble avoir choisi S\u00e9bastien Pocogonoli pour faire un pari. \u00c0 en croire Nice-Matin et RMC Sport, l\u2019entra\u00eeneur belge devrait aligner Paul Pogba dans le onze qui d\u00e9butera contre Metz, ce samedi (19h), [...]","og_url":"https:\/\/www.ladiagonale.net\/index.php\/2026\/05\/02\/pogba-annonce-titulaire-contre-metz\/","og_site_name":"La Diagonale","article_published_time":"2026-05-01T22:52:37+00:00","article_modified_time":"2026-05-01T23:08:09+00:00","og_image":[{"width":1160,"height":650,"url":"https:\/\/www.ladiagonale.net\/wp-content\/uploads\/2026\/04\/pogba-pfc.png","type":"image\/png"}],"author":"Damien Dellerba","twitter_card":"summary_large_image","twitter_image":"https:\/\/www.ladiagonale.net\/wp-content\/uploads\/2026\/04\/pogba-pfc.png","twitter_misc":{"\u00c9crit par":"Damien Dellerba","Dur\u00e9e de lecture estim\u00e9e":"2 minutes"},"schema":{"@context":"https:\/\/schema.org","@graph":[{"@type":"WebPage","@id":"https:\/\/www.ladiagonale.net\/index.php\/2026\/05\/02\/pogba-annonce-titulaire-contre-metz\/","url":"https:\/\/www.ladiagonale.net\/index.php\/2026\/05\/02\/pogba-annonce-titulaire-contre-metz\/","name":"Pogba annonc\u00e9 titulaire contre Metz - La Diagonale","isPartOf":{"@id":"https:\/\/www.ladiagonale.net\/#website"},"datePublished":"2026-05-01T22:52:37+00:00","dateModified":"2026-05-01T23:08:09+00:00","author":{"@id":"https:\/\/www.ladiagonale.net\/#\/schema\/person\/79ff1e7b0853ed01b2aa26e64ad300bf"},"breadcrumb":{"@id":"https:\/\/www.ladiagonale.net\/index.php\/2026\/05\/02\/pogba-annonce-titulaire-contre-metz\/#breadcrumb"},"inLanguage":"fr-FR","potentialAction":[{"@type":"ReadAction","target":["https:\/\/www.ladiagonale.net\/index.php\/2026\/05\/02\/pogba-annonce-titulaire-contre-metz\/"]}]},{"@type":"BreadcrumbList","@id":"https:\/\/www.ladiagonale.net\/index.php\/2026\/05\/02\/pogba-annonce-titulaire-contre-metz\/#breadcrumb","itemListElement":[{"@type":"ListItem","position":1,"name":"Accueil","item":"https:\/\/www.ladiagonale.net\/"},{"@type":"ListItem","position":2,"name":"Pogba annonc\u00e9 titulaire contre Metz"}]},{"@type":"WebSite","@id":"https:\/\/www.ladiagonale.net\/#website","url":"https:\/\/www.ladiagonale.net\/","name":"La Diagonale","description":"Le site des supporters de l&#039;AS Monaco FC","potentialAction":[{"@type":"SearchAction","target":{"@type":"EntryPoint","urlTemplate":"https:\/\/www.ladiagonale.net\/?s={search_term_string}"},"query-input":"required name=search_term_string"}],"inLanguage":"fr-FR"},{"@type":"Person","@id":"https:\/\/www.ladiagonale.net\/#\/schema\/person\/79ff1e7b0853ed01b2aa26e64ad300bf","name":"Damien Dellerba","image":{"@type":"ImageObject","inLanguage":"fr-FR","@id":"https:\/\/www.ladiagonale.net\/#\/schema\/person\/image\/","url":"https:\/\/secure.gravatar.com\/avatar\/c7850e06d3ff63cdbaee88b7fc16e2f0?s=96&d=mm&r=g","contentUrl":"https:\/\/secure.gravatar.com\/avatar\/c7850e06d3ff63cdbaee88b7fc16e2f0?s=96&d=mm&r=g","caption":"Damien Dellerba"},"url":"https:\/\/www.ladiagonale.net\/index.php\/author\/damien\/"}]}},"_links":{"self":[{"href":"https:\/\/www.ladiagonale.net\/index.php\/wp-json\/wp\/v2\/posts\/38038"}],"collection":[{"href":"https:\/\/www.ladiagonale.net\/index.php\/wp-json\/wp\/v2\/posts"}],"about":[{"href":"https:\/\/www.ladiagonale.net\/index.php\/wp-json\/wp\/v2\/types\/post"}],"author":[{"embeddable":true,"href":"https:\/\/www.ladiagonale.net\/index.php\/wp-json\/wp\/v2\/users\/2"}],"replies":[{"embeddable":true,"href":"https:\/\/www.ladiagonale.net\/index.php\/wp-json\/wp\/v2\/comments?post=38038"}],"version-history":[{"count":1,"href":"https:\/\/www.ladiagonale.net\/index.php\/wp-json\/wp\/v2\/posts\/38038\/revisions"}],"predecessor-version":[{"id":38039,"href":"https:\/\/www.ladiagonale.net\/index.php\/wp-json\/wp\/v2\/posts\/38038\/revisions\/38039"}],"wp:attachment":[{"href":"https:\/\/www.ladiagonale.net\/index.php\/wp-json\/wp\/v2\/media?parent=38038"}],"wp:term":[{"taxonomy":"category","embeddable":true,"href":"https:\/\/www.ladiagonale.net\/index.php\/wp-json\/wp\/v2\/categories?post=38038"},{"taxonomy":"post_tag","embeddable":true,"href":"https:\/\/www.ladiagonale.net\/index.php\/wp-json\/wp\/v2\/tags?post=38038"}],"curies":[{"name":"wp","href":"https:\/\/api.w.org\/{rel}","templated":true}]}}