{"id":38044,"date":"2026-05-02T07:45:00","date_gmt":"2026-05-02T05:45:00","guid":{"rendered":"https:\/\/www.ladiagonale.net\/?p=38044"},"modified":"2026-05-02T04:48:06","modified_gmt":"2026-05-02T02:48:06","slug":"monaco-tente-de-lever-loption-dachat-de-faes","status":"publish","type":"post","link":"https:\/\/www.ladiagonale.net\/index.php\/2026\/05\/02\/monaco-tente-de-lever-loption-dachat-de-faes\/","title":{"rendered":"Monaco tent\u00e9 de lever l\u2019option d\u2019achat de Faes"},"content":{"rendered":"\n<p>R\u00e9cemment, l\u2019AS Monaco semble avoir manifest\u00e9 le d\u00e9sir de <a href=\"https:\/\/www.ladiagonale.net\/index.php\/2026\/04\/11\/monaco-voudrait-lever-loption-dachat-de-fati\/\" target=\"_blank\" rel=\"noreferrer noopener\">lever l\u2019option d\u2019achat d\u2019Ansu Fati<\/a>, pr\u00eat\u00e9 par le FC Barcelone. Les dirigeants mon\u00e9gasques seraient enclins \u00e0 en lever une autre, celle de Wout Faes. D\u2019apr\u00e8s <em>Nice-Matin<\/em>, le d\u00e9fenseur belge de 28 ans ne voudrait pas retourner \u00e0 Leicester, qui vient d\u2019\u00eatre rel\u00e9gu\u00e9 de Championship et \u00e9voluera en troisi\u00e8me division anglaise la saison prochaine, malgr\u00e9 un contrat courant jusqu\u2019en 2027. Il souhaiterait poursuivre l\u2019aventure en Principaut\u00e9, et selon le quotidien azur\u00e9en, les deux parties se seraient rencontr\u00e9es r\u00e9cemment pour envisager la suite de leur collaboration.<\/p>\n\n\n\n<p>Pour Monaco, il faudrait d\u00e9bourser entre 5 et 10 millions d\u2019euros pour lever l\u2019option de l\u2019ancien R\u00e9mois, qui s\u2019est bien int\u00e9gr\u00e9 \u00e0 son nouvel environnement et qui est rapidement devenu titulaire avec S\u00e9bastien Pocognoli <em>(14 matches disput\u00e9s depuis janvier)<\/em>. D\u00e9but mars, en conf\u00e9rence de presse, il avait d\u00e9j\u00e0 exprim\u00e9 son envie de rester sur le Rocher : \u00ab<em> J&rsquo;ai \u00e9t\u00e9 tr\u00e8s heureux d&rsquo;avoir l&rsquo;opportunit\u00e9 de venir ici. Je joue \u00e0 nouveau, je suis fiable. J&rsquo;aime \u00e7a. J&rsquo;aime ce Championnat. Si je peux rester, ce serait formidable. Monaco est une grande \u00e9quipe et rester est clairement ce que je souhaite.<\/em> \u00bb<\/p>\n\n\n","protected":false},"excerpt":{"rendered":"<p>R\u00e9cemment, l\u2019AS Monaco semble avoir manifest\u00e9 le d\u00e9sir de lever l\u2019option d\u2019achat d\u2019Ansu Fati, pr\u00eat\u00e9 par le FC Barcelone. Les dirigeants mon\u00e9gasques seraient enclins \u00e0 en lever une autre, celle de Wout Faes. D\u2019apr\u00e8s Nice-Matin, le d\u00e9fenseur belge de 28 ans ne voudrait pas retourner \u00e0 Leicester, qui vient d\u2019\u00eatre rel\u00e9gu\u00e9 de Championship et \u00e9voluera [&#8230;]\n","protected":false},"author":2,"featured_media":0,"comment_status":"open","ping_status":"open","sticky":false,"template":"","format":"standard","meta":[],"categories":[6,1086],"tags":[86,111,110,1177],"yoast_head":"<!-- This site is optimized with the Yoast SEO plugin v19.8 - https:\/\/yoast.com\/wordpress\/plugins\/seo\/ -->\n<title>Monaco tent\u00e9 de lever l\u2019option d\u2019achat de Faes - La Diagonale<\/title>\n<meta name=\"robots\" content=\"index, follow, max-snippet:-1, max-image-preview:large, max-video-preview:-1\" \/>\n<link rel=\"canonical\" href=\"https:\/\/www.ladiagonale.net\/index.php\/2026\/05\/02\/monaco-tente-de-lever-loption-dachat-de-faes\/\" \/>\n<meta property=\"og:locale\" content=\"fr_FR\" \/>\n<meta property=\"og:type\" content=\"article\" \/>\n<meta property=\"og:title\" content=\"Monaco tent\u00e9 de lever l\u2019option d\u2019achat de Faes - La Diagonale\" \/>\n<meta property=\"og:description\" content=\"R\u00e9cemment, l\u2019AS Monaco semble avoir manifest\u00e9 le d\u00e9sir de lever l\u2019option d\u2019achat d\u2019Ansu Fati, pr\u00eat\u00e9 par le FC Barcelone. Les dirigeants mon\u00e9gasques seraient enclins \u00e0 en lever une autre, celle de Wout Faes. D\u2019apr\u00e8s Nice-Matin, le d\u00e9fenseur belge de 28 ans ne voudrait pas retourner \u00e0 Leicester, qui vient d\u2019\u00eatre rel\u00e9gu\u00e9 de Championship et \u00e9voluera [...]\" \/>\n<meta property=\"og:url\" content=\"https:\/\/www.ladiagonale.net\/index.php\/2026\/05\/02\/monaco-tente-de-lever-loption-dachat-de-faes\/\" \/>\n<meta property=\"og:site_name\" content=\"La Diagonale\" \/>\n<meta property=\"article:published_time\" content=\"2026-05-02T05:45:00+00:00\" \/>\n<meta property=\"article:modified_time\" content=\"2026-05-02T02:48:06+00:00\" \/>\n<meta property=\"og:image\" content=\"https:\/\/www.ladiagonale.net\/wp-content\/uploads\/2026\/01\/Faes2.png\" \/>\n\t<meta property=\"og:image:width\" content=\"1160\" \/>\n\t<meta property=\"og:image:height\" content=\"650\" \/>\n\t<meta property=\"og:image:type\" content=\"image\/png\" \/>\n<meta name=\"author\" content=\"Damien Dellerba\" \/>\n<meta name=\"twitter:card\" content=\"summary_large_image\" \/>\n<meta name=\"twitter:image\" content=\"https:\/\/www.ladiagonale.net\/wp-content\/uploads\/2026\/01\/Faes2.png\" \/>\n<meta name=\"twitter:label1\" content=\"\u00c9crit par\" \/>\n\t<meta name=\"twitter:data1\" content=\"Damien Dellerba\" \/>\n\t<meta name=\"twitter:label2\" content=\"Dur\u00e9e de lecture estim\u00e9e\" \/>\n\t<meta name=\"twitter:data2\" content=\"1 minute\" \/>\n<script type=\"application\/ld+json\" class=\"yoast-schema-graph\">{\"@context\":\"https:\/\/schema.org\",\"@graph\":[{\"@type\":\"WebPage\",\"@id\":\"https:\/\/www.ladiagonale.net\/index.php\/2026\/05\/02\/monaco-tente-de-lever-loption-dachat-de-faes\/\",\"url\":\"https:\/\/www.ladiagonale.net\/index.php\/2026\/05\/02\/monaco-tente-de-lever-loption-dachat-de-faes\/\",\"name\":\"Monaco tent\u00e9 de lever l\u2019option d\u2019achat de Faes - La Diagonale\",\"isPartOf\":{\"@id\":\"https:\/\/www.ladiagonale.net\/#website\"},\"datePublished\":\"2026-05-02T05:45:00+00:00\",\"dateModified\":\"2026-05-02T02:48:06+00:00\",\"author\":{\"@id\":\"https:\/\/www.ladiagonale.net\/#\/schema\/person\/79ff1e7b0853ed01b2aa26e64ad300bf\"},\"breadcrumb\":{\"@id\":\"https:\/\/www.ladiagonale.net\/index.php\/2026\/05\/02\/monaco-tente-de-lever-loption-dachat-de-faes\/#breadcrumb\"},\"inLanguage\":\"fr-FR\",\"potentialAction\":[{\"@type\":\"ReadAction\",\"target\":[\"https:\/\/www.ladiagonale.net\/index.php\/2026\/05\/02\/monaco-tente-de-lever-loption-dachat-de-faes\/\"]}]},{\"@type\":\"BreadcrumbList\",\"@id\":\"https:\/\/www.ladiagonale.net\/index.php\/2026\/05\/02\/monaco-tente-de-lever-loption-dachat-de-faes\/#breadcrumb\",\"itemListElement\":[{\"@type\":\"ListItem\",\"position\":1,\"name\":\"Accueil\",\"item\":\"https:\/\/www.ladiagonale.net\/\"},{\"@type\":\"ListItem\",\"position\":2,\"name\":\"Monaco tent\u00e9 de lever l\u2019option d\u2019achat de Faes\"}]},{\"@type\":\"WebSite\",\"@id\":\"https:\/\/www.ladiagonale.net\/#website\",\"url\":\"https:\/\/www.ladiagonale.net\/\",\"name\":\"La Diagonale\",\"description\":\"Le site des supporters de l&#039;AS Monaco FC\",\"potentialAction\":[{\"@type\":\"SearchAction\",\"target\":{\"@type\":\"EntryPoint\",\"urlTemplate\":\"https:\/\/www.ladiagonale.net\/?s={search_term_string}\"},\"query-input\":\"required name=search_term_string\"}],\"inLanguage\":\"fr-FR\"},{\"@type\":\"Person\",\"@id\":\"https:\/\/www.ladiagonale.net\/#\/schema\/person\/79ff1e7b0853ed01b2aa26e64ad300bf\",\"name\":\"Damien Dellerba\",\"image\":{\"@type\":\"ImageObject\",\"inLanguage\":\"fr-FR\",\"@id\":\"https:\/\/www.ladiagonale.net\/#\/schema\/person\/image\/\",\"url\":\"https:\/\/secure.gravatar.com\/avatar\/c7850e06d3ff63cdbaee88b7fc16e2f0?s=96&d=mm&r=g\",\"contentUrl\":\"https:\/\/secure.gravatar.com\/avatar\/c7850e06d3ff63cdbaee88b7fc16e2f0?s=96&d=mm&r=g\",\"caption\":\"Damien Dellerba\"},\"url\":\"https:\/\/www.ladiagonale.net\/index.php\/author\/damien\/\"}]}<\/script>\n<!-- \/ Yoast SEO plugin. -->","yoast_head_json":{"title":"Monaco tent\u00e9 de lever l\u2019option d\u2019achat de Faes - La Diagonale","robots":{"index":"index","follow":"follow","max-snippet":"max-snippet:-1","max-image-preview":"max-image-preview:large","max-video-preview":"max-video-preview:-1"},"canonical":"https:\/\/www.ladiagonale.net\/index.php\/2026\/05\/02\/monaco-tente-de-lever-loption-dachat-de-faes\/","og_locale":"fr_FR","og_type":"article","og_title":"Monaco tent\u00e9 de lever l\u2019option d\u2019achat de Faes - La Diagonale","og_description":"R\u00e9cemment, l\u2019AS Monaco semble avoir manifest\u00e9 le d\u00e9sir de lever l\u2019option d\u2019achat d\u2019Ansu Fati, pr\u00eat\u00e9 par le FC Barcelone. Les dirigeants mon\u00e9gasques seraient enclins \u00e0 en lever une autre, celle de Wout Faes. D\u2019apr\u00e8s Nice-Matin, le d\u00e9fenseur belge de 28 ans ne voudrait pas retourner \u00e0 Leicester, qui vient d\u2019\u00eatre rel\u00e9gu\u00e9 de Championship et \u00e9voluera [...]","og_url":"https:\/\/www.ladiagonale.net\/index.php\/2026\/05\/02\/monaco-tente-de-lever-loption-dachat-de-faes\/","og_site_name":"La Diagonale","article_published_time":"2026-05-02T05:45:00+00:00","article_modified_time":"2026-05-02T02:48:06+00:00","og_image":[{"width":1160,"height":650,"url":"https:\/\/www.ladiagonale.net\/wp-content\/uploads\/2026\/01\/Faes2.png","type":"image\/png"}],"author":"Damien Dellerba","twitter_card":"summary_large_image","twitter_image":"https:\/\/www.ladiagonale.net\/wp-content\/uploads\/2026\/01\/Faes2.png","twitter_misc":{"\u00c9crit par":"Damien Dellerba","Dur\u00e9e de lecture estim\u00e9e":"1 minute"},"schema":{"@context":"https:\/\/schema.org","@graph":[{"@type":"WebPage","@id":"https:\/\/www.ladiagonale.net\/index.php\/2026\/05\/02\/monaco-tente-de-lever-loption-dachat-de-faes\/","url":"https:\/\/www.ladiagonale.net\/index.php\/2026\/05\/02\/monaco-tente-de-lever-loption-dachat-de-faes\/","name":"Monaco tent\u00e9 de lever l\u2019option d\u2019achat de Faes - La Diagonale","isPartOf":{"@id":"https:\/\/www.ladiagonale.net\/#website"},"datePublished":"2026-05-02T05:45:00+00:00","dateModified":"2026-05-02T02:48:06+00:00","author":{"@id":"https:\/\/www.ladiagonale.net\/#\/schema\/person\/79ff1e7b0853ed01b2aa26e64ad300bf"},"breadcrumb":{"@id":"https:\/\/www.ladiagonale.net\/index.php\/2026\/05\/02\/monaco-tente-de-lever-loption-dachat-de-faes\/#breadcrumb"},"inLanguage":"fr-FR","potentialAction":[{"@type":"ReadAction","target":["https:\/\/www.ladiagonale.net\/index.php\/2026\/05\/02\/monaco-tente-de-lever-loption-dachat-de-faes\/"]}]},{"@type":"BreadcrumbList","@id":"https:\/\/www.ladiagonale.net\/index.php\/2026\/05\/02\/monaco-tente-de-lever-loption-dachat-de-faes\/#breadcrumb","itemListElement":[{"@type":"ListItem","position":1,"name":"Accueil","item":"https:\/\/www.ladiagonale.net\/"},{"@type":"ListItem","position":2,"name":"Monaco tent\u00e9 de lever l\u2019option d\u2019achat de Faes"}]},{"@type":"WebSite","@id":"https:\/\/www.ladiagonale.net\/#website","url":"https:\/\/www.ladiagonale.net\/","name":"La Diagonale","description":"Le site des supporters de l&#039;AS Monaco FC","potentialAction":[{"@type":"SearchAction","target":{"@type":"EntryPoint","urlTemplate":"https:\/\/www.ladiagonale.net\/?s={search_term_string}"},"query-input":"required name=search_term_string"}],"inLanguage":"fr-FR"},{"@type":"Person","@id":"https:\/\/www.ladiagonale.net\/#\/schema\/person\/79ff1e7b0853ed01b2aa26e64ad300bf","name":"Damien Dellerba","image":{"@type":"ImageObject","inLanguage":"fr-FR","@id":"https:\/\/www.ladiagonale.net\/#\/schema\/person\/image\/","url":"https:\/\/secure.gravatar.com\/avatar\/c7850e06d3ff63cdbaee88b7fc16e2f0?s=96&d=mm&r=g","contentUrl":"https:\/\/secure.gravatar.com\/avatar\/c7850e06d3ff63cdbaee88b7fc16e2f0?s=96&d=mm&r=g","caption":"Damien Dellerba"},"url":"https:\/\/www.ladiagonale.net\/index.php\/author\/damien\/"}]}},"_links":{"self":[{"href":"https:\/\/www.ladiagonale.net\/index.php\/wp-json\/wp\/v2\/posts\/38044"}],"collection":[{"href":"https:\/\/www.ladiagonale.net\/index.php\/wp-json\/wp\/v2\/posts"}],"about":[{"href":"https:\/\/www.ladiagonale.net\/index.php\/wp-json\/wp\/v2\/types\/post"}],"author":[{"embeddable":true,"href":"https:\/\/www.ladiagonale.net\/index.php\/wp-json\/wp\/v2\/users\/2"}],"replies":[{"embeddable":true,"href":"https:\/\/www.ladiagonale.net\/index.php\/wp-json\/wp\/v2\/comments?post=38044"}],"version-history":[{"count":2,"href":"https:\/\/www.ladiagonale.net\/index.php\/wp-json\/wp\/v2\/posts\/38044\/revisions"}],"predecessor-version":[{"id":38047,"href":"https:\/\/www.ladiagonale.net\/index.php\/wp-json\/wp\/v2\/posts\/38044\/revisions\/38047"}],"wp:attachment":[{"href":"https:\/\/www.ladiagonale.net\/index.php\/wp-json\/wp\/v2\/media?parent=38044"}],"wp:term":[{"taxonomy":"category","embeddable":true,"href":"https:\/\/www.ladiagonale.net\/index.php\/wp-json\/wp\/v2\/categories?post=38044"},{"taxonomy":"post_tag","embeddable":true,"href":"https:\/\/www.ladiagonale.net\/index.php\/wp-json\/wp\/v2\/tags?post=38044"}],"curies":[{"name":"wp","href":"https:\/\/api.w.org\/{rel}","templated":true}]}}