{"id":38048,"date":"2026-05-02T08:00:00","date_gmt":"2026-05-02T06:00:00","guid":{"rendered":"https:\/\/www.ladiagonale.net\/?p=38048"},"modified":"2026-05-02T05:15:55","modified_gmt":"2026-05-02T03:15:55","slug":"michal-absent-du-groupe-messin","status":"publish","type":"post","link":"https:\/\/www.ladiagonale.net\/index.php\/2026\/05\/02\/michal-absent-du-groupe-messin\/","title":{"rendered":"Michal absent du groupe messin"},"content":{"rendered":"\n\n\n<p>Pr\u00eat\u00e9 par l\u2019AS Monaco au FC Metz dans le courant de l\u2019hiver, Lucas Michal ne sera pas sur la feuille de match samedi. En raison d\u2019un accord entre les clubs, l\u2019attaquant de 21 ans ne pourra pas prendre part \u00e0 cette rencontre. L\u2019ancien Mon\u00e9gasque Fod\u00e9 Ballo-Tour\u00e9, n\u2019a, quant \u00e0 lui, pas \u00e9t\u00e9 retenu par Beno\u00eet Tavenot.\u00a0<\/p>\n\n\n\n<p>Il y aura quelques absences importantes puisque Koffi Kouao, qui a annonc\u00e9 son d\u00e9part du club en fin de saison, est suspendu. Boubacar Traor\u00e9 est bless\u00e9.<\/p>\n\n\n\n<h3>Le groupe messin<\/h3>\n\n\n\n<ul><li><strong>Gardiens :<\/strong> Fischer, Sy.<\/li><li><strong>D\u00e9fenseurs :<\/strong> Colin, Diop, Gbamin, Mboula, San\u00e9, Sarr, Yegbe.<\/li><li><strong>Milieux : <\/strong>Deminguet, Guerti, Hein, Munongo, Pandore, Stambouli.<\/li><li><strong>Attaquants :<\/strong> Abuashvili, Diallo, Kvilitaia, Mbala, Tsitaishvili.<\/li><\/ul>\n\n\n\n<p><em>Absents :<\/em> Michal (accord entre les clubs), Kouao (suspendu), M\u00e9li\u00e8res, Tour\u00e9, Traor\u00e9 (bless\u00e9s), Ballo-Tour\u00e9, Asoro (choix de l\u2019entra\u00eeneur).<\/p>\n","protected":false},"excerpt":{"rendered":"<p>Pr\u00eat\u00e9 par l\u2019AS Monaco au FC Metz dans le courant de l\u2019hiver, Lucas Michal ne sera pas sur la feuille de match samedi. En raison d\u2019un accord entre les clubs, l\u2019attaquant de 21 ans ne pourra pas prendre part \u00e0 cette rencontre. L\u2019ancien Mon\u00e9gasque Fod\u00e9 Ballo-Tour\u00e9, n\u2019a, quant \u00e0 lui, pas \u00e9t\u00e9 retenu par Beno\u00eet [&#8230;]\n","protected":false},"author":2,"featured_media":0,"comment_status":"open","ping_status":"open","sticky":false,"template":"","format":"standard","meta":[],"categories":[6,1000],"tags":[86,225,94,543,794],"yoast_head":"<!-- This site is optimized with the Yoast SEO plugin v19.8 - https:\/\/yoast.com\/wordpress\/plugins\/seo\/ -->\n<title>Michal absent du groupe messin - La Diagonale<\/title>\n<meta name=\"robots\" content=\"index, follow, max-snippet:-1, max-image-preview:large, max-video-preview:-1\" \/>\n<link rel=\"canonical\" href=\"https:\/\/www.ladiagonale.net\/index.php\/2026\/05\/02\/michal-absent-du-groupe-messin\/\" \/>\n<meta property=\"og:locale\" content=\"fr_FR\" \/>\n<meta property=\"og:type\" content=\"article\" \/>\n<meta property=\"og:title\" content=\"Michal absent du groupe messin - La Diagonale\" \/>\n<meta property=\"og:description\" content=\"Pr\u00eat\u00e9 par l\u2019AS Monaco au FC Metz dans le courant de l\u2019hiver, Lucas Michal ne sera pas sur la feuille de match samedi. En raison d\u2019un accord entre les clubs, l\u2019attaquant de 21 ans ne pourra pas prendre part \u00e0 cette rencontre. L\u2019ancien Mon\u00e9gasque Fod\u00e9 Ballo-Tour\u00e9, n\u2019a, quant \u00e0 lui, pas \u00e9t\u00e9 retenu par Beno\u00eet [...]\" \/>\n<meta property=\"og:url\" content=\"https:\/\/www.ladiagonale.net\/index.php\/2026\/05\/02\/michal-absent-du-groupe-messin\/\" \/>\n<meta property=\"og:site_name\" content=\"La Diagonale\" \/>\n<meta property=\"article:published_time\" content=\"2026-05-02T06:00:00+00:00\" \/>\n<meta property=\"article:modified_time\" content=\"2026-05-02T03:15:55+00:00\" \/>\n<meta property=\"og:image\" content=\"https:\/\/www.ladiagonale.net\/wp-content\/uploads\/2026\/02\/Michal-Paphos.png\" \/>\n\t<meta property=\"og:image:width\" content=\"1160\" \/>\n\t<meta property=\"og:image:height\" content=\"650\" \/>\n\t<meta property=\"og:image:type\" content=\"image\/png\" \/>\n<meta name=\"author\" content=\"Damien Dellerba\" \/>\n<meta name=\"twitter:card\" content=\"summary_large_image\" \/>\n<meta name=\"twitter:image\" content=\"https:\/\/www.ladiagonale.net\/wp-content\/uploads\/2026\/02\/Michal-Paphos.png\" \/>\n<meta name=\"twitter:label1\" content=\"\u00c9crit par\" \/>\n\t<meta name=\"twitter:data1\" content=\"Damien Dellerba\" \/>\n\t<meta name=\"twitter:label2\" content=\"Dur\u00e9e de lecture estim\u00e9e\" \/>\n\t<meta name=\"twitter:data2\" content=\"1 minute\" \/>\n<script type=\"application\/ld+json\" class=\"yoast-schema-graph\">{\"@context\":\"https:\/\/schema.org\",\"@graph\":[{\"@type\":\"WebPage\",\"@id\":\"https:\/\/www.ladiagonale.net\/index.php\/2026\/05\/02\/michal-absent-du-groupe-messin\/\",\"url\":\"https:\/\/www.ladiagonale.net\/index.php\/2026\/05\/02\/michal-absent-du-groupe-messin\/\",\"name\":\"Michal absent du groupe messin - La Diagonale\",\"isPartOf\":{\"@id\":\"https:\/\/www.ladiagonale.net\/#website\"},\"datePublished\":\"2026-05-02T06:00:00+00:00\",\"dateModified\":\"2026-05-02T03:15:55+00:00\",\"author\":{\"@id\":\"https:\/\/www.ladiagonale.net\/#\/schema\/person\/79ff1e7b0853ed01b2aa26e64ad300bf\"},\"breadcrumb\":{\"@id\":\"https:\/\/www.ladiagonale.net\/index.php\/2026\/05\/02\/michal-absent-du-groupe-messin\/#breadcrumb\"},\"inLanguage\":\"fr-FR\",\"potentialAction\":[{\"@type\":\"ReadAction\",\"target\":[\"https:\/\/www.ladiagonale.net\/index.php\/2026\/05\/02\/michal-absent-du-groupe-messin\/\"]}]},{\"@type\":\"BreadcrumbList\",\"@id\":\"https:\/\/www.ladiagonale.net\/index.php\/2026\/05\/02\/michal-absent-du-groupe-messin\/#breadcrumb\",\"itemListElement\":[{\"@type\":\"ListItem\",\"position\":1,\"name\":\"Accueil\",\"item\":\"https:\/\/www.ladiagonale.net\/\"},{\"@type\":\"ListItem\",\"position\":2,\"name\":\"Michal absent du groupe messin\"}]},{\"@type\":\"WebSite\",\"@id\":\"https:\/\/www.ladiagonale.net\/#website\",\"url\":\"https:\/\/www.ladiagonale.net\/\",\"name\":\"La Diagonale\",\"description\":\"Le site des supporters de l&#039;AS Monaco FC\",\"potentialAction\":[{\"@type\":\"SearchAction\",\"target\":{\"@type\":\"EntryPoint\",\"urlTemplate\":\"https:\/\/www.ladiagonale.net\/?s={search_term_string}\"},\"query-input\":\"required name=search_term_string\"}],\"inLanguage\":\"fr-FR\"},{\"@type\":\"Person\",\"@id\":\"https:\/\/www.ladiagonale.net\/#\/schema\/person\/79ff1e7b0853ed01b2aa26e64ad300bf\",\"name\":\"Damien Dellerba\",\"image\":{\"@type\":\"ImageObject\",\"inLanguage\":\"fr-FR\",\"@id\":\"https:\/\/www.ladiagonale.net\/#\/schema\/person\/image\/\",\"url\":\"https:\/\/secure.gravatar.com\/avatar\/c7850e06d3ff63cdbaee88b7fc16e2f0?s=96&d=mm&r=g\",\"contentUrl\":\"https:\/\/secure.gravatar.com\/avatar\/c7850e06d3ff63cdbaee88b7fc16e2f0?s=96&d=mm&r=g\",\"caption\":\"Damien Dellerba\"},\"url\":\"https:\/\/www.ladiagonale.net\/index.php\/author\/damien\/\"}]}<\/script>\n<!-- \/ Yoast SEO plugin. -->","yoast_head_json":{"title":"Michal absent du groupe messin - La Diagonale","robots":{"index":"index","follow":"follow","max-snippet":"max-snippet:-1","max-image-preview":"max-image-preview:large","max-video-preview":"max-video-preview:-1"},"canonical":"https:\/\/www.ladiagonale.net\/index.php\/2026\/05\/02\/michal-absent-du-groupe-messin\/","og_locale":"fr_FR","og_type":"article","og_title":"Michal absent du groupe messin - La Diagonale","og_description":"Pr\u00eat\u00e9 par l\u2019AS Monaco au FC Metz dans le courant de l\u2019hiver, Lucas Michal ne sera pas sur la feuille de match samedi. En raison d\u2019un accord entre les clubs, l\u2019attaquant de 21 ans ne pourra pas prendre part \u00e0 cette rencontre. L\u2019ancien Mon\u00e9gasque Fod\u00e9 Ballo-Tour\u00e9, n\u2019a, quant \u00e0 lui, pas \u00e9t\u00e9 retenu par Beno\u00eet [...]","og_url":"https:\/\/www.ladiagonale.net\/index.php\/2026\/05\/02\/michal-absent-du-groupe-messin\/","og_site_name":"La Diagonale","article_published_time":"2026-05-02T06:00:00+00:00","article_modified_time":"2026-05-02T03:15:55+00:00","og_image":[{"width":1160,"height":650,"url":"https:\/\/www.ladiagonale.net\/wp-content\/uploads\/2026\/02\/Michal-Paphos.png","type":"image\/png"}],"author":"Damien Dellerba","twitter_card":"summary_large_image","twitter_image":"https:\/\/www.ladiagonale.net\/wp-content\/uploads\/2026\/02\/Michal-Paphos.png","twitter_misc":{"\u00c9crit par":"Damien Dellerba","Dur\u00e9e de lecture estim\u00e9e":"1 minute"},"schema":{"@context":"https:\/\/schema.org","@graph":[{"@type":"WebPage","@id":"https:\/\/www.ladiagonale.net\/index.php\/2026\/05\/02\/michal-absent-du-groupe-messin\/","url":"https:\/\/www.ladiagonale.net\/index.php\/2026\/05\/02\/michal-absent-du-groupe-messin\/","name":"Michal absent du groupe messin - La Diagonale","isPartOf":{"@id":"https:\/\/www.ladiagonale.net\/#website"},"datePublished":"2026-05-02T06:00:00+00:00","dateModified":"2026-05-02T03:15:55+00:00","author":{"@id":"https:\/\/www.ladiagonale.net\/#\/schema\/person\/79ff1e7b0853ed01b2aa26e64ad300bf"},"breadcrumb":{"@id":"https:\/\/www.ladiagonale.net\/index.php\/2026\/05\/02\/michal-absent-du-groupe-messin\/#breadcrumb"},"inLanguage":"fr-FR","potentialAction":[{"@type":"ReadAction","target":["https:\/\/www.ladiagonale.net\/index.php\/2026\/05\/02\/michal-absent-du-groupe-messin\/"]}]},{"@type":"BreadcrumbList","@id":"https:\/\/www.ladiagonale.net\/index.php\/2026\/05\/02\/michal-absent-du-groupe-messin\/#breadcrumb","itemListElement":[{"@type":"ListItem","position":1,"name":"Accueil","item":"https:\/\/www.ladiagonale.net\/"},{"@type":"ListItem","position":2,"name":"Michal absent du groupe messin"}]},{"@type":"WebSite","@id":"https:\/\/www.ladiagonale.net\/#website","url":"https:\/\/www.ladiagonale.net\/","name":"La Diagonale","description":"Le site des supporters de l&#039;AS Monaco FC","potentialAction":[{"@type":"SearchAction","target":{"@type":"EntryPoint","urlTemplate":"https:\/\/www.ladiagonale.net\/?s={search_term_string}"},"query-input":"required name=search_term_string"}],"inLanguage":"fr-FR"},{"@type":"Person","@id":"https:\/\/www.ladiagonale.net\/#\/schema\/person\/79ff1e7b0853ed01b2aa26e64ad300bf","name":"Damien Dellerba","image":{"@type":"ImageObject","inLanguage":"fr-FR","@id":"https:\/\/www.ladiagonale.net\/#\/schema\/person\/image\/","url":"https:\/\/secure.gravatar.com\/avatar\/c7850e06d3ff63cdbaee88b7fc16e2f0?s=96&d=mm&r=g","contentUrl":"https:\/\/secure.gravatar.com\/avatar\/c7850e06d3ff63cdbaee88b7fc16e2f0?s=96&d=mm&r=g","caption":"Damien Dellerba"},"url":"https:\/\/www.ladiagonale.net\/index.php\/author\/damien\/"}]}},"_links":{"self":[{"href":"https:\/\/www.ladiagonale.net\/index.php\/wp-json\/wp\/v2\/posts\/38048"}],"collection":[{"href":"https:\/\/www.ladiagonale.net\/index.php\/wp-json\/wp\/v2\/posts"}],"about":[{"href":"https:\/\/www.ladiagonale.net\/index.php\/wp-json\/wp\/v2\/types\/post"}],"author":[{"embeddable":true,"href":"https:\/\/www.ladiagonale.net\/index.php\/wp-json\/wp\/v2\/users\/2"}],"replies":[{"embeddable":true,"href":"https:\/\/www.ladiagonale.net\/index.php\/wp-json\/wp\/v2\/comments?post=38048"}],"version-history":[{"count":1,"href":"https:\/\/www.ladiagonale.net\/index.php\/wp-json\/wp\/v2\/posts\/38048\/revisions"}],"predecessor-version":[{"id":38050,"href":"https:\/\/www.ladiagonale.net\/index.php\/wp-json\/wp\/v2\/posts\/38048\/revisions\/38050"}],"wp:attachment":[{"href":"https:\/\/www.ladiagonale.net\/index.php\/wp-json\/wp\/v2\/media?parent=38048"}],"wp:term":[{"taxonomy":"category","embeddable":true,"href":"https:\/\/www.ladiagonale.net\/index.php\/wp-json\/wp\/v2\/categories?post=38048"},{"taxonomy":"post_tag","embeddable":true,"href":"https:\/\/www.ladiagonale.net\/index.php\/wp-json\/wp\/v2\/tags?post=38048"}],"curies":[{"name":"wp","href":"https:\/\/api.w.org\/{rel}","templated":true}]}}