{"id":3960,"date":"2022-09-22T18:52:40","date_gmt":"2022-09-22T16:52:40","guid":{"rendered":"https:\/\/www.ladiagonale.net\/?p=3960"},"modified":"2022-09-22T18:55:30","modified_gmt":"2022-09-22T16:55:30","slug":"la-france-u20-et-la-tunisie-dos-a-dos","status":"publish","type":"post","link":"https:\/\/www.ladiagonale.net\/index.php\/2022\/09\/22\/la-france-u20-et-la-tunisie-dos-a-dos\/","title":{"rendered":"La France U20 et la Tunisie dos \u00e0 dos"},"content":{"rendered":"\n\n\n<p>L&rsquo;\u00c9quipe de France U20 de Jordan Semedo, Yann Lienard et Soungoutou Magassa affrontait la Tunisie de B\u00e9chir Yacoub pour la premi\u00e8re manche d&rsquo;une double confrontation amicale. Les deux \u00e9quipes se sont s\u00e9par\u00e9es sur un match nul (0-0) et Semedo \u00e9tait le seul titulaire au coup d&rsquo;envoi.<\/p>\n\n\n\n<p>Soungoutou Magassa, c\u00f4t\u00e9 fran\u00e7ais, et B\u00e9chir Yacoub, c\u00f4t\u00e9 tunisien, ont fait leur entr\u00e9e en jeu \u00e0 la 61e minute, tandis que Semedo a laiss\u00e9 sa place lors de cette m\u00eame salve de remplacements. Samedi 24 septembre, les deux \u00e9quipes se retrouveront \u00e0 la m\u00eame heure (19h), avec certainement un peu plus de temps de jeu pour nos Rouge et Blanc.<\/p>\n","protected":false},"excerpt":{"rendered":"<p>L&rsquo;\u00c9quipe de France U20 de Jordan Semedo, Yann Lienard et Soungoutou Magassa affrontait la Tunisie de B\u00e9chir Yacoub pour la premi\u00e8re manche d&rsquo;une double confrontation amicale. Les deux \u00e9quipes se sont s\u00e9par\u00e9es sur un match nul (0-0) et Semedo \u00e9tait le seul titulaire au coup d&rsquo;envoi. Soungoutou Magassa, c\u00f4t\u00e9 fran\u00e7ais, et B\u00e9chir Yacoub, c\u00f4t\u00e9 tunisien, [&#8230;]\n","protected":false},"author":2,"featured_media":0,"comment_status":"open","ping_status":"open","sticky":false,"template":"","format":"standard","meta":[],"categories":[6],"tags":[76,71,75,73,72,74],"yoast_head":"<!-- This site is optimized with the Yoast SEO plugin v19.8 - https:\/\/yoast.com\/wordpress\/plugins\/seo\/ -->\n<title>La France U20 et la Tunisie dos \u00e0 dos - La Diagonale<\/title>\n<meta name=\"robots\" content=\"index, follow, max-snippet:-1, max-image-preview:large, max-video-preview:-1\" \/>\n<link rel=\"canonical\" href=\"https:\/\/www.ladiagonale.net\/index.php\/2022\/09\/22\/la-france-u20-et-la-tunisie-dos-a-dos\/\" \/>\n<meta property=\"og:locale\" content=\"fr_FR\" \/>\n<meta property=\"og:type\" content=\"article\" \/>\n<meta property=\"og:title\" content=\"La France U20 et la Tunisie dos \u00e0 dos - La Diagonale\" \/>\n<meta property=\"og:description\" content=\"L&rsquo;\u00c9quipe de France U20 de Jordan Semedo, Yann Lienard et Soungoutou Magassa affrontait la Tunisie de B\u00e9chir Yacoub pour la premi\u00e8re manche d&rsquo;une double confrontation amicale. Les deux \u00e9quipes se sont s\u00e9par\u00e9es sur un match nul (0-0) et Semedo \u00e9tait le seul titulaire au coup d&rsquo;envoi. Soungoutou Magassa, c\u00f4t\u00e9 fran\u00e7ais, et B\u00e9chir Yacoub, c\u00f4t\u00e9 tunisien, [...]\" \/>\n<meta property=\"og:url\" content=\"https:\/\/www.ladiagonale.net\/index.php\/2022\/09\/22\/la-france-u20-et-la-tunisie-dos-a-dos\/\" \/>\n<meta property=\"og:site_name\" content=\"La Diagonale\" \/>\n<meta property=\"article:published_time\" content=\"2022-09-22T16:52:40+00:00\" \/>\n<meta property=\"article:modified_time\" content=\"2022-09-22T16:55:30+00:00\" \/>\n<meta name=\"author\" content=\"Damien Dellerba\" \/>\n<meta name=\"twitter:card\" content=\"summary_large_image\" \/>\n<meta name=\"twitter:label1\" content=\"\u00c9crit par\" \/>\n\t<meta name=\"twitter:data1\" content=\"Damien Dellerba\" \/>\n\t<meta name=\"twitter:label2\" content=\"Dur\u00e9e de lecture estim\u00e9e\" \/>\n\t<meta name=\"twitter:data2\" content=\"1 minute\" \/>\n<script type=\"application\/ld+json\" class=\"yoast-schema-graph\">{\"@context\":\"https:\/\/schema.org\",\"@graph\":[{\"@type\":\"WebPage\",\"@id\":\"https:\/\/www.ladiagonale.net\/index.php\/2022\/09\/22\/la-france-u20-et-la-tunisie-dos-a-dos\/\",\"url\":\"https:\/\/www.ladiagonale.net\/index.php\/2022\/09\/22\/la-france-u20-et-la-tunisie-dos-a-dos\/\",\"name\":\"La France U20 et la Tunisie dos \u00e0 dos - La Diagonale\",\"isPartOf\":{\"@id\":\"https:\/\/www.ladiagonale.net\/#website\"},\"datePublished\":\"2022-09-22T16:52:40+00:00\",\"dateModified\":\"2022-09-22T16:55:30+00:00\",\"author\":{\"@id\":\"https:\/\/www.ladiagonale.net\/#\/schema\/person\/79ff1e7b0853ed01b2aa26e64ad300bf\"},\"breadcrumb\":{\"@id\":\"https:\/\/www.ladiagonale.net\/index.php\/2022\/09\/22\/la-france-u20-et-la-tunisie-dos-a-dos\/#breadcrumb\"},\"inLanguage\":\"fr-FR\",\"potentialAction\":[{\"@type\":\"ReadAction\",\"target\":[\"https:\/\/www.ladiagonale.net\/index.php\/2022\/09\/22\/la-france-u20-et-la-tunisie-dos-a-dos\/\"]}]},{\"@type\":\"BreadcrumbList\",\"@id\":\"https:\/\/www.ladiagonale.net\/index.php\/2022\/09\/22\/la-france-u20-et-la-tunisie-dos-a-dos\/#breadcrumb\",\"itemListElement\":[{\"@type\":\"ListItem\",\"position\":1,\"name\":\"Accueil\",\"item\":\"https:\/\/www.ladiagonale.net\/\"},{\"@type\":\"ListItem\",\"position\":2,\"name\":\"La France U20 et la Tunisie dos \u00e0 dos\"}]},{\"@type\":\"WebSite\",\"@id\":\"https:\/\/www.ladiagonale.net\/#website\",\"url\":\"https:\/\/www.ladiagonale.net\/\",\"name\":\"La Diagonale\",\"description\":\"Le site des supporters de l&#039;AS Monaco FC\",\"potentialAction\":[{\"@type\":\"SearchAction\",\"target\":{\"@type\":\"EntryPoint\",\"urlTemplate\":\"https:\/\/www.ladiagonale.net\/?s={search_term_string}\"},\"query-input\":\"required name=search_term_string\"}],\"inLanguage\":\"fr-FR\"},{\"@type\":\"Person\",\"@id\":\"https:\/\/www.ladiagonale.net\/#\/schema\/person\/79ff1e7b0853ed01b2aa26e64ad300bf\",\"name\":\"Damien Dellerba\",\"image\":{\"@type\":\"ImageObject\",\"inLanguage\":\"fr-FR\",\"@id\":\"https:\/\/www.ladiagonale.net\/#\/schema\/person\/image\/\",\"url\":\"https:\/\/secure.gravatar.com\/avatar\/c7850e06d3ff63cdbaee88b7fc16e2f0?s=96&d=mm&r=g\",\"contentUrl\":\"https:\/\/secure.gravatar.com\/avatar\/c7850e06d3ff63cdbaee88b7fc16e2f0?s=96&d=mm&r=g\",\"caption\":\"Damien Dellerba\"},\"url\":\"https:\/\/www.ladiagonale.net\/index.php\/author\/damien\/\"}]}<\/script>\n<!-- \/ Yoast SEO plugin. -->","yoast_head_json":{"title":"La France U20 et la Tunisie dos \u00e0 dos - La Diagonale","robots":{"index":"index","follow":"follow","max-snippet":"max-snippet:-1","max-image-preview":"max-image-preview:large","max-video-preview":"max-video-preview:-1"},"canonical":"https:\/\/www.ladiagonale.net\/index.php\/2022\/09\/22\/la-france-u20-et-la-tunisie-dos-a-dos\/","og_locale":"fr_FR","og_type":"article","og_title":"La France U20 et la Tunisie dos \u00e0 dos - La Diagonale","og_description":"L&rsquo;\u00c9quipe de France U20 de Jordan Semedo, Yann Lienard et Soungoutou Magassa affrontait la Tunisie de B\u00e9chir Yacoub pour la premi\u00e8re manche d&rsquo;une double confrontation amicale. Les deux \u00e9quipes se sont s\u00e9par\u00e9es sur un match nul (0-0) et Semedo \u00e9tait le seul titulaire au coup d&rsquo;envoi. Soungoutou Magassa, c\u00f4t\u00e9 fran\u00e7ais, et B\u00e9chir Yacoub, c\u00f4t\u00e9 tunisien, [...]","og_url":"https:\/\/www.ladiagonale.net\/index.php\/2022\/09\/22\/la-france-u20-et-la-tunisie-dos-a-dos\/","og_site_name":"La Diagonale","article_published_time":"2022-09-22T16:52:40+00:00","article_modified_time":"2022-09-22T16:55:30+00:00","author":"Damien Dellerba","twitter_card":"summary_large_image","twitter_misc":{"\u00c9crit par":"Damien Dellerba","Dur\u00e9e de lecture estim\u00e9e":"1 minute"},"schema":{"@context":"https:\/\/schema.org","@graph":[{"@type":"WebPage","@id":"https:\/\/www.ladiagonale.net\/index.php\/2022\/09\/22\/la-france-u20-et-la-tunisie-dos-a-dos\/","url":"https:\/\/www.ladiagonale.net\/index.php\/2022\/09\/22\/la-france-u20-et-la-tunisie-dos-a-dos\/","name":"La France U20 et la Tunisie dos \u00e0 dos - La Diagonale","isPartOf":{"@id":"https:\/\/www.ladiagonale.net\/#website"},"datePublished":"2022-09-22T16:52:40+00:00","dateModified":"2022-09-22T16:55:30+00:00","author":{"@id":"https:\/\/www.ladiagonale.net\/#\/schema\/person\/79ff1e7b0853ed01b2aa26e64ad300bf"},"breadcrumb":{"@id":"https:\/\/www.ladiagonale.net\/index.php\/2022\/09\/22\/la-france-u20-et-la-tunisie-dos-a-dos\/#breadcrumb"},"inLanguage":"fr-FR","potentialAction":[{"@type":"ReadAction","target":["https:\/\/www.ladiagonale.net\/index.php\/2022\/09\/22\/la-france-u20-et-la-tunisie-dos-a-dos\/"]}]},{"@type":"BreadcrumbList","@id":"https:\/\/www.ladiagonale.net\/index.php\/2022\/09\/22\/la-france-u20-et-la-tunisie-dos-a-dos\/#breadcrumb","itemListElement":[{"@type":"ListItem","position":1,"name":"Accueil","item":"https:\/\/www.ladiagonale.net\/"},{"@type":"ListItem","position":2,"name":"La France U20 et la Tunisie dos \u00e0 dos"}]},{"@type":"WebSite","@id":"https:\/\/www.ladiagonale.net\/#website","url":"https:\/\/www.ladiagonale.net\/","name":"La Diagonale","description":"Le site des supporters de l&#039;AS Monaco FC","potentialAction":[{"@type":"SearchAction","target":{"@type":"EntryPoint","urlTemplate":"https:\/\/www.ladiagonale.net\/?s={search_term_string}"},"query-input":"required name=search_term_string"}],"inLanguage":"fr-FR"},{"@type":"Person","@id":"https:\/\/www.ladiagonale.net\/#\/schema\/person\/79ff1e7b0853ed01b2aa26e64ad300bf","name":"Damien Dellerba","image":{"@type":"ImageObject","inLanguage":"fr-FR","@id":"https:\/\/www.ladiagonale.net\/#\/schema\/person\/image\/","url":"https:\/\/secure.gravatar.com\/avatar\/c7850e06d3ff63cdbaee88b7fc16e2f0?s=96&d=mm&r=g","contentUrl":"https:\/\/secure.gravatar.com\/avatar\/c7850e06d3ff63cdbaee88b7fc16e2f0?s=96&d=mm&r=g","caption":"Damien Dellerba"},"url":"https:\/\/www.ladiagonale.net\/index.php\/author\/damien\/"}]}},"_links":{"self":[{"href":"https:\/\/www.ladiagonale.net\/index.php\/wp-json\/wp\/v2\/posts\/3960"}],"collection":[{"href":"https:\/\/www.ladiagonale.net\/index.php\/wp-json\/wp\/v2\/posts"}],"about":[{"href":"https:\/\/www.ladiagonale.net\/index.php\/wp-json\/wp\/v2\/types\/post"}],"author":[{"embeddable":true,"href":"https:\/\/www.ladiagonale.net\/index.php\/wp-json\/wp\/v2\/users\/2"}],"replies":[{"embeddable":true,"href":"https:\/\/www.ladiagonale.net\/index.php\/wp-json\/wp\/v2\/comments?post=3960"}],"version-history":[{"count":1,"href":"https:\/\/www.ladiagonale.net\/index.php\/wp-json\/wp\/v2\/posts\/3960\/revisions"}],"predecessor-version":[{"id":3961,"href":"https:\/\/www.ladiagonale.net\/index.php\/wp-json\/wp\/v2\/posts\/3960\/revisions\/3961"}],"wp:attachment":[{"href":"https:\/\/www.ladiagonale.net\/index.php\/wp-json\/wp\/v2\/media?parent=3960"}],"wp:term":[{"taxonomy":"category","embeddable":true,"href":"https:\/\/www.ladiagonale.net\/index.php\/wp-json\/wp\/v2\/categories?post=3960"},{"taxonomy":"post_tag","embeddable":true,"href":"https:\/\/www.ladiagonale.net\/index.php\/wp-json\/wp\/v2\/tags?post=3960"}],"curies":[{"name":"wp","href":"https:\/\/api.w.org\/{rel}","templated":true}]}}