{"id":3963,"date":"2022-09-22T18:57:06","date_gmt":"2022-09-22T16:57:06","guid":{"rendered":"https:\/\/www.ladiagonale.net\/?p=3963"},"modified":"2022-09-22T18:57:07","modified_gmt":"2022-09-22T16:57:07","slug":"la-france-u19-se-loupe-contre-le-portugal","status":"publish","type":"post","link":"https:\/\/www.ladiagonale.net\/index.php\/2022\/09\/22\/la-france-u19-se-loupe-contre-le-portugal\/","title":{"rendered":"La France U19 se loupe contre le Portugal"},"content":{"rendered":"\n\n\n<p>L&rsquo;\u00c9quipe de France U19 d\u00e9butait ce jeudi un tournoi international en Serbie. Les Bleuets affrontaient le Portugal et se sont inclin\u00e9s (2-0). Edan Diop est entr\u00e9 en jeu \u00e0 la 82e minute. Les hommes de Lionel Rouxel doivent d\u00e9sormais pr\u00e9parer leur prochain match face \u00e0 la Finlande, ce samedi 24 septembre (16h).<\/p>\n\n\n\n<p>Les U18, en revanche, ont parfaitement d\u00e9but\u00e9 le Tournoi international de Limoges Lafarge face \u00e0 l&rsquo;Estonie (3-0). Mayssam Benama \u00e9tait titulaire et Eliesse Ben Seghir est entr\u00e9 en jeu \u00e0 la 60e minute. Lisandru Olmeta est quant \u00e0 lui rest\u00e9 sur le banc. Le tournoi se poursuit vendredi pour les jeunes tricolores, avec un match contre l&rsquo;\u00c9cosse (19h).<\/p>\n","protected":false},"excerpt":{"rendered":"<p>L&rsquo;\u00c9quipe de France U19 d\u00e9butait ce jeudi un tournoi international en Serbie. Les Bleuets affrontaient le Portugal et se sont inclin\u00e9s (2-0). Edan Diop est entr\u00e9 en jeu \u00e0 la 82e minute. Les hommes de Lionel Rouxel doivent d\u00e9sormais pr\u00e9parer leur prochain match face \u00e0 la Finlande, ce samedi 24 septembre (16h). Les U18, en [&#8230;]\n","protected":false},"author":2,"featured_media":0,"comment_status":"open","ping_status":"open","sticky":false,"template":"","format":"standard","meta":[],"categories":[6],"tags":[76,81,79,80,78,77,82],"yoast_head":"<!-- This site is optimized with the Yoast SEO plugin v19.8 - https:\/\/yoast.com\/wordpress\/plugins\/seo\/ -->\n<title>La France U19 se loupe contre le Portugal - La Diagonale<\/title>\n<meta name=\"robots\" content=\"index, follow, max-snippet:-1, max-image-preview:large, max-video-preview:-1\" \/>\n<link rel=\"canonical\" href=\"https:\/\/www.ladiagonale.net\/index.php\/2022\/09\/22\/la-france-u19-se-loupe-contre-le-portugal\/\" \/>\n<meta property=\"og:locale\" content=\"fr_FR\" \/>\n<meta property=\"og:type\" content=\"article\" \/>\n<meta property=\"og:title\" content=\"La France U19 se loupe contre le Portugal - La Diagonale\" \/>\n<meta property=\"og:description\" content=\"L&rsquo;\u00c9quipe de France U19 d\u00e9butait ce jeudi un tournoi international en Serbie. Les Bleuets affrontaient le Portugal et se sont inclin\u00e9s (2-0). Edan Diop est entr\u00e9 en jeu \u00e0 la 82e minute. Les hommes de Lionel Rouxel doivent d\u00e9sormais pr\u00e9parer leur prochain match face \u00e0 la Finlande, ce samedi 24 septembre (16h). Les U18, en [...]\" \/>\n<meta property=\"og:url\" content=\"https:\/\/www.ladiagonale.net\/index.php\/2022\/09\/22\/la-france-u19-se-loupe-contre-le-portugal\/\" \/>\n<meta property=\"og:site_name\" content=\"La Diagonale\" \/>\n<meta property=\"article:published_time\" content=\"2022-09-22T16:57:06+00:00\" \/>\n<meta property=\"article:modified_time\" content=\"2022-09-22T16:57:07+00:00\" \/>\n<meta name=\"author\" content=\"Damien Dellerba\" \/>\n<meta name=\"twitter:card\" content=\"summary_large_image\" \/>\n<meta name=\"twitter:label1\" content=\"\u00c9crit par\" \/>\n\t<meta name=\"twitter:data1\" content=\"Damien Dellerba\" \/>\n\t<meta name=\"twitter:label2\" content=\"Dur\u00e9e de lecture estim\u00e9e\" \/>\n\t<meta name=\"twitter:data2\" content=\"1 minute\" \/>\n<script type=\"application\/ld+json\" class=\"yoast-schema-graph\">{\"@context\":\"https:\/\/schema.org\",\"@graph\":[{\"@type\":\"WebPage\",\"@id\":\"https:\/\/www.ladiagonale.net\/index.php\/2022\/09\/22\/la-france-u19-se-loupe-contre-le-portugal\/\",\"url\":\"https:\/\/www.ladiagonale.net\/index.php\/2022\/09\/22\/la-france-u19-se-loupe-contre-le-portugal\/\",\"name\":\"La France U19 se loupe contre le Portugal - La Diagonale\",\"isPartOf\":{\"@id\":\"https:\/\/www.ladiagonale.net\/#website\"},\"datePublished\":\"2022-09-22T16:57:06+00:00\",\"dateModified\":\"2022-09-22T16:57:07+00:00\",\"author\":{\"@id\":\"https:\/\/www.ladiagonale.net\/#\/schema\/person\/79ff1e7b0853ed01b2aa26e64ad300bf\"},\"breadcrumb\":{\"@id\":\"https:\/\/www.ladiagonale.net\/index.php\/2022\/09\/22\/la-france-u19-se-loupe-contre-le-portugal\/#breadcrumb\"},\"inLanguage\":\"fr-FR\",\"potentialAction\":[{\"@type\":\"ReadAction\",\"target\":[\"https:\/\/www.ladiagonale.net\/index.php\/2022\/09\/22\/la-france-u19-se-loupe-contre-le-portugal\/\"]}]},{\"@type\":\"BreadcrumbList\",\"@id\":\"https:\/\/www.ladiagonale.net\/index.php\/2022\/09\/22\/la-france-u19-se-loupe-contre-le-portugal\/#breadcrumb\",\"itemListElement\":[{\"@type\":\"ListItem\",\"position\":1,\"name\":\"Accueil\",\"item\":\"https:\/\/www.ladiagonale.net\/\"},{\"@type\":\"ListItem\",\"position\":2,\"name\":\"La France U19 se loupe contre le Portugal\"}]},{\"@type\":\"WebSite\",\"@id\":\"https:\/\/www.ladiagonale.net\/#website\",\"url\":\"https:\/\/www.ladiagonale.net\/\",\"name\":\"La Diagonale\",\"description\":\"Le site des supporters de l&#039;AS Monaco FC\",\"potentialAction\":[{\"@type\":\"SearchAction\",\"target\":{\"@type\":\"EntryPoint\",\"urlTemplate\":\"https:\/\/www.ladiagonale.net\/?s={search_term_string}\"},\"query-input\":\"required name=search_term_string\"}],\"inLanguage\":\"fr-FR\"},{\"@type\":\"Person\",\"@id\":\"https:\/\/www.ladiagonale.net\/#\/schema\/person\/79ff1e7b0853ed01b2aa26e64ad300bf\",\"name\":\"Damien Dellerba\",\"image\":{\"@type\":\"ImageObject\",\"inLanguage\":\"fr-FR\",\"@id\":\"https:\/\/www.ladiagonale.net\/#\/schema\/person\/image\/\",\"url\":\"https:\/\/secure.gravatar.com\/avatar\/c7850e06d3ff63cdbaee88b7fc16e2f0?s=96&d=mm&r=g\",\"contentUrl\":\"https:\/\/secure.gravatar.com\/avatar\/c7850e06d3ff63cdbaee88b7fc16e2f0?s=96&d=mm&r=g\",\"caption\":\"Damien Dellerba\"},\"url\":\"https:\/\/www.ladiagonale.net\/index.php\/author\/damien\/\"}]}<\/script>\n<!-- \/ Yoast SEO plugin. -->","yoast_head_json":{"title":"La France U19 se loupe contre le Portugal - La Diagonale","robots":{"index":"index","follow":"follow","max-snippet":"max-snippet:-1","max-image-preview":"max-image-preview:large","max-video-preview":"max-video-preview:-1"},"canonical":"https:\/\/www.ladiagonale.net\/index.php\/2022\/09\/22\/la-france-u19-se-loupe-contre-le-portugal\/","og_locale":"fr_FR","og_type":"article","og_title":"La France U19 se loupe contre le Portugal - La Diagonale","og_description":"L&rsquo;\u00c9quipe de France U19 d\u00e9butait ce jeudi un tournoi international en Serbie. Les Bleuets affrontaient le Portugal et se sont inclin\u00e9s (2-0). Edan Diop est entr\u00e9 en jeu \u00e0 la 82e minute. Les hommes de Lionel Rouxel doivent d\u00e9sormais pr\u00e9parer leur prochain match face \u00e0 la Finlande, ce samedi 24 septembre (16h). Les U18, en [...]","og_url":"https:\/\/www.ladiagonale.net\/index.php\/2022\/09\/22\/la-france-u19-se-loupe-contre-le-portugal\/","og_site_name":"La Diagonale","article_published_time":"2022-09-22T16:57:06+00:00","article_modified_time":"2022-09-22T16:57:07+00:00","author":"Damien Dellerba","twitter_card":"summary_large_image","twitter_misc":{"\u00c9crit par":"Damien Dellerba","Dur\u00e9e de lecture estim\u00e9e":"1 minute"},"schema":{"@context":"https:\/\/schema.org","@graph":[{"@type":"WebPage","@id":"https:\/\/www.ladiagonale.net\/index.php\/2022\/09\/22\/la-france-u19-se-loupe-contre-le-portugal\/","url":"https:\/\/www.ladiagonale.net\/index.php\/2022\/09\/22\/la-france-u19-se-loupe-contre-le-portugal\/","name":"La France U19 se loupe contre le Portugal - La Diagonale","isPartOf":{"@id":"https:\/\/www.ladiagonale.net\/#website"},"datePublished":"2022-09-22T16:57:06+00:00","dateModified":"2022-09-22T16:57:07+00:00","author":{"@id":"https:\/\/www.ladiagonale.net\/#\/schema\/person\/79ff1e7b0853ed01b2aa26e64ad300bf"},"breadcrumb":{"@id":"https:\/\/www.ladiagonale.net\/index.php\/2022\/09\/22\/la-france-u19-se-loupe-contre-le-portugal\/#breadcrumb"},"inLanguage":"fr-FR","potentialAction":[{"@type":"ReadAction","target":["https:\/\/www.ladiagonale.net\/index.php\/2022\/09\/22\/la-france-u19-se-loupe-contre-le-portugal\/"]}]},{"@type":"BreadcrumbList","@id":"https:\/\/www.ladiagonale.net\/index.php\/2022\/09\/22\/la-france-u19-se-loupe-contre-le-portugal\/#breadcrumb","itemListElement":[{"@type":"ListItem","position":1,"name":"Accueil","item":"https:\/\/www.ladiagonale.net\/"},{"@type":"ListItem","position":2,"name":"La France U19 se loupe contre le Portugal"}]},{"@type":"WebSite","@id":"https:\/\/www.ladiagonale.net\/#website","url":"https:\/\/www.ladiagonale.net\/","name":"La Diagonale","description":"Le site des supporters de l&#039;AS Monaco FC","potentialAction":[{"@type":"SearchAction","target":{"@type":"EntryPoint","urlTemplate":"https:\/\/www.ladiagonale.net\/?s={search_term_string}"},"query-input":"required name=search_term_string"}],"inLanguage":"fr-FR"},{"@type":"Person","@id":"https:\/\/www.ladiagonale.net\/#\/schema\/person\/79ff1e7b0853ed01b2aa26e64ad300bf","name":"Damien Dellerba","image":{"@type":"ImageObject","inLanguage":"fr-FR","@id":"https:\/\/www.ladiagonale.net\/#\/schema\/person\/image\/","url":"https:\/\/secure.gravatar.com\/avatar\/c7850e06d3ff63cdbaee88b7fc16e2f0?s=96&d=mm&r=g","contentUrl":"https:\/\/secure.gravatar.com\/avatar\/c7850e06d3ff63cdbaee88b7fc16e2f0?s=96&d=mm&r=g","caption":"Damien Dellerba"},"url":"https:\/\/www.ladiagonale.net\/index.php\/author\/damien\/"}]}},"_links":{"self":[{"href":"https:\/\/www.ladiagonale.net\/index.php\/wp-json\/wp\/v2\/posts\/3963"}],"collection":[{"href":"https:\/\/www.ladiagonale.net\/index.php\/wp-json\/wp\/v2\/posts"}],"about":[{"href":"https:\/\/www.ladiagonale.net\/index.php\/wp-json\/wp\/v2\/types\/post"}],"author":[{"embeddable":true,"href":"https:\/\/www.ladiagonale.net\/index.php\/wp-json\/wp\/v2\/users\/2"}],"replies":[{"embeddable":true,"href":"https:\/\/www.ladiagonale.net\/index.php\/wp-json\/wp\/v2\/comments?post=3963"}],"version-history":[{"count":1,"href":"https:\/\/www.ladiagonale.net\/index.php\/wp-json\/wp\/v2\/posts\/3963\/revisions"}],"predecessor-version":[{"id":3964,"href":"https:\/\/www.ladiagonale.net\/index.php\/wp-json\/wp\/v2\/posts\/3963\/revisions\/3964"}],"wp:attachment":[{"href":"https:\/\/www.ladiagonale.net\/index.php\/wp-json\/wp\/v2\/media?parent=3963"}],"wp:term":[{"taxonomy":"category","embeddable":true,"href":"https:\/\/www.ladiagonale.net\/index.php\/wp-json\/wp\/v2\/categories?post=3963"},{"taxonomy":"post_tag","embeddable":true,"href":"https:\/\/www.ladiagonale.net\/index.php\/wp-json\/wp\/v2\/tags?post=3963"}],"curies":[{"name":"wp","href":"https:\/\/api.w.org\/{rel}","templated":true}]}}