{"id":3972,"date":"2022-09-23T01:51:36","date_gmt":"2022-09-22T23:51:36","guid":{"rendered":"https:\/\/www.ladiagonale.net\/?p=3972"},"modified":"2022-09-23T02:22:03","modified_gmt":"2022-09-23T00:22:03","slug":"monaco-sincline-face-au-genoa","status":"publish","type":"post","link":"https:\/\/www.ladiagonale.net\/index.php\/2022\/09\/23\/monaco-sincline-face-au-genoa\/","title":{"rendered":"Monaco s&rsquo;incline face au Genoa"},"content":{"rendered":"\n\n\n<p>Ce jeudi, l\u2019AS Monaco disputait une rencontre amicale face au Genoa au Centre de performance de La Turbie et les joueurs de Philippe Clement se sont inclin\u00e9s (2-3). Le Genoa a r\u00e9v\u00e9l\u00e9 le nom de ses buteurs \u00e0 savoir Ilsanker, Yalcin et Vogliacco. L\u2019ASM n\u2019a pas communiqu\u00e9 sur la rencontre mais selon <em>Monaco Informativo<\/em>, Ben Yedder et Boadu seraient les deux buteurs c\u00f4t\u00e9 mon\u00e9gasque.<\/p>\n\n\n\n<p>Avec les nombreux internationaux sur le pont, le onze de d\u00e9part \u00e9tait logiquement tr\u00e8s remani\u00e9, selon les informations de <em>Monaco Informativo<\/em>.<\/p>\n\n\n\n<figure class=\"wp-block-embed is-type-rich is-provider-twitter wp-block-embed-twitter\"><div class=\"wp-block-embed__wrapper\">\n<blockquote class=\"twitter-tweet\" data-width=\"550\" data-dnt=\"true\"><p lang=\"und\" dir=\"ltr\">\u26bd Amistoso<br>M\u00f3naco (2-3) Genoa<br>\ud83d\udcccLa Turbie<br><br>XI titular monegasco: Didillon, Okou, Sarr, Valme, E.Couto, Akliouche, G.Martins, Jean Lucas, Lemar\u00e9chal, Ben Yedder (C), Volland<br><br>Banquillo: Boadu, Zadi, Efekele, Platret, M.Coulibaly, Cartiller, Baglieri <a href=\"https:\/\/t.co\/aT9BBJTPE5\">pic.twitter.com\/aT9BBJTPE5<\/a><\/p>&mdash; M\u00f3naco Informativo (@Monaco_Info_) <a href=\"https:\/\/twitter.com\/Monaco_Info_\/status\/1572919363589619716?ref_src=twsrc%5Etfw\">September 22, 2022<\/a><\/blockquote><script async src=\"https:\/\/platform.twitter.com\/widgets.js\" charset=\"utf-8\"><\/script>\n<\/div><\/figure>\n\n\n\n<p><strong>Le onze de d\u00e9part (sous r\u00e9serve de confirmation) :<\/strong> Didillon, Okou, Sarr, Valm\u00e9, Couto &#8211; Akliouche, J. Lucas, Lemar\u00e9chal, G. Martins &#8211; Volland, Ben Yedder.<\/p>\n\n\n\n<p>Rempla\u00e7ants : Zadi, Platret, Cartillier, Coulibaly, Efekele, Boadu, Baglieri.<\/p>\n","protected":false},"excerpt":{"rendered":"<p>Ce jeudi, l\u2019AS Monaco disputait une rencontre amicale face au Genoa au Centre de performance de La Turbie et les joueurs de Philippe Clement se sont inclin\u00e9s (2-3). Le Genoa a r\u00e9v\u00e9l\u00e9 le nom de ses buteurs \u00e0 savoir Ilsanker, Yalcin et Vogliacco. L\u2019ASM n\u2019a pas communiqu\u00e9 sur la rencontre mais selon Monaco Informativo, Ben [&#8230;]\n","protected":false},"author":2,"featured_media":0,"comment_status":"open","ping_status":"open","sticky":false,"template":"","format":"standard","meta":[],"categories":[4,6],"tags":[87,86,89,90,88],"yoast_head":"<!-- This site is optimized with the Yoast SEO plugin v19.8 - https:\/\/yoast.com\/wordpress\/plugins\/seo\/ -->\n<title>Monaco s&#039;incline face au Genoa - La Diagonale<\/title>\n<meta name=\"robots\" content=\"index, follow, max-snippet:-1, max-image-preview:large, max-video-preview:-1\" \/>\n<link rel=\"canonical\" href=\"https:\/\/www.ladiagonale.net\/index.php\/2022\/09\/23\/monaco-sincline-face-au-genoa\/\" \/>\n<meta property=\"og:locale\" content=\"fr_FR\" \/>\n<meta property=\"og:type\" content=\"article\" \/>\n<meta property=\"og:title\" content=\"Monaco s&#039;incline face au Genoa - La Diagonale\" \/>\n<meta property=\"og:description\" content=\"Ce jeudi, l\u2019AS Monaco disputait une rencontre amicale face au Genoa au Centre de performance de La Turbie et les joueurs de Philippe Clement se sont inclin\u00e9s (2-3). Le Genoa a r\u00e9v\u00e9l\u00e9 le nom de ses buteurs \u00e0 savoir Ilsanker, Yalcin et Vogliacco. L\u2019ASM n\u2019a pas communiqu\u00e9 sur la rencontre mais selon Monaco Informativo, Ben [...]\" \/>\n<meta property=\"og:url\" content=\"https:\/\/www.ladiagonale.net\/index.php\/2022\/09\/23\/monaco-sincline-face-au-genoa\/\" \/>\n<meta property=\"og:site_name\" content=\"La Diagonale\" \/>\n<meta property=\"article:published_time\" content=\"2022-09-22T23:51:36+00:00\" \/>\n<meta property=\"article:modified_time\" content=\"2022-09-23T00:22:03+00:00\" \/>\n<meta name=\"author\" content=\"Damien Dellerba\" \/>\n<meta name=\"twitter:card\" content=\"summary_large_image\" \/>\n<meta name=\"twitter:label1\" content=\"\u00c9crit par\" \/>\n\t<meta name=\"twitter:data1\" content=\"Damien Dellerba\" \/>\n\t<meta name=\"twitter:label2\" content=\"Dur\u00e9e de lecture estim\u00e9e\" \/>\n\t<meta name=\"twitter:data2\" content=\"1 minute\" \/>\n<script type=\"application\/ld+json\" class=\"yoast-schema-graph\">{\"@context\":\"https:\/\/schema.org\",\"@graph\":[{\"@type\":\"WebPage\",\"@id\":\"https:\/\/www.ladiagonale.net\/index.php\/2022\/09\/23\/monaco-sincline-face-au-genoa\/\",\"url\":\"https:\/\/www.ladiagonale.net\/index.php\/2022\/09\/23\/monaco-sincline-face-au-genoa\/\",\"name\":\"Monaco s'incline face au Genoa - La Diagonale\",\"isPartOf\":{\"@id\":\"https:\/\/www.ladiagonale.net\/#website\"},\"datePublished\":\"2022-09-22T23:51:36+00:00\",\"dateModified\":\"2022-09-23T00:22:03+00:00\",\"author\":{\"@id\":\"https:\/\/www.ladiagonale.net\/#\/schema\/person\/79ff1e7b0853ed01b2aa26e64ad300bf\"},\"breadcrumb\":{\"@id\":\"https:\/\/www.ladiagonale.net\/index.php\/2022\/09\/23\/monaco-sincline-face-au-genoa\/#breadcrumb\"},\"inLanguage\":\"fr-FR\",\"potentialAction\":[{\"@type\":\"ReadAction\",\"target\":[\"https:\/\/www.ladiagonale.net\/index.php\/2022\/09\/23\/monaco-sincline-face-au-genoa\/\"]}]},{\"@type\":\"BreadcrumbList\",\"@id\":\"https:\/\/www.ladiagonale.net\/index.php\/2022\/09\/23\/monaco-sincline-face-au-genoa\/#breadcrumb\",\"itemListElement\":[{\"@type\":\"ListItem\",\"position\":1,\"name\":\"Accueil\",\"item\":\"https:\/\/www.ladiagonale.net\/\"},{\"@type\":\"ListItem\",\"position\":2,\"name\":\"Monaco s&rsquo;incline face au Genoa\"}]},{\"@type\":\"WebSite\",\"@id\":\"https:\/\/www.ladiagonale.net\/#website\",\"url\":\"https:\/\/www.ladiagonale.net\/\",\"name\":\"La Diagonale\",\"description\":\"Le site des supporters de l&#039;AS Monaco FC\",\"potentialAction\":[{\"@type\":\"SearchAction\",\"target\":{\"@type\":\"EntryPoint\",\"urlTemplate\":\"https:\/\/www.ladiagonale.net\/?s={search_term_string}\"},\"query-input\":\"required name=search_term_string\"}],\"inLanguage\":\"fr-FR\"},{\"@type\":\"Person\",\"@id\":\"https:\/\/www.ladiagonale.net\/#\/schema\/person\/79ff1e7b0853ed01b2aa26e64ad300bf\",\"name\":\"Damien Dellerba\",\"image\":{\"@type\":\"ImageObject\",\"inLanguage\":\"fr-FR\",\"@id\":\"https:\/\/www.ladiagonale.net\/#\/schema\/person\/image\/\",\"url\":\"https:\/\/secure.gravatar.com\/avatar\/c7850e06d3ff63cdbaee88b7fc16e2f0?s=96&d=mm&r=g\",\"contentUrl\":\"https:\/\/secure.gravatar.com\/avatar\/c7850e06d3ff63cdbaee88b7fc16e2f0?s=96&d=mm&r=g\",\"caption\":\"Damien Dellerba\"},\"url\":\"https:\/\/www.ladiagonale.net\/index.php\/author\/damien\/\"}]}<\/script>\n<!-- \/ Yoast SEO plugin. -->","yoast_head_json":{"title":"Monaco s'incline face au Genoa - La Diagonale","robots":{"index":"index","follow":"follow","max-snippet":"max-snippet:-1","max-image-preview":"max-image-preview:large","max-video-preview":"max-video-preview:-1"},"canonical":"https:\/\/www.ladiagonale.net\/index.php\/2022\/09\/23\/monaco-sincline-face-au-genoa\/","og_locale":"fr_FR","og_type":"article","og_title":"Monaco s'incline face au Genoa - La Diagonale","og_description":"Ce jeudi, l\u2019AS Monaco disputait une rencontre amicale face au Genoa au Centre de performance de La Turbie et les joueurs de Philippe Clement se sont inclin\u00e9s (2-3). Le Genoa a r\u00e9v\u00e9l\u00e9 le nom de ses buteurs \u00e0 savoir Ilsanker, Yalcin et Vogliacco. L\u2019ASM n\u2019a pas communiqu\u00e9 sur la rencontre mais selon Monaco Informativo, Ben [...]","og_url":"https:\/\/www.ladiagonale.net\/index.php\/2022\/09\/23\/monaco-sincline-face-au-genoa\/","og_site_name":"La Diagonale","article_published_time":"2022-09-22T23:51:36+00:00","article_modified_time":"2022-09-23T00:22:03+00:00","author":"Damien Dellerba","twitter_card":"summary_large_image","twitter_misc":{"\u00c9crit par":"Damien Dellerba","Dur\u00e9e de lecture estim\u00e9e":"1 minute"},"schema":{"@context":"https:\/\/schema.org","@graph":[{"@type":"WebPage","@id":"https:\/\/www.ladiagonale.net\/index.php\/2022\/09\/23\/monaco-sincline-face-au-genoa\/","url":"https:\/\/www.ladiagonale.net\/index.php\/2022\/09\/23\/monaco-sincline-face-au-genoa\/","name":"Monaco s'incline face au Genoa - La Diagonale","isPartOf":{"@id":"https:\/\/www.ladiagonale.net\/#website"},"datePublished":"2022-09-22T23:51:36+00:00","dateModified":"2022-09-23T00:22:03+00:00","author":{"@id":"https:\/\/www.ladiagonale.net\/#\/schema\/person\/79ff1e7b0853ed01b2aa26e64ad300bf"},"breadcrumb":{"@id":"https:\/\/www.ladiagonale.net\/index.php\/2022\/09\/23\/monaco-sincline-face-au-genoa\/#breadcrumb"},"inLanguage":"fr-FR","potentialAction":[{"@type":"ReadAction","target":["https:\/\/www.ladiagonale.net\/index.php\/2022\/09\/23\/monaco-sincline-face-au-genoa\/"]}]},{"@type":"BreadcrumbList","@id":"https:\/\/www.ladiagonale.net\/index.php\/2022\/09\/23\/monaco-sincline-face-au-genoa\/#breadcrumb","itemListElement":[{"@type":"ListItem","position":1,"name":"Accueil","item":"https:\/\/www.ladiagonale.net\/"},{"@type":"ListItem","position":2,"name":"Monaco s&rsquo;incline face au Genoa"}]},{"@type":"WebSite","@id":"https:\/\/www.ladiagonale.net\/#website","url":"https:\/\/www.ladiagonale.net\/","name":"La Diagonale","description":"Le site des supporters de l&#039;AS Monaco FC","potentialAction":[{"@type":"SearchAction","target":{"@type":"EntryPoint","urlTemplate":"https:\/\/www.ladiagonale.net\/?s={search_term_string}"},"query-input":"required name=search_term_string"}],"inLanguage":"fr-FR"},{"@type":"Person","@id":"https:\/\/www.ladiagonale.net\/#\/schema\/person\/79ff1e7b0853ed01b2aa26e64ad300bf","name":"Damien Dellerba","image":{"@type":"ImageObject","inLanguage":"fr-FR","@id":"https:\/\/www.ladiagonale.net\/#\/schema\/person\/image\/","url":"https:\/\/secure.gravatar.com\/avatar\/c7850e06d3ff63cdbaee88b7fc16e2f0?s=96&d=mm&r=g","contentUrl":"https:\/\/secure.gravatar.com\/avatar\/c7850e06d3ff63cdbaee88b7fc16e2f0?s=96&d=mm&r=g","caption":"Damien Dellerba"},"url":"https:\/\/www.ladiagonale.net\/index.php\/author\/damien\/"}]}},"_links":{"self":[{"href":"https:\/\/www.ladiagonale.net\/index.php\/wp-json\/wp\/v2\/posts\/3972"}],"collection":[{"href":"https:\/\/www.ladiagonale.net\/index.php\/wp-json\/wp\/v2\/posts"}],"about":[{"href":"https:\/\/www.ladiagonale.net\/index.php\/wp-json\/wp\/v2\/types\/post"}],"author":[{"embeddable":true,"href":"https:\/\/www.ladiagonale.net\/index.php\/wp-json\/wp\/v2\/users\/2"}],"replies":[{"embeddable":true,"href":"https:\/\/www.ladiagonale.net\/index.php\/wp-json\/wp\/v2\/comments?post=3972"}],"version-history":[{"count":2,"href":"https:\/\/www.ladiagonale.net\/index.php\/wp-json\/wp\/v2\/posts\/3972\/revisions"}],"predecessor-version":[{"id":3974,"href":"https:\/\/www.ladiagonale.net\/index.php\/wp-json\/wp\/v2\/posts\/3972\/revisions\/3974"}],"wp:attachment":[{"href":"https:\/\/www.ladiagonale.net\/index.php\/wp-json\/wp\/v2\/media?parent=3972"}],"wp:term":[{"taxonomy":"category","embeddable":true,"href":"https:\/\/www.ladiagonale.net\/index.php\/wp-json\/wp\/v2\/categories?post=3972"},{"taxonomy":"post_tag","embeddable":true,"href":"https:\/\/www.ladiagonale.net\/index.php\/wp-json\/wp\/v2\/tags?post=3972"}],"curies":[{"name":"wp","href":"https:\/\/api.w.org\/{rel}","templated":true}]}}