{"id":3975,"date":"2022-09-23T02:22:36","date_gmt":"2022-09-23T00:22:36","guid":{"rendered":"https:\/\/www.ladiagonale.net\/?p=3975"},"modified":"2022-09-23T02:22:37","modified_gmt":"2022-09-23T00:22:37","slug":"clement-satisfait-apres-la-reunion-avec-la-dta","status":"publish","type":"post","link":"https:\/\/www.ladiagonale.net\/index.php\/2022\/09\/23\/clement-satisfait-apres-la-reunion-avec-la-dta\/","title":{"rendered":"Clement satisfait apr\u00e8s la r\u00e9union avec la DTA"},"content":{"rendered":"\n\n\n<p>Mardi, Philippe Clement \u00e9tait convi\u00e9 avec ses homologues de Ligue 1, au \u00ab&nbsp;Replay Center&nbsp;\u00bb de la Direction technique de l\u2019arbitrage (DTA), le lieu o\u00f9 s&rsquo;exerce l&rsquo;assistance vid\u00e9o de l&rsquo;arbitrage fran\u00e7ais, afin d\u2019\u00e9changer sur la complexit\u00e9 de la VAR et de la prise de d\u00e9cision. Selon <em>Nice-Matin<\/em>, les \u00e9changes entre les arbitres pr\u00e9sents et les entra\u00eeneurs de L1 ont dur\u00e9 environ trois heures.<\/p>\n\n\n\n<p>Le coach de l\u2019AS Monaco s\u2019est montr\u00e9 positif apr\u00e8s cette r\u00e9union : \u00ab&nbsp;<em>Participer \u00e9tait une question de respect. On travaille tous pour une m\u00eame industrie, le football. C\u2019est important d\u2019avoir du dialogue, que chacun puisse donner son point de vue. Quand on se conna\u00eet, que les choses sont plus claires, il y a moins de probl\u00e8mes.<\/em>&nbsp;\u00bb M\u00eame si Clement n\u2019en r\u00e9v\u00e9lera pas davantage : \u00ab&nbsp;<em>Quand la parole est aussi ouverte, c\u2019est important que certaines choses restent entre nous.<\/em>&nbsp;\u00bb<\/p>\n\n\n\n<p>Le football fran\u00e7ais est secou\u00e9 par les pol\u00e9miques arbitrales depuis le d\u00e9but de saison mais le coach belge a bon espoir de voir des d\u00e9cisions plus coh\u00e9rentes et surtout moins intransigeantes : \u00ab&nbsp;<em>Ils nous ont expliqu\u00e9 que c\u2019\u00e9tait par soucis de prot\u00e9ger les joueurs mais tout le monde a reconnu que les d\u00e9cisions n\u2019\u00e9taient pas assez \u00e9quilibr\u00e9es. En tant qu\u2019entra\u00eeneur, on veut bien s\u00fbr \u00e9viter les blessures mais chaque contact ne peut pas \u00eatre synonyme de carton rouge.<\/em>&nbsp;\u00bb<\/p>\n\n\n\n<p>Celui du R\u00e9mois Bradley Locko, expuls\u00e9 dimanche dernier contre l&rsquo;ASM, a d\u2019ailleurs \u00e9t\u00e9 retir\u00e9 par commission de discipline de la LFP de ce mercredi. Gageons qu&rsquo;il s&rsquo;agisse d&rsquo;un pas dans la bonne direction.<\/p>\n","protected":false},"excerpt":{"rendered":"<p>Mardi, Philippe Clement \u00e9tait convi\u00e9 avec ses homologues de Ligue 1, au \u00ab&nbsp;Replay Center&nbsp;\u00bb de la Direction technique de l\u2019arbitrage (DTA), le lieu o\u00f9 s&rsquo;exerce l&rsquo;assistance vid\u00e9o de l&rsquo;arbitrage fran\u00e7ais, afin d\u2019\u00e9changer sur la complexit\u00e9 de la VAR et de la prise de d\u00e9cision. Selon Nice-Matin, les \u00e9changes entre les arbitres pr\u00e9sents et les entra\u00eeneurs [&#8230;]\n","protected":false},"author":2,"featured_media":0,"comment_status":"open","ping_status":"open","sticky":false,"template":"","format":"standard","meta":[],"categories":[6],"tags":[],"yoast_head":"<!-- This site is optimized with the Yoast SEO plugin v19.8 - https:\/\/yoast.com\/wordpress\/plugins\/seo\/ -->\n<title>Clement satisfait apr\u00e8s la r\u00e9union avec la DTA - La Diagonale<\/title>\n<meta name=\"robots\" content=\"index, follow, max-snippet:-1, max-image-preview:large, max-video-preview:-1\" \/>\n<link rel=\"canonical\" href=\"https:\/\/www.ladiagonale.net\/index.php\/2022\/09\/23\/clement-satisfait-apres-la-reunion-avec-la-dta\/\" \/>\n<meta property=\"og:locale\" content=\"fr_FR\" \/>\n<meta property=\"og:type\" content=\"article\" \/>\n<meta property=\"og:title\" content=\"Clement satisfait apr\u00e8s la r\u00e9union avec la DTA - La Diagonale\" \/>\n<meta property=\"og:description\" content=\"Mardi, Philippe Clement \u00e9tait convi\u00e9 avec ses homologues de Ligue 1, au \u00ab&nbsp;Replay Center&nbsp;\u00bb de la Direction technique de l\u2019arbitrage (DTA), le lieu o\u00f9 s&rsquo;exerce l&rsquo;assistance vid\u00e9o de l&rsquo;arbitrage fran\u00e7ais, afin d\u2019\u00e9changer sur la complexit\u00e9 de la VAR et de la prise de d\u00e9cision. Selon Nice-Matin, les \u00e9changes entre les arbitres pr\u00e9sents et les entra\u00eeneurs [...]\" \/>\n<meta property=\"og:url\" content=\"https:\/\/www.ladiagonale.net\/index.php\/2022\/09\/23\/clement-satisfait-apres-la-reunion-avec-la-dta\/\" \/>\n<meta property=\"og:site_name\" content=\"La Diagonale\" \/>\n<meta property=\"article:published_time\" content=\"2022-09-23T00:22:36+00:00\" \/>\n<meta property=\"article:modified_time\" content=\"2022-09-23T00:22:37+00:00\" \/>\n<meta name=\"author\" content=\"Damien Dellerba\" \/>\n<meta name=\"twitter:card\" content=\"summary_large_image\" \/>\n<meta name=\"twitter:label1\" content=\"\u00c9crit par\" \/>\n\t<meta name=\"twitter:data1\" content=\"Damien Dellerba\" \/>\n\t<meta name=\"twitter:label2\" content=\"Dur\u00e9e de lecture estim\u00e9e\" \/>\n\t<meta name=\"twitter:data2\" content=\"1 minute\" \/>\n<script type=\"application\/ld+json\" class=\"yoast-schema-graph\">{\"@context\":\"https:\/\/schema.org\",\"@graph\":[{\"@type\":\"WebPage\",\"@id\":\"https:\/\/www.ladiagonale.net\/index.php\/2022\/09\/23\/clement-satisfait-apres-la-reunion-avec-la-dta\/\",\"url\":\"https:\/\/www.ladiagonale.net\/index.php\/2022\/09\/23\/clement-satisfait-apres-la-reunion-avec-la-dta\/\",\"name\":\"Clement satisfait apr\u00e8s la r\u00e9union avec la DTA - La Diagonale\",\"isPartOf\":{\"@id\":\"https:\/\/www.ladiagonale.net\/#website\"},\"datePublished\":\"2022-09-23T00:22:36+00:00\",\"dateModified\":\"2022-09-23T00:22:37+00:00\",\"author\":{\"@id\":\"https:\/\/www.ladiagonale.net\/#\/schema\/person\/79ff1e7b0853ed01b2aa26e64ad300bf\"},\"breadcrumb\":{\"@id\":\"https:\/\/www.ladiagonale.net\/index.php\/2022\/09\/23\/clement-satisfait-apres-la-reunion-avec-la-dta\/#breadcrumb\"},\"inLanguage\":\"fr-FR\",\"potentialAction\":[{\"@type\":\"ReadAction\",\"target\":[\"https:\/\/www.ladiagonale.net\/index.php\/2022\/09\/23\/clement-satisfait-apres-la-reunion-avec-la-dta\/\"]}]},{\"@type\":\"BreadcrumbList\",\"@id\":\"https:\/\/www.ladiagonale.net\/index.php\/2022\/09\/23\/clement-satisfait-apres-la-reunion-avec-la-dta\/#breadcrumb\",\"itemListElement\":[{\"@type\":\"ListItem\",\"position\":1,\"name\":\"Accueil\",\"item\":\"https:\/\/www.ladiagonale.net\/\"},{\"@type\":\"ListItem\",\"position\":2,\"name\":\"Clement satisfait apr\u00e8s la r\u00e9union avec la DTA\"}]},{\"@type\":\"WebSite\",\"@id\":\"https:\/\/www.ladiagonale.net\/#website\",\"url\":\"https:\/\/www.ladiagonale.net\/\",\"name\":\"La Diagonale\",\"description\":\"Le site des supporters de l&#039;AS Monaco FC\",\"potentialAction\":[{\"@type\":\"SearchAction\",\"target\":{\"@type\":\"EntryPoint\",\"urlTemplate\":\"https:\/\/www.ladiagonale.net\/?s={search_term_string}\"},\"query-input\":\"required name=search_term_string\"}],\"inLanguage\":\"fr-FR\"},{\"@type\":\"Person\",\"@id\":\"https:\/\/www.ladiagonale.net\/#\/schema\/person\/79ff1e7b0853ed01b2aa26e64ad300bf\",\"name\":\"Damien Dellerba\",\"image\":{\"@type\":\"ImageObject\",\"inLanguage\":\"fr-FR\",\"@id\":\"https:\/\/www.ladiagonale.net\/#\/schema\/person\/image\/\",\"url\":\"https:\/\/secure.gravatar.com\/avatar\/c7850e06d3ff63cdbaee88b7fc16e2f0?s=96&d=mm&r=g\",\"contentUrl\":\"https:\/\/secure.gravatar.com\/avatar\/c7850e06d3ff63cdbaee88b7fc16e2f0?s=96&d=mm&r=g\",\"caption\":\"Damien Dellerba\"},\"url\":\"https:\/\/www.ladiagonale.net\/index.php\/author\/damien\/\"}]}<\/script>\n<!-- \/ Yoast SEO plugin. -->","yoast_head_json":{"title":"Clement satisfait apr\u00e8s la r\u00e9union avec la DTA - La Diagonale","robots":{"index":"index","follow":"follow","max-snippet":"max-snippet:-1","max-image-preview":"max-image-preview:large","max-video-preview":"max-video-preview:-1"},"canonical":"https:\/\/www.ladiagonale.net\/index.php\/2022\/09\/23\/clement-satisfait-apres-la-reunion-avec-la-dta\/","og_locale":"fr_FR","og_type":"article","og_title":"Clement satisfait apr\u00e8s la r\u00e9union avec la DTA - La Diagonale","og_description":"Mardi, Philippe Clement \u00e9tait convi\u00e9 avec ses homologues de Ligue 1, au \u00ab&nbsp;Replay Center&nbsp;\u00bb de la Direction technique de l\u2019arbitrage (DTA), le lieu o\u00f9 s&rsquo;exerce l&rsquo;assistance vid\u00e9o de l&rsquo;arbitrage fran\u00e7ais, afin d\u2019\u00e9changer sur la complexit\u00e9 de la VAR et de la prise de d\u00e9cision. Selon Nice-Matin, les \u00e9changes entre les arbitres pr\u00e9sents et les entra\u00eeneurs [...]","og_url":"https:\/\/www.ladiagonale.net\/index.php\/2022\/09\/23\/clement-satisfait-apres-la-reunion-avec-la-dta\/","og_site_name":"La Diagonale","article_published_time":"2022-09-23T00:22:36+00:00","article_modified_time":"2022-09-23T00:22:37+00:00","author":"Damien Dellerba","twitter_card":"summary_large_image","twitter_misc":{"\u00c9crit par":"Damien Dellerba","Dur\u00e9e de lecture estim\u00e9e":"1 minute"},"schema":{"@context":"https:\/\/schema.org","@graph":[{"@type":"WebPage","@id":"https:\/\/www.ladiagonale.net\/index.php\/2022\/09\/23\/clement-satisfait-apres-la-reunion-avec-la-dta\/","url":"https:\/\/www.ladiagonale.net\/index.php\/2022\/09\/23\/clement-satisfait-apres-la-reunion-avec-la-dta\/","name":"Clement satisfait apr\u00e8s la r\u00e9union avec la DTA - La Diagonale","isPartOf":{"@id":"https:\/\/www.ladiagonale.net\/#website"},"datePublished":"2022-09-23T00:22:36+00:00","dateModified":"2022-09-23T00:22:37+00:00","author":{"@id":"https:\/\/www.ladiagonale.net\/#\/schema\/person\/79ff1e7b0853ed01b2aa26e64ad300bf"},"breadcrumb":{"@id":"https:\/\/www.ladiagonale.net\/index.php\/2022\/09\/23\/clement-satisfait-apres-la-reunion-avec-la-dta\/#breadcrumb"},"inLanguage":"fr-FR","potentialAction":[{"@type":"ReadAction","target":["https:\/\/www.ladiagonale.net\/index.php\/2022\/09\/23\/clement-satisfait-apres-la-reunion-avec-la-dta\/"]}]},{"@type":"BreadcrumbList","@id":"https:\/\/www.ladiagonale.net\/index.php\/2022\/09\/23\/clement-satisfait-apres-la-reunion-avec-la-dta\/#breadcrumb","itemListElement":[{"@type":"ListItem","position":1,"name":"Accueil","item":"https:\/\/www.ladiagonale.net\/"},{"@type":"ListItem","position":2,"name":"Clement satisfait apr\u00e8s la r\u00e9union avec la DTA"}]},{"@type":"WebSite","@id":"https:\/\/www.ladiagonale.net\/#website","url":"https:\/\/www.ladiagonale.net\/","name":"La Diagonale","description":"Le site des supporters de l&#039;AS Monaco FC","potentialAction":[{"@type":"SearchAction","target":{"@type":"EntryPoint","urlTemplate":"https:\/\/www.ladiagonale.net\/?s={search_term_string}"},"query-input":"required name=search_term_string"}],"inLanguage":"fr-FR"},{"@type":"Person","@id":"https:\/\/www.ladiagonale.net\/#\/schema\/person\/79ff1e7b0853ed01b2aa26e64ad300bf","name":"Damien Dellerba","image":{"@type":"ImageObject","inLanguage":"fr-FR","@id":"https:\/\/www.ladiagonale.net\/#\/schema\/person\/image\/","url":"https:\/\/secure.gravatar.com\/avatar\/c7850e06d3ff63cdbaee88b7fc16e2f0?s=96&d=mm&r=g","contentUrl":"https:\/\/secure.gravatar.com\/avatar\/c7850e06d3ff63cdbaee88b7fc16e2f0?s=96&d=mm&r=g","caption":"Damien Dellerba"},"url":"https:\/\/www.ladiagonale.net\/index.php\/author\/damien\/"}]}},"_links":{"self":[{"href":"https:\/\/www.ladiagonale.net\/index.php\/wp-json\/wp\/v2\/posts\/3975"}],"collection":[{"href":"https:\/\/www.ladiagonale.net\/index.php\/wp-json\/wp\/v2\/posts"}],"about":[{"href":"https:\/\/www.ladiagonale.net\/index.php\/wp-json\/wp\/v2\/types\/post"}],"author":[{"embeddable":true,"href":"https:\/\/www.ladiagonale.net\/index.php\/wp-json\/wp\/v2\/users\/2"}],"replies":[{"embeddable":true,"href":"https:\/\/www.ladiagonale.net\/index.php\/wp-json\/wp\/v2\/comments?post=3975"}],"version-history":[{"count":1,"href":"https:\/\/www.ladiagonale.net\/index.php\/wp-json\/wp\/v2\/posts\/3975\/revisions"}],"predecessor-version":[{"id":3976,"href":"https:\/\/www.ladiagonale.net\/index.php\/wp-json\/wp\/v2\/posts\/3975\/revisions\/3976"}],"wp:attachment":[{"href":"https:\/\/www.ladiagonale.net\/index.php\/wp-json\/wp\/v2\/media?parent=3975"}],"wp:term":[{"taxonomy":"category","embeddable":true,"href":"https:\/\/www.ladiagonale.net\/index.php\/wp-json\/wp\/v2\/categories?post=3975"},{"taxonomy":"post_tag","embeddable":true,"href":"https:\/\/www.ladiagonale.net\/index.php\/wp-json\/wp\/v2\/tags?post=3975"}],"curies":[{"name":"wp","href":"https:\/\/api.w.org\/{rel}","templated":true}]}}