{"id":3979,"date":"2022-07-27T00:00:00","date_gmt":"2022-07-26T22:00:00","guid":{"rendered":"https:\/\/www.ladiagonale.net\/index.php\/2022\/07\/27\/paris-monaco-en-affiche-du-dimanche-soir\/"},"modified":"2022-07-27T00:00:00","modified_gmt":"2022-07-26T22:00:00","slug":"paris-monaco-en-affiche-du-dimanche-soir","status":"publish","type":"post","link":"https:\/\/www.ladiagonale.net\/index.php\/2022\/07\/27\/paris-monaco-en-affiche-du-dimanche-soir\/","title":{"rendered":"Paris-Monaco en affiche du dimanche soir"},"content":{"rendered":"<p>La Ligue de Football Professionnel a d\u00e9voil\u00e9 la programmation de la quatri\u00e8me journ\u00e9e de Ligue 1. Une journ\u00e9e qui proposera un choc face au Paris Saint-Germain pour l&rsquo;AS Monaco, au Parc des Princes. Alors que l&rsquo;ASM jouera trois samedis de suite \u00e0 17 heures, elle conna\u00eetra enfin une diffusion le dimanche soir, \u00e0 20h45. C&rsquo;est la plateformePrime Videoqui retransmettra la rencontre.<\/p>\n<p> La programmation compl\u00e8te<\/p>\n<p>Vendredi 26 ao\u00fbt (21h00 -Prime Video*)<br \/>\nAC Ajaccio \u2013 LOSC<\/p>\n<p>Samedi 27 ao\u00fbt (17h00 -Prime Video*)<br \/>\nAJ Auxerre \u2013 RC Strasbourg Alsace<\/p>\n<p>Samedi 27 ao\u00fbt (21h00 -Canal+ D\u00e9cal\u00e9*)<br \/>\nRC Lens \u2013 Stade Rennais F.C.<\/p>\n<p>Dimanche 28 ao\u00fbt (13h00 -Prime Video*)<br \/>\nFC Nantes \u2013 Toulouse FC<\/p>\n<p>Dimanche 28 ao\u00fbt (15h00 -Prime Video*)<br \/>\nOGC Nice \u2013 Olympique de Marseille<br \/>\nStade Brestois 29 \u2013 Montpellier H\u00e9rault SC<br \/>\nFC Lorient \u2013 Clermont Foot 63<br \/>\nESTAC Troyes \u2013 Angers SCO<\/p>\n<p>Dimanche 28 ao\u00fbt (17h05 -Canal+ Sport*\/*Prime Video*)<br \/>\nStade de Reims \u2013 Olympique Lyonnais<\/p>\n<p>Dimanche 28 ao\u00fbt (20h45 -Prime Video*)<br \/>\nParis Saint-Germain \u2013 AS Monaco<\/p>\n<p> Les autres journ\u00e9es<\/p>\n[Premi\u00e8re journ\u00e9e](https:\/\/www.ladiagonale.net\/news-1569-strasbourg-monaco-programme-le-6-aout)<br \/>\n[Deuxi\u00e8me journ\u00e9e](https:\/\/www.ladiagonale.net\/news-1586-la-programmation-du-choc-contre-rennes-est-connue)<br \/>\n[Troisi\u00e8me journ\u00e9e](https:\/\/www.ladiagonale.net\/news-1618-monaco-garde-le-meme-creneau-pour-la-reception-de-lens)<\/p>\n","protected":false},"excerpt":{"rendered":"<p>La Ligue de Football Professionnel a d\u00e9voil\u00e9 la programmation de la quatri\u00e8me journ\u00e9e de Ligue 1. Une journ\u00e9e qui proposera un choc face au Paris Saint-Germain pour l&rsquo;AS Monaco, au Parc des Princes. Alors que l&rsquo;ASM jouera trois samedis de suite \u00e0 17 heures, elle conna\u00eetra enfin une diffusion le dimanche soir, \u00e0 20h45. C&rsquo;est [&#8230;]\n","protected":false},"author":1,"featured_media":0,"comment_status":"open","ping_status":"open","sticky":false,"template":"","format":"standard","meta":[],"categories":[6],"tags":[],"yoast_head":"<!-- This site is optimized with the Yoast SEO plugin v19.8 - https:\/\/yoast.com\/wordpress\/plugins\/seo\/ -->\n<title>Paris-Monaco en affiche du dimanche soir - La Diagonale<\/title>\n<meta name=\"robots\" content=\"index, follow, max-snippet:-1, max-image-preview:large, max-video-preview:-1\" \/>\n<link rel=\"canonical\" href=\"https:\/\/www.ladiagonale.net\/index.php\/2022\/07\/27\/paris-monaco-en-affiche-du-dimanche-soir\/\" \/>\n<meta property=\"og:locale\" content=\"fr_FR\" \/>\n<meta property=\"og:type\" content=\"article\" \/>\n<meta property=\"og:title\" content=\"Paris-Monaco en affiche du dimanche soir - La Diagonale\" \/>\n<meta property=\"og:description\" content=\"La Ligue de Football Professionnel a d\u00e9voil\u00e9 la programmation de la quatri\u00e8me journ\u00e9e de Ligue 1. Une journ\u00e9e qui proposera un choc face au Paris Saint-Germain pour l&rsquo;AS Monaco, au Parc des Princes. Alors que l&rsquo;ASM jouera trois samedis de suite \u00e0 17 heures, elle conna\u00eetra enfin une diffusion le dimanche soir, \u00e0 20h45. C&rsquo;est [...]\" \/>\n<meta property=\"og:url\" content=\"https:\/\/www.ladiagonale.net\/index.php\/2022\/07\/27\/paris-monaco-en-affiche-du-dimanche-soir\/\" \/>\n<meta property=\"og:site_name\" content=\"La Diagonale\" \/>\n<meta property=\"article:published_time\" content=\"2022-07-26T22:00:00+00:00\" \/>\n<meta name=\"author\" content=\"admin\" \/>\n<meta name=\"twitter:card\" content=\"summary_large_image\" \/>\n<meta name=\"twitter:label1\" content=\"\u00c9crit par\" \/>\n\t<meta name=\"twitter:data1\" content=\"admin\" \/>\n\t<meta name=\"twitter:label2\" content=\"Dur\u00e9e de lecture estim\u00e9e\" \/>\n\t<meta name=\"twitter:data2\" content=\"1 minute\" \/>\n<script type=\"application\/ld+json\" class=\"yoast-schema-graph\">{\"@context\":\"https:\/\/schema.org\",\"@graph\":[{\"@type\":\"WebPage\",\"@id\":\"https:\/\/www.ladiagonale.net\/index.php\/2022\/07\/27\/paris-monaco-en-affiche-du-dimanche-soir\/\",\"url\":\"https:\/\/www.ladiagonale.net\/index.php\/2022\/07\/27\/paris-monaco-en-affiche-du-dimanche-soir\/\",\"name\":\"Paris-Monaco en affiche du dimanche soir - La Diagonale\",\"isPartOf\":{\"@id\":\"https:\/\/www.ladiagonale.net\/#website\"},\"datePublished\":\"2022-07-26T22:00:00+00:00\",\"dateModified\":\"2022-07-26T22:00:00+00:00\",\"author\":{\"@id\":\"https:\/\/www.ladiagonale.net\/#\/schema\/person\/03fa041acd51875ece8bf97a37252a4d\"},\"breadcrumb\":{\"@id\":\"https:\/\/www.ladiagonale.net\/index.php\/2022\/07\/27\/paris-monaco-en-affiche-du-dimanche-soir\/#breadcrumb\"},\"inLanguage\":\"fr-FR\",\"potentialAction\":[{\"@type\":\"ReadAction\",\"target\":[\"https:\/\/www.ladiagonale.net\/index.php\/2022\/07\/27\/paris-monaco-en-affiche-du-dimanche-soir\/\"]}]},{\"@type\":\"BreadcrumbList\",\"@id\":\"https:\/\/www.ladiagonale.net\/index.php\/2022\/07\/27\/paris-monaco-en-affiche-du-dimanche-soir\/#breadcrumb\",\"itemListElement\":[{\"@type\":\"ListItem\",\"position\":1,\"name\":\"Accueil\",\"item\":\"https:\/\/www.ladiagonale.net\/\"},{\"@type\":\"ListItem\",\"position\":2,\"name\":\"Paris-Monaco en affiche du dimanche soir\"}]},{\"@type\":\"WebSite\",\"@id\":\"https:\/\/www.ladiagonale.net\/#website\",\"url\":\"https:\/\/www.ladiagonale.net\/\",\"name\":\"La Diagonale\",\"description\":\"Le site des supporters de l&#039;AS Monaco FC\",\"potentialAction\":[{\"@type\":\"SearchAction\",\"target\":{\"@type\":\"EntryPoint\",\"urlTemplate\":\"https:\/\/www.ladiagonale.net\/?s={search_term_string}\"},\"query-input\":\"required name=search_term_string\"}],\"inLanguage\":\"fr-FR\"},{\"@type\":\"Person\",\"@id\":\"https:\/\/www.ladiagonale.net\/#\/schema\/person\/03fa041acd51875ece8bf97a37252a4d\",\"name\":\"admin\",\"image\":{\"@type\":\"ImageObject\",\"inLanguage\":\"fr-FR\",\"@id\":\"https:\/\/www.ladiagonale.net\/#\/schema\/person\/image\/\",\"url\":\"https:\/\/secure.gravatar.com\/avatar\/894b9daaf19cc759b072b6bb09cac5f2?s=96&d=mm&r=g\",\"contentUrl\":\"https:\/\/secure.gravatar.com\/avatar\/894b9daaf19cc759b072b6bb09cac5f2?s=96&d=mm&r=g\",\"caption\":\"admin\"},\"sameAs\":[\"https:\/\/v2.ladiagonale.net\"],\"url\":\"https:\/\/www.ladiagonale.net\/index.php\/author\/admin\/\"}]}<\/script>\n<!-- \/ Yoast SEO plugin. -->","yoast_head_json":{"title":"Paris-Monaco en affiche du dimanche soir - La Diagonale","robots":{"index":"index","follow":"follow","max-snippet":"max-snippet:-1","max-image-preview":"max-image-preview:large","max-video-preview":"max-video-preview:-1"},"canonical":"https:\/\/www.ladiagonale.net\/index.php\/2022\/07\/27\/paris-monaco-en-affiche-du-dimanche-soir\/","og_locale":"fr_FR","og_type":"article","og_title":"Paris-Monaco en affiche du dimanche soir - La Diagonale","og_description":"La Ligue de Football Professionnel a d\u00e9voil\u00e9 la programmation de la quatri\u00e8me journ\u00e9e de Ligue 1. Une journ\u00e9e qui proposera un choc face au Paris Saint-Germain pour l&rsquo;AS Monaco, au Parc des Princes. Alors que l&rsquo;ASM jouera trois samedis de suite \u00e0 17 heures, elle conna\u00eetra enfin une diffusion le dimanche soir, \u00e0 20h45. C&rsquo;est [...]","og_url":"https:\/\/www.ladiagonale.net\/index.php\/2022\/07\/27\/paris-monaco-en-affiche-du-dimanche-soir\/","og_site_name":"La Diagonale","article_published_time":"2022-07-26T22:00:00+00:00","author":"admin","twitter_card":"summary_large_image","twitter_misc":{"\u00c9crit par":"admin","Dur\u00e9e de lecture estim\u00e9e":"1 minute"},"schema":{"@context":"https:\/\/schema.org","@graph":[{"@type":"WebPage","@id":"https:\/\/www.ladiagonale.net\/index.php\/2022\/07\/27\/paris-monaco-en-affiche-du-dimanche-soir\/","url":"https:\/\/www.ladiagonale.net\/index.php\/2022\/07\/27\/paris-monaco-en-affiche-du-dimanche-soir\/","name":"Paris-Monaco en affiche du dimanche soir - La Diagonale","isPartOf":{"@id":"https:\/\/www.ladiagonale.net\/#website"},"datePublished":"2022-07-26T22:00:00+00:00","dateModified":"2022-07-26T22:00:00+00:00","author":{"@id":"https:\/\/www.ladiagonale.net\/#\/schema\/person\/03fa041acd51875ece8bf97a37252a4d"},"breadcrumb":{"@id":"https:\/\/www.ladiagonale.net\/index.php\/2022\/07\/27\/paris-monaco-en-affiche-du-dimanche-soir\/#breadcrumb"},"inLanguage":"fr-FR","potentialAction":[{"@type":"ReadAction","target":["https:\/\/www.ladiagonale.net\/index.php\/2022\/07\/27\/paris-monaco-en-affiche-du-dimanche-soir\/"]}]},{"@type":"BreadcrumbList","@id":"https:\/\/www.ladiagonale.net\/index.php\/2022\/07\/27\/paris-monaco-en-affiche-du-dimanche-soir\/#breadcrumb","itemListElement":[{"@type":"ListItem","position":1,"name":"Accueil","item":"https:\/\/www.ladiagonale.net\/"},{"@type":"ListItem","position":2,"name":"Paris-Monaco en affiche du dimanche soir"}]},{"@type":"WebSite","@id":"https:\/\/www.ladiagonale.net\/#website","url":"https:\/\/www.ladiagonale.net\/","name":"La Diagonale","description":"Le site des supporters de l&#039;AS Monaco FC","potentialAction":[{"@type":"SearchAction","target":{"@type":"EntryPoint","urlTemplate":"https:\/\/www.ladiagonale.net\/?s={search_term_string}"},"query-input":"required name=search_term_string"}],"inLanguage":"fr-FR"},{"@type":"Person","@id":"https:\/\/www.ladiagonale.net\/#\/schema\/person\/03fa041acd51875ece8bf97a37252a4d","name":"admin","image":{"@type":"ImageObject","inLanguage":"fr-FR","@id":"https:\/\/www.ladiagonale.net\/#\/schema\/person\/image\/","url":"https:\/\/secure.gravatar.com\/avatar\/894b9daaf19cc759b072b6bb09cac5f2?s=96&d=mm&r=g","contentUrl":"https:\/\/secure.gravatar.com\/avatar\/894b9daaf19cc759b072b6bb09cac5f2?s=96&d=mm&r=g","caption":"admin"},"sameAs":["https:\/\/v2.ladiagonale.net"],"url":"https:\/\/www.ladiagonale.net\/index.php\/author\/admin\/"}]}},"_links":{"self":[{"href":"https:\/\/www.ladiagonale.net\/index.php\/wp-json\/wp\/v2\/posts\/3979"}],"collection":[{"href":"https:\/\/www.ladiagonale.net\/index.php\/wp-json\/wp\/v2\/posts"}],"about":[{"href":"https:\/\/www.ladiagonale.net\/index.php\/wp-json\/wp\/v2\/types\/post"}],"author":[{"embeddable":true,"href":"https:\/\/www.ladiagonale.net\/index.php\/wp-json\/wp\/v2\/users\/1"}],"replies":[{"embeddable":true,"href":"https:\/\/www.ladiagonale.net\/index.php\/wp-json\/wp\/v2\/comments?post=3979"}],"version-history":[{"count":0,"href":"https:\/\/www.ladiagonale.net\/index.php\/wp-json\/wp\/v2\/posts\/3979\/revisions"}],"wp:attachment":[{"href":"https:\/\/www.ladiagonale.net\/index.php\/wp-json\/wp\/v2\/media?parent=3979"}],"wp:term":[{"taxonomy":"category","embeddable":true,"href":"https:\/\/www.ladiagonale.net\/index.php\/wp-json\/wp\/v2\/categories?post=3979"},{"taxonomy":"post_tag","embeddable":true,"href":"https:\/\/www.ladiagonale.net\/index.php\/wp-json\/wp\/v2\/tags?post=3979"}],"curies":[{"name":"wp","href":"https:\/\/api.w.org\/{rel}","templated":true}]}}