{"id":3984,"date":"2022-07-28T00:00:00","date_gmt":"2022-07-27T22:00:00","guid":{"rendered":"https:\/\/www.ladiagonale.net\/index.php\/2022\/07\/28\/la-programmation-de-monaco-troyes-est-connue\/"},"modified":"2022-07-28T00:00:00","modified_gmt":"2022-07-27T22:00:00","slug":"la-programmation-de-monaco-troyes-est-connue","status":"publish","type":"post","link":"https:\/\/www.ladiagonale.net\/index.php\/2022\/07\/28\/la-programmation-de-monaco-troyes-est-connue\/","title":{"rendered":"La programmation de Monaco-Troyes est connue"},"content":{"rendered":"<p>Apr\u00e8s avoir pris connaissance de la date du d\u00e9placement \u00e0 Paris pour la quatri\u00e8me journ\u00e9e de Ligue 1, l&rsquo;AS Monaco sait d\u00e9sormais quand elle jouera Troyes pour la cinqui\u00e8me journ\u00e9e. Les Rouge et Blanc recevront les joueurs aubois le mercredi 31 ao\u00fbt, \u00e0 19 heures. La rencontre sera diffus\u00e9e surPrime Video*.<\/p>\n<p> La programmation compl\u00e8te<\/p>\n<p>Mercredi 31 ao\u00fbt (19h00 -Prime Video*)<br \/>\nOlympique Lyonnais \u2013 AJ Auxerre<br \/>\nAngers SCO \u2013 Stade de Reims<br \/>\nAS Monaco \u2013 ESTAC Troyes<br \/>\nMontpellier H\u00e9rault SC \u2013 AC Ajaccio<br \/>\nRC Strasbourg Alsace \u2013 FC Nantes<\/p>\n<p>Mercredi 31 ao\u00fbt (21h00 -Prime Video*)<br \/>\nOlympique de Marseille \u2013 Clermont Foot 63<br \/>\nStade Rennais FC \u2013 Stade Brestois 29<br \/>\nRC Lens \u2013 FC Lorient<\/p>\n<p>Mercredi 31 ao\u00fbt (21h00 -Canal+ Foot*)<br \/>\nToulouse FC \u2013 Paris Saint-Germain<\/p>\n<p>Mercredi 31 ao\u00fbt (21h00 -Canal+ Sport 360*)<br \/>\nLOSC Lille \u2013 OGC Nice<\/p>\n<p> Les autres journ\u00e9es<\/p>\n[Premi\u00e8re journ\u00e9e](https:\/\/www.ladiagonale.net\/news-1569-strasbourg-monaco-programme-le-6-aout)<br \/>\n[Deuxi\u00e8me journ\u00e9e](https:\/\/www.ladiagonale.net\/news-1586-la-programmation-du-choc-contre-rennes-est-connue)<br \/>\n[Troisi\u00e8me journ\u00e9e](https:\/\/www.ladiagonale.net\/news-1618-monaco-garde-le-meme-creneau-pour-la-reception-de-lens)<br \/>\n[Quatri\u00e8me journ\u00e9e](https:\/\/www.ladiagonale.net\/news-1637-paris-monaco-en-affiche-du-dimanche-soir)<\/p>\n","protected":false},"excerpt":{"rendered":"<p>Apr\u00e8s avoir pris connaissance de la date du d\u00e9placement \u00e0 Paris pour la quatri\u00e8me journ\u00e9e de Ligue 1, l&rsquo;AS Monaco sait d\u00e9sormais quand elle jouera Troyes pour la cinqui\u00e8me journ\u00e9e. Les Rouge et Blanc recevront les joueurs aubois le mercredi 31 ao\u00fbt, \u00e0 19 heures. La rencontre sera diffus\u00e9e surPrime Video*. La programmation compl\u00e8te Mercredi [&#8230;]\n","protected":false},"author":1,"featured_media":0,"comment_status":"open","ping_status":"open","sticky":false,"template":"","format":"standard","meta":[],"categories":[6],"tags":[],"yoast_head":"<!-- This site is optimized with the Yoast SEO plugin v19.8 - https:\/\/yoast.com\/wordpress\/plugins\/seo\/ -->\n<title>La programmation de Monaco-Troyes est connue - La Diagonale<\/title>\n<meta name=\"robots\" content=\"index, follow, max-snippet:-1, max-image-preview:large, max-video-preview:-1\" \/>\n<link rel=\"canonical\" href=\"https:\/\/www.ladiagonale.net\/index.php\/2022\/07\/28\/la-programmation-de-monaco-troyes-est-connue\/\" \/>\n<meta property=\"og:locale\" content=\"fr_FR\" \/>\n<meta property=\"og:type\" content=\"article\" \/>\n<meta property=\"og:title\" content=\"La programmation de Monaco-Troyes est connue - La Diagonale\" \/>\n<meta property=\"og:description\" content=\"Apr\u00e8s avoir pris connaissance de la date du d\u00e9placement \u00e0 Paris pour la quatri\u00e8me journ\u00e9e de Ligue 1, l&rsquo;AS Monaco sait d\u00e9sormais quand elle jouera Troyes pour la cinqui\u00e8me journ\u00e9e. Les Rouge et Blanc recevront les joueurs aubois le mercredi 31 ao\u00fbt, \u00e0 19 heures. La rencontre sera diffus\u00e9e surPrime Video*. La programmation compl\u00e8te Mercredi [...]\" \/>\n<meta property=\"og:url\" content=\"https:\/\/www.ladiagonale.net\/index.php\/2022\/07\/28\/la-programmation-de-monaco-troyes-est-connue\/\" \/>\n<meta property=\"og:site_name\" content=\"La Diagonale\" \/>\n<meta property=\"article:published_time\" content=\"2022-07-27T22:00:00+00:00\" \/>\n<meta name=\"author\" content=\"admin\" \/>\n<meta name=\"twitter:card\" content=\"summary_large_image\" \/>\n<meta name=\"twitter:label1\" content=\"\u00c9crit par\" \/>\n\t<meta name=\"twitter:data1\" content=\"admin\" \/>\n\t<meta name=\"twitter:label2\" content=\"Dur\u00e9e de lecture estim\u00e9e\" \/>\n\t<meta name=\"twitter:data2\" content=\"1 minute\" \/>\n<script type=\"application\/ld+json\" class=\"yoast-schema-graph\">{\"@context\":\"https:\/\/schema.org\",\"@graph\":[{\"@type\":\"WebPage\",\"@id\":\"https:\/\/www.ladiagonale.net\/index.php\/2022\/07\/28\/la-programmation-de-monaco-troyes-est-connue\/\",\"url\":\"https:\/\/www.ladiagonale.net\/index.php\/2022\/07\/28\/la-programmation-de-monaco-troyes-est-connue\/\",\"name\":\"La programmation de Monaco-Troyes est connue - La Diagonale\",\"isPartOf\":{\"@id\":\"https:\/\/www.ladiagonale.net\/#website\"},\"datePublished\":\"2022-07-27T22:00:00+00:00\",\"dateModified\":\"2022-07-27T22:00:00+00:00\",\"author\":{\"@id\":\"https:\/\/www.ladiagonale.net\/#\/schema\/person\/03fa041acd51875ece8bf97a37252a4d\"},\"breadcrumb\":{\"@id\":\"https:\/\/www.ladiagonale.net\/index.php\/2022\/07\/28\/la-programmation-de-monaco-troyes-est-connue\/#breadcrumb\"},\"inLanguage\":\"fr-FR\",\"potentialAction\":[{\"@type\":\"ReadAction\",\"target\":[\"https:\/\/www.ladiagonale.net\/index.php\/2022\/07\/28\/la-programmation-de-monaco-troyes-est-connue\/\"]}]},{\"@type\":\"BreadcrumbList\",\"@id\":\"https:\/\/www.ladiagonale.net\/index.php\/2022\/07\/28\/la-programmation-de-monaco-troyes-est-connue\/#breadcrumb\",\"itemListElement\":[{\"@type\":\"ListItem\",\"position\":1,\"name\":\"Accueil\",\"item\":\"https:\/\/www.ladiagonale.net\/\"},{\"@type\":\"ListItem\",\"position\":2,\"name\":\"La programmation de Monaco-Troyes est connue\"}]},{\"@type\":\"WebSite\",\"@id\":\"https:\/\/www.ladiagonale.net\/#website\",\"url\":\"https:\/\/www.ladiagonale.net\/\",\"name\":\"La Diagonale\",\"description\":\"Le site des supporters de l&#039;AS Monaco FC\",\"potentialAction\":[{\"@type\":\"SearchAction\",\"target\":{\"@type\":\"EntryPoint\",\"urlTemplate\":\"https:\/\/www.ladiagonale.net\/?s={search_term_string}\"},\"query-input\":\"required name=search_term_string\"}],\"inLanguage\":\"fr-FR\"},{\"@type\":\"Person\",\"@id\":\"https:\/\/www.ladiagonale.net\/#\/schema\/person\/03fa041acd51875ece8bf97a37252a4d\",\"name\":\"admin\",\"image\":{\"@type\":\"ImageObject\",\"inLanguage\":\"fr-FR\",\"@id\":\"https:\/\/www.ladiagonale.net\/#\/schema\/person\/image\/\",\"url\":\"https:\/\/secure.gravatar.com\/avatar\/894b9daaf19cc759b072b6bb09cac5f2?s=96&d=mm&r=g\",\"contentUrl\":\"https:\/\/secure.gravatar.com\/avatar\/894b9daaf19cc759b072b6bb09cac5f2?s=96&d=mm&r=g\",\"caption\":\"admin\"},\"sameAs\":[\"https:\/\/v2.ladiagonale.net\"],\"url\":\"https:\/\/www.ladiagonale.net\/index.php\/author\/admin\/\"}]}<\/script>\n<!-- \/ Yoast SEO plugin. -->","yoast_head_json":{"title":"La programmation de Monaco-Troyes est connue - La Diagonale","robots":{"index":"index","follow":"follow","max-snippet":"max-snippet:-1","max-image-preview":"max-image-preview:large","max-video-preview":"max-video-preview:-1"},"canonical":"https:\/\/www.ladiagonale.net\/index.php\/2022\/07\/28\/la-programmation-de-monaco-troyes-est-connue\/","og_locale":"fr_FR","og_type":"article","og_title":"La programmation de Monaco-Troyes est connue - La Diagonale","og_description":"Apr\u00e8s avoir pris connaissance de la date du d\u00e9placement \u00e0 Paris pour la quatri\u00e8me journ\u00e9e de Ligue 1, l&rsquo;AS Monaco sait d\u00e9sormais quand elle jouera Troyes pour la cinqui\u00e8me journ\u00e9e. Les Rouge et Blanc recevront les joueurs aubois le mercredi 31 ao\u00fbt, \u00e0 19 heures. La rencontre sera diffus\u00e9e surPrime Video*. La programmation compl\u00e8te Mercredi [...]","og_url":"https:\/\/www.ladiagonale.net\/index.php\/2022\/07\/28\/la-programmation-de-monaco-troyes-est-connue\/","og_site_name":"La Diagonale","article_published_time":"2022-07-27T22:00:00+00:00","author":"admin","twitter_card":"summary_large_image","twitter_misc":{"\u00c9crit par":"admin","Dur\u00e9e de lecture estim\u00e9e":"1 minute"},"schema":{"@context":"https:\/\/schema.org","@graph":[{"@type":"WebPage","@id":"https:\/\/www.ladiagonale.net\/index.php\/2022\/07\/28\/la-programmation-de-monaco-troyes-est-connue\/","url":"https:\/\/www.ladiagonale.net\/index.php\/2022\/07\/28\/la-programmation-de-monaco-troyes-est-connue\/","name":"La programmation de Monaco-Troyes est connue - La Diagonale","isPartOf":{"@id":"https:\/\/www.ladiagonale.net\/#website"},"datePublished":"2022-07-27T22:00:00+00:00","dateModified":"2022-07-27T22:00:00+00:00","author":{"@id":"https:\/\/www.ladiagonale.net\/#\/schema\/person\/03fa041acd51875ece8bf97a37252a4d"},"breadcrumb":{"@id":"https:\/\/www.ladiagonale.net\/index.php\/2022\/07\/28\/la-programmation-de-monaco-troyes-est-connue\/#breadcrumb"},"inLanguage":"fr-FR","potentialAction":[{"@type":"ReadAction","target":["https:\/\/www.ladiagonale.net\/index.php\/2022\/07\/28\/la-programmation-de-monaco-troyes-est-connue\/"]}]},{"@type":"BreadcrumbList","@id":"https:\/\/www.ladiagonale.net\/index.php\/2022\/07\/28\/la-programmation-de-monaco-troyes-est-connue\/#breadcrumb","itemListElement":[{"@type":"ListItem","position":1,"name":"Accueil","item":"https:\/\/www.ladiagonale.net\/"},{"@type":"ListItem","position":2,"name":"La programmation de Monaco-Troyes est connue"}]},{"@type":"WebSite","@id":"https:\/\/www.ladiagonale.net\/#website","url":"https:\/\/www.ladiagonale.net\/","name":"La Diagonale","description":"Le site des supporters de l&#039;AS Monaco FC","potentialAction":[{"@type":"SearchAction","target":{"@type":"EntryPoint","urlTemplate":"https:\/\/www.ladiagonale.net\/?s={search_term_string}"},"query-input":"required name=search_term_string"}],"inLanguage":"fr-FR"},{"@type":"Person","@id":"https:\/\/www.ladiagonale.net\/#\/schema\/person\/03fa041acd51875ece8bf97a37252a4d","name":"admin","image":{"@type":"ImageObject","inLanguage":"fr-FR","@id":"https:\/\/www.ladiagonale.net\/#\/schema\/person\/image\/","url":"https:\/\/secure.gravatar.com\/avatar\/894b9daaf19cc759b072b6bb09cac5f2?s=96&d=mm&r=g","contentUrl":"https:\/\/secure.gravatar.com\/avatar\/894b9daaf19cc759b072b6bb09cac5f2?s=96&d=mm&r=g","caption":"admin"},"sameAs":["https:\/\/v2.ladiagonale.net"],"url":"https:\/\/www.ladiagonale.net\/index.php\/author\/admin\/"}]}},"_links":{"self":[{"href":"https:\/\/www.ladiagonale.net\/index.php\/wp-json\/wp\/v2\/posts\/3984"}],"collection":[{"href":"https:\/\/www.ladiagonale.net\/index.php\/wp-json\/wp\/v2\/posts"}],"about":[{"href":"https:\/\/www.ladiagonale.net\/index.php\/wp-json\/wp\/v2\/types\/post"}],"author":[{"embeddable":true,"href":"https:\/\/www.ladiagonale.net\/index.php\/wp-json\/wp\/v2\/users\/1"}],"replies":[{"embeddable":true,"href":"https:\/\/www.ladiagonale.net\/index.php\/wp-json\/wp\/v2\/comments?post=3984"}],"version-history":[{"count":0,"href":"https:\/\/www.ladiagonale.net\/index.php\/wp-json\/wp\/v2\/posts\/3984\/revisions"}],"wp:attachment":[{"href":"https:\/\/www.ladiagonale.net\/index.php\/wp-json\/wp\/v2\/media?parent=3984"}],"wp:term":[{"taxonomy":"category","embeddable":true,"href":"https:\/\/www.ladiagonale.net\/index.php\/wp-json\/wp\/v2\/categories?post=3984"},{"taxonomy":"post_tag","embeddable":true,"href":"https:\/\/www.ladiagonale.net\/index.php\/wp-json\/wp\/v2\/tags?post=3984"}],"curies":[{"name":"wp","href":"https:\/\/api.w.org\/{rel}","templated":true}]}}