{"id":3985,"date":"2022-07-29T00:00:00","date_gmt":"2022-07-28T22:00:00","guid":{"rendered":"https:\/\/www.ladiagonale.net\/index.php\/2022\/07\/29\/philippe-clement-an-i\/"},"modified":"2023-01-11T13:20:04","modified_gmt":"2023-01-11T12:20:04","slug":"philippe-clement-an-i","status":"publish","type":"post","link":"https:\/\/www.ladiagonale.net\/index.php\/2022\/07\/29\/philippe-clement-an-i\/","title":{"rendered":"Philippe Clement, AN I"},"content":{"rendered":"\n<p><strong>Arriv\u00e9 en janvier sur la pointe des pieds pour remplacer Niko Kovac, Philippe Clement a achev\u00e9 sa premi\u00e8re demi-saison \u00e0 l&rsquo;ASM avec brio, malgr\u00e9 un dernier accroc face \u00e0 Lens, lors de la 38e journ\u00e9e de Ligue 1 2021-2022. Un match nul qui condamne Monaco \u00e0 repasser par un tour pr\u00e9liminaire et un barrage pour retrouver la Ligue des Champions. Mais cette fois, l&rsquo;ASM veut apprendre de ses erreurs et franchir un cap avec un entra\u00eeneur qui semble mieux \u00e9pouser la nouvelle philosophie du club.<\/strong><\/p>\n\n\n\n<h4 class=\"has-vivid-red-color has-text-color\" style=\"font-style:normal;font-weight:500;text-transform:uppercase\">L&rsquo;ombre de Kovac<\/h4>\n\n\n\n<p>Succ\u00e9der \u00e0 Niko Kovac \u00e9tait loin d&rsquo;\u00eatre une sin\u00e9cure. Il faut dire qu&rsquo;en peu de temps, le technicien croate avait s\u00e9duit bon nombre de supporters. Des d\u00e9buts t\u00e2tonnants avant une s\u00e9rie impressionnante en 2021 qui a conduit le club sur le podium de la Ligue 1 et en finale de Coupe de France. Aussi, l&rsquo;ancien entra\u00eeneur du Bayern Munich venait de redresser la barre de fa\u00e7on spectaculaire apr\u00e8s deux saisons et demie erratiques avec Leonardo Jardim, Thierry Henry et Robert Moreno, ce qui a renforc\u00e9 le sentiment favorable \u00e0 son \u00e9gard. \u00c0 cela, il faut ajouter une forte pr\u00e9sence charismatique et le Croate a rapidement fait l&rsquo;unanimit\u00e9 sur le Rocher. Mais Kovac n&rsquo;a pas r\u00e9ussi \u00e0 maintenir la dynamique avec les cons\u00e9quences que l&rsquo;on sait. Alors que son 3-5-2 \u00e9tait salu\u00e9 de tous entre janvier et mai, sa gestion et ses choix ont laiss\u00e9 perplexes lorsque la saison nouvelle est venue.<\/p>\n\n\n\n<p>Monaco, et Paul Mitchell en t\u00eate, ont pr\u00e9f\u00e9r\u00e9 prendre le taureau par les cornes et se s\u00e9parer de Kovac, alors que la rupture entre les deux hommes \u00e9tait consomm\u00e9e. Pour trouver son rempla\u00e7ant, l&rsquo;\u00e9quipe de Mitchell a agi vite et son choix s&rsquo;est rapidement port\u00e9 sur Philippe Clement, alors entra\u00eeneur du Club Bruges. Le coach Belge reste sur trois titres dans son championnat domestique mais c&rsquo;est principalement gr\u00e2ce \u00e0 une performance face au PSG en Ligue des Champions qu&rsquo;il a \u00e9t\u00e9 remarqu\u00e9 par le grand public. Mitchell, en tous cas, est convaincu de tenir un \u00abserial winner\u00bb et un entra\u00eeneur qui pourra atteindre les objectifs fix\u00e9s par le club.<\/p>\n\n\n\n<p>Philippe Clement arrive dans un contexte compliqu\u00e9. Certes, l&rsquo;\u00e9quipe reste sur trois succ\u00e8s de rang, mais la reprise se fait dans un climat d&rsquo;incompr\u00e9hension. Et surtout, Philippe Clement fait face \u00e0 une ribambelle de joueurs infect\u00e9s par le Covid, avant de perdre Boadu et Badiashile pour de longues semaines au cours de sa premi\u00e8re sur le banc contre Nantes en Ligue 1. Le technicien belge comprend la n\u00e9cessit\u00e9 d&rsquo;une remise \u00e0 niveau physique, ce qui avait fait la diff\u00e9rence lors de la seconde moiti\u00e9 de la saison pr\u00e9c\u00e9dente. Il va tenter quelques paris comme le positionnement de Caio Henrique en meneur de jeu contre Nantes mais surtout essayer d&rsquo;augmenter la force de frappe offensive de son \u00e9quipe. Priv\u00e9 de Fofana, touch\u00e9 par le Covid et amoindri physiquement, Clement va en profiter pour tester Tchouam\u00e9ni en sentinelle devant la d\u00e9fense. Et lors des deux premi\u00e8res sorties contre Clermont et Montpellier, le futur madril\u00e8ne va remplir \u00e0 merveille son r\u00f4le. Principale critique, le positionnement en attaquant de soutien de Kevin Volland qui se retrouve souvent trop bas dans le c\u0153ur du jeu et pas suffisamment proche du but.<\/p>\n\n\n\n<h4 class=\"has-vivid-red-color has-text-color\" style=\"font-style:normal;font-weight:500;text-transform:uppercase\">Sur la sellette<\/h4>\n\n\n\n<p>Sur ses six premiers matchs dirig\u00e9s, le bilan de Clement est positif, avec quatre succ\u00e8s, dont deux en Coupe de France et surtout un match de haute vol\u00e9e contre Lyon le 5 f\u00e9vrier (2-0), lors de la 23e journ\u00e9e de Ligue 1. L&rsquo;\u00e9quipe du technicien belge surfe sur une belle forme et semble ragaillardie mais le mois de f\u00e9vrier ne sera pas dans la m\u00eame veine. Sur les trois rencontres suivantes de championnat, l&rsquo;ASM n&#8217;empochera que deux points sur neuf face \u00e0 des \u00e9quipes de bas de classement. Face \u00e0 Lorient, l&rsquo;ASM a contr\u00f4l\u00e9 la rencontre tout du long mais les occasions ont \u00e9t\u00e9 peu nombreuses alors que contre Bordeaux, elle s&rsquo;est fait bousculer. Et contre Reims, les As\u00e9mistes se sont inclin\u00e9s dans leur fief apr\u00e8s avoir men\u00e9 au score. Plut\u00f4t g\u00eanant, et pas id\u00e9al en vue d&rsquo;un mois de mars charni\u00e8re avec les \u00e9ch\u00e9ances les plus importantes.<\/p>\n\n\n\n<p>L&rsquo;entra\u00eeneur de Nantes, Antoine Kombouar\u00e9, avait dress\u00e9 le portrait-robot de cette ASM version Philippe Clement juste avant de l&rsquo;affronter en demi-finale de la Coupe de France : \u00abActuellement on est sur une base de 4-3-3 avec Tchouam\u00e9ni en pointe basse et deux milieux devant. Il met aussi Volland au c\u0153ur du milieu. C&rsquo;est une \u00e9quipe forte physiquement et techniquement qui attaque avec cinq joueurs le plus souvent.\u00bb Le Kanak ne s&rsquo;\u00e9tait toutefois pas priv\u00e9 d&rsquo;envoyer une petite pique en affirmant que les r\u00e9sultats \u00e9tait moins bons qu&rsquo;avec Kovac. On ne pouvait pas, dans tous les cas, affirmer qu&rsquo;ils \u00e9taient meilleurs, apr\u00e8s cette s\u00e9rie de trois matchs sans succ\u00e8s qui voyait Monaco faire du surplace en championnat. La pertinence d&rsquo;un tel changement pouvait \u00eatre r\u00e9ellement remise en question et le mois de mars ne va pas vraiment l&rsquo;infirmer. La seule \u00e9claircie r\u00e9sidera dans le succ\u00e8s \u00e9triqu\u00e9 \u00e0 Marseille, insuffisant toutefois pour att\u00e9nuer l&rsquo;amertume d&rsquo;un mois rat\u00e9 dans les grandes largeurs.<\/p>\n\n\n\n<p>Monaco va sortir perdant des tirs-aux-buts contre Nantes, le futur vainqueur de l&rsquo;\u00e9preuve. Un \u00e9chec marqu\u00e9, comme un symbole, par les tentatives rat\u00e9es des deux meilleurs joueurs de l&rsquo;\u00e9quipe, Ben Yedder et Tchouam\u00e9ni. Si Monaco ne faisait pas figure de favori par rapport \u00e0 Nice qui tenait encore une bonne forme, la possibilit\u00e9 de remporter un troph\u00e9e venait de s&rsquo;envoler alors que le chemin s&rsquo;\u00e9tait d\u00e9gag\u00e9 avec l&rsquo;\u00e9limination du PSG. Pour Clement, une s\u00e9ance de tirs aux buts c&rsquo;est une loterie. Cette d\u00e9claration, un peu \u00e0 l&#8217;emporte-pi\u00e8ce, a le don d&rsquo;agacer. C&rsquo;est pourtant un marqueur de sa personnalit\u00e9. Le Belge encaisse tout, accepte de jouer les paratonnerres pour prot\u00e9ger ses joueurs. Il faudra attendre la d\u00e9faite contre Strasbourg \u00e0 la mi-mars pour le voir publiquement s&rsquo;agacer du manque d&rsquo;implication montr\u00e9 par son groupe. En Ligue Europa, le parcours sera aussi de courte dur\u00e9e. L&rsquo;ASM est \u00e9limin\u00e9e par Braga en huiti\u00e8mes de finale alors que la diff\u00e9rence entre les deux \u00e9quipes sur le papier ne saute pas aux yeux. Le traducteur portugais pr\u00e9sent au stade Louis-II pour le match retour l\u00e2chait un tweet &#8211; supprim\u00e9 depuis &#8211; dans lequel il rapportait un Paul Mitchell compl\u00e8tement furibard dans les vestiaires et une prise de bec muscl\u00e9e avec Philippe Clement.<\/p>\n\n\n\n<p>Lors de la conf\u00e9rence de presse d&rsquo;avant-match contre le PSG, Clement semble sonn\u00e9, abattu et comme r\u00e9sign\u00e9. On pense qu&rsquo;il ne fera pas de vieux os en Principaut\u00e9 et son langage corporel en cet instant semble indiquer la m\u00eame chose. On se dit qu&rsquo;il n&rsquo;\u00e9tait pas l&rsquo;homme de la situation et que l&rsquo;ASM va conna\u00eetre une nouvelle p\u00e9riode d&rsquo;instabilit\u00e9.L&rsquo;\u00c9quipe<em>, qui avait r\u00e9v\u00e9l\u00e9 en premier le limogeage de son pr\u00e9d\u00e9cesseur, l\u00e2che une v\u00e9ritable bombe la veille du match. Dmitry Rybolovlev serait exc\u00e9d\u00e9 des mauvais r\u00e9sultats et veut faire place nette. Petrov, Mitchell et Clement sont dans son viseur et il se dit que m\u00eame en cas de succ\u00e8s contre Paris, l&rsquo;entra\u00eeneur belge pourrait \u00eatre d\u00e9barqu\u00e9 pendant la prochaine tr\u00eave. L&rsquo;ASM d\u00e9ment fermement les informations viaRMC Sport<\/em>. Le quotidien avait-il raison ? On ne le saura sans doute jamais, puisque Clement va inverser la tendance de fa\u00e7on remarquable, renvoyant les informations du journal au rang des rumeurs.<\/p>\n\n\n\n<h4 class=\"has-vivid-red-color has-text-color\" style=\"font-style:normal;font-weight:500;text-transform:uppercase\">La remontada<\/h4>\n\n\n\n<p>Monaco inflige une claque au PSG le lendemain. Le succ\u00e8s fait du bien au moral mais pas grand monde n&rsquo;est dupe. Le visage affich\u00e9 par les Parisiens \u00e9tait \u00e0 des ann\u00e9es-lumi\u00e8re de leur meilleur niveau. Clement ne veut pas parler de d\u00e9clic. Il estime que ce succ\u00e8s n&rsquo;est que la cons\u00e9quence d&rsquo;un travail de fond depuis qu&rsquo;il a repris le groupe, notamment sur le plan physique. Les pr\u00e9c\u00e9dentes contre-performances \u00e9taient surtout le r\u00e9sultat de beaucoup de malchance et d&rsquo;un manque de confiance. \u00c9voquer ce match comme un d\u00e9clic semble \u00eatre une r\u00e9ponse un peu facile, m\u00eame si plusieurs joueurs parleront bien d&rsquo;un avant\/apr\u00e8s cette confrontation en fin de saison. Le retour \u00e0 un match par semaine a permis aussi de retrouver des rep\u00e8res et de mieux s&rsquo;entra\u00eener pour acqu\u00e9rir les nouveaux principes de jeu.<\/p>\n\n\n\n<p>La suite, on la conna\u00eet. Une s\u00e9rie de dix rencontres sans d\u00e9faite, dont neuf succ\u00e8s de rang. Une s\u00e9rie rare dans l&rsquo;histoire de l&rsquo;ASM et m\u00eame dans le football fran\u00e7ais. Physiquement l&rsquo;ASM est d\u00e9sormais capable d&rsquo;enfoncer le clou \u00e0 n&rsquo;importe quel moment, et surtout \u00e0 la fin. \u00abC&rsquo;est agr\u00e9able d&rsquo;entendre de nos propres joueurs qu&rsquo;ils peuvent encore courir \u00e0 la 90e minute et de l&rsquo;opposition que nous n&rsquo;arr\u00eatons jamais\u00bb, d\u00e9clarait James Bunce r\u00e9cemment. \u00c0 ces progr\u00e8s sur le plan physique se sont \u00e9galement ajout\u00e9s les automatismes. Une meilleure connaissance des circuits pr\u00e9f\u00e9rentiels au sein d&rsquo;un onze qui n&rsquo;a que tr\u00e8s peu boug\u00e9 d&rsquo;une rencontre \u00e0 l&rsquo;autre.<\/p>\n\n\n\n<p>Mais outre l&rsquo;animation offensive, cette s\u00e9rie a \u00e9galement vu le retour de la doublette Tchouam\u00e9ni-Fofana au milieu de terrain et un retour en forme du second qui a pu prendre le relais lorsque le premier avait des moments de creux. Clement a \u00e9galement pu \u00e9prouver une solidit\u00e9 toute nouvelle de la charni\u00e8re centrale avec les progressions de Disasi et Badiashile. Plus que pour son aspect offensif, c&rsquo;est sur le plan de la coh\u00e9sion et de l&rsquo;efficacit\u00e9 d\u00e9fensive que l&rsquo;on a pu constater une r\u00e9elle avanc\u00e9e la saison derni\u00e8re.<\/p>\n\n\n\n<h4 class=\"has-vivid-red-color has-text-color\" style=\"font-style:normal;font-weight:500;text-transform:uppercase\">L&rsquo;entra\u00eeneur idoine<\/h4>\n\n\n\n<p>Lorsque Philippe Clement est arriv\u00e9 au club, Oleg Petrov d\u00e9clarait qu&rsquo;il \u00e9tait d\u00e9sormais la personne \u00abidoine\u00bb pour Monaco. Les reproches faits \u00e0 Kovac au moment de son limogeage ne semblent pas s&rsquo;appliquer \u00e0 l&rsquo;entra\u00eeneur en place. On a pu lire dans L&rsquo;\u00c9quipe, que Kovac semblait moins investi et qu&rsquo;il passait moins de temps qu&rsquo;auparavant dans le nouveau Centre de performance de La Turbie. Il arrive au Belge d&rsquo;en partir \u00e0 la nuit tomb\u00e9e. Il se dit que le caract\u00e8re col\u00e9rique et explosif de Kovac a fini par user les joueurs. Celui plus souple de Clement redonnera du liant au groupe. Kovac est loin des objectifs sportifs et a du mal \u00e0 gagner contre les \u00e9quipes en haut du classement. L&rsquo;ancien coach de Bruges va corriger le tir. Mais surtout, il se murmure que le Croate ne parvient pas \u00e0 s&rsquo;entendre avec les anglophones de la cellule de performance, en particulier James Bunce, le Directeur de la performance. N&rsquo;en jetez plus, la cour est pleine.<\/p>\n\n\n\n<p>Clement appara\u00eet comme la derni\u00e8re brique d&rsquo;un syst\u00e8me mis en place par Paul Mitchell et son \u00e9quipe, qui a revu le fonctionnement du club dans le secteur sportif de fond en comble. La cellule de performance que dirige James Bunce travaille sur les datas et vise \u00e0 optimiser toutes les composantes \u00e0 la performance athl\u00e9tique des joueurs dans un contexte pr\u00e9cis. \u00abLe travail sous Niko Kovac ici a \u00e9t\u00e9 vraiment important pour changer notre culture et notre philosophie de travail. Il \u00e9tait vraiment dou\u00e9 pour \u00e9lever le niveau physique de base sur lequel nous avons pu nous appuyer\u00bb, r\u00e9v\u00e9lait James Bunce dans une interview surmonacolife.net*. Avec ce sous-entendu que pour la m\u00e9thode, il ne convenait plus vraiment et n&rsquo;\u00e9tait plus tout \u00e0 fait le profil indiqu\u00e9 pour achever la mue de l&rsquo;ASM.<\/p>\n\n\n\n<p>Dans cette m\u00eame interview, Bunce s&rsquo;est montr\u00e9 particuli\u00e8rement dithyrambique avec le coach actuel : \u00abC&rsquo;est un esprit logique. Il regarde tous les d\u00e9tails et il est tr\u00e8s ouvert \u00e0 la collaboration. C&rsquo;est un ing\u00e9nieur de formation. (\u2026) Il sait faire les bons choix et mettre en place un processus pour atteindre un objectif et cela correspond parfaitement \u00e0 la fa\u00e7on dont il faut penser l&rsquo;entra\u00eenement. Il est vraiment le meilleur entra\u00eeneur que j&rsquo;ai vu pour essayer de construire ces blocs sur un parcours individuel, car tout le monde ne peut pas suivre le m\u00eame entra\u00eenement.\u00bb Avec pour cons\u00e9quence des donn\u00e9es physiques qui vont tutoyer les sommets du football europ\u00e9en. L&rsquo;ASM affiche un volume de jeu et une capacit\u00e9 \u00e0 r\u00e9p\u00e9ter les efforts qui peut faire plier ses adversaires.<\/p>\n\n\n\n<h4 class=\"has-vivid-red-color has-text-color\" style=\"font-style:normal;font-weight:500;text-transform:uppercase\">Le plus dur commence<\/h4>\n\n\n\n<p>Arriver en cours de saison n&rsquo;est jamais simple pour un entra\u00eeneur, qui se retrouve \u00e0 la t\u00eate d&rsquo;un groupe qu&rsquo;il n&rsquo;a pas choisi et qu&rsquo;il ne conna\u00eet pas, sans parler des sp\u00e9cificit\u00e9s d&rsquo;un championnat qu&rsquo;il lui arrive de d\u00e9couvrir. Il doit pouvoir \u00eatre capable d&rsquo;en extraire la quintessence en un temps record et essayer de trouver le d\u00e9clic pour relancer la machine. Clement a r\u00e9ussi cela dans un premier temps et la plus grande verticalit\u00e9 de son jeu a pu d\u00e9stabiliser plusieurs formations qui n&rsquo;avaient pas encore suffisamment d&rsquo;\u00e9l\u00e9ments \u00e0 analyser pour le contrer. Puis les blocs bas de Ligue 1 se sont adapt\u00e9s, les failles sont apparues avec la vilaine s\u00e9rie que l&rsquo;on conna\u00eet et Clement a mis du temps \u00e0 trouver les solutions. Mais cette fois, il n&rsquo;est plus en terrain inconnu. Les bases sont pos\u00e9es, et les six premiers mois lui ont permis de prendre la main sur son groupe. Il peut valider les recrues et les retouches apport\u00e9es \u00e0 son groupe. Il a eu plus d&rsquo;un mois et demi pour travailler pleinement, avec huit rencontres amicales pour peaufiner les automatismes et proc\u00e9der \u00e0 la mont\u00e9e en r\u00e9gime de son collectif. Pour lui aussi, c&rsquo;est donc un nouveau d\u00e9part.<\/p>\n\n\n\n<p>\u00c0 quelques jours du d\u00e9but officiel de cette nouvelle saison 2022-2023, Philippe Clement se retrouve aujourd&rsquo;hui dans une situation quasi identique \u00e0 celle de Niko Kovac l&rsquo;an pass\u00e9. Mais il doit imp\u00e9rativement r\u00e9ussir l\u00e0 o\u00f9 le Croate a \u00e9chou\u00e9. Publiquement, les objectifs annonc\u00e9s sont pour ainsi dire \u00ab flous \u00bb. Mitchell veut \u00abfaire mieux\u00bb que la saison derni\u00e8re. Entre les lignes, on peut raisonnablement penser que l&rsquo;ASM a tout int\u00e9r\u00eat \u00e0 valider enfin ce ticket pour la comp\u00e9tition aux \u00e9toiles et challenger un peu plus le PSG en championnat. Mais surtout, on attend de voir l&rsquo;\u00e9quipe de la Principaut\u00e9 d\u00e9buter sur la m\u00eame dynamique. Un autre faux-d\u00e9part serait un mauvais signal envoy\u00e9. On pourra bien s\u00fbr se demander si le club a mis tout en \u0153uvre pour lui donner les \u00e9l\u00e9ments d&rsquo;y parvenir, notamment pour ce qui concerne le recrutement d&rsquo;un rempla\u00e7ant \u00e0 Tchouam\u00e9ni, pour ramener plus de densit\u00e9 dans l&rsquo;entrejeu. Car, plus que le simple cas de Philippe Clement, c&rsquo;est toute une strat\u00e9gie sportive qui va d\u00e9sormais \u00eatre mise \u00e0 l&rsquo;\u00e9preuve.<\/p>\n","protected":false},"excerpt":{"rendered":"<p>Arriv\u00e9 en janvier sur la pointe des pieds pour remplacer Niko Kovac, Philippe Clement a achev\u00e9 sa premi\u00e8re demi-saison \u00e0 l&rsquo;ASM avec brio, malgr\u00e9 un dernier accroc face \u00e0 Lens, lors de la 38e journ\u00e9e de Ligue 1 2021-2022. Un match nul qui condamne Monaco \u00e0 repasser par un tour pr\u00e9liminaire et un barrage pour [&#8230;]\n","protected":false},"author":1,"featured_media":2453,"comment_status":"open","ping_status":"open","sticky":false,"template":"","format":"standard","meta":[],"categories":[5,6],"tags":[],"yoast_head":"<!-- This site is optimized with the Yoast SEO plugin v19.8 - https:\/\/yoast.com\/wordpress\/plugins\/seo\/ -->\n<title>Philippe Clement, AN I - La Diagonale<\/title>\n<meta name=\"robots\" content=\"index, follow, max-snippet:-1, max-image-preview:large, max-video-preview:-1\" \/>\n<link rel=\"canonical\" href=\"https:\/\/www.ladiagonale.net\/index.php\/2022\/07\/29\/philippe-clement-an-i\/\" \/>\n<meta property=\"og:locale\" content=\"fr_FR\" \/>\n<meta property=\"og:type\" content=\"article\" \/>\n<meta property=\"og:title\" content=\"Philippe Clement, AN I - La Diagonale\" \/>\n<meta property=\"og:description\" content=\"Arriv\u00e9 en janvier sur la pointe des pieds pour remplacer Niko Kovac, Philippe Clement a achev\u00e9 sa premi\u00e8re demi-saison \u00e0 l&rsquo;ASM avec brio, malgr\u00e9 un dernier accroc face \u00e0 Lens, lors de la 38e journ\u00e9e de Ligue 1 2021-2022. Un match nul qui condamne Monaco \u00e0 repasser par un tour pr\u00e9liminaire et un barrage pour [...]\" \/>\n<meta property=\"og:url\" content=\"https:\/\/www.ladiagonale.net\/index.php\/2022\/07\/29\/philippe-clement-an-i\/\" \/>\n<meta property=\"og:site_name\" content=\"La Diagonale\" \/>\n<meta property=\"article:published_time\" content=\"2022-07-28T22:00:00+00:00\" \/>\n<meta property=\"article:modified_time\" content=\"2023-01-11T12:20:04+00:00\" \/>\n<meta property=\"og:image\" content=\"https:\/\/www.ladiagonale.net\/wp-content\/uploads\/2022\/07\/philippe-clement-3-1160x650-1.jpg\" \/>\n\t<meta property=\"og:image:width\" content=\"1160\" \/>\n\t<meta property=\"og:image:height\" content=\"650\" \/>\n\t<meta property=\"og:image:type\" content=\"image\/jpeg\" \/>\n<meta name=\"author\" content=\"admin\" \/>\n<meta name=\"twitter:card\" content=\"summary_large_image\" \/>\n<meta name=\"twitter:image\" content=\"https:\/\/www.ladiagonale.net\/wp-content\/uploads\/2022\/07\/philippe-clement-3-1160x650-1.jpg\" \/>\n<meta name=\"twitter:label1\" content=\"\u00c9crit par\" \/>\n\t<meta name=\"twitter:data1\" content=\"admin\" \/>\n\t<meta name=\"twitter:label2\" content=\"Dur\u00e9e de lecture estim\u00e9e\" \/>\n\t<meta name=\"twitter:data2\" content=\"12 minutes\" \/>\n<script type=\"application\/ld+json\" class=\"yoast-schema-graph\">{\"@context\":\"https:\/\/schema.org\",\"@graph\":[{\"@type\":\"WebPage\",\"@id\":\"https:\/\/www.ladiagonale.net\/index.php\/2022\/07\/29\/philippe-clement-an-i\/\",\"url\":\"https:\/\/www.ladiagonale.net\/index.php\/2022\/07\/29\/philippe-clement-an-i\/\",\"name\":\"Philippe Clement, AN I - La Diagonale\",\"isPartOf\":{\"@id\":\"https:\/\/www.ladiagonale.net\/#website\"},\"datePublished\":\"2022-07-28T22:00:00+00:00\",\"dateModified\":\"2023-01-11T12:20:04+00:00\",\"author\":{\"@id\":\"https:\/\/www.ladiagonale.net\/#\/schema\/person\/03fa041acd51875ece8bf97a37252a4d\"},\"breadcrumb\":{\"@id\":\"https:\/\/www.ladiagonale.net\/index.php\/2022\/07\/29\/philippe-clement-an-i\/#breadcrumb\"},\"inLanguage\":\"fr-FR\",\"potentialAction\":[{\"@type\":\"ReadAction\",\"target\":[\"https:\/\/www.ladiagonale.net\/index.php\/2022\/07\/29\/philippe-clement-an-i\/\"]}]},{\"@type\":\"BreadcrumbList\",\"@id\":\"https:\/\/www.ladiagonale.net\/index.php\/2022\/07\/29\/philippe-clement-an-i\/#breadcrumb\",\"itemListElement\":[{\"@type\":\"ListItem\",\"position\":1,\"name\":\"Accueil\",\"item\":\"https:\/\/www.ladiagonale.net\/\"},{\"@type\":\"ListItem\",\"position\":2,\"name\":\"Philippe Clement, AN I\"}]},{\"@type\":\"WebSite\",\"@id\":\"https:\/\/www.ladiagonale.net\/#website\",\"url\":\"https:\/\/www.ladiagonale.net\/\",\"name\":\"La Diagonale\",\"description\":\"Le site des supporters de l&#039;AS Monaco FC\",\"potentialAction\":[{\"@type\":\"SearchAction\",\"target\":{\"@type\":\"EntryPoint\",\"urlTemplate\":\"https:\/\/www.ladiagonale.net\/?s={search_term_string}\"},\"query-input\":\"required name=search_term_string\"}],\"inLanguage\":\"fr-FR\"},{\"@type\":\"Person\",\"@id\":\"https:\/\/www.ladiagonale.net\/#\/schema\/person\/03fa041acd51875ece8bf97a37252a4d\",\"name\":\"admin\",\"image\":{\"@type\":\"ImageObject\",\"inLanguage\":\"fr-FR\",\"@id\":\"https:\/\/www.ladiagonale.net\/#\/schema\/person\/image\/\",\"url\":\"https:\/\/secure.gravatar.com\/avatar\/894b9daaf19cc759b072b6bb09cac5f2?s=96&d=mm&r=g\",\"contentUrl\":\"https:\/\/secure.gravatar.com\/avatar\/894b9daaf19cc759b072b6bb09cac5f2?s=96&d=mm&r=g\",\"caption\":\"admin\"},\"sameAs\":[\"https:\/\/v2.ladiagonale.net\"],\"url\":\"https:\/\/www.ladiagonale.net\/index.php\/author\/admin\/\"}]}<\/script>\n<!-- \/ Yoast SEO plugin. -->","yoast_head_json":{"title":"Philippe Clement, AN I - La Diagonale","robots":{"index":"index","follow":"follow","max-snippet":"max-snippet:-1","max-image-preview":"max-image-preview:large","max-video-preview":"max-video-preview:-1"},"canonical":"https:\/\/www.ladiagonale.net\/index.php\/2022\/07\/29\/philippe-clement-an-i\/","og_locale":"fr_FR","og_type":"article","og_title":"Philippe Clement, AN I - La Diagonale","og_description":"Arriv\u00e9 en janvier sur la pointe des pieds pour remplacer Niko Kovac, Philippe Clement a achev\u00e9 sa premi\u00e8re demi-saison \u00e0 l&rsquo;ASM avec brio, malgr\u00e9 un dernier accroc face \u00e0 Lens, lors de la 38e journ\u00e9e de Ligue 1 2021-2022. Un match nul qui condamne Monaco \u00e0 repasser par un tour pr\u00e9liminaire et un barrage pour [...]","og_url":"https:\/\/www.ladiagonale.net\/index.php\/2022\/07\/29\/philippe-clement-an-i\/","og_site_name":"La Diagonale","article_published_time":"2022-07-28T22:00:00+00:00","article_modified_time":"2023-01-11T12:20:04+00:00","og_image":[{"width":1160,"height":650,"url":"https:\/\/www.ladiagonale.net\/wp-content\/uploads\/2022\/07\/philippe-clement-3-1160x650-1.jpg","type":"image\/jpeg"}],"author":"admin","twitter_card":"summary_large_image","twitter_image":"https:\/\/www.ladiagonale.net\/wp-content\/uploads\/2022\/07\/philippe-clement-3-1160x650-1.jpg","twitter_misc":{"\u00c9crit par":"admin","Dur\u00e9e de lecture estim\u00e9e":"12 minutes"},"schema":{"@context":"https:\/\/schema.org","@graph":[{"@type":"WebPage","@id":"https:\/\/www.ladiagonale.net\/index.php\/2022\/07\/29\/philippe-clement-an-i\/","url":"https:\/\/www.ladiagonale.net\/index.php\/2022\/07\/29\/philippe-clement-an-i\/","name":"Philippe Clement, AN I - La Diagonale","isPartOf":{"@id":"https:\/\/www.ladiagonale.net\/#website"},"datePublished":"2022-07-28T22:00:00+00:00","dateModified":"2023-01-11T12:20:04+00:00","author":{"@id":"https:\/\/www.ladiagonale.net\/#\/schema\/person\/03fa041acd51875ece8bf97a37252a4d"},"breadcrumb":{"@id":"https:\/\/www.ladiagonale.net\/index.php\/2022\/07\/29\/philippe-clement-an-i\/#breadcrumb"},"inLanguage":"fr-FR","potentialAction":[{"@type":"ReadAction","target":["https:\/\/www.ladiagonale.net\/index.php\/2022\/07\/29\/philippe-clement-an-i\/"]}]},{"@type":"BreadcrumbList","@id":"https:\/\/www.ladiagonale.net\/index.php\/2022\/07\/29\/philippe-clement-an-i\/#breadcrumb","itemListElement":[{"@type":"ListItem","position":1,"name":"Accueil","item":"https:\/\/www.ladiagonale.net\/"},{"@type":"ListItem","position":2,"name":"Philippe Clement, AN I"}]},{"@type":"WebSite","@id":"https:\/\/www.ladiagonale.net\/#website","url":"https:\/\/www.ladiagonale.net\/","name":"La Diagonale","description":"Le site des supporters de l&#039;AS Monaco FC","potentialAction":[{"@type":"SearchAction","target":{"@type":"EntryPoint","urlTemplate":"https:\/\/www.ladiagonale.net\/?s={search_term_string}"},"query-input":"required name=search_term_string"}],"inLanguage":"fr-FR"},{"@type":"Person","@id":"https:\/\/www.ladiagonale.net\/#\/schema\/person\/03fa041acd51875ece8bf97a37252a4d","name":"admin","image":{"@type":"ImageObject","inLanguage":"fr-FR","@id":"https:\/\/www.ladiagonale.net\/#\/schema\/person\/image\/","url":"https:\/\/secure.gravatar.com\/avatar\/894b9daaf19cc759b072b6bb09cac5f2?s=96&d=mm&r=g","contentUrl":"https:\/\/secure.gravatar.com\/avatar\/894b9daaf19cc759b072b6bb09cac5f2?s=96&d=mm&r=g","caption":"admin"},"sameAs":["https:\/\/v2.ladiagonale.net"],"url":"https:\/\/www.ladiagonale.net\/index.php\/author\/admin\/"}]}},"_links":{"self":[{"href":"https:\/\/www.ladiagonale.net\/index.php\/wp-json\/wp\/v2\/posts\/3985"}],"collection":[{"href":"https:\/\/www.ladiagonale.net\/index.php\/wp-json\/wp\/v2\/posts"}],"about":[{"href":"https:\/\/www.ladiagonale.net\/index.php\/wp-json\/wp\/v2\/types\/post"}],"author":[{"embeddable":true,"href":"https:\/\/www.ladiagonale.net\/index.php\/wp-json\/wp\/v2\/users\/1"}],"replies":[{"embeddable":true,"href":"https:\/\/www.ladiagonale.net\/index.php\/wp-json\/wp\/v2\/comments?post=3985"}],"version-history":[{"count":1,"href":"https:\/\/www.ladiagonale.net\/index.php\/wp-json\/wp\/v2\/posts\/3985\/revisions"}],"predecessor-version":[{"id":8334,"href":"https:\/\/www.ladiagonale.net\/index.php\/wp-json\/wp\/v2\/posts\/3985\/revisions\/8334"}],"wp:featuredmedia":[{"embeddable":true,"href":"https:\/\/www.ladiagonale.net\/index.php\/wp-json\/wp\/v2\/media\/2453"}],"wp:attachment":[{"href":"https:\/\/www.ladiagonale.net\/index.php\/wp-json\/wp\/v2\/media?parent=3985"}],"wp:term":[{"taxonomy":"category","embeddable":true,"href":"https:\/\/www.ladiagonale.net\/index.php\/wp-json\/wp\/v2\/categories?post=3985"},{"taxonomy":"post_tag","embeddable":true,"href":"https:\/\/www.ladiagonale.net\/index.php\/wp-json\/wp\/v2\/tags?post=3985"}],"curies":[{"name":"wp","href":"https:\/\/api.w.org\/{rel}","templated":true}]}}