{"id":3990,"date":"2022-07-30T00:00:00","date_gmt":"2022-07-29T22:00:00","guid":{"rendered":"https:\/\/www.ladiagonale.net\/index.php\/2022\/07\/30\/le-groupe-elite-en-finale-du-tournoi-europeen-u21\/"},"modified":"2022-07-30T00:00:00","modified_gmt":"2022-07-29T22:00:00","slug":"le-groupe-elite-en-finale-du-tournoi-europeen-u21","status":"publish","type":"post","link":"https:\/\/www.ladiagonale.net\/index.php\/2022\/07\/30\/le-groupe-elite-en-finale-du-tournoi-europeen-u21\/","title":{"rendered":"Le groupe \u00c9lite en finale du Tournoi europ\u00e9en U21"},"content":{"rendered":"<p>L&rsquo;AS Monaco a v\u00e9cu une belle journ\u00e9e en Bretagne, au Tournoi Europ\u00e9en des Centres de formation. Apr\u00e8s avoir battu Tottenham aux tirs au but la veille, les hommes de Damien Perrinelle ont remport\u00e9 leurs deux rencontres du jour face \u00e0 Saint-\u00c9tienne (3-0) et face au Paris FC (3-2). <\/p>\n<p>Les jeunes Rouge et Blanc ont d\u00e9marr\u00e9 cette journ\u00e9e tr\u00e8s t\u00f4t, \u00e0 10h00, pour affronter l&rsquo;ASSE. Ben Seghir (22e), Baglieri (39e) et Efekele (43e) sont les trois buteurs de la rencontre. Les St\u00e9phanois se sont d&rsquo;ailleurs tr\u00e8s vite retrouv\u00e9s \u00e0 dix, avec l&rsquo;expulsion de leur gardien, Nathan Deville, \u00e0 la cinqui\u00e8me minute.<\/p>\n<p>En fin d&rsquo;apr\u00e8s midi, les jeunes pousses mon\u00e9gasques ont d\u00e9fi\u00e9 le Paris FC pour se disputer la premi\u00e8re place du groupe. L&rsquo;ASM a fait la diff\u00e9rence en premi\u00e8re mi-temps, gr\u00e2ce \u00e0 des r\u00e9alisations d&rsquo;Efekele (6e), Baglieri (9e) et Bamba (24e) et ont tenu bon malgr\u00e9 les deux buts parisiens.<\/p>\n<p>Ces deux succ\u00e8s permettent aux As\u00e9mistes de terminer premiers de leur poule avec neuf points et d&rsquo;aller en finale du tournoi. Leur adversaire sera l&rsquo;En Avant Guingamp, qui a \u00e9galement termin\u00e9 en t\u00eate de sa poule avec un total de points identique. La finale aura lieu demain, \u00e0 15h30, au Centre Technique de Bretagne.<\/p>\n","protected":false},"excerpt":{"rendered":"<p>L&rsquo;AS Monaco a v\u00e9cu une belle journ\u00e9e en Bretagne, au Tournoi Europ\u00e9en des Centres de formation. Apr\u00e8s avoir battu Tottenham aux tirs au but la veille, les hommes de Damien Perrinelle ont remport\u00e9 leurs deux rencontres du jour face \u00e0 Saint-\u00c9tienne (3-0) et face au Paris FC (3-2). Les jeunes Rouge et Blanc ont d\u00e9marr\u00e9 [&#8230;]\n","protected":false},"author":1,"featured_media":0,"comment_status":"open","ping_status":"open","sticky":false,"template":"","format":"standard","meta":[],"categories":[6],"tags":[],"yoast_head":"<!-- This site is optimized with the Yoast SEO plugin v19.8 - https:\/\/yoast.com\/wordpress\/plugins\/seo\/ -->\n<title>Le groupe \u00c9lite en finale du Tournoi europ\u00e9en U21 - La Diagonale<\/title>\n<meta name=\"robots\" content=\"index, follow, max-snippet:-1, max-image-preview:large, max-video-preview:-1\" \/>\n<link rel=\"canonical\" href=\"https:\/\/www.ladiagonale.net\/index.php\/2022\/07\/30\/le-groupe-elite-en-finale-du-tournoi-europeen-u21\/\" \/>\n<meta property=\"og:locale\" content=\"fr_FR\" \/>\n<meta property=\"og:type\" content=\"article\" \/>\n<meta property=\"og:title\" content=\"Le groupe \u00c9lite en finale du Tournoi europ\u00e9en U21 - La Diagonale\" \/>\n<meta property=\"og:description\" content=\"L&rsquo;AS Monaco a v\u00e9cu une belle journ\u00e9e en Bretagne, au Tournoi Europ\u00e9en des Centres de formation. Apr\u00e8s avoir battu Tottenham aux tirs au but la veille, les hommes de Damien Perrinelle ont remport\u00e9 leurs deux rencontres du jour face \u00e0 Saint-\u00c9tienne (3-0) et face au Paris FC (3-2). Les jeunes Rouge et Blanc ont d\u00e9marr\u00e9 [...]\" \/>\n<meta property=\"og:url\" content=\"https:\/\/www.ladiagonale.net\/index.php\/2022\/07\/30\/le-groupe-elite-en-finale-du-tournoi-europeen-u21\/\" \/>\n<meta property=\"og:site_name\" content=\"La Diagonale\" \/>\n<meta property=\"article:published_time\" content=\"2022-07-29T22:00:00+00:00\" \/>\n<meta name=\"author\" content=\"admin\" \/>\n<meta name=\"twitter:card\" content=\"summary_large_image\" \/>\n<meta name=\"twitter:label1\" content=\"\u00c9crit par\" \/>\n\t<meta name=\"twitter:data1\" content=\"admin\" \/>\n\t<meta name=\"twitter:label2\" content=\"Dur\u00e9e de lecture estim\u00e9e\" \/>\n\t<meta name=\"twitter:data2\" content=\"1 minute\" \/>\n<script type=\"application\/ld+json\" class=\"yoast-schema-graph\">{\"@context\":\"https:\/\/schema.org\",\"@graph\":[{\"@type\":\"WebPage\",\"@id\":\"https:\/\/www.ladiagonale.net\/index.php\/2022\/07\/30\/le-groupe-elite-en-finale-du-tournoi-europeen-u21\/\",\"url\":\"https:\/\/www.ladiagonale.net\/index.php\/2022\/07\/30\/le-groupe-elite-en-finale-du-tournoi-europeen-u21\/\",\"name\":\"Le groupe \u00c9lite en finale du Tournoi europ\u00e9en U21 - La Diagonale\",\"isPartOf\":{\"@id\":\"https:\/\/www.ladiagonale.net\/#website\"},\"datePublished\":\"2022-07-29T22:00:00+00:00\",\"dateModified\":\"2022-07-29T22:00:00+00:00\",\"author\":{\"@id\":\"https:\/\/www.ladiagonale.net\/#\/schema\/person\/03fa041acd51875ece8bf97a37252a4d\"},\"breadcrumb\":{\"@id\":\"https:\/\/www.ladiagonale.net\/index.php\/2022\/07\/30\/le-groupe-elite-en-finale-du-tournoi-europeen-u21\/#breadcrumb\"},\"inLanguage\":\"fr-FR\",\"potentialAction\":[{\"@type\":\"ReadAction\",\"target\":[\"https:\/\/www.ladiagonale.net\/index.php\/2022\/07\/30\/le-groupe-elite-en-finale-du-tournoi-europeen-u21\/\"]}]},{\"@type\":\"BreadcrumbList\",\"@id\":\"https:\/\/www.ladiagonale.net\/index.php\/2022\/07\/30\/le-groupe-elite-en-finale-du-tournoi-europeen-u21\/#breadcrumb\",\"itemListElement\":[{\"@type\":\"ListItem\",\"position\":1,\"name\":\"Accueil\",\"item\":\"https:\/\/www.ladiagonale.net\/\"},{\"@type\":\"ListItem\",\"position\":2,\"name\":\"Le groupe \u00c9lite en finale du Tournoi europ\u00e9en U21\"}]},{\"@type\":\"WebSite\",\"@id\":\"https:\/\/www.ladiagonale.net\/#website\",\"url\":\"https:\/\/www.ladiagonale.net\/\",\"name\":\"La Diagonale\",\"description\":\"Le site des supporters de l&#039;AS Monaco FC\",\"potentialAction\":[{\"@type\":\"SearchAction\",\"target\":{\"@type\":\"EntryPoint\",\"urlTemplate\":\"https:\/\/www.ladiagonale.net\/?s={search_term_string}\"},\"query-input\":\"required name=search_term_string\"}],\"inLanguage\":\"fr-FR\"},{\"@type\":\"Person\",\"@id\":\"https:\/\/www.ladiagonale.net\/#\/schema\/person\/03fa041acd51875ece8bf97a37252a4d\",\"name\":\"admin\",\"image\":{\"@type\":\"ImageObject\",\"inLanguage\":\"fr-FR\",\"@id\":\"https:\/\/www.ladiagonale.net\/#\/schema\/person\/image\/\",\"url\":\"https:\/\/secure.gravatar.com\/avatar\/894b9daaf19cc759b072b6bb09cac5f2?s=96&d=mm&r=g\",\"contentUrl\":\"https:\/\/secure.gravatar.com\/avatar\/894b9daaf19cc759b072b6bb09cac5f2?s=96&d=mm&r=g\",\"caption\":\"admin\"},\"sameAs\":[\"https:\/\/v2.ladiagonale.net\"],\"url\":\"https:\/\/www.ladiagonale.net\/index.php\/author\/admin\/\"}]}<\/script>\n<!-- \/ Yoast SEO plugin. -->","yoast_head_json":{"title":"Le groupe \u00c9lite en finale du Tournoi europ\u00e9en U21 - La Diagonale","robots":{"index":"index","follow":"follow","max-snippet":"max-snippet:-1","max-image-preview":"max-image-preview:large","max-video-preview":"max-video-preview:-1"},"canonical":"https:\/\/www.ladiagonale.net\/index.php\/2022\/07\/30\/le-groupe-elite-en-finale-du-tournoi-europeen-u21\/","og_locale":"fr_FR","og_type":"article","og_title":"Le groupe \u00c9lite en finale du Tournoi europ\u00e9en U21 - La Diagonale","og_description":"L&rsquo;AS Monaco a v\u00e9cu une belle journ\u00e9e en Bretagne, au Tournoi Europ\u00e9en des Centres de formation. Apr\u00e8s avoir battu Tottenham aux tirs au but la veille, les hommes de Damien Perrinelle ont remport\u00e9 leurs deux rencontres du jour face \u00e0 Saint-\u00c9tienne (3-0) et face au Paris FC (3-2). Les jeunes Rouge et Blanc ont d\u00e9marr\u00e9 [...]","og_url":"https:\/\/www.ladiagonale.net\/index.php\/2022\/07\/30\/le-groupe-elite-en-finale-du-tournoi-europeen-u21\/","og_site_name":"La Diagonale","article_published_time":"2022-07-29T22:00:00+00:00","author":"admin","twitter_card":"summary_large_image","twitter_misc":{"\u00c9crit par":"admin","Dur\u00e9e de lecture estim\u00e9e":"1 minute"},"schema":{"@context":"https:\/\/schema.org","@graph":[{"@type":"WebPage","@id":"https:\/\/www.ladiagonale.net\/index.php\/2022\/07\/30\/le-groupe-elite-en-finale-du-tournoi-europeen-u21\/","url":"https:\/\/www.ladiagonale.net\/index.php\/2022\/07\/30\/le-groupe-elite-en-finale-du-tournoi-europeen-u21\/","name":"Le groupe \u00c9lite en finale du Tournoi europ\u00e9en U21 - La Diagonale","isPartOf":{"@id":"https:\/\/www.ladiagonale.net\/#website"},"datePublished":"2022-07-29T22:00:00+00:00","dateModified":"2022-07-29T22:00:00+00:00","author":{"@id":"https:\/\/www.ladiagonale.net\/#\/schema\/person\/03fa041acd51875ece8bf97a37252a4d"},"breadcrumb":{"@id":"https:\/\/www.ladiagonale.net\/index.php\/2022\/07\/30\/le-groupe-elite-en-finale-du-tournoi-europeen-u21\/#breadcrumb"},"inLanguage":"fr-FR","potentialAction":[{"@type":"ReadAction","target":["https:\/\/www.ladiagonale.net\/index.php\/2022\/07\/30\/le-groupe-elite-en-finale-du-tournoi-europeen-u21\/"]}]},{"@type":"BreadcrumbList","@id":"https:\/\/www.ladiagonale.net\/index.php\/2022\/07\/30\/le-groupe-elite-en-finale-du-tournoi-europeen-u21\/#breadcrumb","itemListElement":[{"@type":"ListItem","position":1,"name":"Accueil","item":"https:\/\/www.ladiagonale.net\/"},{"@type":"ListItem","position":2,"name":"Le groupe \u00c9lite en finale du Tournoi europ\u00e9en U21"}]},{"@type":"WebSite","@id":"https:\/\/www.ladiagonale.net\/#website","url":"https:\/\/www.ladiagonale.net\/","name":"La Diagonale","description":"Le site des supporters de l&#039;AS Monaco FC","potentialAction":[{"@type":"SearchAction","target":{"@type":"EntryPoint","urlTemplate":"https:\/\/www.ladiagonale.net\/?s={search_term_string}"},"query-input":"required name=search_term_string"}],"inLanguage":"fr-FR"},{"@type":"Person","@id":"https:\/\/www.ladiagonale.net\/#\/schema\/person\/03fa041acd51875ece8bf97a37252a4d","name":"admin","image":{"@type":"ImageObject","inLanguage":"fr-FR","@id":"https:\/\/www.ladiagonale.net\/#\/schema\/person\/image\/","url":"https:\/\/secure.gravatar.com\/avatar\/894b9daaf19cc759b072b6bb09cac5f2?s=96&d=mm&r=g","contentUrl":"https:\/\/secure.gravatar.com\/avatar\/894b9daaf19cc759b072b6bb09cac5f2?s=96&d=mm&r=g","caption":"admin"},"sameAs":["https:\/\/v2.ladiagonale.net"],"url":"https:\/\/www.ladiagonale.net\/index.php\/author\/admin\/"}]}},"_links":{"self":[{"href":"https:\/\/www.ladiagonale.net\/index.php\/wp-json\/wp\/v2\/posts\/3990"}],"collection":[{"href":"https:\/\/www.ladiagonale.net\/index.php\/wp-json\/wp\/v2\/posts"}],"about":[{"href":"https:\/\/www.ladiagonale.net\/index.php\/wp-json\/wp\/v2\/types\/post"}],"author":[{"embeddable":true,"href":"https:\/\/www.ladiagonale.net\/index.php\/wp-json\/wp\/v2\/users\/1"}],"replies":[{"embeddable":true,"href":"https:\/\/www.ladiagonale.net\/index.php\/wp-json\/wp\/v2\/comments?post=3990"}],"version-history":[{"count":0,"href":"https:\/\/www.ladiagonale.net\/index.php\/wp-json\/wp\/v2\/posts\/3990\/revisions"}],"wp:attachment":[{"href":"https:\/\/www.ladiagonale.net\/index.php\/wp-json\/wp\/v2\/media?parent=3990"}],"wp:term":[{"taxonomy":"category","embeddable":true,"href":"https:\/\/www.ladiagonale.net\/index.php\/wp-json\/wp\/v2\/categories?post=3990"},{"taxonomy":"post_tag","embeddable":true,"href":"https:\/\/www.ladiagonale.net\/index.php\/wp-json\/wp\/v2\/tags?post=3990"}],"curies":[{"name":"wp","href":"https:\/\/api.w.org\/{rel}","templated":true}]}}