{"id":3991,"date":"2022-07-31T00:00:00","date_gmt":"2022-07-30T22:00:00","guid":{"rendered":"https:\/\/www.ladiagonale.net\/index.php\/2022\/07\/31\/clement-badiashile-a-besoin-dun-an-de-plus-a-monaco\/"},"modified":"2022-07-31T00:00:00","modified_gmt":"2022-07-30T22:00:00","slug":"clement-badiashile-a-besoin-dun-an-de-plus-a-monaco","status":"publish","type":"post","link":"https:\/\/www.ladiagonale.net\/index.php\/2022\/07\/31\/clement-badiashile-a-besoin-dun-an-de-plus-a-monaco\/","title":{"rendered":"Clement : \u00ab\u00a0Badiashile a besoin d\u2019un an de plus \u00e0 Monaco\u00a0\u00bb"},"content":{"rendered":"<p>Courtis\u00e9 pas de nombreuses grosses cylindr\u00e9es europ\u00e9ennes, Beno\u00eet Badiashile pourrait quitter le club cet \u00e9t\u00e9, mais Monaco [ne compte pas le brader](https:\/\/www.ladiagonale.net\/news-1636-monaco-reclame-50-millions-deuros-minimum-pour-badiashile). De son c\u00f4t\u00e9, Philippe Clement esp\u00e8re pouvoir encore compter sur le d\u00e9fenseur central, actuellement bless\u00e9, une saison de plus : \u00ab\u00a0*Il a besoin d\u2019une ann\u00e9e suppl\u00e9mentaire \u00e0 Monaco et je lui ai dit. Il a d\u00e9j\u00e0 montr\u00e9 une progression sur les trois derniers mois. Il ne m\u2019a pas donn\u00e9 l\u2019impression d\u2019avoir la t\u00eate ailleurs. Il est engag\u00e9 dans notre projet.*\u00a0\u00bb<\/p>\n<p>Pour l\u2019entra\u00eeneur rouge et blanc, un an de plus permettra \u00e0 Badiashile de pouvoir partir par la grande porte : \u00ab\u00a0*Je suis certain que dans un an il aura encore grandi et pourra int\u00e9grer un grand club. Ce sera le bon contexte, comme Aur\u00e9lien (Tchouam\u00e9ni) l\u2019a fait. Il n\u2019arrivera pas comme un simple talent. On parlera alors d\u2019un joueur capable d\u2019\u00eatre titulaire. Et \u00e7a, \u00e7a fera une grande diff\u00e9rence.*\u00a0\u00bb Avant d\u2019ajouter que le d\u00e9fenseur de 21 ans \u00e9tait un \u00ab\u00a0*perfectionniste*\u00a0\u00bb et devait encore \u00ab\u00a0*am\u00e9liorer des choses.*\u00a0\u00bb<\/p>\n<p>D\u2019un point de vue du recrutement, le Belge n\u2019exclut pas une arriv\u00e9e dans le secteur d\u00e9fensif, comme cela avait d\u00e9j\u00e0 \u00e9t\u00e9 \u00e9voqu\u00e9 par Paul Mitchell lors des entretiens de fin de saison ([voir par ailleurs](https:\/\/www.ladiagonale.net\/news-1401-paul-mitchell-detaille-la-strategie-pour-le-mercato)) : \u00ab\u00a0*On veut encore amener de l\u2019exp\u00e9rience au groupe. Derri\u00e8re ? C\u2019est une possibilit\u00e9*\u00a0\u00bb, a ajout\u00e9 Clement.<\/p>\n<p>Photo :AS Monaco*<\/p>\n","protected":false},"excerpt":{"rendered":"<p>Courtis\u00e9 pas de nombreuses grosses cylindr\u00e9es europ\u00e9ennes, Beno\u00eet Badiashile pourrait quitter le club cet \u00e9t\u00e9, mais Monaco [ne compte pas le brader](https:\/\/www.ladiagonale.net\/news-1636-monaco-reclame-50-millions-deuros-minimum-pour-badiashile). De son c\u00f4t\u00e9, Philippe Clement esp\u00e8re pouvoir encore compter sur le d\u00e9fenseur central, actuellement bless\u00e9, une saison de plus : \u00ab\u00a0*Il a besoin d\u2019une ann\u00e9e suppl\u00e9mentaire \u00e0 Monaco et je lui ai dit. [&#8230;]\n","protected":false},"author":1,"featured_media":0,"comment_status":"open","ping_status":"open","sticky":false,"template":"","format":"standard","meta":[],"categories":[6],"tags":[],"yoast_head":"<!-- This site is optimized with the Yoast SEO plugin v19.8 - https:\/\/yoast.com\/wordpress\/plugins\/seo\/ -->\n<title>Clement : \u00ab\u00a0Badiashile a besoin d\u2019un an de plus \u00e0 Monaco\u00a0\u00bb - La Diagonale<\/title>\n<meta name=\"robots\" content=\"index, follow, max-snippet:-1, max-image-preview:large, max-video-preview:-1\" \/>\n<link rel=\"canonical\" href=\"https:\/\/www.ladiagonale.net\/index.php\/2022\/07\/31\/clement-badiashile-a-besoin-dun-an-de-plus-a-monaco\/\" \/>\n<meta property=\"og:locale\" content=\"fr_FR\" \/>\n<meta property=\"og:type\" content=\"article\" \/>\n<meta property=\"og:title\" content=\"Clement : \u00ab\u00a0Badiashile a besoin d\u2019un an de plus \u00e0 Monaco\u00a0\u00bb - La Diagonale\" \/>\n<meta property=\"og:description\" content=\"Courtis\u00e9 pas de nombreuses grosses cylindr\u00e9es europ\u00e9ennes, Beno\u00eet Badiashile pourrait quitter le club cet \u00e9t\u00e9, mais Monaco [ne compte pas le brader](https:\/\/www.ladiagonale.net\/news-1636-monaco-reclame-50-millions-deuros-minimum-pour-badiashile). De son c\u00f4t\u00e9, Philippe Clement esp\u00e8re pouvoir encore compter sur le d\u00e9fenseur central, actuellement bless\u00e9, une saison de plus : \u00ab\u00a0*Il a besoin d\u2019une ann\u00e9e suppl\u00e9mentaire \u00e0 Monaco et je lui ai dit. [...]\" \/>\n<meta property=\"og:url\" content=\"https:\/\/www.ladiagonale.net\/index.php\/2022\/07\/31\/clement-badiashile-a-besoin-dun-an-de-plus-a-monaco\/\" \/>\n<meta property=\"og:site_name\" content=\"La Diagonale\" \/>\n<meta property=\"article:published_time\" content=\"2022-07-30T22:00:00+00:00\" \/>\n<meta name=\"author\" content=\"admin\" \/>\n<meta name=\"twitter:card\" content=\"summary_large_image\" \/>\n<meta name=\"twitter:label1\" content=\"\u00c9crit par\" \/>\n\t<meta name=\"twitter:data1\" content=\"admin\" \/>\n\t<meta name=\"twitter:label2\" content=\"Dur\u00e9e de lecture estim\u00e9e\" \/>\n\t<meta name=\"twitter:data2\" content=\"1 minute\" \/>\n<script type=\"application\/ld+json\" class=\"yoast-schema-graph\">{\"@context\":\"https:\/\/schema.org\",\"@graph\":[{\"@type\":\"WebPage\",\"@id\":\"https:\/\/www.ladiagonale.net\/index.php\/2022\/07\/31\/clement-badiashile-a-besoin-dun-an-de-plus-a-monaco\/\",\"url\":\"https:\/\/www.ladiagonale.net\/index.php\/2022\/07\/31\/clement-badiashile-a-besoin-dun-an-de-plus-a-monaco\/\",\"name\":\"Clement : \u00ab\u00a0Badiashile a besoin d\u2019un an de plus \u00e0 Monaco\u00a0\u00bb - La Diagonale\",\"isPartOf\":{\"@id\":\"https:\/\/www.ladiagonale.net\/#website\"},\"datePublished\":\"2022-07-30T22:00:00+00:00\",\"dateModified\":\"2022-07-30T22:00:00+00:00\",\"author\":{\"@id\":\"https:\/\/www.ladiagonale.net\/#\/schema\/person\/03fa041acd51875ece8bf97a37252a4d\"},\"breadcrumb\":{\"@id\":\"https:\/\/www.ladiagonale.net\/index.php\/2022\/07\/31\/clement-badiashile-a-besoin-dun-an-de-plus-a-monaco\/#breadcrumb\"},\"inLanguage\":\"fr-FR\",\"potentialAction\":[{\"@type\":\"ReadAction\",\"target\":[\"https:\/\/www.ladiagonale.net\/index.php\/2022\/07\/31\/clement-badiashile-a-besoin-dun-an-de-plus-a-monaco\/\"]}]},{\"@type\":\"BreadcrumbList\",\"@id\":\"https:\/\/www.ladiagonale.net\/index.php\/2022\/07\/31\/clement-badiashile-a-besoin-dun-an-de-plus-a-monaco\/#breadcrumb\",\"itemListElement\":[{\"@type\":\"ListItem\",\"position\":1,\"name\":\"Accueil\",\"item\":\"https:\/\/www.ladiagonale.net\/\"},{\"@type\":\"ListItem\",\"position\":2,\"name\":\"Clement : \u00ab\u00a0Badiashile a besoin d\u2019un an de plus \u00e0 Monaco\u00a0\u00bb\"}]},{\"@type\":\"WebSite\",\"@id\":\"https:\/\/www.ladiagonale.net\/#website\",\"url\":\"https:\/\/www.ladiagonale.net\/\",\"name\":\"La Diagonale\",\"description\":\"Le site des supporters de l&#039;AS Monaco FC\",\"potentialAction\":[{\"@type\":\"SearchAction\",\"target\":{\"@type\":\"EntryPoint\",\"urlTemplate\":\"https:\/\/www.ladiagonale.net\/?s={search_term_string}\"},\"query-input\":\"required name=search_term_string\"}],\"inLanguage\":\"fr-FR\"},{\"@type\":\"Person\",\"@id\":\"https:\/\/www.ladiagonale.net\/#\/schema\/person\/03fa041acd51875ece8bf97a37252a4d\",\"name\":\"admin\",\"image\":{\"@type\":\"ImageObject\",\"inLanguage\":\"fr-FR\",\"@id\":\"https:\/\/www.ladiagonale.net\/#\/schema\/person\/image\/\",\"url\":\"https:\/\/secure.gravatar.com\/avatar\/894b9daaf19cc759b072b6bb09cac5f2?s=96&d=mm&r=g\",\"contentUrl\":\"https:\/\/secure.gravatar.com\/avatar\/894b9daaf19cc759b072b6bb09cac5f2?s=96&d=mm&r=g\",\"caption\":\"admin\"},\"sameAs\":[\"https:\/\/v2.ladiagonale.net\"],\"url\":\"https:\/\/www.ladiagonale.net\/index.php\/author\/admin\/\"}]}<\/script>\n<!-- \/ Yoast SEO plugin. -->","yoast_head_json":{"title":"Clement : \u00ab\u00a0Badiashile a besoin d\u2019un an de plus \u00e0 Monaco\u00a0\u00bb - La Diagonale","robots":{"index":"index","follow":"follow","max-snippet":"max-snippet:-1","max-image-preview":"max-image-preview:large","max-video-preview":"max-video-preview:-1"},"canonical":"https:\/\/www.ladiagonale.net\/index.php\/2022\/07\/31\/clement-badiashile-a-besoin-dun-an-de-plus-a-monaco\/","og_locale":"fr_FR","og_type":"article","og_title":"Clement : \u00ab\u00a0Badiashile a besoin d\u2019un an de plus \u00e0 Monaco\u00a0\u00bb - La Diagonale","og_description":"Courtis\u00e9 pas de nombreuses grosses cylindr\u00e9es europ\u00e9ennes, Beno\u00eet Badiashile pourrait quitter le club cet \u00e9t\u00e9, mais Monaco [ne compte pas le brader](https:\/\/www.ladiagonale.net\/news-1636-monaco-reclame-50-millions-deuros-minimum-pour-badiashile). De son c\u00f4t\u00e9, Philippe Clement esp\u00e8re pouvoir encore compter sur le d\u00e9fenseur central, actuellement bless\u00e9, une saison de plus : \u00ab\u00a0*Il a besoin d\u2019une ann\u00e9e suppl\u00e9mentaire \u00e0 Monaco et je lui ai dit. [...]","og_url":"https:\/\/www.ladiagonale.net\/index.php\/2022\/07\/31\/clement-badiashile-a-besoin-dun-an-de-plus-a-monaco\/","og_site_name":"La Diagonale","article_published_time":"2022-07-30T22:00:00+00:00","author":"admin","twitter_card":"summary_large_image","twitter_misc":{"\u00c9crit par":"admin","Dur\u00e9e de lecture estim\u00e9e":"1 minute"},"schema":{"@context":"https:\/\/schema.org","@graph":[{"@type":"WebPage","@id":"https:\/\/www.ladiagonale.net\/index.php\/2022\/07\/31\/clement-badiashile-a-besoin-dun-an-de-plus-a-monaco\/","url":"https:\/\/www.ladiagonale.net\/index.php\/2022\/07\/31\/clement-badiashile-a-besoin-dun-an-de-plus-a-monaco\/","name":"Clement : \u00ab\u00a0Badiashile a besoin d\u2019un an de plus \u00e0 Monaco\u00a0\u00bb - La Diagonale","isPartOf":{"@id":"https:\/\/www.ladiagonale.net\/#website"},"datePublished":"2022-07-30T22:00:00+00:00","dateModified":"2022-07-30T22:00:00+00:00","author":{"@id":"https:\/\/www.ladiagonale.net\/#\/schema\/person\/03fa041acd51875ece8bf97a37252a4d"},"breadcrumb":{"@id":"https:\/\/www.ladiagonale.net\/index.php\/2022\/07\/31\/clement-badiashile-a-besoin-dun-an-de-plus-a-monaco\/#breadcrumb"},"inLanguage":"fr-FR","potentialAction":[{"@type":"ReadAction","target":["https:\/\/www.ladiagonale.net\/index.php\/2022\/07\/31\/clement-badiashile-a-besoin-dun-an-de-plus-a-monaco\/"]}]},{"@type":"BreadcrumbList","@id":"https:\/\/www.ladiagonale.net\/index.php\/2022\/07\/31\/clement-badiashile-a-besoin-dun-an-de-plus-a-monaco\/#breadcrumb","itemListElement":[{"@type":"ListItem","position":1,"name":"Accueil","item":"https:\/\/www.ladiagonale.net\/"},{"@type":"ListItem","position":2,"name":"Clement : \u00ab\u00a0Badiashile a besoin d\u2019un an de plus \u00e0 Monaco\u00a0\u00bb"}]},{"@type":"WebSite","@id":"https:\/\/www.ladiagonale.net\/#website","url":"https:\/\/www.ladiagonale.net\/","name":"La Diagonale","description":"Le site des supporters de l&#039;AS Monaco FC","potentialAction":[{"@type":"SearchAction","target":{"@type":"EntryPoint","urlTemplate":"https:\/\/www.ladiagonale.net\/?s={search_term_string}"},"query-input":"required name=search_term_string"}],"inLanguage":"fr-FR"},{"@type":"Person","@id":"https:\/\/www.ladiagonale.net\/#\/schema\/person\/03fa041acd51875ece8bf97a37252a4d","name":"admin","image":{"@type":"ImageObject","inLanguage":"fr-FR","@id":"https:\/\/www.ladiagonale.net\/#\/schema\/person\/image\/","url":"https:\/\/secure.gravatar.com\/avatar\/894b9daaf19cc759b072b6bb09cac5f2?s=96&d=mm&r=g","contentUrl":"https:\/\/secure.gravatar.com\/avatar\/894b9daaf19cc759b072b6bb09cac5f2?s=96&d=mm&r=g","caption":"admin"},"sameAs":["https:\/\/v2.ladiagonale.net"],"url":"https:\/\/www.ladiagonale.net\/index.php\/author\/admin\/"}]}},"_links":{"self":[{"href":"https:\/\/www.ladiagonale.net\/index.php\/wp-json\/wp\/v2\/posts\/3991"}],"collection":[{"href":"https:\/\/www.ladiagonale.net\/index.php\/wp-json\/wp\/v2\/posts"}],"about":[{"href":"https:\/\/www.ladiagonale.net\/index.php\/wp-json\/wp\/v2\/types\/post"}],"author":[{"embeddable":true,"href":"https:\/\/www.ladiagonale.net\/index.php\/wp-json\/wp\/v2\/users\/1"}],"replies":[{"embeddable":true,"href":"https:\/\/www.ladiagonale.net\/index.php\/wp-json\/wp\/v2\/comments?post=3991"}],"version-history":[{"count":0,"href":"https:\/\/www.ladiagonale.net\/index.php\/wp-json\/wp\/v2\/posts\/3991\/revisions"}],"wp:attachment":[{"href":"https:\/\/www.ladiagonale.net\/index.php\/wp-json\/wp\/v2\/media?parent=3991"}],"wp:term":[{"taxonomy":"category","embeddable":true,"href":"https:\/\/www.ladiagonale.net\/index.php\/wp-json\/wp\/v2\/categories?post=3991"},{"taxonomy":"post_tag","embeddable":true,"href":"https:\/\/www.ladiagonale.net\/index.php\/wp-json\/wp\/v2\/tags?post=3991"}],"curies":[{"name":"wp","href":"https:\/\/api.w.org\/{rel}","templated":true}]}}