{"id":3995,"date":"2022-07-31T00:00:00","date_gmt":"2022-07-30T22:00:00","guid":{"rendered":"https:\/\/www.ladiagonale.net\/index.php\/2022\/07\/31\/finale-perdue-pour-le-groupe-elite\/"},"modified":"2022-07-31T00:00:00","modified_gmt":"2022-07-30T22:00:00","slug":"finale-perdue-pour-le-groupe-elite","status":"publish","type":"post","link":"https:\/\/www.ladiagonale.net\/index.php\/2022\/07\/31\/finale-perdue-pour-le-groupe-elite\/","title":{"rendered":"Finale perdue pour le groupe \u00c9lite"},"content":{"rendered":"<p>Le tout nouveau groupe \u00c9lite de Damien Perrinelle est pass\u00e9 \u00e0 c\u00f4t\u00e9 de son premier troph\u00e9e. Les jeunes As\u00e9mistes ont \u00e9chou\u00e9 face \u00e0 Guingamp (0-2) en finale du Tournoi europ\u00e9en U21. Si la partie a \u00e9t\u00e9 globalement \u00e9quilibr\u00e9e, avec des occasions de part et d&rsquo;autre, les Rouge et Blanc ont craqu\u00e9 \u00e0 la toute fin de la deuxi\u00e8me mi-temps de 30 minutes, en encaissant deux buts coup sur coup (52e et 54e). L&rsquo;ancien Mon\u00e9gasque Gob\u00e9 Gouano a \u00e9t\u00e9 passeur d\u00e9cisif sur les deux buts adverses.<\/p>\n<p>Jordan Semedo est en outre sorti sur blessure un peu avant la pause, remplac\u00e9 par le capitaine Antonin Cartillier. Pour l&rsquo;AS Monaco, c&rsquo;est la deuxi\u00e8me fois qu&rsquo;elle \u00e9choue \u00e0 ce stade la comp\u00e9tition, apr\u00e8s une d\u00e9faite en 2018 contre le PSG. Elle pourra tout de m\u00eame se consoler avec la troph\u00e9e de meilleur joueur pour Edan Diop ainsi que le troph\u00e9e de meilleur gardien pour Lisandru Olmeta.<\/p>\n<p>Composition : Zadi &#8211; Platret, B\u00e9ry, Couto, Semedo (Cartillier, 29e) &#8211; Benama (Mayoute, 39e), Diop, Bamba &#8211; Yacoub (Efekele, 39e), Kouassi (Baglieri, 39e), Ben Seghir.<\/p>\n<p>Photo :AS Monaco*<\/p>\n","protected":false},"excerpt":{"rendered":"<p>Le tout nouveau groupe \u00c9lite de Damien Perrinelle est pass\u00e9 \u00e0 c\u00f4t\u00e9 de son premier troph\u00e9e. Les jeunes As\u00e9mistes ont \u00e9chou\u00e9 face \u00e0 Guingamp (0-2) en finale du Tournoi europ\u00e9en U21. Si la partie a \u00e9t\u00e9 globalement \u00e9quilibr\u00e9e, avec des occasions de part et d&rsquo;autre, les Rouge et Blanc ont craqu\u00e9 \u00e0 la toute fin [&#8230;]\n","protected":false},"author":1,"featured_media":0,"comment_status":"open","ping_status":"open","sticky":false,"template":"","format":"standard","meta":[],"categories":[6],"tags":[],"yoast_head":"<!-- This site is optimized with the Yoast SEO plugin v19.8 - https:\/\/yoast.com\/wordpress\/plugins\/seo\/ -->\n<title>Finale perdue pour le groupe \u00c9lite - La Diagonale<\/title>\n<meta name=\"robots\" content=\"index, follow, max-snippet:-1, max-image-preview:large, max-video-preview:-1\" \/>\n<link rel=\"canonical\" href=\"https:\/\/www.ladiagonale.net\/index.php\/2022\/07\/31\/finale-perdue-pour-le-groupe-elite\/\" \/>\n<meta property=\"og:locale\" content=\"fr_FR\" \/>\n<meta property=\"og:type\" content=\"article\" \/>\n<meta property=\"og:title\" content=\"Finale perdue pour le groupe \u00c9lite - La Diagonale\" \/>\n<meta property=\"og:description\" content=\"Le tout nouveau groupe \u00c9lite de Damien Perrinelle est pass\u00e9 \u00e0 c\u00f4t\u00e9 de son premier troph\u00e9e. Les jeunes As\u00e9mistes ont \u00e9chou\u00e9 face \u00e0 Guingamp (0-2) en finale du Tournoi europ\u00e9en U21. Si la partie a \u00e9t\u00e9 globalement \u00e9quilibr\u00e9e, avec des occasions de part et d&rsquo;autre, les Rouge et Blanc ont craqu\u00e9 \u00e0 la toute fin [...]\" \/>\n<meta property=\"og:url\" content=\"https:\/\/www.ladiagonale.net\/index.php\/2022\/07\/31\/finale-perdue-pour-le-groupe-elite\/\" \/>\n<meta property=\"og:site_name\" content=\"La Diagonale\" \/>\n<meta property=\"article:published_time\" content=\"2022-07-30T22:00:00+00:00\" \/>\n<meta name=\"author\" content=\"admin\" \/>\n<meta name=\"twitter:card\" content=\"summary_large_image\" \/>\n<meta name=\"twitter:label1\" content=\"\u00c9crit par\" \/>\n\t<meta name=\"twitter:data1\" content=\"admin\" \/>\n\t<meta name=\"twitter:label2\" content=\"Dur\u00e9e de lecture estim\u00e9e\" \/>\n\t<meta name=\"twitter:data2\" content=\"1 minute\" \/>\n<script type=\"application\/ld+json\" class=\"yoast-schema-graph\">{\"@context\":\"https:\/\/schema.org\",\"@graph\":[{\"@type\":\"WebPage\",\"@id\":\"https:\/\/www.ladiagonale.net\/index.php\/2022\/07\/31\/finale-perdue-pour-le-groupe-elite\/\",\"url\":\"https:\/\/www.ladiagonale.net\/index.php\/2022\/07\/31\/finale-perdue-pour-le-groupe-elite\/\",\"name\":\"Finale perdue pour le groupe \u00c9lite - La Diagonale\",\"isPartOf\":{\"@id\":\"https:\/\/www.ladiagonale.net\/#website\"},\"datePublished\":\"2022-07-30T22:00:00+00:00\",\"dateModified\":\"2022-07-30T22:00:00+00:00\",\"author\":{\"@id\":\"https:\/\/www.ladiagonale.net\/#\/schema\/person\/03fa041acd51875ece8bf97a37252a4d\"},\"breadcrumb\":{\"@id\":\"https:\/\/www.ladiagonale.net\/index.php\/2022\/07\/31\/finale-perdue-pour-le-groupe-elite\/#breadcrumb\"},\"inLanguage\":\"fr-FR\",\"potentialAction\":[{\"@type\":\"ReadAction\",\"target\":[\"https:\/\/www.ladiagonale.net\/index.php\/2022\/07\/31\/finale-perdue-pour-le-groupe-elite\/\"]}]},{\"@type\":\"BreadcrumbList\",\"@id\":\"https:\/\/www.ladiagonale.net\/index.php\/2022\/07\/31\/finale-perdue-pour-le-groupe-elite\/#breadcrumb\",\"itemListElement\":[{\"@type\":\"ListItem\",\"position\":1,\"name\":\"Accueil\",\"item\":\"https:\/\/www.ladiagonale.net\/\"},{\"@type\":\"ListItem\",\"position\":2,\"name\":\"Finale perdue pour le groupe \u00c9lite\"}]},{\"@type\":\"WebSite\",\"@id\":\"https:\/\/www.ladiagonale.net\/#website\",\"url\":\"https:\/\/www.ladiagonale.net\/\",\"name\":\"La Diagonale\",\"description\":\"Le site des supporters de l&#039;AS Monaco FC\",\"potentialAction\":[{\"@type\":\"SearchAction\",\"target\":{\"@type\":\"EntryPoint\",\"urlTemplate\":\"https:\/\/www.ladiagonale.net\/?s={search_term_string}\"},\"query-input\":\"required name=search_term_string\"}],\"inLanguage\":\"fr-FR\"},{\"@type\":\"Person\",\"@id\":\"https:\/\/www.ladiagonale.net\/#\/schema\/person\/03fa041acd51875ece8bf97a37252a4d\",\"name\":\"admin\",\"image\":{\"@type\":\"ImageObject\",\"inLanguage\":\"fr-FR\",\"@id\":\"https:\/\/www.ladiagonale.net\/#\/schema\/person\/image\/\",\"url\":\"https:\/\/secure.gravatar.com\/avatar\/894b9daaf19cc759b072b6bb09cac5f2?s=96&d=mm&r=g\",\"contentUrl\":\"https:\/\/secure.gravatar.com\/avatar\/894b9daaf19cc759b072b6bb09cac5f2?s=96&d=mm&r=g\",\"caption\":\"admin\"},\"sameAs\":[\"https:\/\/v2.ladiagonale.net\"],\"url\":\"https:\/\/www.ladiagonale.net\/index.php\/author\/admin\/\"}]}<\/script>\n<!-- \/ Yoast SEO plugin. -->","yoast_head_json":{"title":"Finale perdue pour le groupe \u00c9lite - La Diagonale","robots":{"index":"index","follow":"follow","max-snippet":"max-snippet:-1","max-image-preview":"max-image-preview:large","max-video-preview":"max-video-preview:-1"},"canonical":"https:\/\/www.ladiagonale.net\/index.php\/2022\/07\/31\/finale-perdue-pour-le-groupe-elite\/","og_locale":"fr_FR","og_type":"article","og_title":"Finale perdue pour le groupe \u00c9lite - La Diagonale","og_description":"Le tout nouveau groupe \u00c9lite de Damien Perrinelle est pass\u00e9 \u00e0 c\u00f4t\u00e9 de son premier troph\u00e9e. Les jeunes As\u00e9mistes ont \u00e9chou\u00e9 face \u00e0 Guingamp (0-2) en finale du Tournoi europ\u00e9en U21. Si la partie a \u00e9t\u00e9 globalement \u00e9quilibr\u00e9e, avec des occasions de part et d&rsquo;autre, les Rouge et Blanc ont craqu\u00e9 \u00e0 la toute fin [...]","og_url":"https:\/\/www.ladiagonale.net\/index.php\/2022\/07\/31\/finale-perdue-pour-le-groupe-elite\/","og_site_name":"La Diagonale","article_published_time":"2022-07-30T22:00:00+00:00","author":"admin","twitter_card":"summary_large_image","twitter_misc":{"\u00c9crit par":"admin","Dur\u00e9e de lecture estim\u00e9e":"1 minute"},"schema":{"@context":"https:\/\/schema.org","@graph":[{"@type":"WebPage","@id":"https:\/\/www.ladiagonale.net\/index.php\/2022\/07\/31\/finale-perdue-pour-le-groupe-elite\/","url":"https:\/\/www.ladiagonale.net\/index.php\/2022\/07\/31\/finale-perdue-pour-le-groupe-elite\/","name":"Finale perdue pour le groupe \u00c9lite - La Diagonale","isPartOf":{"@id":"https:\/\/www.ladiagonale.net\/#website"},"datePublished":"2022-07-30T22:00:00+00:00","dateModified":"2022-07-30T22:00:00+00:00","author":{"@id":"https:\/\/www.ladiagonale.net\/#\/schema\/person\/03fa041acd51875ece8bf97a37252a4d"},"breadcrumb":{"@id":"https:\/\/www.ladiagonale.net\/index.php\/2022\/07\/31\/finale-perdue-pour-le-groupe-elite\/#breadcrumb"},"inLanguage":"fr-FR","potentialAction":[{"@type":"ReadAction","target":["https:\/\/www.ladiagonale.net\/index.php\/2022\/07\/31\/finale-perdue-pour-le-groupe-elite\/"]}]},{"@type":"BreadcrumbList","@id":"https:\/\/www.ladiagonale.net\/index.php\/2022\/07\/31\/finale-perdue-pour-le-groupe-elite\/#breadcrumb","itemListElement":[{"@type":"ListItem","position":1,"name":"Accueil","item":"https:\/\/www.ladiagonale.net\/"},{"@type":"ListItem","position":2,"name":"Finale perdue pour le groupe \u00c9lite"}]},{"@type":"WebSite","@id":"https:\/\/www.ladiagonale.net\/#website","url":"https:\/\/www.ladiagonale.net\/","name":"La Diagonale","description":"Le site des supporters de l&#039;AS Monaco FC","potentialAction":[{"@type":"SearchAction","target":{"@type":"EntryPoint","urlTemplate":"https:\/\/www.ladiagonale.net\/?s={search_term_string}"},"query-input":"required name=search_term_string"}],"inLanguage":"fr-FR"},{"@type":"Person","@id":"https:\/\/www.ladiagonale.net\/#\/schema\/person\/03fa041acd51875ece8bf97a37252a4d","name":"admin","image":{"@type":"ImageObject","inLanguage":"fr-FR","@id":"https:\/\/www.ladiagonale.net\/#\/schema\/person\/image\/","url":"https:\/\/secure.gravatar.com\/avatar\/894b9daaf19cc759b072b6bb09cac5f2?s=96&d=mm&r=g","contentUrl":"https:\/\/secure.gravatar.com\/avatar\/894b9daaf19cc759b072b6bb09cac5f2?s=96&d=mm&r=g","caption":"admin"},"sameAs":["https:\/\/v2.ladiagonale.net"],"url":"https:\/\/www.ladiagonale.net\/index.php\/author\/admin\/"}]}},"_links":{"self":[{"href":"https:\/\/www.ladiagonale.net\/index.php\/wp-json\/wp\/v2\/posts\/3995"}],"collection":[{"href":"https:\/\/www.ladiagonale.net\/index.php\/wp-json\/wp\/v2\/posts"}],"about":[{"href":"https:\/\/www.ladiagonale.net\/index.php\/wp-json\/wp\/v2\/types\/post"}],"author":[{"embeddable":true,"href":"https:\/\/www.ladiagonale.net\/index.php\/wp-json\/wp\/v2\/users\/1"}],"replies":[{"embeddable":true,"href":"https:\/\/www.ladiagonale.net\/index.php\/wp-json\/wp\/v2\/comments?post=3995"}],"version-history":[{"count":0,"href":"https:\/\/www.ladiagonale.net\/index.php\/wp-json\/wp\/v2\/posts\/3995\/revisions"}],"wp:attachment":[{"href":"https:\/\/www.ladiagonale.net\/index.php\/wp-json\/wp\/v2\/media?parent=3995"}],"wp:term":[{"taxonomy":"category","embeddable":true,"href":"https:\/\/www.ladiagonale.net\/index.php\/wp-json\/wp\/v2\/categories?post=3995"},{"taxonomy":"post_tag","embeddable":true,"href":"https:\/\/www.ladiagonale.net\/index.php\/wp-json\/wp\/v2\/tags?post=3995"}],"curies":[{"name":"wp","href":"https:\/\/api.w.org\/{rel}","templated":true}]}}