{"id":402,"date":"2021-12-21T13:00:00","date_gmt":"2021-12-21T12:00:00","guid":{"rendered":"https:\/\/www.ladiagonale.net\/index.php\/2021\/12\/21\/vanderson-fait-partie-des-joueurs-suivis-par-lasm\/"},"modified":"2023-12-18T14:48:01","modified_gmt":"2023-12-18T13:48:01","slug":"vanderson-fait-partie-des-joueurs-suivis-par-lasm","status":"publish","type":"post","link":"https:\/\/www.ladiagonale.net\/index.php\/2021\/12\/21\/vanderson-fait-partie-des-joueurs-suivis-par-lasm\/","title":{"rendered":"Vanderson fait partie des joueurs suivis par l&rsquo;ASM"},"content":{"rendered":"\n<p class=\"has-black-color has-white-background-color has-text-color has-background\">Si les rumeurs se sont intensifi\u00e9es ces derniers jours autour de Vanderson, l&rsquo;ASM a confirm\u00e9 dans l&rsquo;\u00e9dition du jour de <em>Nice-Matin<\/em> que le lat\u00e9ral droit \u00e9tait bien suivi par la cellule de recrutement du club.<br><br>\u00c2g\u00e9 de 20 ans, Vanderson \u00e9volue actuellement \u00e0 Gr\u00eamio o\u00f9 il est sous contrat jusqu&rsquo;en d\u00e9cembre 2025. Selon les m\u00e9dias br\u00e9siliens, un accord autour de 12 millions d&rsquo;euros aurait \u00e9t\u00e9 trouv\u00e9 entre les deux clubs. Le mercato hivernal doit s&rsquo;ouvrir le 1er janvier 2022.<\/p>\n","protected":false},"excerpt":{"rendered":"<p>Si les rumeurs se sont intensifi\u00e9es ces derniers jours autour de Vanderson, l&rsquo;ASM a confirm\u00e9 dans l&rsquo;\u00e9dition du jour de Nice-Matin que le lat\u00e9ral droit \u00e9tait bien suivi par la cellule de recrutement du club. \u00c2g\u00e9 de 20 ans, Vanderson \u00e9volue actuellement \u00e0 Gr\u00eamio o\u00f9 il est sous contrat jusqu&rsquo;en d\u00e9cembre 2025. Selon les m\u00e9dias [&#8230;]\n","protected":false},"author":2,"featured_media":0,"comment_status":"open","ping_status":"open","sticky":false,"template":"","format":"standard","meta":[],"categories":[6],"tags":[127,126,111,110,125],"yoast_head":"<!-- This site is optimized with the Yoast SEO plugin v19.8 - https:\/\/yoast.com\/wordpress\/plugins\/seo\/ -->\n<title>Vanderson fait partie des joueurs suivis par l&#039;ASM - La Diagonale<\/title>\n<meta name=\"robots\" content=\"index, follow, max-snippet:-1, max-image-preview:large, max-video-preview:-1\" \/>\n<link rel=\"canonical\" href=\"https:\/\/www.ladiagonale.net\/index.php\/2021\/12\/21\/vanderson-fait-partie-des-joueurs-suivis-par-lasm\/\" \/>\n<meta property=\"og:locale\" content=\"fr_FR\" \/>\n<meta property=\"og:type\" content=\"article\" \/>\n<meta property=\"og:title\" content=\"Vanderson fait partie des joueurs suivis par l&#039;ASM - La Diagonale\" \/>\n<meta property=\"og:description\" content=\"Si les rumeurs se sont intensifi\u00e9es ces derniers jours autour de Vanderson, l&rsquo;ASM a confirm\u00e9 dans l&rsquo;\u00e9dition du jour de Nice-Matin que le lat\u00e9ral droit \u00e9tait bien suivi par la cellule de recrutement du club. \u00c2g\u00e9 de 20 ans, Vanderson \u00e9volue actuellement \u00e0 Gr\u00eamio o\u00f9 il est sous contrat jusqu&rsquo;en d\u00e9cembre 2025. Selon les m\u00e9dias [...]\" \/>\n<meta property=\"og:url\" content=\"https:\/\/www.ladiagonale.net\/index.php\/2021\/12\/21\/vanderson-fait-partie-des-joueurs-suivis-par-lasm\/\" \/>\n<meta property=\"og:site_name\" content=\"La Diagonale\" \/>\n<meta property=\"article:published_time\" content=\"2021-12-21T12:00:00+00:00\" \/>\n<meta property=\"article:modified_time\" content=\"2023-12-18T13:48:01+00:00\" \/>\n<meta name=\"author\" content=\"Damien Dellerba\" \/>\n<meta name=\"twitter:card\" content=\"summary_large_image\" \/>\n<meta name=\"twitter:label1\" content=\"\u00c9crit par\" \/>\n\t<meta name=\"twitter:data1\" content=\"Damien Dellerba\" \/>\n\t<meta name=\"twitter:label2\" content=\"Dur\u00e9e de lecture estim\u00e9e\" \/>\n\t<meta name=\"twitter:data2\" content=\"1 minute\" \/>\n<script type=\"application\/ld+json\" class=\"yoast-schema-graph\">{\"@context\":\"https:\/\/schema.org\",\"@graph\":[{\"@type\":\"WebPage\",\"@id\":\"https:\/\/www.ladiagonale.net\/index.php\/2021\/12\/21\/vanderson-fait-partie-des-joueurs-suivis-par-lasm\/\",\"url\":\"https:\/\/www.ladiagonale.net\/index.php\/2021\/12\/21\/vanderson-fait-partie-des-joueurs-suivis-par-lasm\/\",\"name\":\"Vanderson fait partie des joueurs suivis par l'ASM - La Diagonale\",\"isPartOf\":{\"@id\":\"https:\/\/www.ladiagonale.net\/#website\"},\"datePublished\":\"2021-12-21T12:00:00+00:00\",\"dateModified\":\"2023-12-18T13:48:01+00:00\",\"author\":{\"@id\":\"https:\/\/www.ladiagonale.net\/#\/schema\/person\/79ff1e7b0853ed01b2aa26e64ad300bf\"},\"breadcrumb\":{\"@id\":\"https:\/\/www.ladiagonale.net\/index.php\/2021\/12\/21\/vanderson-fait-partie-des-joueurs-suivis-par-lasm\/#breadcrumb\"},\"inLanguage\":\"fr-FR\",\"potentialAction\":[{\"@type\":\"ReadAction\",\"target\":[\"https:\/\/www.ladiagonale.net\/index.php\/2021\/12\/21\/vanderson-fait-partie-des-joueurs-suivis-par-lasm\/\"]}]},{\"@type\":\"BreadcrumbList\",\"@id\":\"https:\/\/www.ladiagonale.net\/index.php\/2021\/12\/21\/vanderson-fait-partie-des-joueurs-suivis-par-lasm\/#breadcrumb\",\"itemListElement\":[{\"@type\":\"ListItem\",\"position\":1,\"name\":\"Accueil\",\"item\":\"https:\/\/www.ladiagonale.net\/\"},{\"@type\":\"ListItem\",\"position\":2,\"name\":\"Vanderson fait partie des joueurs suivis par l&rsquo;ASM\"}]},{\"@type\":\"WebSite\",\"@id\":\"https:\/\/www.ladiagonale.net\/#website\",\"url\":\"https:\/\/www.ladiagonale.net\/\",\"name\":\"La Diagonale\",\"description\":\"Le site des supporters de l&#039;AS Monaco FC\",\"potentialAction\":[{\"@type\":\"SearchAction\",\"target\":{\"@type\":\"EntryPoint\",\"urlTemplate\":\"https:\/\/www.ladiagonale.net\/?s={search_term_string}\"},\"query-input\":\"required name=search_term_string\"}],\"inLanguage\":\"fr-FR\"},{\"@type\":\"Person\",\"@id\":\"https:\/\/www.ladiagonale.net\/#\/schema\/person\/79ff1e7b0853ed01b2aa26e64ad300bf\",\"name\":\"Damien Dellerba\",\"image\":{\"@type\":\"ImageObject\",\"inLanguage\":\"fr-FR\",\"@id\":\"https:\/\/www.ladiagonale.net\/#\/schema\/person\/image\/\",\"url\":\"https:\/\/secure.gravatar.com\/avatar\/c7850e06d3ff63cdbaee88b7fc16e2f0?s=96&d=mm&r=g\",\"contentUrl\":\"https:\/\/secure.gravatar.com\/avatar\/c7850e06d3ff63cdbaee88b7fc16e2f0?s=96&d=mm&r=g\",\"caption\":\"Damien Dellerba\"},\"url\":\"https:\/\/www.ladiagonale.net\/index.php\/author\/damien\/\"}]}<\/script>\n<!-- \/ Yoast SEO plugin. -->","yoast_head_json":{"title":"Vanderson fait partie des joueurs suivis par l'ASM - La Diagonale","robots":{"index":"index","follow":"follow","max-snippet":"max-snippet:-1","max-image-preview":"max-image-preview:large","max-video-preview":"max-video-preview:-1"},"canonical":"https:\/\/www.ladiagonale.net\/index.php\/2021\/12\/21\/vanderson-fait-partie-des-joueurs-suivis-par-lasm\/","og_locale":"fr_FR","og_type":"article","og_title":"Vanderson fait partie des joueurs suivis par l'ASM - La Diagonale","og_description":"Si les rumeurs se sont intensifi\u00e9es ces derniers jours autour de Vanderson, l&rsquo;ASM a confirm\u00e9 dans l&rsquo;\u00e9dition du jour de Nice-Matin que le lat\u00e9ral droit \u00e9tait bien suivi par la cellule de recrutement du club. \u00c2g\u00e9 de 20 ans, Vanderson \u00e9volue actuellement \u00e0 Gr\u00eamio o\u00f9 il est sous contrat jusqu&rsquo;en d\u00e9cembre 2025. Selon les m\u00e9dias [...]","og_url":"https:\/\/www.ladiagonale.net\/index.php\/2021\/12\/21\/vanderson-fait-partie-des-joueurs-suivis-par-lasm\/","og_site_name":"La Diagonale","article_published_time":"2021-12-21T12:00:00+00:00","article_modified_time":"2023-12-18T13:48:01+00:00","author":"Damien Dellerba","twitter_card":"summary_large_image","twitter_misc":{"\u00c9crit par":"Damien Dellerba","Dur\u00e9e de lecture estim\u00e9e":"1 minute"},"schema":{"@context":"https:\/\/schema.org","@graph":[{"@type":"WebPage","@id":"https:\/\/www.ladiagonale.net\/index.php\/2021\/12\/21\/vanderson-fait-partie-des-joueurs-suivis-par-lasm\/","url":"https:\/\/www.ladiagonale.net\/index.php\/2021\/12\/21\/vanderson-fait-partie-des-joueurs-suivis-par-lasm\/","name":"Vanderson fait partie des joueurs suivis par l'ASM - La Diagonale","isPartOf":{"@id":"https:\/\/www.ladiagonale.net\/#website"},"datePublished":"2021-12-21T12:00:00+00:00","dateModified":"2023-12-18T13:48:01+00:00","author":{"@id":"https:\/\/www.ladiagonale.net\/#\/schema\/person\/79ff1e7b0853ed01b2aa26e64ad300bf"},"breadcrumb":{"@id":"https:\/\/www.ladiagonale.net\/index.php\/2021\/12\/21\/vanderson-fait-partie-des-joueurs-suivis-par-lasm\/#breadcrumb"},"inLanguage":"fr-FR","potentialAction":[{"@type":"ReadAction","target":["https:\/\/www.ladiagonale.net\/index.php\/2021\/12\/21\/vanderson-fait-partie-des-joueurs-suivis-par-lasm\/"]}]},{"@type":"BreadcrumbList","@id":"https:\/\/www.ladiagonale.net\/index.php\/2021\/12\/21\/vanderson-fait-partie-des-joueurs-suivis-par-lasm\/#breadcrumb","itemListElement":[{"@type":"ListItem","position":1,"name":"Accueil","item":"https:\/\/www.ladiagonale.net\/"},{"@type":"ListItem","position":2,"name":"Vanderson fait partie des joueurs suivis par l&rsquo;ASM"}]},{"@type":"WebSite","@id":"https:\/\/www.ladiagonale.net\/#website","url":"https:\/\/www.ladiagonale.net\/","name":"La Diagonale","description":"Le site des supporters de l&#039;AS Monaco FC","potentialAction":[{"@type":"SearchAction","target":{"@type":"EntryPoint","urlTemplate":"https:\/\/www.ladiagonale.net\/?s={search_term_string}"},"query-input":"required name=search_term_string"}],"inLanguage":"fr-FR"},{"@type":"Person","@id":"https:\/\/www.ladiagonale.net\/#\/schema\/person\/79ff1e7b0853ed01b2aa26e64ad300bf","name":"Damien Dellerba","image":{"@type":"ImageObject","inLanguage":"fr-FR","@id":"https:\/\/www.ladiagonale.net\/#\/schema\/person\/image\/","url":"https:\/\/secure.gravatar.com\/avatar\/c7850e06d3ff63cdbaee88b7fc16e2f0?s=96&d=mm&r=g","contentUrl":"https:\/\/secure.gravatar.com\/avatar\/c7850e06d3ff63cdbaee88b7fc16e2f0?s=96&d=mm&r=g","caption":"Damien Dellerba"},"url":"https:\/\/www.ladiagonale.net\/index.php\/author\/damien\/"}]}},"_links":{"self":[{"href":"https:\/\/www.ladiagonale.net\/index.php\/wp-json\/wp\/v2\/posts\/402"}],"collection":[{"href":"https:\/\/www.ladiagonale.net\/index.php\/wp-json\/wp\/v2\/posts"}],"about":[{"href":"https:\/\/www.ladiagonale.net\/index.php\/wp-json\/wp\/v2\/types\/post"}],"author":[{"embeddable":true,"href":"https:\/\/www.ladiagonale.net\/index.php\/wp-json\/wp\/v2\/users\/2"}],"replies":[{"embeddable":true,"href":"https:\/\/www.ladiagonale.net\/index.php\/wp-json\/wp\/v2\/comments?post=402"}],"version-history":[{"count":5,"href":"https:\/\/www.ladiagonale.net\/index.php\/wp-json\/wp\/v2\/posts\/402\/revisions"}],"predecessor-version":[{"id":19063,"href":"https:\/\/www.ladiagonale.net\/index.php\/wp-json\/wp\/v2\/posts\/402\/revisions\/19063"}],"wp:attachment":[{"href":"https:\/\/www.ladiagonale.net\/index.php\/wp-json\/wp\/v2\/media?parent=402"}],"wp:term":[{"taxonomy":"category","embeddable":true,"href":"https:\/\/www.ladiagonale.net\/index.php\/wp-json\/wp\/v2\/categories?post=402"},{"taxonomy":"post_tag","embeddable":true,"href":"https:\/\/www.ladiagonale.net\/index.php\/wp-json\/wp\/v2\/tags?post=402"}],"curies":[{"name":"wp","href":"https:\/\/api.w.org\/{rel}","templated":true}]}}