{"id":403,"date":"2021-12-21T18:35:00","date_gmt":"2021-12-21T17:35:00","guid":{"rendered":"https:\/\/www.ladiagonale.net\/index.php\/2021\/12\/21\/kovac-le-bilan-est-bon\/"},"modified":"2022-10-04T23:24:12","modified_gmt":"2022-10-04T21:24:12","slug":"kovac-le-bilan-est-bon","status":"publish","type":"post","link":"https:\/\/www.ladiagonale.net\/index.php\/2021\/12\/21\/kovac-le-bilan-est-bon\/","title":{"rendered":"Kovac : \u00ab\u00a0Le bilan est bon\u00a0\u00bb"},"content":{"rendered":"\n<p>\u00c0 la veille de la derni\u00e8re rencontre de la phase aller face au Stade Rennais, Niko Kovac et Ismail Jakobs se sont retrouv\u00e9s devant la presse. Le technicien croate a port\u00e9 un regard bienveillant sur la premi\u00e8re partie de saison de son \u00e9quipe : \u00ab\u00a0<em>Demain ce sera d\u00e9j\u00e0 notre 30e match de la saison, ce qui est plus \u00e9lev\u00e9 que les autres \u00e9quipes de Ligue 1, mais le bilan est bon. D&rsquo;une mani\u00e8re g\u00e9n\u00e9rale, c&rsquo;est une bonne premi\u00e8re partie de saison.<\/em>\u00a0\u00bb Pour rendre ce bilan encore meilleur, battre Rennes est la seule solution et pour cela, il devrait compter sur Jakobs, qui a r\u00e9cemment encha\u00een\u00e9 les matchs : \u00ab\u00a0<em>Je crois simplement que j\u2019avais besoin de temps pour m\u2019adapter, progresser, et pour assimiler les consignes du coach, d\u00e9clare le lat\u00e9ral gauche. L\u2019encha\u00eenement des matchs m\u2019a fait du bien \u00e0 ce niveau-l\u00e0. Aujourd\u2019hui, je me sens tr\u00e8s bien.<\/em>\u00ab\u00a0<\/p>\n\n\n\n<p>Face \u00e0 la troisi\u00e8me \u00e9quipe du championnat, la t\u00e2che ne s&rsquo;annonce pas simple, surtout qu&rsquo;avec trois d\u00e9faites, deux nuls et une victoire, l&rsquo;ASM peine \u00e0 battre les \u00e9quipes de t\u00eate. Concernant l&rsquo;\u00e9quipe coach\u00e9 par Bruno G\u00e9n\u00e9sio, le coach as\u00e9miste s&rsquo;est montr\u00e9 dithyrambique : \u00ab\u00a0<em>C\u2019est une bonne \u00e9quipe, la meilleure de Ligue 1 selon moi, avec un coach qui fait du tr\u00e8s bon travail et des joueurs qui performent \u00e0 un haut niveau. Ils jouent un football physique, direct et rapide. Je dirais qu\u2019il n\u2019y a pas une star mais plut\u00f4t un groupe et c\u2019est la vraie force de cette \u00e9quipe.<\/em>\u00a0\u00bb De son c\u00f4t\u00e9, Ismail Jakobs a tenu \u00e0 rassurer les supporters : \u00ab\u00a0<em>Il est certain que cette \u00e9quipe du Stade Rennais est une des meilleures formations du championnat. Nous allons tout donner pour tenter de remporter ce match. Je peux vous dire que tout le monde est motiv\u00e9 dans l\u2019\u00e9quipe.<\/em>\u00ab\u00a0<\/p>\n\n\n\n<p>L&rsquo;entra\u00eeneur du Rocher veut cependant croire que son \u00e9quipe peut faire la diff\u00e9rence face aux Bretons : \u00ab\u00a0<em>Ce sera une rude bataille, mais nous sommes nous aussi dans une bonne dynamique, explique-t-il. Nous nous sommes inclin\u00e9s contre le PSG (2-0) lors de notre derni\u00e8re rencontre de championnat, mais lors des dix derniers matchs nous n\u2019en avons perdu qu\u2019un seul.<\/em>\u00a0\u00bb Plus que tout, Niko Kovac veut retrouver l&rsquo;\u00e9tat d&rsquo;esprit entraper\u00e7u cette semaine en Coupe de France : \u00ab\u00a0<em>Nous sommes sur la bonne voie. Le match contre le Red Star (2-0) a \u00e9t\u00e9 tr\u00e8s positif, nous avons jou\u00e9 avec beaucoup de s\u00e9rieux et de concentration et c\u2019est ce que nous aurons besoin de faire demain aussi.<\/em>\u00ab\u00a0<\/p>\n","protected":false},"excerpt":{"rendered":"<p>\u00c0 la veille de la derni\u00e8re rencontre de la phase aller face au Stade Rennais, Niko Kovac et Ismail Jakobs se sont retrouv\u00e9s devant la presse. Le technicien croate a port\u00e9 un regard bienveillant sur la premi\u00e8re partie de saison de son \u00e9quipe : \u00ab\u00a0Demain ce sera d\u00e9j\u00e0 notre 30e match de la saison, ce [&#8230;]\n","protected":false},"author":2,"featured_media":0,"comment_status":"open","ping_status":"open","sticky":false,"template":"","format":"standard","meta":[],"categories":[6],"tags":[162,94,222,221],"yoast_head":"<!-- This site is optimized with the Yoast SEO plugin v19.8 - https:\/\/yoast.com\/wordpress\/plugins\/seo\/ -->\n<title>Kovac : &quot;Le bilan est bon&quot; - La Diagonale<\/title>\n<meta name=\"robots\" content=\"index, follow, max-snippet:-1, max-image-preview:large, max-video-preview:-1\" \/>\n<link rel=\"canonical\" href=\"https:\/\/www.ladiagonale.net\/index.php\/2021\/12\/21\/kovac-le-bilan-est-bon\/\" \/>\n<meta property=\"og:locale\" content=\"fr_FR\" \/>\n<meta property=\"og:type\" content=\"article\" \/>\n<meta property=\"og:title\" content=\"Kovac : &quot;Le bilan est bon&quot; - La Diagonale\" \/>\n<meta property=\"og:description\" content=\"\u00c0 la veille de la derni\u00e8re rencontre de la phase aller face au Stade Rennais, Niko Kovac et Ismail Jakobs se sont retrouv\u00e9s devant la presse. Le technicien croate a port\u00e9 un regard bienveillant sur la premi\u00e8re partie de saison de son \u00e9quipe : \u00ab\u00a0Demain ce sera d\u00e9j\u00e0 notre 30e match de la saison, ce [...]\" \/>\n<meta property=\"og:url\" content=\"https:\/\/www.ladiagonale.net\/index.php\/2021\/12\/21\/kovac-le-bilan-est-bon\/\" \/>\n<meta property=\"og:site_name\" content=\"La Diagonale\" \/>\n<meta property=\"article:published_time\" content=\"2021-12-21T17:35:00+00:00\" \/>\n<meta property=\"article:modified_time\" content=\"2022-10-04T21:24:12+00:00\" \/>\n<meta name=\"author\" content=\"Damien Dellerba\" \/>\n<meta name=\"twitter:card\" content=\"summary_large_image\" \/>\n<meta name=\"twitter:label1\" content=\"\u00c9crit par\" \/>\n\t<meta name=\"twitter:data1\" content=\"Damien Dellerba\" \/>\n\t<meta name=\"twitter:label2\" content=\"Dur\u00e9e de lecture estim\u00e9e\" \/>\n\t<meta name=\"twitter:data2\" content=\"2 minutes\" \/>\n<script type=\"application\/ld+json\" class=\"yoast-schema-graph\">{\"@context\":\"https:\/\/schema.org\",\"@graph\":[{\"@type\":\"WebPage\",\"@id\":\"https:\/\/www.ladiagonale.net\/index.php\/2021\/12\/21\/kovac-le-bilan-est-bon\/\",\"url\":\"https:\/\/www.ladiagonale.net\/index.php\/2021\/12\/21\/kovac-le-bilan-est-bon\/\",\"name\":\"Kovac : \\\"Le bilan est bon\\\" - La Diagonale\",\"isPartOf\":{\"@id\":\"https:\/\/www.ladiagonale.net\/#website\"},\"datePublished\":\"2021-12-21T17:35:00+00:00\",\"dateModified\":\"2022-10-04T21:24:12+00:00\",\"author\":{\"@id\":\"https:\/\/www.ladiagonale.net\/#\/schema\/person\/79ff1e7b0853ed01b2aa26e64ad300bf\"},\"breadcrumb\":{\"@id\":\"https:\/\/www.ladiagonale.net\/index.php\/2021\/12\/21\/kovac-le-bilan-est-bon\/#breadcrumb\"},\"inLanguage\":\"fr-FR\",\"potentialAction\":[{\"@type\":\"ReadAction\",\"target\":[\"https:\/\/www.ladiagonale.net\/index.php\/2021\/12\/21\/kovac-le-bilan-est-bon\/\"]}]},{\"@type\":\"BreadcrumbList\",\"@id\":\"https:\/\/www.ladiagonale.net\/index.php\/2021\/12\/21\/kovac-le-bilan-est-bon\/#breadcrumb\",\"itemListElement\":[{\"@type\":\"ListItem\",\"position\":1,\"name\":\"Accueil\",\"item\":\"https:\/\/www.ladiagonale.net\/\"},{\"@type\":\"ListItem\",\"position\":2,\"name\":\"Kovac : \u00ab\u00a0Le bilan est bon\u00a0\u00bb\"}]},{\"@type\":\"WebSite\",\"@id\":\"https:\/\/www.ladiagonale.net\/#website\",\"url\":\"https:\/\/www.ladiagonale.net\/\",\"name\":\"La Diagonale\",\"description\":\"Le site des supporters de l&#039;AS Monaco FC\",\"potentialAction\":[{\"@type\":\"SearchAction\",\"target\":{\"@type\":\"EntryPoint\",\"urlTemplate\":\"https:\/\/www.ladiagonale.net\/?s={search_term_string}\"},\"query-input\":\"required name=search_term_string\"}],\"inLanguage\":\"fr-FR\"},{\"@type\":\"Person\",\"@id\":\"https:\/\/www.ladiagonale.net\/#\/schema\/person\/79ff1e7b0853ed01b2aa26e64ad300bf\",\"name\":\"Damien Dellerba\",\"image\":{\"@type\":\"ImageObject\",\"inLanguage\":\"fr-FR\",\"@id\":\"https:\/\/www.ladiagonale.net\/#\/schema\/person\/image\/\",\"url\":\"https:\/\/secure.gravatar.com\/avatar\/c7850e06d3ff63cdbaee88b7fc16e2f0?s=96&d=mm&r=g\",\"contentUrl\":\"https:\/\/secure.gravatar.com\/avatar\/c7850e06d3ff63cdbaee88b7fc16e2f0?s=96&d=mm&r=g\",\"caption\":\"Damien Dellerba\"},\"url\":\"https:\/\/www.ladiagonale.net\/index.php\/author\/damien\/\"}]}<\/script>\n<!-- \/ Yoast SEO plugin. -->","yoast_head_json":{"title":"Kovac : \"Le bilan est bon\" - La Diagonale","robots":{"index":"index","follow":"follow","max-snippet":"max-snippet:-1","max-image-preview":"max-image-preview:large","max-video-preview":"max-video-preview:-1"},"canonical":"https:\/\/www.ladiagonale.net\/index.php\/2021\/12\/21\/kovac-le-bilan-est-bon\/","og_locale":"fr_FR","og_type":"article","og_title":"Kovac : \"Le bilan est bon\" - La Diagonale","og_description":"\u00c0 la veille de la derni\u00e8re rencontre de la phase aller face au Stade Rennais, Niko Kovac et Ismail Jakobs se sont retrouv\u00e9s devant la presse. Le technicien croate a port\u00e9 un regard bienveillant sur la premi\u00e8re partie de saison de son \u00e9quipe : \u00ab\u00a0Demain ce sera d\u00e9j\u00e0 notre 30e match de la saison, ce [...]","og_url":"https:\/\/www.ladiagonale.net\/index.php\/2021\/12\/21\/kovac-le-bilan-est-bon\/","og_site_name":"La Diagonale","article_published_time":"2021-12-21T17:35:00+00:00","article_modified_time":"2022-10-04T21:24:12+00:00","author":"Damien Dellerba","twitter_card":"summary_large_image","twitter_misc":{"\u00c9crit par":"Damien Dellerba","Dur\u00e9e de lecture estim\u00e9e":"2 minutes"},"schema":{"@context":"https:\/\/schema.org","@graph":[{"@type":"WebPage","@id":"https:\/\/www.ladiagonale.net\/index.php\/2021\/12\/21\/kovac-le-bilan-est-bon\/","url":"https:\/\/www.ladiagonale.net\/index.php\/2021\/12\/21\/kovac-le-bilan-est-bon\/","name":"Kovac : \"Le bilan est bon\" - La Diagonale","isPartOf":{"@id":"https:\/\/www.ladiagonale.net\/#website"},"datePublished":"2021-12-21T17:35:00+00:00","dateModified":"2022-10-04T21:24:12+00:00","author":{"@id":"https:\/\/www.ladiagonale.net\/#\/schema\/person\/79ff1e7b0853ed01b2aa26e64ad300bf"},"breadcrumb":{"@id":"https:\/\/www.ladiagonale.net\/index.php\/2021\/12\/21\/kovac-le-bilan-est-bon\/#breadcrumb"},"inLanguage":"fr-FR","potentialAction":[{"@type":"ReadAction","target":["https:\/\/www.ladiagonale.net\/index.php\/2021\/12\/21\/kovac-le-bilan-est-bon\/"]}]},{"@type":"BreadcrumbList","@id":"https:\/\/www.ladiagonale.net\/index.php\/2021\/12\/21\/kovac-le-bilan-est-bon\/#breadcrumb","itemListElement":[{"@type":"ListItem","position":1,"name":"Accueil","item":"https:\/\/www.ladiagonale.net\/"},{"@type":"ListItem","position":2,"name":"Kovac : \u00ab\u00a0Le bilan est bon\u00a0\u00bb"}]},{"@type":"WebSite","@id":"https:\/\/www.ladiagonale.net\/#website","url":"https:\/\/www.ladiagonale.net\/","name":"La Diagonale","description":"Le site des supporters de l&#039;AS Monaco FC","potentialAction":[{"@type":"SearchAction","target":{"@type":"EntryPoint","urlTemplate":"https:\/\/www.ladiagonale.net\/?s={search_term_string}"},"query-input":"required name=search_term_string"}],"inLanguage":"fr-FR"},{"@type":"Person","@id":"https:\/\/www.ladiagonale.net\/#\/schema\/person\/79ff1e7b0853ed01b2aa26e64ad300bf","name":"Damien Dellerba","image":{"@type":"ImageObject","inLanguage":"fr-FR","@id":"https:\/\/www.ladiagonale.net\/#\/schema\/person\/image\/","url":"https:\/\/secure.gravatar.com\/avatar\/c7850e06d3ff63cdbaee88b7fc16e2f0?s=96&d=mm&r=g","contentUrl":"https:\/\/secure.gravatar.com\/avatar\/c7850e06d3ff63cdbaee88b7fc16e2f0?s=96&d=mm&r=g","caption":"Damien Dellerba"},"url":"https:\/\/www.ladiagonale.net\/index.php\/author\/damien\/"}]}},"_links":{"self":[{"href":"https:\/\/www.ladiagonale.net\/index.php\/wp-json\/wp\/v2\/posts\/403"}],"collection":[{"href":"https:\/\/www.ladiagonale.net\/index.php\/wp-json\/wp\/v2\/posts"}],"about":[{"href":"https:\/\/www.ladiagonale.net\/index.php\/wp-json\/wp\/v2\/types\/post"}],"author":[{"embeddable":true,"href":"https:\/\/www.ladiagonale.net\/index.php\/wp-json\/wp\/v2\/users\/2"}],"replies":[{"embeddable":true,"href":"https:\/\/www.ladiagonale.net\/index.php\/wp-json\/wp\/v2\/comments?post=403"}],"version-history":[{"count":2,"href":"https:\/\/www.ladiagonale.net\/index.php\/wp-json\/wp\/v2\/posts\/403\/revisions"}],"predecessor-version":[{"id":5097,"href":"https:\/\/www.ladiagonale.net\/index.php\/wp-json\/wp\/v2\/posts\/403\/revisions\/5097"}],"wp:attachment":[{"href":"https:\/\/www.ladiagonale.net\/index.php\/wp-json\/wp\/v2\/media?parent=403"}],"wp:term":[{"taxonomy":"category","embeddable":true,"href":"https:\/\/www.ladiagonale.net\/index.php\/wp-json\/wp\/v2\/categories?post=403"},{"taxonomy":"post_tag","embeddable":true,"href":"https:\/\/www.ladiagonale.net\/index.php\/wp-json\/wp\/v2\/tags?post=403"}],"curies":[{"name":"wp","href":"https:\/\/api.w.org\/{rel}","templated":true}]}}