{"id":40453,"date":"2026-08-31T02:21:45","date_gmt":"2026-08-31T00:21:45","guid":{"rendered":"https:\/\/www.ladiagonale.net\/?p=40453"},"modified":"2026-08-31T02:21:46","modified_gmt":"2026-08-31T00:21:46","slug":"brunner-je-veux-que-les-defenseurs-sachent-que-je-suis-un-joueur-tres-dangereux","status":"publish","type":"post","link":"https:\/\/www.ladiagonale.net\/index.php\/2026\/08\/31\/brunner-je-veux-que-les-defenseurs-sachent-que-je-suis-un-joueur-tres-dangereux\/","title":{"rendered":"Brunner : \u00ab\u00a0Je veux que les d\u00e9fenseurs sachent que je suis un joueur tr\u00e8s dangereux\u00a0\u00bb"},"content":{"rendered":"\n\n\n<p>Paris Brunner est l\u2019un des hommes en forme de ce d\u00e9but de saison c\u00f4t\u00e9 mon\u00e9gasque. L\u2019Allemand s\u2019est impos\u00e9 devant Mika Biereth comme le titulaire de l\u2019attaque et s\u2019est offert ses premiers buts en Ligue 1, face \u00e0 l\u2019Olympique de Marseille. \u00ab\u00a0<em>Je suis tr\u00e8s heureux et je me sens en confiance apr\u00e8s ces deux buts marqu\u00e9s<\/em>, a-t-il comment\u00e9 en zone mixte apr\u00e8s la rencontre. <em>Mes co\u00e9quipiers me poussent au quotidien \u00e0 l\u2019entra\u00eenement, c\u2019est forc\u00e9ment un sentiment fantastique de pouvoir d\u00e9livrer cette performance.<\/em>\u00a0\u00bb<\/p>\n\n\n\n<p>L\u2019ancien joueur du Borussia Dortmund a inscrit ses troisi\u00e8me et quatri\u00e8me buts de la saison, et ils font suite \u00e0 une pr\u00e9paration r\u00e9ussie, ponctu\u00e9e de cinq r\u00e9alisations. De quoi le faire un peu changer de dimension et augmenter la vigilance de ses adversaires : \u00ab\u00a0<em>C\u2019est exactement ce que je souhaite<\/em>, a-t-il r\u00e9pondu du tac-o-tac. <em>Je veux que les d\u00e9fenseurs sachent que je suis un joueur tr\u00e8s dangereux. J\u2019aime me frotter \u00e0 de bons d\u00e9fenseurs, je vais donc essayer de progresser encore davantage. C\u2019est ce pourquoi je joue au football.<\/em>\u00a0\u00bb<\/p>\n\n\n\n<p>Dimanche, c\u2019est \u00e0 Geoffrey Kondogbia et CJ Egan-Riley que Brunner a fait tourner la t\u00eate, surtout celle du premier. \u00ab\u00a0<em>C\u2019\u00e9tait un duel \u00e2pre face \u00e0 lui car c\u2019est un bon d\u00e9fenseur<\/em>, a-t-il relat\u00e9. <em>Il pouvait remporter certains duels mais pour moi, le plus important \u00e9tait de penser aux suivants. J\u2019ai gagn\u00e9 le duel le plus important, c\u2019est pourquoi j\u2019ai r\u00e9ussi \u00e0 marquer.<\/em>\u00a0\u00bb Puis de raconter son deuxi\u00e8me but, superbe : \u00ab\u00a0<em>Kondogbia \u00e9tait coll\u00e9 derri\u00e8re moi, j\u2019ai vu l\u2019espace qui \u00e9tait derri\u00e8re moi. J\u2019ai jou\u00e9 avec mon corps pour prendre le dessus \u00e0 la course. J\u2019ai tent\u00e9 de l\u2019\u00e9liminer, c\u2019est pass\u00e9 et j\u2019ai pu ensuite marquer.<\/em>\u00a0\u00bb<\/p>\n\n\n\n<blockquote class=\"wp-block-quote\"><p>\u00ab\u00a0C\u2019est toujours bien de penser \u00e0 ma performance avec l\u2019Allemagne en Coupe du Monde U17 mais je n\u2019ai plus 17 ans, j\u2019en ai 20 d\u00e9sormais. Je suis un homme maintenant\u00a0\u00bb<\/p><cite>Paris Brunner<\/cite><\/blockquote>\n\n\n\n<p>Le Brunner d\u2019ao\u00fbt 2026 n\u2019a en tout cas plus rien \u00e0 voir avec celui de la saison pass\u00e9e. Et il le doit notamment \u00e0 Filipe Luis : \u00ab <em>Un nouveau coach est arriv\u00e9, la situation a chang\u00e9. Il me donne sa confiance au quotidien apr\u00e8s chaque entra\u00eenement et chaque match disput\u00e9. Cela a pu se voir sur le terrain ce soir. Je pense avoir progress\u00e9 de partout. Mon objectif est de pousser chaque jour et ce sera ensuite au coach de prendre sa d\u00e9cision si je joue ou non. Si c\u2019est le cas, je suis heureux et je donnerai mon maximum, autrement, je serai content pour lui et j\u2019attendrai mon moment.\u00a0<\/em>\u00bb<\/p>\n\n\n\n<p>Souvent per\u00e7u comme un futur tr\u00e8s grand outre-Rhin, gr\u00e2ce notamment \u00e0 ses excellentes performances en s\u00e9lections de jeunes allemandes, le natif de Dortmund a mis un peu de temps \u00e0 se r\u00e9v\u00e9ler dans le football professionnel. Et il esp\u00e8re d\u00e9sormais qu\u2019on pensera \u00e0 lui pour ce qu\u2019il est capable de faire maintenant plut\u00f4t que pour ses exploits chez les jeunes : \u00ab\u00a0<em>C\u2019est toujours bien de penser \u00e0 ma performance avec l\u2019Allemagne en Coupe du Monde U17 mais je n\u2019ai plus 17 ans, j\u2019en ai 20 d\u00e9sormais. Je suis un homme maintenant (sourire).<\/em>\u00a0\u00bb<\/p>\n","protected":false},"excerpt":{"rendered":"<p>Paris Brunner est l\u2019un des hommes en forme de ce d\u00e9but de saison c\u00f4t\u00e9 mon\u00e9gasque. L\u2019Allemand s\u2019est impos\u00e9 devant Mika Biereth comme le titulaire de l\u2019attaque et s\u2019est offert ses premiers buts en Ligue 1, face \u00e0 l\u2019Olympique de Marseille. \u00ab\u00a0Je suis tr\u00e8s heureux et je me sens en confiance apr\u00e8s ces deux buts marqu\u00e9s, [&#8230;]\n","protected":false},"author":2,"featured_media":0,"comment_status":"open","ping_status":"open","sticky":false,"template":"","format":"standard","meta":[],"categories":[6,1000],"tags":[86,94,245,898],"yoast_head":"<!-- This site is optimized with the Yoast SEO plugin v19.8 - https:\/\/yoast.com\/wordpress\/plugins\/seo\/ -->\n<title>Brunner : \u00ab\u00a0Je veux que les d\u00e9fenseurs sachent que je suis un joueur tr\u00e8s dangereux\u00a0\u00bb - La Diagonale<\/title>\n<meta name=\"robots\" content=\"index, follow, max-snippet:-1, max-image-preview:large, max-video-preview:-1\" \/>\n<link rel=\"canonical\" href=\"https:\/\/www.ladiagonale.net\/index.php\/2026\/08\/31\/brunner-je-veux-que-les-defenseurs-sachent-que-je-suis-un-joueur-tres-dangereux\/\" \/>\n<meta property=\"og:locale\" content=\"fr_FR\" \/>\n<meta property=\"og:type\" content=\"article\" \/>\n<meta property=\"og:title\" content=\"Brunner : \u00ab\u00a0Je veux que les d\u00e9fenseurs sachent que je suis un joueur tr\u00e8s dangereux\u00a0\u00bb - La Diagonale\" \/>\n<meta property=\"og:description\" content=\"Paris Brunner est l\u2019un des hommes en forme de ce d\u00e9but de saison c\u00f4t\u00e9 mon\u00e9gasque. L\u2019Allemand s\u2019est impos\u00e9 devant Mika Biereth comme le titulaire de l\u2019attaque et s\u2019est offert ses premiers buts en Ligue 1, face \u00e0 l\u2019Olympique de Marseille. \u00ab\u00a0Je suis tr\u00e8s heureux et je me sens en confiance apr\u00e8s ces deux buts marqu\u00e9s, [...]\" \/>\n<meta property=\"og:url\" content=\"https:\/\/www.ladiagonale.net\/index.php\/2026\/08\/31\/brunner-je-veux-que-les-defenseurs-sachent-que-je-suis-un-joueur-tres-dangereux\/\" \/>\n<meta property=\"og:site_name\" content=\"La Diagonale\" \/>\n<meta property=\"article:published_time\" content=\"2026-08-31T00:21:45+00:00\" \/>\n<meta property=\"article:modified_time\" content=\"2026-08-31T00:21:46+00:00\" \/>\n<meta property=\"og:image\" content=\"https:\/\/www.ladiagonale.net\/wp-content\/uploads\/2026\/08\/brunner-egan-riley.png\" \/>\n\t<meta property=\"og:image:width\" content=\"1160\" \/>\n\t<meta property=\"og:image:height\" content=\"650\" \/>\n\t<meta property=\"og:image:type\" content=\"image\/png\" \/>\n<meta name=\"author\" content=\"Damien Dellerba\" \/>\n<meta name=\"twitter:card\" content=\"summary_large_image\" \/>\n<meta name=\"twitter:image\" content=\"https:\/\/www.ladiagonale.net\/wp-content\/uploads\/2026\/08\/brunner-egan-riley.png\" \/>\n<meta name=\"twitter:label1\" content=\"\u00c9crit par\" \/>\n\t<meta name=\"twitter:data1\" content=\"Damien Dellerba\" \/>\n\t<meta name=\"twitter:label2\" content=\"Dur\u00e9e de lecture estim\u00e9e\" \/>\n\t<meta name=\"twitter:data2\" content=\"3 minutes\" \/>\n<script type=\"application\/ld+json\" class=\"yoast-schema-graph\">{\"@context\":\"https:\/\/schema.org\",\"@graph\":[{\"@type\":\"WebPage\",\"@id\":\"https:\/\/www.ladiagonale.net\/index.php\/2026\/08\/31\/brunner-je-veux-que-les-defenseurs-sachent-que-je-suis-un-joueur-tres-dangereux\/\",\"url\":\"https:\/\/www.ladiagonale.net\/index.php\/2026\/08\/31\/brunner-je-veux-que-les-defenseurs-sachent-que-je-suis-un-joueur-tres-dangereux\/\",\"name\":\"Brunner : \u00ab\u00a0Je veux que les d\u00e9fenseurs sachent que je suis un joueur tr\u00e8s dangereux\u00a0\u00bb - La Diagonale\",\"isPartOf\":{\"@id\":\"https:\/\/www.ladiagonale.net\/#website\"},\"datePublished\":\"2026-08-31T00:21:45+00:00\",\"dateModified\":\"2026-08-31T00:21:46+00:00\",\"author\":{\"@id\":\"https:\/\/www.ladiagonale.net\/#\/schema\/person\/79ff1e7b0853ed01b2aa26e64ad300bf\"},\"breadcrumb\":{\"@id\":\"https:\/\/www.ladiagonale.net\/index.php\/2026\/08\/31\/brunner-je-veux-que-les-defenseurs-sachent-que-je-suis-un-joueur-tres-dangereux\/#breadcrumb\"},\"inLanguage\":\"fr-FR\",\"potentialAction\":[{\"@type\":\"ReadAction\",\"target\":[\"https:\/\/www.ladiagonale.net\/index.php\/2026\/08\/31\/brunner-je-veux-que-les-defenseurs-sachent-que-je-suis-un-joueur-tres-dangereux\/\"]}]},{\"@type\":\"BreadcrumbList\",\"@id\":\"https:\/\/www.ladiagonale.net\/index.php\/2026\/08\/31\/brunner-je-veux-que-les-defenseurs-sachent-que-je-suis-un-joueur-tres-dangereux\/#breadcrumb\",\"itemListElement\":[{\"@type\":\"ListItem\",\"position\":1,\"name\":\"Accueil\",\"item\":\"https:\/\/www.ladiagonale.net\/\"},{\"@type\":\"ListItem\",\"position\":2,\"name\":\"Brunner : \u00ab\u00a0Je veux que les d\u00e9fenseurs sachent que je suis un joueur tr\u00e8s dangereux\u00a0\u00bb\"}]},{\"@type\":\"WebSite\",\"@id\":\"https:\/\/www.ladiagonale.net\/#website\",\"url\":\"https:\/\/www.ladiagonale.net\/\",\"name\":\"La Diagonale\",\"description\":\"Le site des supporters de l&#039;AS Monaco FC\",\"potentialAction\":[{\"@type\":\"SearchAction\",\"target\":{\"@type\":\"EntryPoint\",\"urlTemplate\":\"https:\/\/www.ladiagonale.net\/?s={search_term_string}\"},\"query-input\":\"required name=search_term_string\"}],\"inLanguage\":\"fr-FR\"},{\"@type\":\"Person\",\"@id\":\"https:\/\/www.ladiagonale.net\/#\/schema\/person\/79ff1e7b0853ed01b2aa26e64ad300bf\",\"name\":\"Damien Dellerba\",\"image\":{\"@type\":\"ImageObject\",\"inLanguage\":\"fr-FR\",\"@id\":\"https:\/\/www.ladiagonale.net\/#\/schema\/person\/image\/\",\"url\":\"https:\/\/secure.gravatar.com\/avatar\/c7850e06d3ff63cdbaee88b7fc16e2f0?s=96&d=mm&r=g\",\"contentUrl\":\"https:\/\/secure.gravatar.com\/avatar\/c7850e06d3ff63cdbaee88b7fc16e2f0?s=96&d=mm&r=g\",\"caption\":\"Damien Dellerba\"},\"url\":\"https:\/\/www.ladiagonale.net\/index.php\/author\/damien\/\"}]}<\/script>\n<!-- \/ Yoast SEO plugin. -->","yoast_head_json":{"title":"Brunner : \u00ab\u00a0Je veux que les d\u00e9fenseurs sachent que je suis un joueur tr\u00e8s dangereux\u00a0\u00bb - La Diagonale","robots":{"index":"index","follow":"follow","max-snippet":"max-snippet:-1","max-image-preview":"max-image-preview:large","max-video-preview":"max-video-preview:-1"},"canonical":"https:\/\/www.ladiagonale.net\/index.php\/2026\/08\/31\/brunner-je-veux-que-les-defenseurs-sachent-que-je-suis-un-joueur-tres-dangereux\/","og_locale":"fr_FR","og_type":"article","og_title":"Brunner : \u00ab\u00a0Je veux que les d\u00e9fenseurs sachent que je suis un joueur tr\u00e8s dangereux\u00a0\u00bb - La Diagonale","og_description":"Paris Brunner est l\u2019un des hommes en forme de ce d\u00e9but de saison c\u00f4t\u00e9 mon\u00e9gasque. L\u2019Allemand s\u2019est impos\u00e9 devant Mika Biereth comme le titulaire de l\u2019attaque et s\u2019est offert ses premiers buts en Ligue 1, face \u00e0 l\u2019Olympique de Marseille. \u00ab\u00a0Je suis tr\u00e8s heureux et je me sens en confiance apr\u00e8s ces deux buts marqu\u00e9s, [...]","og_url":"https:\/\/www.ladiagonale.net\/index.php\/2026\/08\/31\/brunner-je-veux-que-les-defenseurs-sachent-que-je-suis-un-joueur-tres-dangereux\/","og_site_name":"La Diagonale","article_published_time":"2026-08-31T00:21:45+00:00","article_modified_time":"2026-08-31T00:21:46+00:00","og_image":[{"width":1160,"height":650,"url":"https:\/\/www.ladiagonale.net\/wp-content\/uploads\/2026\/08\/brunner-egan-riley.png","type":"image\/png"}],"author":"Damien Dellerba","twitter_card":"summary_large_image","twitter_image":"https:\/\/www.ladiagonale.net\/wp-content\/uploads\/2026\/08\/brunner-egan-riley.png","twitter_misc":{"\u00c9crit par":"Damien Dellerba","Dur\u00e9e de lecture estim\u00e9e":"3 minutes"},"schema":{"@context":"https:\/\/schema.org","@graph":[{"@type":"WebPage","@id":"https:\/\/www.ladiagonale.net\/index.php\/2026\/08\/31\/brunner-je-veux-que-les-defenseurs-sachent-que-je-suis-un-joueur-tres-dangereux\/","url":"https:\/\/www.ladiagonale.net\/index.php\/2026\/08\/31\/brunner-je-veux-que-les-defenseurs-sachent-que-je-suis-un-joueur-tres-dangereux\/","name":"Brunner : \u00ab\u00a0Je veux que les d\u00e9fenseurs sachent que je suis un joueur tr\u00e8s dangereux\u00a0\u00bb - La Diagonale","isPartOf":{"@id":"https:\/\/www.ladiagonale.net\/#website"},"datePublished":"2026-08-31T00:21:45+00:00","dateModified":"2026-08-31T00:21:46+00:00","author":{"@id":"https:\/\/www.ladiagonale.net\/#\/schema\/person\/79ff1e7b0853ed01b2aa26e64ad300bf"},"breadcrumb":{"@id":"https:\/\/www.ladiagonale.net\/index.php\/2026\/08\/31\/brunner-je-veux-que-les-defenseurs-sachent-que-je-suis-un-joueur-tres-dangereux\/#breadcrumb"},"inLanguage":"fr-FR","potentialAction":[{"@type":"ReadAction","target":["https:\/\/www.ladiagonale.net\/index.php\/2026\/08\/31\/brunner-je-veux-que-les-defenseurs-sachent-que-je-suis-un-joueur-tres-dangereux\/"]}]},{"@type":"BreadcrumbList","@id":"https:\/\/www.ladiagonale.net\/index.php\/2026\/08\/31\/brunner-je-veux-que-les-defenseurs-sachent-que-je-suis-un-joueur-tres-dangereux\/#breadcrumb","itemListElement":[{"@type":"ListItem","position":1,"name":"Accueil","item":"https:\/\/www.ladiagonale.net\/"},{"@type":"ListItem","position":2,"name":"Brunner : \u00ab\u00a0Je veux que les d\u00e9fenseurs sachent que je suis un joueur tr\u00e8s dangereux\u00a0\u00bb"}]},{"@type":"WebSite","@id":"https:\/\/www.ladiagonale.net\/#website","url":"https:\/\/www.ladiagonale.net\/","name":"La Diagonale","description":"Le site des supporters de l&#039;AS Monaco FC","potentialAction":[{"@type":"SearchAction","target":{"@type":"EntryPoint","urlTemplate":"https:\/\/www.ladiagonale.net\/?s={search_term_string}"},"query-input":"required name=search_term_string"}],"inLanguage":"fr-FR"},{"@type":"Person","@id":"https:\/\/www.ladiagonale.net\/#\/schema\/person\/79ff1e7b0853ed01b2aa26e64ad300bf","name":"Damien Dellerba","image":{"@type":"ImageObject","inLanguage":"fr-FR","@id":"https:\/\/www.ladiagonale.net\/#\/schema\/person\/image\/","url":"https:\/\/secure.gravatar.com\/avatar\/c7850e06d3ff63cdbaee88b7fc16e2f0?s=96&d=mm&r=g","contentUrl":"https:\/\/secure.gravatar.com\/avatar\/c7850e06d3ff63cdbaee88b7fc16e2f0?s=96&d=mm&r=g","caption":"Damien Dellerba"},"url":"https:\/\/www.ladiagonale.net\/index.php\/author\/damien\/"}]}},"_links":{"self":[{"href":"https:\/\/www.ladiagonale.net\/index.php\/wp-json\/wp\/v2\/posts\/40453"}],"collection":[{"href":"https:\/\/www.ladiagonale.net\/index.php\/wp-json\/wp\/v2\/posts"}],"about":[{"href":"https:\/\/www.ladiagonale.net\/index.php\/wp-json\/wp\/v2\/types\/post"}],"author":[{"embeddable":true,"href":"https:\/\/www.ladiagonale.net\/index.php\/wp-json\/wp\/v2\/users\/2"}],"replies":[{"embeddable":true,"href":"https:\/\/www.ladiagonale.net\/index.php\/wp-json\/wp\/v2\/comments?post=40453"}],"version-history":[{"count":2,"href":"https:\/\/www.ladiagonale.net\/index.php\/wp-json\/wp\/v2\/posts\/40453\/revisions"}],"predecessor-version":[{"id":40459,"href":"https:\/\/www.ladiagonale.net\/index.php\/wp-json\/wp\/v2\/posts\/40453\/revisions\/40459"}],"wp:attachment":[{"href":"https:\/\/www.ladiagonale.net\/index.php\/wp-json\/wp\/v2\/media?parent=40453"}],"wp:term":[{"taxonomy":"category","embeddable":true,"href":"https:\/\/www.ladiagonale.net\/index.php\/wp-json\/wp\/v2\/categories?post=40453"},{"taxonomy":"post_tag","embeddable":true,"href":"https:\/\/www.ladiagonale.net\/index.php\/wp-json\/wp\/v2\/tags?post=40453"}],"curies":[{"name":"wp","href":"https:\/\/api.w.org\/{rel}","templated":true}]}}