{"id":40460,"date":"2026-08-31T13:42:12","date_gmt":"2026-08-31T11:42:12","guid":{"rendered":"https:\/\/www.ladiagonale.net\/?p=40460"},"modified":"2026-08-31T13:42:12","modified_gmt":"2026-08-31T11:42:12","slug":"balogun-finalement-vers-everton","status":"publish","type":"post","link":"https:\/\/www.ladiagonale.net\/index.php\/2026\/08\/31\/balogun-finalement-vers-everton\/","title":{"rendered":"Balogun finalement vers Everton ?"},"content":{"rendered":"\n<p>Le mercato entre dans ses derni\u00e8res 48 heures et il ne sera pas calme du c\u00f4t\u00e9 de l\u2019AS Monaco. Le club de la Principaut\u00e9 esp\u00e8re toujours boucler une grosse vente, avec une pr\u00e9f\u00e9rence pour voir partir Folarin Balogun plut\u00f4t que Lamine Camara. Le premier, qui a vu plusieurs portes se refermer ces derniers jours, pourrait trouver un nouveau point de chute \u00e0 Everton. Selon plusieurs sources, notamment anglaises, le club de <em>Premier League<\/em> serait pass\u00e9 \u00e0 l\u2019offensive dans le week-end avec une offre de 40 millions d\u2019euros.<\/p>\n\n\n\n<p>L\u2019ASM n\u2019aurait pas accept\u00e9 cette offre, mais pour autant, les n\u00e9gociations seraient toujours en cours pour essayer de trouver un arrangement dans ce dossier. <em>L\u2019\u00c9quipe<\/em> indique qu\u2019un autre club europ\u00e9en pourrait tenter de se m\u00ealer \u00e0 cette lutte pour la signature de l\u2019attaquant am\u00e9ricain, qui est encore li\u00e9 \u00e0 Monaco jusqu\u2019en 2028. Sur le d\u00e9part, Balogun n\u2019a disput\u00e9 aucun match cette saison. L\u2019entra\u00eeneur Filipe Luis avait justifi\u00e9 cela par un retour tardif de la Coupe du monde qu\u2019il a termin\u00e9 diminu\u00e9 par un p\u00e9pin physique.<\/p>\n\n\n","protected":false},"excerpt":{"rendered":"<p>Le mercato entre dans ses derni\u00e8res 48 heures et il ne sera pas calme du c\u00f4t\u00e9 de l\u2019AS Monaco. Le club de la Principaut\u00e9 esp\u00e8re toujours boucler une grosse vente, avec une pr\u00e9f\u00e9rence pour voir partir Folarin Balogun plut\u00f4t que Lamine Camara. Le premier, qui a vu plusieurs portes se refermer ces derniers jours, pourrait [&#8230;]\n","protected":false},"author":2,"featured_media":0,"comment_status":"open","ping_status":"open","sticky":false,"template":"","format":"standard","meta":[],"categories":[6,1086],"tags":[86,483,111,110],"yoast_head":"<!-- This site is optimized with the Yoast SEO plugin v19.8 - https:\/\/yoast.com\/wordpress\/plugins\/seo\/ -->\n<title>Balogun finalement vers Everton ? - La Diagonale<\/title>\n<meta name=\"robots\" content=\"index, follow, max-snippet:-1, max-image-preview:large, max-video-preview:-1\" \/>\n<link rel=\"canonical\" href=\"https:\/\/www.ladiagonale.net\/index.php\/2026\/08\/31\/balogun-finalement-vers-everton\/\" \/>\n<meta property=\"og:locale\" content=\"fr_FR\" \/>\n<meta property=\"og:type\" content=\"article\" \/>\n<meta property=\"og:title\" content=\"Balogun finalement vers Everton ? - La Diagonale\" \/>\n<meta property=\"og:description\" content=\"Le mercato entre dans ses derni\u00e8res 48 heures et il ne sera pas calme du c\u00f4t\u00e9 de l\u2019AS Monaco. Le club de la Principaut\u00e9 esp\u00e8re toujours boucler une grosse vente, avec une pr\u00e9f\u00e9rence pour voir partir Folarin Balogun plut\u00f4t que Lamine Camara. Le premier, qui a vu plusieurs portes se refermer ces derniers jours, pourrait [...]\" \/>\n<meta property=\"og:url\" content=\"https:\/\/www.ladiagonale.net\/index.php\/2026\/08\/31\/balogun-finalement-vers-everton\/\" \/>\n<meta property=\"og:site_name\" content=\"La Diagonale\" \/>\n<meta property=\"article:published_time\" content=\"2026-08-31T11:42:12+00:00\" \/>\n<meta property=\"og:image\" content=\"https:\/\/www.ladiagonale.net\/wp-content\/uploads\/2025\/09\/Balogunrcsa.png\" \/>\n\t<meta property=\"og:image:width\" content=\"1160\" \/>\n\t<meta property=\"og:image:height\" content=\"650\" \/>\n\t<meta property=\"og:image:type\" content=\"image\/png\" \/>\n<meta name=\"author\" content=\"Damien Dellerba\" \/>\n<meta name=\"twitter:card\" content=\"summary_large_image\" \/>\n<meta name=\"twitter:image\" content=\"https:\/\/www.ladiagonale.net\/wp-content\/uploads\/2025\/09\/Balogunrcsa.png\" \/>\n<meta name=\"twitter:label1\" content=\"\u00c9crit par\" \/>\n\t<meta name=\"twitter:data1\" content=\"Damien Dellerba\" \/>\n\t<meta name=\"twitter:label2\" content=\"Dur\u00e9e de lecture estim\u00e9e\" \/>\n\t<meta name=\"twitter:data2\" content=\"1 minute\" \/>\n<script type=\"application\/ld+json\" class=\"yoast-schema-graph\">{\"@context\":\"https:\/\/schema.org\",\"@graph\":[{\"@type\":\"WebPage\",\"@id\":\"https:\/\/www.ladiagonale.net\/index.php\/2026\/08\/31\/balogun-finalement-vers-everton\/\",\"url\":\"https:\/\/www.ladiagonale.net\/index.php\/2026\/08\/31\/balogun-finalement-vers-everton\/\",\"name\":\"Balogun finalement vers Everton ? - La Diagonale\",\"isPartOf\":{\"@id\":\"https:\/\/www.ladiagonale.net\/#website\"},\"datePublished\":\"2026-08-31T11:42:12+00:00\",\"dateModified\":\"2026-08-31T11:42:12+00:00\",\"author\":{\"@id\":\"https:\/\/www.ladiagonale.net\/#\/schema\/person\/79ff1e7b0853ed01b2aa26e64ad300bf\"},\"breadcrumb\":{\"@id\":\"https:\/\/www.ladiagonale.net\/index.php\/2026\/08\/31\/balogun-finalement-vers-everton\/#breadcrumb\"},\"inLanguage\":\"fr-FR\",\"potentialAction\":[{\"@type\":\"ReadAction\",\"target\":[\"https:\/\/www.ladiagonale.net\/index.php\/2026\/08\/31\/balogun-finalement-vers-everton\/\"]}]},{\"@type\":\"BreadcrumbList\",\"@id\":\"https:\/\/www.ladiagonale.net\/index.php\/2026\/08\/31\/balogun-finalement-vers-everton\/#breadcrumb\",\"itemListElement\":[{\"@type\":\"ListItem\",\"position\":1,\"name\":\"Accueil\",\"item\":\"https:\/\/www.ladiagonale.net\/\"},{\"@type\":\"ListItem\",\"position\":2,\"name\":\"Balogun finalement vers Everton ?\"}]},{\"@type\":\"WebSite\",\"@id\":\"https:\/\/www.ladiagonale.net\/#website\",\"url\":\"https:\/\/www.ladiagonale.net\/\",\"name\":\"La Diagonale\",\"description\":\"Le site des supporters de l&#039;AS Monaco FC\",\"potentialAction\":[{\"@type\":\"SearchAction\",\"target\":{\"@type\":\"EntryPoint\",\"urlTemplate\":\"https:\/\/www.ladiagonale.net\/?s={search_term_string}\"},\"query-input\":\"required name=search_term_string\"}],\"inLanguage\":\"fr-FR\"},{\"@type\":\"Person\",\"@id\":\"https:\/\/www.ladiagonale.net\/#\/schema\/person\/79ff1e7b0853ed01b2aa26e64ad300bf\",\"name\":\"Damien Dellerba\",\"image\":{\"@type\":\"ImageObject\",\"inLanguage\":\"fr-FR\",\"@id\":\"https:\/\/www.ladiagonale.net\/#\/schema\/person\/image\/\",\"url\":\"https:\/\/secure.gravatar.com\/avatar\/c7850e06d3ff63cdbaee88b7fc16e2f0?s=96&d=mm&r=g\",\"contentUrl\":\"https:\/\/secure.gravatar.com\/avatar\/c7850e06d3ff63cdbaee88b7fc16e2f0?s=96&d=mm&r=g\",\"caption\":\"Damien Dellerba\"},\"url\":\"https:\/\/www.ladiagonale.net\/index.php\/author\/damien\/\"}]}<\/script>\n<!-- \/ Yoast SEO plugin. -->","yoast_head_json":{"title":"Balogun finalement vers Everton ? - La Diagonale","robots":{"index":"index","follow":"follow","max-snippet":"max-snippet:-1","max-image-preview":"max-image-preview:large","max-video-preview":"max-video-preview:-1"},"canonical":"https:\/\/www.ladiagonale.net\/index.php\/2026\/08\/31\/balogun-finalement-vers-everton\/","og_locale":"fr_FR","og_type":"article","og_title":"Balogun finalement vers Everton ? - La Diagonale","og_description":"Le mercato entre dans ses derni\u00e8res 48 heures et il ne sera pas calme du c\u00f4t\u00e9 de l\u2019AS Monaco. Le club de la Principaut\u00e9 esp\u00e8re toujours boucler une grosse vente, avec une pr\u00e9f\u00e9rence pour voir partir Folarin Balogun plut\u00f4t que Lamine Camara. Le premier, qui a vu plusieurs portes se refermer ces derniers jours, pourrait [...]","og_url":"https:\/\/www.ladiagonale.net\/index.php\/2026\/08\/31\/balogun-finalement-vers-everton\/","og_site_name":"La Diagonale","article_published_time":"2026-08-31T11:42:12+00:00","og_image":[{"width":1160,"height":650,"url":"https:\/\/www.ladiagonale.net\/wp-content\/uploads\/2025\/09\/Balogunrcsa.png","type":"image\/png"}],"author":"Damien Dellerba","twitter_card":"summary_large_image","twitter_image":"https:\/\/www.ladiagonale.net\/wp-content\/uploads\/2025\/09\/Balogunrcsa.png","twitter_misc":{"\u00c9crit par":"Damien Dellerba","Dur\u00e9e de lecture estim\u00e9e":"1 minute"},"schema":{"@context":"https:\/\/schema.org","@graph":[{"@type":"WebPage","@id":"https:\/\/www.ladiagonale.net\/index.php\/2026\/08\/31\/balogun-finalement-vers-everton\/","url":"https:\/\/www.ladiagonale.net\/index.php\/2026\/08\/31\/balogun-finalement-vers-everton\/","name":"Balogun finalement vers Everton ? - La Diagonale","isPartOf":{"@id":"https:\/\/www.ladiagonale.net\/#website"},"datePublished":"2026-08-31T11:42:12+00:00","dateModified":"2026-08-31T11:42:12+00:00","author":{"@id":"https:\/\/www.ladiagonale.net\/#\/schema\/person\/79ff1e7b0853ed01b2aa26e64ad300bf"},"breadcrumb":{"@id":"https:\/\/www.ladiagonale.net\/index.php\/2026\/08\/31\/balogun-finalement-vers-everton\/#breadcrumb"},"inLanguage":"fr-FR","potentialAction":[{"@type":"ReadAction","target":["https:\/\/www.ladiagonale.net\/index.php\/2026\/08\/31\/balogun-finalement-vers-everton\/"]}]},{"@type":"BreadcrumbList","@id":"https:\/\/www.ladiagonale.net\/index.php\/2026\/08\/31\/balogun-finalement-vers-everton\/#breadcrumb","itemListElement":[{"@type":"ListItem","position":1,"name":"Accueil","item":"https:\/\/www.ladiagonale.net\/"},{"@type":"ListItem","position":2,"name":"Balogun finalement vers Everton ?"}]},{"@type":"WebSite","@id":"https:\/\/www.ladiagonale.net\/#website","url":"https:\/\/www.ladiagonale.net\/","name":"La Diagonale","description":"Le site des supporters de l&#039;AS Monaco FC","potentialAction":[{"@type":"SearchAction","target":{"@type":"EntryPoint","urlTemplate":"https:\/\/www.ladiagonale.net\/?s={search_term_string}"},"query-input":"required name=search_term_string"}],"inLanguage":"fr-FR"},{"@type":"Person","@id":"https:\/\/www.ladiagonale.net\/#\/schema\/person\/79ff1e7b0853ed01b2aa26e64ad300bf","name":"Damien Dellerba","image":{"@type":"ImageObject","inLanguage":"fr-FR","@id":"https:\/\/www.ladiagonale.net\/#\/schema\/person\/image\/","url":"https:\/\/secure.gravatar.com\/avatar\/c7850e06d3ff63cdbaee88b7fc16e2f0?s=96&d=mm&r=g","contentUrl":"https:\/\/secure.gravatar.com\/avatar\/c7850e06d3ff63cdbaee88b7fc16e2f0?s=96&d=mm&r=g","caption":"Damien Dellerba"},"url":"https:\/\/www.ladiagonale.net\/index.php\/author\/damien\/"}]}},"_links":{"self":[{"href":"https:\/\/www.ladiagonale.net\/index.php\/wp-json\/wp\/v2\/posts\/40460"}],"collection":[{"href":"https:\/\/www.ladiagonale.net\/index.php\/wp-json\/wp\/v2\/posts"}],"about":[{"href":"https:\/\/www.ladiagonale.net\/index.php\/wp-json\/wp\/v2\/types\/post"}],"author":[{"embeddable":true,"href":"https:\/\/www.ladiagonale.net\/index.php\/wp-json\/wp\/v2\/users\/2"}],"replies":[{"embeddable":true,"href":"https:\/\/www.ladiagonale.net\/index.php\/wp-json\/wp\/v2\/comments?post=40460"}],"version-history":[{"count":1,"href":"https:\/\/www.ladiagonale.net\/index.php\/wp-json\/wp\/v2\/posts\/40460\/revisions"}],"predecessor-version":[{"id":40461,"href":"https:\/\/www.ladiagonale.net\/index.php\/wp-json\/wp\/v2\/posts\/40460\/revisions\/40461"}],"wp:attachment":[{"href":"https:\/\/www.ladiagonale.net\/index.php\/wp-json\/wp\/v2\/media?parent=40460"}],"wp:term":[{"taxonomy":"category","embeddable":true,"href":"https:\/\/www.ladiagonale.net\/index.php\/wp-json\/wp\/v2\/categories?post=40460"},{"taxonomy":"post_tag","embeddable":true,"href":"https:\/\/www.ladiagonale.net\/index.php\/wp-json\/wp\/v2\/tags?post=40460"}],"curies":[{"name":"wp","href":"https:\/\/api.w.org\/{rel}","templated":true}]}}