{"id":40463,"date":"2026-08-31T16:15:23","date_gmt":"2026-08-31T14:15:23","guid":{"rendered":"https:\/\/www.ladiagonale.net\/?p=40463"},"modified":"2026-08-31T16:15:24","modified_gmt":"2026-08-31T14:15:24","slug":"les-notes-de-monaco-marseille","status":"publish","type":"post","link":"https:\/\/www.ladiagonale.net\/index.php\/2026\/08\/31\/les-notes-de-monaco-marseille\/","title":{"rendered":"Les notes de Monaco &#8211; Marseille"},"content":{"rendered":"\n\n\n<p><strong>L&rsquo;AS Monaco a battu Marseille, port\u00e9e par un Paris Brunner m\u00e9tamorphos\u00e9 et un Lamine Camara qui monte en puissance.<\/strong><\/p>\n\n\n\n<h4 class=\"wp-block-heading has-white-color has-text-color has-background\" style=\"background-color:#294a29\">TOPS<\/h4>\n\n\n\n<div class=\"wp-block-media-text alignwide is-stacked-on-mobile\" style=\"grid-template-columns:34% auto\"><figure class=\"wp-block-media-text__media\"><img loading=\"lazy\" width=\"400\" height=\"400\" src=\"https:\/\/www.ladiagonale.net\/wp-content\/uploads\/2026\/08\/Brunner8.png\" alt=\"\" class=\"wp-image-40464 size-full\" srcset=\"https:\/\/www.ladiagonale.net\/wp-content\/uploads\/2026\/08\/Brunner8.png 400w, https:\/\/www.ladiagonale.net\/wp-content\/uploads\/2026\/08\/Brunner8-300x300.png 300w, https:\/\/www.ladiagonale.net\/wp-content\/uploads\/2026\/08\/Brunner8-150x150.png 150w, https:\/\/www.ladiagonale.net\/wp-content\/uploads\/2026\/08\/Brunner8-128x128.png 128w, https:\/\/www.ladiagonale.net\/wp-content\/uploads\/2026\/08\/Brunner8-32x32.png 32w\" sizes=\"(max-width: 400px) 100vw, 400px\" \/><\/figure><div class=\"wp-block-media-text__content\">\n<p style=\"font-size:16px\"><strong>Paris Brunner<\/strong><\/p>\n\n\n\n<p style=\"font-size:15px\">L&rsquo;attaquant allemand a fait parler sa vitesse et il a mis en difficult\u00e9 Kondogbia du d\u00e9but \u00e0 l&rsquo;effet. Il a, par bien des aspects, rappel\u00e9 le Folarin Balogun des derniers mois. Par son second but superbe fait de finesse et de feintes apr\u00e8s une longue chevauch\u00e9e (mais sans lob), ou par son travail dans le jeu dos au but, o\u00f9 il a obtenu plusieurs fautes et g\u00ean\u00e9 consid\u00e9rablement l&rsquo;ancien Mon\u00e9gasque. Mais petit plus, il a d\u00e9montr\u00e9 qu&rsquo;il poss\u00e9dait un vrai jeu de t\u00eate et c&rsquo;est de cette mani\u00e8re qu&rsquo;il a ouvert le score, avec un excellent sens du timing pour dominer Egan-Riley. Vu son ovation, le Louis-II a peut-\u00eatre trouv\u00e9 son nouveau prince.<\/p>\n<\/div><\/div>\n\n\n\n<div style=\"height:40px\" aria-hidden=\"true\" class=\"wp-block-spacer\"><\/div>\n\n\n\n<div class=\"wp-block-media-text alignwide is-stacked-on-mobile\" style=\"grid-template-columns:35% auto\"><figure class=\"wp-block-media-text__media\"><img loading=\"lazy\" width=\"400\" height=\"400\" src=\"https:\/\/www.ladiagonale.net\/wp-content\/uploads\/2026\/08\/Camara8.png\" alt=\"\" class=\"wp-image-40466 size-full\" srcset=\"https:\/\/www.ladiagonale.net\/wp-content\/uploads\/2026\/08\/Camara8.png 400w, https:\/\/www.ladiagonale.net\/wp-content\/uploads\/2026\/08\/Camara8-300x300.png 300w, https:\/\/www.ladiagonale.net\/wp-content\/uploads\/2026\/08\/Camara8-150x150.png 150w, https:\/\/www.ladiagonale.net\/wp-content\/uploads\/2026\/08\/Camara8-128x128.png 128w, https:\/\/www.ladiagonale.net\/wp-content\/uploads\/2026\/08\/Camara8-32x32.png 32w\" sizes=\"(max-width: 400px) 100vw, 400px\" \/><\/figure><div class=\"wp-block-media-text__content\">\n<p style=\"font-size:16px\"><strong>Lamine Camara<\/strong><\/p>\n\n\n\n<p style=\"font-size:15px\">Le milieu de terrain s\u00e9n\u00e9galais \u00e9tait au four et au moulin dans cette rencontre et il a rayonn\u00e9, alors que les rumeurs de transfert s&#8217;emballent \u00e0 son sujet. Omnipr\u00e9sent dans les duels (9\/13 remport\u00e9s) et \u00e0 la r\u00e9cup\u00e9ration (9 ballons gagn\u00e9s), l&rsquo;ancien Messin a en plus \u00e9t\u00e9 particuli\u00e8rement pr\u00e9cis dans ses trasmissions, tout en prenant des risques pour jouer vers l&rsquo;avant. Il a, plus d&rsquo;une fois, r\u00e9ussi \u00e0 se sortir de la tenaille balle au pied. Averti en fin de premi\u00e8re p\u00e9riode pour un geste d&rsquo;humeur \u00e9vitable cons\u00e9cutif \u00e0 une erreur de jugement de l&rsquo;arbitre.<\/p>\n<\/div><\/div>\n\n\n\n<div style=\"height:40px\" aria-hidden=\"true\" class=\"wp-block-spacer\"><\/div>\n\n\n\n<div class=\"wp-block-media-text alignwide is-stacked-on-mobile\" style=\"grid-template-columns:35% auto\"><figure class=\"wp-block-media-text__media\"><img loading=\"lazy\" width=\"400\" height=\"400\" src=\"https:\/\/www.ladiagonale.net\/wp-content\/uploads\/2026\/08\/Dier7.png\" alt=\"\" class=\"wp-image-40220 size-full\" srcset=\"https:\/\/www.ladiagonale.net\/wp-content\/uploads\/2026\/08\/Dier7.png 400w, https:\/\/www.ladiagonale.net\/wp-content\/uploads\/2026\/08\/Dier7-300x300.png 300w, https:\/\/www.ladiagonale.net\/wp-content\/uploads\/2026\/08\/Dier7-150x150.png 150w, https:\/\/www.ladiagonale.net\/wp-content\/uploads\/2026\/08\/Dier7-128x128.png 128w, https:\/\/www.ladiagonale.net\/wp-content\/uploads\/2026\/08\/Dier7-32x32.png 32w\" sizes=\"(max-width: 400px) 100vw, 400px\" \/><\/figure><div class=\"wp-block-media-text__content\">\n<p style=\"font-size:16px\"><strong>Eric Dier<\/strong><\/p>\n\n\n\n<p style=\"font-size:15px\">Le d\u00e9fenseur anglais est en train de faire oublier sa premi\u00e8re saison rat\u00e9e et commence \u00e0 devenir le patron de la d\u00e9fense mon\u00e9gasque, qu&rsquo;il a encore bien guid\u00e9e par sa voix. Il a d\u00e9gag\u00e9 14 ballons au total, en a pris un bon paquet de la t\u00eate et s&rsquo;est aussi parfaitement interpos\u00e9 sur une tentative d&rsquo;Harit (25e). Son d\u00e9gagement s&rsquo;est transform\u00e9 en passe d\u00e9cisive pour Brunner (53e).<\/p>\n<\/div><\/div>\n\n\n\n<div style=\"height:40px\" aria-hidden=\"true\" class=\"wp-block-spacer\"><\/div>\n\n\n\n<div class=\"wp-block-media-text alignwide is-stacked-on-mobile\" style=\"grid-template-columns:35% auto\"><figure class=\"wp-block-media-text__media\"><img loading=\"lazy\" width=\"400\" height=\"400\" src=\"https:\/\/www.ladiagonale.net\/wp-content\/uploads\/2026\/08\/Sane\u03017.png\" alt=\"\" class=\"wp-image-40465 size-full\" srcset=\"https:\/\/www.ladiagonale.net\/wp-content\/uploads\/2026\/08\/Sane\u03017.png 400w, https:\/\/www.ladiagonale.net\/wp-content\/uploads\/2026\/08\/Sane\u03017-300x300.png 300w, https:\/\/www.ladiagonale.net\/wp-content\/uploads\/2026\/08\/Sane\u03017-150x150.png 150w, https:\/\/www.ladiagonale.net\/wp-content\/uploads\/2026\/08\/Sane\u03017-128x128.png 128w, https:\/\/www.ladiagonale.net\/wp-content\/uploads\/2026\/08\/Sane\u03017-32x32.png 32w\" sizes=\"(max-width: 400px) 100vw, 400px\" \/><\/figure><div class=\"wp-block-media-text__content\">\n<p style=\"font-size:16px\"><strong>Sadibou San\u00e9<\/strong><\/p>\n\n\n\n<p style=\"font-size:15px\">Le d\u00e9fenseur s\u00e9n\u00e9galais laissait appara\u00eetre de nombreuses craintes apr\u00e8s son transfert et ses premi\u00e8res sorties en pr\u00e9paration. Mais depuis la reprise de la comp\u00e9tition, il ne montre aucun signe de f\u00e9brilit\u00e9. Impeccable au duel, il a mis Gouiri sous l&rsquo;\u00e9teignoir.<\/p>\n<\/div><\/div>\n\n\n\n<div style=\"height:40px\" aria-hidden=\"true\" class=\"wp-block-spacer\"><\/div>\n\n\n\n<div class=\"wp-block-media-text alignwide is-stacked-on-mobile\" style=\"grid-template-columns:35% auto\"><figure class=\"wp-block-media-text__media\"><img loading=\"lazy\" width=\"400\" height=\"400\" src=\"https:\/\/www.ladiagonale.net\/wp-content\/uploads\/2026\/08\/Filipe-Luis-7.png\" alt=\"\" class=\"wp-image-40468 size-full\" srcset=\"https:\/\/www.ladiagonale.net\/wp-content\/uploads\/2026\/08\/Filipe-Luis-7.png 400w, https:\/\/www.ladiagonale.net\/wp-content\/uploads\/2026\/08\/Filipe-Luis-7-300x300.png 300w, https:\/\/www.ladiagonale.net\/wp-content\/uploads\/2026\/08\/Filipe-Luis-7-150x150.png 150w, https:\/\/www.ladiagonale.net\/wp-content\/uploads\/2026\/08\/Filipe-Luis-7-128x128.png 128w, https:\/\/www.ladiagonale.net\/wp-content\/uploads\/2026\/08\/Filipe-Luis-7-32x32.png 32w\" sizes=\"(max-width: 400px) 100vw, 400px\" \/><\/figure><div class=\"wp-block-media-text__content\">\n<p style=\"font-size:16px\"><strong>Filipe Luis<\/strong><\/p>\n\n\n\n<p style=\"font-size:15px\">Le technicien br\u00e9silien a reconduit un onze identique \u00e0 celui des deux pr\u00e9c\u00e9dents matches, et comme le veut l&rsquo;adage, on ne change pas une \u00e9quipe qui gagne. Malgr\u00e9 les carences actuelles de son effectif, il parvient \u00e0 en tirer le meilleur parti et c&rsquo;est \u00e0 porter \u00e0 son cr\u00e9dit. Ce quatri\u00e8me succ\u00e8s confirme qu&rsquo;il est dans le vrai. Son \u00e9quipe a \u00e9t\u00e9 capable de d\u00e9fendre de fa\u00e7on tr\u00e8s rigoureuse, en resserrant au maximum les espaces \u00e0 l&rsquo;OM, et malgr\u00e9 quelques situations, Hradekcy a \u00e9t\u00e9 peu mis en danger.<\/p>\n<\/div><\/div>\n\n\n\n<div style=\"height:40px\" aria-hidden=\"true\" class=\"wp-block-spacer\"><\/div>\n\n\n\n<h4 class=\"wp-block-heading has-white-color has-text-color has-background\" style=\"background-color:#303030\">Les autres notes<\/h4>\n\n\n\n<p><strong>Lukas Hradecky : 5\/10<\/strong><\/p>\n\n\n\n<p>Le portier finlandais n&rsquo;a finalement pas eu une soir\u00e9e tr\u00e8s compliqu\u00e9e. Il y a bien eu quelques occasions olympiennes mais avec seulement deux tirs cadr\u00e9s, il n&rsquo;a que rarement \u00e9t\u00e9 mis en danger. Il ferme bien l&rsquo;angle devant Abdallah au retour des vestiaires (47e).<\/p>\n\n\n\n<p><strong>Vanderson : 5\/10<\/strong><\/p>\n\n\n\n<p>Le Br\u00e9silien a \u00e9t\u00e9 tr\u00e8s actif dans son couloir mais il n&rsquo;a pas vraiment pu tirer son \u00e9pingle du jeu parce qu&rsquo;il avait devant lui un Palmieri qui avait aussi des cannes et du r\u00e9pondant et qui a tent\u00e9 de le mettre sur le reculoir. Il a bien r\u00e9sist\u00e9, soutenu aussi par Coulibaly. En fin de partie, il s&rsquo;interpose \u00e0 deux reprises face \u00e0 Gouri et Moumbagna. Il joue mal un coup en fin de premi\u00e8re p\u00e9riode, aux abords de la surface marseillaise (40e).<\/p>\n\n\n\n<p><strong>Flavio Nazinho : 5\/10<\/strong><\/p>\n\n\n\n<p>Le Br\u00e9silien a eu moins d&rsquo;influence mais cela ne signifie pas qu&rsquo;il a n&rsquo;a pas fourni autant d&rsquo;effort. Il avait du travail avec Harit et Weah dans son couloir, et lui aussi a pu compter sur un Idumbo tr\u00e8s concern\u00e9 pour l&rsquo;aider dans ses t\u00e2ches d\u00e9fensives. Il a perdu peu de ballons et c&rsquo;est \u00e0 mettre \u00e0 son cr\u00e9dit, mais cela traduit aussi une prise de risque limit\u00e9e dans ce match. Averti en fin de match apr\u00e8s avoir \u00e9t\u00e9 d\u00e9pass\u00e9.<\/p>\n\n\n\n<p><strong>Denis Zakaria : 6\/10<\/strong><\/p>\n\n\n\n<p>Le capitaine des Rouge et Blanc a \u00e9t\u00e9 un peu moins en vue mais il s&rsquo;est tout de m\u00eame souvent projet\u00e9 dans cette partie pour apporter le surnombre. Et dans son jeu vers l&rsquo;avant, il a \u00e9t\u00e9 impeccable (100% de ses passes r\u00e9ussies). On l&rsquo;a un peu moins vu d\u00e9fensivement, ou parfois \u00eatre un peu plus \u00e0 la limite. Averti d&rsquo;ailleurs durement sur un tacle qui manquait un peu de ma\u00eetrise mais qui ne m\u00e9ritait pas jaune.<\/p>\n\n\n\n<p><strong>Mamadou Coulibaly : 5\/10<\/strong><\/p>\n\n\n\n<p>Le milieu r\u00e9cup\u00e9rateur de formation est heureux d&rsquo;\u00eatre sur le terrain, m\u00eame s&rsquo;il n&rsquo;\u00e9volue pas \u00e0 son meilleur poste pour se mettre en \u00e9vidence. Mais sa combativit\u00e9 est contagieuse et ses efforts, louables, aident bien Vanderson. Il reste cependant perfectible dans l&rsquo;apport offensif, o\u00f9 son d\u00e9chet emp\u00eache l&rsquo;ASM de vraiment tirer profit de ses bonnes situations.<\/p>\n\n\n\n<p><strong>Aleksandr Golovin : 6\/10<\/strong><\/p>\n\n\n\n<p>Encore tr\u00e8s libre de ses mouvements, tant\u00f4t relayeur pour aller chercher les ballons, tant\u00f4t second attaquant pour aller presser, le Russe a \u00e9t\u00e9 mobile et il a aussi consid\u00e9rablement g\u00ean\u00e9 l&rsquo;OM, qui n&rsquo;a pas r\u00e9ussi \u00e0 le cadrer correctement entre les lignes. Auteur d&rsquo;une belle passe d\u00e9cisive avec un centre bien travaill\u00e9 pour Brunner (13e).<\/p>\n\n\n\n<p><strong>Stanis Idumbo : 6\/10<\/strong><\/p>\n\n\n\n<p>Le Belge, \u00e0 d\u00e9faut d&rsquo;impressionner par sa vista technique, car il reste assez brouillon balle au pied, \u00e9tonne par son abattage et sa capacit\u00e9 \u00e0 encha\u00eener les efforts. Il s&rsquo;est accroch\u00e9 et a sign\u00e9 plusieurs retours d\u00e9fensifs de bon aloi dans cette partie. Il a quand m\u00eame r\u00e9ussi \u00e0 se cr\u00e9er quelques situations, sans r\u00e9ussite, notamment sur la derni\u00e8re o\u00f9 il encha\u00eene un contr\u00f4le de la poitrine et et une frappe du gauche (72e).<\/p>\n\n\n<div class=\"wp-block-image\">\n<figure class=\"aligncenter size-large is-resized\"><img loading=\"lazy\" src=\"https:\/\/www.ladiagonale.net\/wp-content\/uploads\/2026\/08\/IMG_A799F10BDB0D-1-637x1024.jpeg\" alt=\"\" class=\"wp-image-40477\" width=\"478\" height=\"768\" srcset=\"https:\/\/www.ladiagonale.net\/wp-content\/uploads\/2026\/08\/IMG_A799F10BDB0D-1-637x1024.jpeg 637w, https:\/\/www.ladiagonale.net\/wp-content\/uploads\/2026\/08\/IMG_A799F10BDB0D-1-187x300.jpeg 187w, https:\/\/www.ladiagonale.net\/wp-content\/uploads\/2026\/08\/IMG_A799F10BDB0D-1-80x128.jpeg 80w, https:\/\/www.ladiagonale.net\/wp-content\/uploads\/2026\/08\/IMG_A799F10BDB0D-1-20x32.jpeg 20w, https:\/\/www.ladiagonale.net\/wp-content\/uploads\/2026\/08\/IMG_A799F10BDB0D-1.jpeg 750w\" sizes=\"(max-width: 478px) 100vw, 478px\" \/><\/figure><\/div>\n\n\n<p><\/p>\n","protected":false},"excerpt":{"rendered":"<p>L&rsquo;AS Monaco a battu Marseille, port\u00e9e par un Paris Brunner m\u00e9tamorphos\u00e9 et un Lamine Camara qui monte en puissance. TOPS Paris Brunner L&rsquo;attaquant allemand a fait parler sa vitesse et il a mis en difficult\u00e9 Kondogbia du d\u00e9but \u00e0 l&rsquo;effet. Il a, par bien des aspects, rappel\u00e9 le Folarin Balogun des derniers mois. Par son [&#8230;]\n","protected":false},"author":2,"featured_media":40467,"comment_status":"open","ping_status":"open","sticky":false,"template":"","format":"standard","meta":[],"categories":[5,6,1000],"tags":[86,894,94,245,248,898],"yoast_head":"<!-- This site is optimized with the Yoast SEO plugin v19.8 - https:\/\/yoast.com\/wordpress\/plugins\/seo\/ -->\n<title>Les notes de Monaco - Marseille - La Diagonale<\/title>\n<meta name=\"robots\" content=\"index, follow, max-snippet:-1, max-image-preview:large, max-video-preview:-1\" \/>\n<link rel=\"canonical\" href=\"https:\/\/www.ladiagonale.net\/index.php\/2026\/08\/31\/les-notes-de-monaco-marseille\/\" \/>\n<meta property=\"og:locale\" content=\"fr_FR\" \/>\n<meta property=\"og:type\" content=\"article\" \/>\n<meta property=\"og:title\" content=\"Les notes de Monaco - Marseille - La Diagonale\" \/>\n<meta property=\"og:description\" content=\"L&rsquo;AS Monaco a battu Marseille, port\u00e9e par un Paris Brunner m\u00e9tamorphos\u00e9 et un Lamine Camara qui monte en puissance. TOPS Paris Brunner L&rsquo;attaquant allemand a fait parler sa vitesse et il a mis en difficult\u00e9 Kondogbia du d\u00e9but \u00e0 l&rsquo;effet. Il a, par bien des aspects, rappel\u00e9 le Folarin Balogun des derniers mois. Par son [...]\" \/>\n<meta property=\"og:url\" content=\"https:\/\/www.ladiagonale.net\/index.php\/2026\/08\/31\/les-notes-de-monaco-marseille\/\" \/>\n<meta property=\"og:site_name\" content=\"La Diagonale\" \/>\n<meta property=\"article:published_time\" content=\"2026-08-31T14:15:23+00:00\" \/>\n<meta property=\"article:modified_time\" content=\"2026-08-31T14:15:24+00:00\" \/>\n<meta property=\"og:image\" content=\"https:\/\/www.ladiagonale.net\/wp-content\/uploads\/2026\/08\/notesOM.png\" \/>\n\t<meta property=\"og:image:width\" content=\"800\" \/>\n\t<meta property=\"og:image:height\" content=\"500\" \/>\n\t<meta property=\"og:image:type\" content=\"image\/png\" \/>\n<meta name=\"author\" content=\"Damien Dellerba\" \/>\n<meta name=\"twitter:card\" content=\"summary_large_image\" \/>\n<meta name=\"twitter:image\" content=\"https:\/\/www.ladiagonale.net\/wp-content\/uploads\/2026\/08\/notesOM.png\" \/>\n<meta name=\"twitter:label1\" content=\"\u00c9crit par\" \/>\n\t<meta name=\"twitter:data1\" content=\"Damien Dellerba\" \/>\n\t<meta name=\"twitter:label2\" content=\"Dur\u00e9e de lecture estim\u00e9e\" \/>\n\t<meta name=\"twitter:data2\" content=\"6 minutes\" \/>\n<script type=\"application\/ld+json\" class=\"yoast-schema-graph\">{\"@context\":\"https:\/\/schema.org\",\"@graph\":[{\"@type\":\"WebPage\",\"@id\":\"https:\/\/www.ladiagonale.net\/index.php\/2026\/08\/31\/les-notes-de-monaco-marseille\/\",\"url\":\"https:\/\/www.ladiagonale.net\/index.php\/2026\/08\/31\/les-notes-de-monaco-marseille\/\",\"name\":\"Les notes de Monaco - Marseille - La Diagonale\",\"isPartOf\":{\"@id\":\"https:\/\/www.ladiagonale.net\/#website\"},\"datePublished\":\"2026-08-31T14:15:23+00:00\",\"dateModified\":\"2026-08-31T14:15:24+00:00\",\"author\":{\"@id\":\"https:\/\/www.ladiagonale.net\/#\/schema\/person\/79ff1e7b0853ed01b2aa26e64ad300bf\"},\"breadcrumb\":{\"@id\":\"https:\/\/www.ladiagonale.net\/index.php\/2026\/08\/31\/les-notes-de-monaco-marseille\/#breadcrumb\"},\"inLanguage\":\"fr-FR\",\"potentialAction\":[{\"@type\":\"ReadAction\",\"target\":[\"https:\/\/www.ladiagonale.net\/index.php\/2026\/08\/31\/les-notes-de-monaco-marseille\/\"]}]},{\"@type\":\"BreadcrumbList\",\"@id\":\"https:\/\/www.ladiagonale.net\/index.php\/2026\/08\/31\/les-notes-de-monaco-marseille\/#breadcrumb\",\"itemListElement\":[{\"@type\":\"ListItem\",\"position\":1,\"name\":\"Accueil\",\"item\":\"https:\/\/www.ladiagonale.net\/\"},{\"@type\":\"ListItem\",\"position\":2,\"name\":\"Les notes de Monaco &#8211; Marseille\"}]},{\"@type\":\"WebSite\",\"@id\":\"https:\/\/www.ladiagonale.net\/#website\",\"url\":\"https:\/\/www.ladiagonale.net\/\",\"name\":\"La Diagonale\",\"description\":\"Le site des supporters de l&#039;AS Monaco FC\",\"potentialAction\":[{\"@type\":\"SearchAction\",\"target\":{\"@type\":\"EntryPoint\",\"urlTemplate\":\"https:\/\/www.ladiagonale.net\/?s={search_term_string}\"},\"query-input\":\"required name=search_term_string\"}],\"inLanguage\":\"fr-FR\"},{\"@type\":\"Person\",\"@id\":\"https:\/\/www.ladiagonale.net\/#\/schema\/person\/79ff1e7b0853ed01b2aa26e64ad300bf\",\"name\":\"Damien Dellerba\",\"image\":{\"@type\":\"ImageObject\",\"inLanguage\":\"fr-FR\",\"@id\":\"https:\/\/www.ladiagonale.net\/#\/schema\/person\/image\/\",\"url\":\"https:\/\/secure.gravatar.com\/avatar\/c7850e06d3ff63cdbaee88b7fc16e2f0?s=96&d=mm&r=g\",\"contentUrl\":\"https:\/\/secure.gravatar.com\/avatar\/c7850e06d3ff63cdbaee88b7fc16e2f0?s=96&d=mm&r=g\",\"caption\":\"Damien Dellerba\"},\"url\":\"https:\/\/www.ladiagonale.net\/index.php\/author\/damien\/\"}]}<\/script>\n<!-- \/ Yoast SEO plugin. -->","yoast_head_json":{"title":"Les notes de Monaco - Marseille - La Diagonale","robots":{"index":"index","follow":"follow","max-snippet":"max-snippet:-1","max-image-preview":"max-image-preview:large","max-video-preview":"max-video-preview:-1"},"canonical":"https:\/\/www.ladiagonale.net\/index.php\/2026\/08\/31\/les-notes-de-monaco-marseille\/","og_locale":"fr_FR","og_type":"article","og_title":"Les notes de Monaco - Marseille - La Diagonale","og_description":"L&rsquo;AS Monaco a battu Marseille, port\u00e9e par un Paris Brunner m\u00e9tamorphos\u00e9 et un Lamine Camara qui monte en puissance. TOPS Paris Brunner L&rsquo;attaquant allemand a fait parler sa vitesse et il a mis en difficult\u00e9 Kondogbia du d\u00e9but \u00e0 l&rsquo;effet. Il a, par bien des aspects, rappel\u00e9 le Folarin Balogun des derniers mois. Par son [...]","og_url":"https:\/\/www.ladiagonale.net\/index.php\/2026\/08\/31\/les-notes-de-monaco-marseille\/","og_site_name":"La Diagonale","article_published_time":"2026-08-31T14:15:23+00:00","article_modified_time":"2026-08-31T14:15:24+00:00","og_image":[{"width":800,"height":500,"url":"https:\/\/www.ladiagonale.net\/wp-content\/uploads\/2026\/08\/notesOM.png","type":"image\/png"}],"author":"Damien Dellerba","twitter_card":"summary_large_image","twitter_image":"https:\/\/www.ladiagonale.net\/wp-content\/uploads\/2026\/08\/notesOM.png","twitter_misc":{"\u00c9crit par":"Damien Dellerba","Dur\u00e9e de lecture estim\u00e9e":"6 minutes"},"schema":{"@context":"https:\/\/schema.org","@graph":[{"@type":"WebPage","@id":"https:\/\/www.ladiagonale.net\/index.php\/2026\/08\/31\/les-notes-de-monaco-marseille\/","url":"https:\/\/www.ladiagonale.net\/index.php\/2026\/08\/31\/les-notes-de-monaco-marseille\/","name":"Les notes de Monaco - Marseille - La Diagonale","isPartOf":{"@id":"https:\/\/www.ladiagonale.net\/#website"},"datePublished":"2026-08-31T14:15:23+00:00","dateModified":"2026-08-31T14:15:24+00:00","author":{"@id":"https:\/\/www.ladiagonale.net\/#\/schema\/person\/79ff1e7b0853ed01b2aa26e64ad300bf"},"breadcrumb":{"@id":"https:\/\/www.ladiagonale.net\/index.php\/2026\/08\/31\/les-notes-de-monaco-marseille\/#breadcrumb"},"inLanguage":"fr-FR","potentialAction":[{"@type":"ReadAction","target":["https:\/\/www.ladiagonale.net\/index.php\/2026\/08\/31\/les-notes-de-monaco-marseille\/"]}]},{"@type":"BreadcrumbList","@id":"https:\/\/www.ladiagonale.net\/index.php\/2026\/08\/31\/les-notes-de-monaco-marseille\/#breadcrumb","itemListElement":[{"@type":"ListItem","position":1,"name":"Accueil","item":"https:\/\/www.ladiagonale.net\/"},{"@type":"ListItem","position":2,"name":"Les notes de Monaco &#8211; Marseille"}]},{"@type":"WebSite","@id":"https:\/\/www.ladiagonale.net\/#website","url":"https:\/\/www.ladiagonale.net\/","name":"La Diagonale","description":"Le site des supporters de l&#039;AS Monaco FC","potentialAction":[{"@type":"SearchAction","target":{"@type":"EntryPoint","urlTemplate":"https:\/\/www.ladiagonale.net\/?s={search_term_string}"},"query-input":"required name=search_term_string"}],"inLanguage":"fr-FR"},{"@type":"Person","@id":"https:\/\/www.ladiagonale.net\/#\/schema\/person\/79ff1e7b0853ed01b2aa26e64ad300bf","name":"Damien Dellerba","image":{"@type":"ImageObject","inLanguage":"fr-FR","@id":"https:\/\/www.ladiagonale.net\/#\/schema\/person\/image\/","url":"https:\/\/secure.gravatar.com\/avatar\/c7850e06d3ff63cdbaee88b7fc16e2f0?s=96&d=mm&r=g","contentUrl":"https:\/\/secure.gravatar.com\/avatar\/c7850e06d3ff63cdbaee88b7fc16e2f0?s=96&d=mm&r=g","caption":"Damien Dellerba"},"url":"https:\/\/www.ladiagonale.net\/index.php\/author\/damien\/"}]}},"_links":{"self":[{"href":"https:\/\/www.ladiagonale.net\/index.php\/wp-json\/wp\/v2\/posts\/40463"}],"collection":[{"href":"https:\/\/www.ladiagonale.net\/index.php\/wp-json\/wp\/v2\/posts"}],"about":[{"href":"https:\/\/www.ladiagonale.net\/index.php\/wp-json\/wp\/v2\/types\/post"}],"author":[{"embeddable":true,"href":"https:\/\/www.ladiagonale.net\/index.php\/wp-json\/wp\/v2\/users\/2"}],"replies":[{"embeddable":true,"href":"https:\/\/www.ladiagonale.net\/index.php\/wp-json\/wp\/v2\/comments?post=40463"}],"version-history":[{"count":3,"href":"https:\/\/www.ladiagonale.net\/index.php\/wp-json\/wp\/v2\/posts\/40463\/revisions"}],"predecessor-version":[{"id":40478,"href":"https:\/\/www.ladiagonale.net\/index.php\/wp-json\/wp\/v2\/posts\/40463\/revisions\/40478"}],"wp:featuredmedia":[{"embeddable":true,"href":"https:\/\/www.ladiagonale.net\/index.php\/wp-json\/wp\/v2\/media\/40467"}],"wp:attachment":[{"href":"https:\/\/www.ladiagonale.net\/index.php\/wp-json\/wp\/v2\/media?parent=40463"}],"wp:term":[{"taxonomy":"category","embeddable":true,"href":"https:\/\/www.ladiagonale.net\/index.php\/wp-json\/wp\/v2\/categories?post=40463"},{"taxonomy":"post_tag","embeddable":true,"href":"https:\/\/www.ladiagonale.net\/index.php\/wp-json\/wp\/v2\/tags?post=40463"}],"curies":[{"name":"wp","href":"https:\/\/api.w.org\/{rel}","templated":true}]}}