{"id":40470,"date":"2026-08-31T15:23:16","date_gmt":"2026-08-31T13:23:16","guid":{"rendered":"https:\/\/www.ladiagonale.net\/?p=40470"},"modified":"2026-08-31T15:23:52","modified_gmt":"2026-08-31T13:23:52","slug":"idumbo-demande-a-camara-de-rester","status":"publish","type":"post","link":"https:\/\/www.ladiagonale.net\/index.php\/2026\/08\/31\/idumbo-demande-a-camara-de-rester\/","title":{"rendered":"Idumbo demande \u00e0 Camara de rester"},"content":{"rendered":"\n<p>L\u2019AS Monaco a remport\u00e9 un beau succ\u00e8s contre Marseille (2-0) dimanche soir, port\u00e9e par Paris Brunner, auteur d\u2019un doubl\u00e9, mais aussi par Lamine Camara, qui a r\u00e9alis\u00e9 une performance XXL dans l\u2019entrejeu. Alors que le milieu de terrain s\u00e9n\u00e9galais est tr\u00e8s courtis\u00e9 en Angleterre \u00e0 quelques heures de la fin du mercato estival, le voir rester une saison de plus en Principaut\u00e9 para\u00eetrait surprenant, lui qui \u00e9tait annonc\u00e9 sur le d\u00e9part avant le d\u00e9but de l\u2019\u00e9t\u00e9, devant le besoin de liquidit\u00e9s de l\u2019ASM.<\/p>\n\n\n\n<p>Un transfert de Camara, qui <a href=\"https:\/\/www.ladiagonale.net\/index.php\/2026\/08\/28\/scuro-aimerait-voir-camara-rester-pour-balogun-cest-different\/\" target=\"_blank\" rel=\"noreferrer noopener\">n\u2019\u00e9tait plus \u00e9rig\u00e9 en priorit\u00e9 par Thiago Scuro<\/a> ces derniers jours, ne ferait pas que des heureux au sein du club du Rocher. Alors que l\u2019entra\u00eeneur Filipe Luis a r\u00e9p\u00e9t\u00e9 une fois de plus \u00e0 quel point il tenait en haute estime le joueur de 22 ans et voulait le voir rester, un autre soutien est venu de la part d&rsquo;un de ses co\u00e9quipiers. Sous une publication <em>Instagram<\/em> sur le compte de Camara, Stanis Idumbo a post\u00e9 un commentaire qui en disait long. \u00ab\u00a0<em>Reste s\u2019il te pla\u00eet<\/em>\u00a0\u00bb, a implor\u00e9 le milieu offensif belge.<\/p>\n\n\n<div class=\"wp-block-image\">\n<figure class=\"aligncenter size-large is-resized\"><img loading=\"lazy\" src=\"https:\/\/www.ladiagonale.net\/wp-content\/uploads\/2026\/08\/WhatsApp-Image-2026-08-31-at-14.58.47-1-648x1024.jpeg\" alt=\"\" class=\"wp-image-40472\" width=\"486\" height=\"768\" srcset=\"https:\/\/www.ladiagonale.net\/wp-content\/uploads\/2026\/08\/WhatsApp-Image-2026-08-31-at-14.58.47-1-648x1024.jpeg 648w, https:\/\/www.ladiagonale.net\/wp-content\/uploads\/2026\/08\/WhatsApp-Image-2026-08-31-at-14.58.47-1-190x300.jpeg 190w, https:\/\/www.ladiagonale.net\/wp-content\/uploads\/2026\/08\/WhatsApp-Image-2026-08-31-at-14.58.47-1-768x1213.jpeg 768w, https:\/\/www.ladiagonale.net\/wp-content\/uploads\/2026\/08\/WhatsApp-Image-2026-08-31-at-14.58.47-1-81x128.jpeg 81w, https:\/\/www.ladiagonale.net\/wp-content\/uploads\/2026\/08\/WhatsApp-Image-2026-08-31-at-14.58.47-1-20x32.jpeg 20w, https:\/\/www.ladiagonale.net\/wp-content\/uploads\/2026\/08\/WhatsApp-Image-2026-08-31-at-14.58.47-1.jpeg 909w\" sizes=\"(max-width: 486px) 100vw, 486px\" \/><\/figure><\/div>\n\n\n<p>Reste \u00e0 savoir si le message sera entendu par la direction mon\u00e9gasque, qui va chercher \u00e0 vendre en priorit\u00e9 Folarin Balogun. Mais face \u00e0 la puissance financi\u00e8re des clubs anglais et l&#8217;emballement in\u00e9vitable que cet exc\u00e8s d&rsquo;argent peut engendrer, difficile de promettre quoi que ce soit. Surtout lorsqu&rsquo;on conna\u00eet les besoins imp\u00e9rieux de liquidit\u00e9s fra\u00eeches \u00e0 l&rsquo;ASM. L&rsquo;ancien Messin est notamment courtis\u00e9 par Chelsea, Liverpool et Crystal Palace.<\/p>\n\n\n","protected":false},"excerpt":{"rendered":"<p>L\u2019AS Monaco a remport\u00e9 un beau succ\u00e8s contre Marseille (2-0) dimanche soir, port\u00e9e par Paris Brunner, auteur d\u2019un doubl\u00e9, mais aussi par Lamine Camara, qui a r\u00e9alis\u00e9 une performance XXL dans l\u2019entrejeu. Alors que le milieu de terrain s\u00e9n\u00e9galais est tr\u00e8s courtis\u00e9 en Angleterre \u00e0 quelques heures de la fin du mercato estival, le voir [&#8230;]\n","protected":false},"author":2,"featured_media":0,"comment_status":"open","ping_status":"open","sticky":false,"template":"","format":"standard","meta":[],"categories":[6,1086],"tags":[86,894,111,1117,110],"yoast_head":"<!-- This site is optimized with the Yoast SEO plugin v19.8 - https:\/\/yoast.com\/wordpress\/plugins\/seo\/ -->\n<title>Idumbo demande \u00e0 Camara de rester - La Diagonale<\/title>\n<meta name=\"robots\" content=\"index, follow, max-snippet:-1, max-image-preview:large, max-video-preview:-1\" \/>\n<link rel=\"canonical\" href=\"https:\/\/www.ladiagonale.net\/index.php\/2026\/08\/31\/idumbo-demande-a-camara-de-rester\/\" \/>\n<meta property=\"og:locale\" content=\"fr_FR\" \/>\n<meta property=\"og:type\" content=\"article\" \/>\n<meta property=\"og:title\" content=\"Idumbo demande \u00e0 Camara de rester - La Diagonale\" \/>\n<meta property=\"og:description\" content=\"L\u2019AS Monaco a remport\u00e9 un beau succ\u00e8s contre Marseille (2-0) dimanche soir, port\u00e9e par Paris Brunner, auteur d\u2019un doubl\u00e9, mais aussi par Lamine Camara, qui a r\u00e9alis\u00e9 une performance XXL dans l\u2019entrejeu. Alors que le milieu de terrain s\u00e9n\u00e9galais est tr\u00e8s courtis\u00e9 en Angleterre \u00e0 quelques heures de la fin du mercato estival, le voir [...]\" \/>\n<meta property=\"og:url\" content=\"https:\/\/www.ladiagonale.net\/index.php\/2026\/08\/31\/idumbo-demande-a-camara-de-rester\/\" \/>\n<meta property=\"og:site_name\" content=\"La Diagonale\" \/>\n<meta property=\"article:published_time\" content=\"2026-08-31T13:23:16+00:00\" \/>\n<meta property=\"article:modified_time\" content=\"2026-08-31T13:23:52+00:00\" \/>\n<meta property=\"og:image\" content=\"https:\/\/www.ladiagonale.net\/wp-content\/uploads\/2026\/08\/Camara-Zabrze.png\" \/>\n\t<meta property=\"og:image:width\" content=\"1160\" \/>\n\t<meta property=\"og:image:height\" content=\"650\" \/>\n\t<meta property=\"og:image:type\" content=\"image\/png\" \/>\n<meta name=\"author\" content=\"Damien Dellerba\" \/>\n<meta name=\"twitter:card\" content=\"summary_large_image\" \/>\n<meta name=\"twitter:image\" content=\"https:\/\/www.ladiagonale.net\/wp-content\/uploads\/2026\/08\/Camara-Zabrze.png\" \/>\n<meta name=\"twitter:label1\" content=\"\u00c9crit par\" \/>\n\t<meta name=\"twitter:data1\" content=\"Damien Dellerba\" \/>\n\t<meta name=\"twitter:label2\" content=\"Dur\u00e9e de lecture estim\u00e9e\" \/>\n\t<meta name=\"twitter:data2\" content=\"2 minutes\" \/>\n<script type=\"application\/ld+json\" class=\"yoast-schema-graph\">{\"@context\":\"https:\/\/schema.org\",\"@graph\":[{\"@type\":\"WebPage\",\"@id\":\"https:\/\/www.ladiagonale.net\/index.php\/2026\/08\/31\/idumbo-demande-a-camara-de-rester\/\",\"url\":\"https:\/\/www.ladiagonale.net\/index.php\/2026\/08\/31\/idumbo-demande-a-camara-de-rester\/\",\"name\":\"Idumbo demande \u00e0 Camara de rester - La Diagonale\",\"isPartOf\":{\"@id\":\"https:\/\/www.ladiagonale.net\/#website\"},\"datePublished\":\"2026-08-31T13:23:16+00:00\",\"dateModified\":\"2026-08-31T13:23:52+00:00\",\"author\":{\"@id\":\"https:\/\/www.ladiagonale.net\/#\/schema\/person\/79ff1e7b0853ed01b2aa26e64ad300bf\"},\"breadcrumb\":{\"@id\":\"https:\/\/www.ladiagonale.net\/index.php\/2026\/08\/31\/idumbo-demande-a-camara-de-rester\/#breadcrumb\"},\"inLanguage\":\"fr-FR\",\"potentialAction\":[{\"@type\":\"ReadAction\",\"target\":[\"https:\/\/www.ladiagonale.net\/index.php\/2026\/08\/31\/idumbo-demande-a-camara-de-rester\/\"]}]},{\"@type\":\"BreadcrumbList\",\"@id\":\"https:\/\/www.ladiagonale.net\/index.php\/2026\/08\/31\/idumbo-demande-a-camara-de-rester\/#breadcrumb\",\"itemListElement\":[{\"@type\":\"ListItem\",\"position\":1,\"name\":\"Accueil\",\"item\":\"https:\/\/www.ladiagonale.net\/\"},{\"@type\":\"ListItem\",\"position\":2,\"name\":\"Idumbo demande \u00e0 Camara de rester\"}]},{\"@type\":\"WebSite\",\"@id\":\"https:\/\/www.ladiagonale.net\/#website\",\"url\":\"https:\/\/www.ladiagonale.net\/\",\"name\":\"La Diagonale\",\"description\":\"Le site des supporters de l&#039;AS Monaco FC\",\"potentialAction\":[{\"@type\":\"SearchAction\",\"target\":{\"@type\":\"EntryPoint\",\"urlTemplate\":\"https:\/\/www.ladiagonale.net\/?s={search_term_string}\"},\"query-input\":\"required name=search_term_string\"}],\"inLanguage\":\"fr-FR\"},{\"@type\":\"Person\",\"@id\":\"https:\/\/www.ladiagonale.net\/#\/schema\/person\/79ff1e7b0853ed01b2aa26e64ad300bf\",\"name\":\"Damien Dellerba\",\"image\":{\"@type\":\"ImageObject\",\"inLanguage\":\"fr-FR\",\"@id\":\"https:\/\/www.ladiagonale.net\/#\/schema\/person\/image\/\",\"url\":\"https:\/\/secure.gravatar.com\/avatar\/c7850e06d3ff63cdbaee88b7fc16e2f0?s=96&d=mm&r=g\",\"contentUrl\":\"https:\/\/secure.gravatar.com\/avatar\/c7850e06d3ff63cdbaee88b7fc16e2f0?s=96&d=mm&r=g\",\"caption\":\"Damien Dellerba\"},\"url\":\"https:\/\/www.ladiagonale.net\/index.php\/author\/damien\/\"}]}<\/script>\n<!-- \/ Yoast SEO plugin. -->","yoast_head_json":{"title":"Idumbo demande \u00e0 Camara de rester - La Diagonale","robots":{"index":"index","follow":"follow","max-snippet":"max-snippet:-1","max-image-preview":"max-image-preview:large","max-video-preview":"max-video-preview:-1"},"canonical":"https:\/\/www.ladiagonale.net\/index.php\/2026\/08\/31\/idumbo-demande-a-camara-de-rester\/","og_locale":"fr_FR","og_type":"article","og_title":"Idumbo demande \u00e0 Camara de rester - La Diagonale","og_description":"L\u2019AS Monaco a remport\u00e9 un beau succ\u00e8s contre Marseille (2-0) dimanche soir, port\u00e9e par Paris Brunner, auteur d\u2019un doubl\u00e9, mais aussi par Lamine Camara, qui a r\u00e9alis\u00e9 une performance XXL dans l\u2019entrejeu. Alors que le milieu de terrain s\u00e9n\u00e9galais est tr\u00e8s courtis\u00e9 en Angleterre \u00e0 quelques heures de la fin du mercato estival, le voir [...]","og_url":"https:\/\/www.ladiagonale.net\/index.php\/2026\/08\/31\/idumbo-demande-a-camara-de-rester\/","og_site_name":"La Diagonale","article_published_time":"2026-08-31T13:23:16+00:00","article_modified_time":"2026-08-31T13:23:52+00:00","og_image":[{"width":1160,"height":650,"url":"https:\/\/www.ladiagonale.net\/wp-content\/uploads\/2026\/08\/Camara-Zabrze.png","type":"image\/png"}],"author":"Damien Dellerba","twitter_card":"summary_large_image","twitter_image":"https:\/\/www.ladiagonale.net\/wp-content\/uploads\/2026\/08\/Camara-Zabrze.png","twitter_misc":{"\u00c9crit par":"Damien Dellerba","Dur\u00e9e de lecture estim\u00e9e":"2 minutes"},"schema":{"@context":"https:\/\/schema.org","@graph":[{"@type":"WebPage","@id":"https:\/\/www.ladiagonale.net\/index.php\/2026\/08\/31\/idumbo-demande-a-camara-de-rester\/","url":"https:\/\/www.ladiagonale.net\/index.php\/2026\/08\/31\/idumbo-demande-a-camara-de-rester\/","name":"Idumbo demande \u00e0 Camara de rester - La Diagonale","isPartOf":{"@id":"https:\/\/www.ladiagonale.net\/#website"},"datePublished":"2026-08-31T13:23:16+00:00","dateModified":"2026-08-31T13:23:52+00:00","author":{"@id":"https:\/\/www.ladiagonale.net\/#\/schema\/person\/79ff1e7b0853ed01b2aa26e64ad300bf"},"breadcrumb":{"@id":"https:\/\/www.ladiagonale.net\/index.php\/2026\/08\/31\/idumbo-demande-a-camara-de-rester\/#breadcrumb"},"inLanguage":"fr-FR","potentialAction":[{"@type":"ReadAction","target":["https:\/\/www.ladiagonale.net\/index.php\/2026\/08\/31\/idumbo-demande-a-camara-de-rester\/"]}]},{"@type":"BreadcrumbList","@id":"https:\/\/www.ladiagonale.net\/index.php\/2026\/08\/31\/idumbo-demande-a-camara-de-rester\/#breadcrumb","itemListElement":[{"@type":"ListItem","position":1,"name":"Accueil","item":"https:\/\/www.ladiagonale.net\/"},{"@type":"ListItem","position":2,"name":"Idumbo demande \u00e0 Camara de rester"}]},{"@type":"WebSite","@id":"https:\/\/www.ladiagonale.net\/#website","url":"https:\/\/www.ladiagonale.net\/","name":"La Diagonale","description":"Le site des supporters de l&#039;AS Monaco FC","potentialAction":[{"@type":"SearchAction","target":{"@type":"EntryPoint","urlTemplate":"https:\/\/www.ladiagonale.net\/?s={search_term_string}"},"query-input":"required name=search_term_string"}],"inLanguage":"fr-FR"},{"@type":"Person","@id":"https:\/\/www.ladiagonale.net\/#\/schema\/person\/79ff1e7b0853ed01b2aa26e64ad300bf","name":"Damien Dellerba","image":{"@type":"ImageObject","inLanguage":"fr-FR","@id":"https:\/\/www.ladiagonale.net\/#\/schema\/person\/image\/","url":"https:\/\/secure.gravatar.com\/avatar\/c7850e06d3ff63cdbaee88b7fc16e2f0?s=96&d=mm&r=g","contentUrl":"https:\/\/secure.gravatar.com\/avatar\/c7850e06d3ff63cdbaee88b7fc16e2f0?s=96&d=mm&r=g","caption":"Damien Dellerba"},"url":"https:\/\/www.ladiagonale.net\/index.php\/author\/damien\/"}]}},"_links":{"self":[{"href":"https:\/\/www.ladiagonale.net\/index.php\/wp-json\/wp\/v2\/posts\/40470"}],"collection":[{"href":"https:\/\/www.ladiagonale.net\/index.php\/wp-json\/wp\/v2\/posts"}],"about":[{"href":"https:\/\/www.ladiagonale.net\/index.php\/wp-json\/wp\/v2\/types\/post"}],"author":[{"embeddable":true,"href":"https:\/\/www.ladiagonale.net\/index.php\/wp-json\/wp\/v2\/users\/2"}],"replies":[{"embeddable":true,"href":"https:\/\/www.ladiagonale.net\/index.php\/wp-json\/wp\/v2\/comments?post=40470"}],"version-history":[{"count":2,"href":"https:\/\/www.ladiagonale.net\/index.php\/wp-json\/wp\/v2\/posts\/40470\/revisions"}],"predecessor-version":[{"id":40475,"href":"https:\/\/www.ladiagonale.net\/index.php\/wp-json\/wp\/v2\/posts\/40470\/revisions\/40475"}],"wp:attachment":[{"href":"https:\/\/www.ladiagonale.net\/index.php\/wp-json\/wp\/v2\/media?parent=40470"}],"wp:term":[{"taxonomy":"category","embeddable":true,"href":"https:\/\/www.ladiagonale.net\/index.php\/wp-json\/wp\/v2\/categories?post=40470"},{"taxonomy":"post_tag","embeddable":true,"href":"https:\/\/www.ladiagonale.net\/index.php\/wp-json\/wp\/v2\/tags?post=40470"}],"curies":[{"name":"wp","href":"https:\/\/api.w.org\/{rel}","templated":true}]}}