{"id":40482,"date":"2026-08-31T20:47:12","date_gmt":"2026-08-31T18:47:12","guid":{"rendered":"https:\/\/www.ladiagonale.net\/?p=40482"},"modified":"2026-08-31T20:47:13","modified_gmt":"2026-08-31T18:47:13","slug":"les-u17-malheureux-dans-le-derby","status":"publish","type":"post","link":"https:\/\/www.ladiagonale.net\/index.php\/2026\/08\/31\/les-u17-malheureux-dans-le-derby\/","title":{"rendered":"Les U17 malheureux dans le derby"},"content":{"rendered":"\n<p>Apr\u00e8s une \u00e9crasante victoire sur l\u2019AC Ajaccio pour d\u00e9buter le Championnat (5-1), les U17 de l\u2019AS Monaco sont tomb\u00e9s pour la deuxi\u00e8me journ\u00e9e. Les hommes de Manu Dos Santos n\u2019ont pas connu la m\u00eame r\u00e9ussite que leurs a\u00een\u00e9s en U19, vainqueur du derby contre le Cavigal de Nice (4-1), puisqu\u2019ils ont perdu le leur, face \u00e0 l\u2019OGC Nice (0-1), dimanche.<\/p>\n\n\n\n<p>Les Mon\u00e9gasques ont \u00e9t\u00e9 particuli\u00e8rement malheureux avec un but contre leur camp sur une passe en retrait qui a surpris le gardien \u00e0 la 78e minute, donnant un court mais d\u00e9finitif avantage aux voisins ni\u00e7ois.<br>Les U17 sont septi\u00e8mes de leur poule avec 3 points. Ils devront se rattraper, dimanche (15h), face \u00e0 Aubagne Air-Bel.<\/p>\n\n\n","protected":false},"excerpt":{"rendered":"<p>Apr\u00e8s une \u00e9crasante victoire sur l\u2019AC Ajaccio pour d\u00e9buter le Championnat (5-1), les U17 de l\u2019AS Monaco sont tomb\u00e9s pour la deuxi\u00e8me journ\u00e9e. Les hommes de Manu Dos Santos n\u2019ont pas connu la m\u00eame r\u00e9ussite que leurs a\u00een\u00e9s en U19, vainqueur du derby contre le Cavigal de Nice (4-1), puisqu\u2019ils ont perdu le leur, face [&#8230;]\n","protected":false},"author":2,"featured_media":0,"comment_status":"open","ping_status":"open","sticky":false,"template":"","format":"standard","meta":[],"categories":[1110,6],"tags":[76,86,423,130],"yoast_head":"<!-- This site is optimized with the Yoast SEO plugin v19.8 - https:\/\/yoast.com\/wordpress\/plugins\/seo\/ -->\n<title>Les U17 malheureux dans le derby - La Diagonale<\/title>\n<meta name=\"robots\" content=\"index, follow, max-snippet:-1, max-image-preview:large, max-video-preview:-1\" \/>\n<link rel=\"canonical\" href=\"https:\/\/www.ladiagonale.net\/index.php\/2026\/08\/31\/les-u17-malheureux-dans-le-derby\/\" \/>\n<meta property=\"og:locale\" content=\"fr_FR\" \/>\n<meta property=\"og:type\" content=\"article\" \/>\n<meta property=\"og:title\" content=\"Les U17 malheureux dans le derby - La Diagonale\" \/>\n<meta property=\"og:description\" content=\"Apr\u00e8s une \u00e9crasante victoire sur l\u2019AC Ajaccio pour d\u00e9buter le Championnat (5-1), les U17 de l\u2019AS Monaco sont tomb\u00e9s pour la deuxi\u00e8me journ\u00e9e. Les hommes de Manu Dos Santos n\u2019ont pas connu la m\u00eame r\u00e9ussite que leurs a\u00een\u00e9s en U19, vainqueur du derby contre le Cavigal de Nice (4-1), puisqu\u2019ils ont perdu le leur, face [...]\" \/>\n<meta property=\"og:url\" content=\"https:\/\/www.ladiagonale.net\/index.php\/2026\/08\/31\/les-u17-malheureux-dans-le-derby\/\" \/>\n<meta property=\"og:site_name\" content=\"La Diagonale\" \/>\n<meta property=\"article:published_time\" content=\"2026-08-31T18:47:12+00:00\" \/>\n<meta property=\"article:modified_time\" content=\"2026-08-31T18:47:13+00:00\" \/>\n<meta property=\"og:image\" content=\"https:\/\/www.ladiagonale.net\/wp-content\/uploads\/2026\/08\/U17.png\" \/>\n\t<meta property=\"og:image:width\" content=\"1160\" \/>\n\t<meta property=\"og:image:height\" content=\"650\" \/>\n\t<meta property=\"og:image:type\" content=\"image\/png\" \/>\n<meta name=\"author\" content=\"Damien Dellerba\" \/>\n<meta name=\"twitter:card\" content=\"summary_large_image\" \/>\n<meta name=\"twitter:image\" content=\"https:\/\/www.ladiagonale.net\/wp-content\/uploads\/2026\/08\/U17.png\" \/>\n<meta name=\"twitter:label1\" content=\"\u00c9crit par\" \/>\n\t<meta name=\"twitter:data1\" content=\"Damien Dellerba\" \/>\n\t<meta name=\"twitter:label2\" content=\"Dur\u00e9e de lecture estim\u00e9e\" \/>\n\t<meta name=\"twitter:data2\" content=\"1 minute\" \/>\n<script type=\"application\/ld+json\" class=\"yoast-schema-graph\">{\"@context\":\"https:\/\/schema.org\",\"@graph\":[{\"@type\":\"WebPage\",\"@id\":\"https:\/\/www.ladiagonale.net\/index.php\/2026\/08\/31\/les-u17-malheureux-dans-le-derby\/\",\"url\":\"https:\/\/www.ladiagonale.net\/index.php\/2026\/08\/31\/les-u17-malheureux-dans-le-derby\/\",\"name\":\"Les U17 malheureux dans le derby - La Diagonale\",\"isPartOf\":{\"@id\":\"https:\/\/www.ladiagonale.net\/#website\"},\"datePublished\":\"2026-08-31T18:47:12+00:00\",\"dateModified\":\"2026-08-31T18:47:13+00:00\",\"author\":{\"@id\":\"https:\/\/www.ladiagonale.net\/#\/schema\/person\/79ff1e7b0853ed01b2aa26e64ad300bf\"},\"breadcrumb\":{\"@id\":\"https:\/\/www.ladiagonale.net\/index.php\/2026\/08\/31\/les-u17-malheureux-dans-le-derby\/#breadcrumb\"},\"inLanguage\":\"fr-FR\",\"potentialAction\":[{\"@type\":\"ReadAction\",\"target\":[\"https:\/\/www.ladiagonale.net\/index.php\/2026\/08\/31\/les-u17-malheureux-dans-le-derby\/\"]}]},{\"@type\":\"BreadcrumbList\",\"@id\":\"https:\/\/www.ladiagonale.net\/index.php\/2026\/08\/31\/les-u17-malheureux-dans-le-derby\/#breadcrumb\",\"itemListElement\":[{\"@type\":\"ListItem\",\"position\":1,\"name\":\"Accueil\",\"item\":\"https:\/\/www.ladiagonale.net\/\"},{\"@type\":\"ListItem\",\"position\":2,\"name\":\"Les U17 malheureux dans le derby\"}]},{\"@type\":\"WebSite\",\"@id\":\"https:\/\/www.ladiagonale.net\/#website\",\"url\":\"https:\/\/www.ladiagonale.net\/\",\"name\":\"La Diagonale\",\"description\":\"Le site des supporters de l&#039;AS Monaco FC\",\"potentialAction\":[{\"@type\":\"SearchAction\",\"target\":{\"@type\":\"EntryPoint\",\"urlTemplate\":\"https:\/\/www.ladiagonale.net\/?s={search_term_string}\"},\"query-input\":\"required name=search_term_string\"}],\"inLanguage\":\"fr-FR\"},{\"@type\":\"Person\",\"@id\":\"https:\/\/www.ladiagonale.net\/#\/schema\/person\/79ff1e7b0853ed01b2aa26e64ad300bf\",\"name\":\"Damien Dellerba\",\"image\":{\"@type\":\"ImageObject\",\"inLanguage\":\"fr-FR\",\"@id\":\"https:\/\/www.ladiagonale.net\/#\/schema\/person\/image\/\",\"url\":\"https:\/\/secure.gravatar.com\/avatar\/c7850e06d3ff63cdbaee88b7fc16e2f0?s=96&d=mm&r=g\",\"contentUrl\":\"https:\/\/secure.gravatar.com\/avatar\/c7850e06d3ff63cdbaee88b7fc16e2f0?s=96&d=mm&r=g\",\"caption\":\"Damien Dellerba\"},\"url\":\"https:\/\/www.ladiagonale.net\/index.php\/author\/damien\/\"}]}<\/script>\n<!-- \/ Yoast SEO plugin. -->","yoast_head_json":{"title":"Les U17 malheureux dans le derby - La Diagonale","robots":{"index":"index","follow":"follow","max-snippet":"max-snippet:-1","max-image-preview":"max-image-preview:large","max-video-preview":"max-video-preview:-1"},"canonical":"https:\/\/www.ladiagonale.net\/index.php\/2026\/08\/31\/les-u17-malheureux-dans-le-derby\/","og_locale":"fr_FR","og_type":"article","og_title":"Les U17 malheureux dans le derby - La Diagonale","og_description":"Apr\u00e8s une \u00e9crasante victoire sur l\u2019AC Ajaccio pour d\u00e9buter le Championnat (5-1), les U17 de l\u2019AS Monaco sont tomb\u00e9s pour la deuxi\u00e8me journ\u00e9e. Les hommes de Manu Dos Santos n\u2019ont pas connu la m\u00eame r\u00e9ussite que leurs a\u00een\u00e9s en U19, vainqueur du derby contre le Cavigal de Nice (4-1), puisqu\u2019ils ont perdu le leur, face [...]","og_url":"https:\/\/www.ladiagonale.net\/index.php\/2026\/08\/31\/les-u17-malheureux-dans-le-derby\/","og_site_name":"La Diagonale","article_published_time":"2026-08-31T18:47:12+00:00","article_modified_time":"2026-08-31T18:47:13+00:00","og_image":[{"width":1160,"height":650,"url":"https:\/\/www.ladiagonale.net\/wp-content\/uploads\/2026\/08\/U17.png","type":"image\/png"}],"author":"Damien Dellerba","twitter_card":"summary_large_image","twitter_image":"https:\/\/www.ladiagonale.net\/wp-content\/uploads\/2026\/08\/U17.png","twitter_misc":{"\u00c9crit par":"Damien Dellerba","Dur\u00e9e de lecture estim\u00e9e":"1 minute"},"schema":{"@context":"https:\/\/schema.org","@graph":[{"@type":"WebPage","@id":"https:\/\/www.ladiagonale.net\/index.php\/2026\/08\/31\/les-u17-malheureux-dans-le-derby\/","url":"https:\/\/www.ladiagonale.net\/index.php\/2026\/08\/31\/les-u17-malheureux-dans-le-derby\/","name":"Les U17 malheureux dans le derby - La Diagonale","isPartOf":{"@id":"https:\/\/www.ladiagonale.net\/#website"},"datePublished":"2026-08-31T18:47:12+00:00","dateModified":"2026-08-31T18:47:13+00:00","author":{"@id":"https:\/\/www.ladiagonale.net\/#\/schema\/person\/79ff1e7b0853ed01b2aa26e64ad300bf"},"breadcrumb":{"@id":"https:\/\/www.ladiagonale.net\/index.php\/2026\/08\/31\/les-u17-malheureux-dans-le-derby\/#breadcrumb"},"inLanguage":"fr-FR","potentialAction":[{"@type":"ReadAction","target":["https:\/\/www.ladiagonale.net\/index.php\/2026\/08\/31\/les-u17-malheureux-dans-le-derby\/"]}]},{"@type":"BreadcrumbList","@id":"https:\/\/www.ladiagonale.net\/index.php\/2026\/08\/31\/les-u17-malheureux-dans-le-derby\/#breadcrumb","itemListElement":[{"@type":"ListItem","position":1,"name":"Accueil","item":"https:\/\/www.ladiagonale.net\/"},{"@type":"ListItem","position":2,"name":"Les U17 malheureux dans le derby"}]},{"@type":"WebSite","@id":"https:\/\/www.ladiagonale.net\/#website","url":"https:\/\/www.ladiagonale.net\/","name":"La Diagonale","description":"Le site des supporters de l&#039;AS Monaco FC","potentialAction":[{"@type":"SearchAction","target":{"@type":"EntryPoint","urlTemplate":"https:\/\/www.ladiagonale.net\/?s={search_term_string}"},"query-input":"required name=search_term_string"}],"inLanguage":"fr-FR"},{"@type":"Person","@id":"https:\/\/www.ladiagonale.net\/#\/schema\/person\/79ff1e7b0853ed01b2aa26e64ad300bf","name":"Damien Dellerba","image":{"@type":"ImageObject","inLanguage":"fr-FR","@id":"https:\/\/www.ladiagonale.net\/#\/schema\/person\/image\/","url":"https:\/\/secure.gravatar.com\/avatar\/c7850e06d3ff63cdbaee88b7fc16e2f0?s=96&d=mm&r=g","contentUrl":"https:\/\/secure.gravatar.com\/avatar\/c7850e06d3ff63cdbaee88b7fc16e2f0?s=96&d=mm&r=g","caption":"Damien Dellerba"},"url":"https:\/\/www.ladiagonale.net\/index.php\/author\/damien\/"}]}},"_links":{"self":[{"href":"https:\/\/www.ladiagonale.net\/index.php\/wp-json\/wp\/v2\/posts\/40482"}],"collection":[{"href":"https:\/\/www.ladiagonale.net\/index.php\/wp-json\/wp\/v2\/posts"}],"about":[{"href":"https:\/\/www.ladiagonale.net\/index.php\/wp-json\/wp\/v2\/types\/post"}],"author":[{"embeddable":true,"href":"https:\/\/www.ladiagonale.net\/index.php\/wp-json\/wp\/v2\/users\/2"}],"replies":[{"embeddable":true,"href":"https:\/\/www.ladiagonale.net\/index.php\/wp-json\/wp\/v2\/comments?post=40482"}],"version-history":[{"count":1,"href":"https:\/\/www.ladiagonale.net\/index.php\/wp-json\/wp\/v2\/posts\/40482\/revisions"}],"predecessor-version":[{"id":40484,"href":"https:\/\/www.ladiagonale.net\/index.php\/wp-json\/wp\/v2\/posts\/40482\/revisions\/40484"}],"wp:attachment":[{"href":"https:\/\/www.ladiagonale.net\/index.php\/wp-json\/wp\/v2\/media?parent=40482"}],"wp:term":[{"taxonomy":"category","embeddable":true,"href":"https:\/\/www.ladiagonale.net\/index.php\/wp-json\/wp\/v2\/categories?post=40482"},{"taxonomy":"post_tag","embeddable":true,"href":"https:\/\/www.ladiagonale.net\/index.php\/wp-json\/wp\/v2\/tags?post=40482"}],"curies":[{"name":"wp","href":"https:\/\/api.w.org\/{rel}","templated":true}]}}