{"id":40485,"date":"2026-08-31T20:59:45","date_gmt":"2026-08-31T18:59:45","guid":{"rendered":"https:\/\/www.ladiagonale.net\/?p=40485"},"modified":"2026-08-31T20:59:46","modified_gmt":"2026-08-31T18:59:46","slug":"monaco-meilleure-equipe-de-la-2e-journee-avec-trois-joueurs-dans-lequipe-type","status":"publish","type":"post","link":"https:\/\/www.ladiagonale.net\/index.php\/2026\/08\/31\/monaco-meilleure-equipe-de-la-2e-journee-avec-trois-joueurs-dans-lequipe-type\/","title":{"rendered":"Monaco meilleure \u00e9quipe de la 2e journ\u00e9e, avec trois joueurs dans l&rsquo;\u00e9quipe type"},"content":{"rendered":"\n\n\n<p>Eric Dier r\u00e9cidive. Buteur face au Havre en premi\u00e8re journ\u00e9e, le d\u00e9fenseur central avait \u00e9t\u00e9 int\u00e9gr\u00e9 \u00e0 l&rsquo;\u00e9quipe type de cette journ\u00e9e inaugurale de la nouvelle saison. Auteur d&rsquo;une prestation tr\u00e8s solide contre Marseille, comme le reste de l&rsquo;\u00e9quipe, le Mon\u00e9gasque est de nouveau dans le onze type de <em>L&rsquo;\u00c9quipe<\/em>, avec sa note de 7\/10.<\/p>\n\n\n\n<p>Mais l&rsquo;Anglais n&rsquo;est pas seul et ne sera pas l&rsquo;\u00e9l\u00e9ment le plus en vue de la formation princi\u00e8re. Il est accompagn\u00e9 de Paris Brunner, auteur d&rsquo;un doubl\u00e9, et de Lamine Camara, qui a r\u00e9alis\u00e9 un grand match. Les deux joueurs ont re\u00e7u la note de 8\/10 de la part du quotidien sportif et sont donc eux aussi dans le onze type de la 2e journ\u00e9e.<\/p>\n\n\n\n<p>Avec une moyenne de 6,3\/10, Monaco est sans conteste la meilleure \u00e9quipe de cette deuxi\u00e8me journ\u00e9e. Les Rouge et Blanc sont seuls leaders de Ligue 1, avec deux succ\u00e8s en deux matches.<\/p>\n\n\n\n<h3 class=\"wp-block-heading\">L&rsquo;\u00e9quipe type de la 2<sup>e<\/sup> journ\u00e9e<\/h3>\n\n\n<div class=\"wp-block-image is-resized\">\n<figure class=\"aligncenter size-large\"><img loading=\"lazy\" src=\"https:\/\/www.ladiagonale.net\/wp-content\/uploads\/2026\/08\/HRCcl6pWkAA9CVB-877x1024.jpg\" alt=\"\" class=\"wp-image-40486\" width=\"658\" height=\"768\" srcset=\"https:\/\/www.ladiagonale.net\/wp-content\/uploads\/2026\/08\/HRCcl6pWkAA9CVB-877x1024.jpg 877w, https:\/\/www.ladiagonale.net\/wp-content\/uploads\/2026\/08\/HRCcl6pWkAA9CVB-257x300.jpg 257w, https:\/\/www.ladiagonale.net\/wp-content\/uploads\/2026\/08\/HRCcl6pWkAA9CVB-768x897.jpg 768w, https:\/\/www.ladiagonale.net\/wp-content\/uploads\/2026\/08\/HRCcl6pWkAA9CVB-110x128.jpg 110w, https:\/\/www.ladiagonale.net\/wp-content\/uploads\/2026\/08\/HRCcl6pWkAA9CVB-27x32.jpg 27w, https:\/\/www.ladiagonale.net\/wp-content\/uploads\/2026\/08\/HRCcl6pWkAA9CVB.jpg 913w\" sizes=\"(max-width: 658px) 100vw, 658px\" \/><figcaption>Cr\u00e9dit : L&rsquo;\u00c9quipe<\/figcaption><\/figure><\/div>\n\n\n<h4 class=\"wp-block-heading has-white-color has-vivid-red-background-color has-text-color has-background\" id=\"pr\u00e9sences-dans-l\u00e9quipe-type-par-journ\u00e9es\" style=\"text-transform:uppercase\">Pr\u00e9sences dans l\u2019\u00e9quipe type par journ\u00e9e<\/h4>\n\n\n\n<ul><li>1<sup>re<\/sup> journ\u00e9e : Eric Dier<\/li><li>2<sup>e<\/sup> journ\u00e9e : Eric Dier, Paris Brunner, Lamine Camara<\/li><\/ul>\n\n\n\n<h4 class=\"wp-block-heading has-white-color has-vivid-red-background-color has-text-color has-background\" id=\"nombre-de-pr\u00e9sences-dans-l\u00e9quipe-type\" style=\"text-transform:uppercase\">Nombre de pr\u00e9sences dans l\u2019\u00e9quipe type<\/h4>\n\n\n\n<ul class=\"wp-block-list\"><li>Eric Dier : 2<\/li><li>Paris Brunner, Lamine Camara : 1<\/li><\/ul>\n","protected":false},"excerpt":{"rendered":"<p>Eric Dier r\u00e9cidive. Buteur face au Havre en premi\u00e8re journ\u00e9e, le d\u00e9fenseur central avait \u00e9t\u00e9 int\u00e9gr\u00e9 \u00e0 l&rsquo;\u00e9quipe type de cette journ\u00e9e inaugurale de la nouvelle saison. Auteur d&rsquo;une prestation tr\u00e8s solide contre Marseille, comme le reste de l&rsquo;\u00e9quipe, le Mon\u00e9gasque est de nouveau dans le onze type de L&rsquo;\u00c9quipe, avec sa note de 7\/10. [&#8230;]\n","protected":false},"author":2,"featured_media":0,"comment_status":"open","ping_status":"open","sticky":false,"template":"","format":"standard","meta":[],"categories":[6,1000],"tags":[86,218,1026,894,94,1122,245,898],"yoast_head":"<!-- This site is optimized with the Yoast SEO plugin v19.8 - https:\/\/yoast.com\/wordpress\/plugins\/seo\/ -->\n<title>Monaco meilleure \u00e9quipe de la 2e journ\u00e9e, avec trois joueurs dans l&#039;\u00e9quipe type - La Diagonale<\/title>\n<meta name=\"robots\" content=\"index, follow, max-snippet:-1, max-image-preview:large, max-video-preview:-1\" \/>\n<link rel=\"canonical\" href=\"https:\/\/www.ladiagonale.net\/index.php\/2026\/08\/31\/monaco-meilleure-equipe-de-la-2e-journee-avec-trois-joueurs-dans-lequipe-type\/\" \/>\n<meta property=\"og:locale\" content=\"fr_FR\" \/>\n<meta property=\"og:type\" content=\"article\" \/>\n<meta property=\"og:title\" content=\"Monaco meilleure \u00e9quipe de la 2e journ\u00e9e, avec trois joueurs dans l&#039;\u00e9quipe type - La Diagonale\" \/>\n<meta property=\"og:description\" content=\"Eric Dier r\u00e9cidive. Buteur face au Havre en premi\u00e8re journ\u00e9e, le d\u00e9fenseur central avait \u00e9t\u00e9 int\u00e9gr\u00e9 \u00e0 l&rsquo;\u00e9quipe type de cette journ\u00e9e inaugurale de la nouvelle saison. Auteur d&rsquo;une prestation tr\u00e8s solide contre Marseille, comme le reste de l&rsquo;\u00e9quipe, le Mon\u00e9gasque est de nouveau dans le onze type de L&rsquo;\u00c9quipe, avec sa note de 7\/10. [...]\" \/>\n<meta property=\"og:url\" content=\"https:\/\/www.ladiagonale.net\/index.php\/2026\/08\/31\/monaco-meilleure-equipe-de-la-2e-journee-avec-trois-joueurs-dans-lequipe-type\/\" \/>\n<meta property=\"og:site_name\" content=\"La Diagonale\" \/>\n<meta property=\"article:published_time\" content=\"2026-08-31T18:59:45+00:00\" \/>\n<meta property=\"article:modified_time\" content=\"2026-08-31T18:59:46+00:00\" \/>\n<meta property=\"og:image\" content=\"https:\/\/www.ladiagonale.net\/wp-content\/uploads\/2026\/08\/Brunner-OM.png\" \/>\n\t<meta property=\"og:image:width\" content=\"1160\" \/>\n\t<meta property=\"og:image:height\" content=\"650\" \/>\n\t<meta property=\"og:image:type\" content=\"image\/png\" \/>\n<meta name=\"author\" content=\"Damien Dellerba\" \/>\n<meta name=\"twitter:card\" content=\"summary_large_image\" \/>\n<meta name=\"twitter:image\" content=\"https:\/\/www.ladiagonale.net\/wp-content\/uploads\/2026\/08\/Brunner-OM.png\" \/>\n<meta name=\"twitter:label1\" content=\"\u00c9crit par\" \/>\n\t<meta name=\"twitter:data1\" content=\"Damien Dellerba\" \/>\n\t<meta name=\"twitter:label2\" content=\"Dur\u00e9e de lecture estim\u00e9e\" \/>\n\t<meta name=\"twitter:data2\" content=\"2 minutes\" \/>\n<script type=\"application\/ld+json\" class=\"yoast-schema-graph\">{\"@context\":\"https:\/\/schema.org\",\"@graph\":[{\"@type\":\"WebPage\",\"@id\":\"https:\/\/www.ladiagonale.net\/index.php\/2026\/08\/31\/monaco-meilleure-equipe-de-la-2e-journee-avec-trois-joueurs-dans-lequipe-type\/\",\"url\":\"https:\/\/www.ladiagonale.net\/index.php\/2026\/08\/31\/monaco-meilleure-equipe-de-la-2e-journee-avec-trois-joueurs-dans-lequipe-type\/\",\"name\":\"Monaco meilleure \u00e9quipe de la 2e journ\u00e9e, avec trois joueurs dans l'\u00e9quipe type - La Diagonale\",\"isPartOf\":{\"@id\":\"https:\/\/www.ladiagonale.net\/#website\"},\"datePublished\":\"2026-08-31T18:59:45+00:00\",\"dateModified\":\"2026-08-31T18:59:46+00:00\",\"author\":{\"@id\":\"https:\/\/www.ladiagonale.net\/#\/schema\/person\/79ff1e7b0853ed01b2aa26e64ad300bf\"},\"breadcrumb\":{\"@id\":\"https:\/\/www.ladiagonale.net\/index.php\/2026\/08\/31\/monaco-meilleure-equipe-de-la-2e-journee-avec-trois-joueurs-dans-lequipe-type\/#breadcrumb\"},\"inLanguage\":\"fr-FR\",\"potentialAction\":[{\"@type\":\"ReadAction\",\"target\":[\"https:\/\/www.ladiagonale.net\/index.php\/2026\/08\/31\/monaco-meilleure-equipe-de-la-2e-journee-avec-trois-joueurs-dans-lequipe-type\/\"]}]},{\"@type\":\"BreadcrumbList\",\"@id\":\"https:\/\/www.ladiagonale.net\/index.php\/2026\/08\/31\/monaco-meilleure-equipe-de-la-2e-journee-avec-trois-joueurs-dans-lequipe-type\/#breadcrumb\",\"itemListElement\":[{\"@type\":\"ListItem\",\"position\":1,\"name\":\"Accueil\",\"item\":\"https:\/\/www.ladiagonale.net\/\"},{\"@type\":\"ListItem\",\"position\":2,\"name\":\"Monaco meilleure \u00e9quipe de la 2e journ\u00e9e, avec trois joueurs dans l&rsquo;\u00e9quipe type\"}]},{\"@type\":\"WebSite\",\"@id\":\"https:\/\/www.ladiagonale.net\/#website\",\"url\":\"https:\/\/www.ladiagonale.net\/\",\"name\":\"La Diagonale\",\"description\":\"Le site des supporters de l&#039;AS Monaco FC\",\"potentialAction\":[{\"@type\":\"SearchAction\",\"target\":{\"@type\":\"EntryPoint\",\"urlTemplate\":\"https:\/\/www.ladiagonale.net\/?s={search_term_string}\"},\"query-input\":\"required name=search_term_string\"}],\"inLanguage\":\"fr-FR\"},{\"@type\":\"Person\",\"@id\":\"https:\/\/www.ladiagonale.net\/#\/schema\/person\/79ff1e7b0853ed01b2aa26e64ad300bf\",\"name\":\"Damien Dellerba\",\"image\":{\"@type\":\"ImageObject\",\"inLanguage\":\"fr-FR\",\"@id\":\"https:\/\/www.ladiagonale.net\/#\/schema\/person\/image\/\",\"url\":\"https:\/\/secure.gravatar.com\/avatar\/c7850e06d3ff63cdbaee88b7fc16e2f0?s=96&d=mm&r=g\",\"contentUrl\":\"https:\/\/secure.gravatar.com\/avatar\/c7850e06d3ff63cdbaee88b7fc16e2f0?s=96&d=mm&r=g\",\"caption\":\"Damien Dellerba\"},\"url\":\"https:\/\/www.ladiagonale.net\/index.php\/author\/damien\/\"}]}<\/script>\n<!-- \/ Yoast SEO plugin. -->","yoast_head_json":{"title":"Monaco meilleure \u00e9quipe de la 2e journ\u00e9e, avec trois joueurs dans l'\u00e9quipe type - La Diagonale","robots":{"index":"index","follow":"follow","max-snippet":"max-snippet:-1","max-image-preview":"max-image-preview:large","max-video-preview":"max-video-preview:-1"},"canonical":"https:\/\/www.ladiagonale.net\/index.php\/2026\/08\/31\/monaco-meilleure-equipe-de-la-2e-journee-avec-trois-joueurs-dans-lequipe-type\/","og_locale":"fr_FR","og_type":"article","og_title":"Monaco meilleure \u00e9quipe de la 2e journ\u00e9e, avec trois joueurs dans l'\u00e9quipe type - La Diagonale","og_description":"Eric Dier r\u00e9cidive. Buteur face au Havre en premi\u00e8re journ\u00e9e, le d\u00e9fenseur central avait \u00e9t\u00e9 int\u00e9gr\u00e9 \u00e0 l&rsquo;\u00e9quipe type de cette journ\u00e9e inaugurale de la nouvelle saison. Auteur d&rsquo;une prestation tr\u00e8s solide contre Marseille, comme le reste de l&rsquo;\u00e9quipe, le Mon\u00e9gasque est de nouveau dans le onze type de L&rsquo;\u00c9quipe, avec sa note de 7\/10. [...]","og_url":"https:\/\/www.ladiagonale.net\/index.php\/2026\/08\/31\/monaco-meilleure-equipe-de-la-2e-journee-avec-trois-joueurs-dans-lequipe-type\/","og_site_name":"La Diagonale","article_published_time":"2026-08-31T18:59:45+00:00","article_modified_time":"2026-08-31T18:59:46+00:00","og_image":[{"width":1160,"height":650,"url":"https:\/\/www.ladiagonale.net\/wp-content\/uploads\/2026\/08\/Brunner-OM.png","type":"image\/png"}],"author":"Damien Dellerba","twitter_card":"summary_large_image","twitter_image":"https:\/\/www.ladiagonale.net\/wp-content\/uploads\/2026\/08\/Brunner-OM.png","twitter_misc":{"\u00c9crit par":"Damien Dellerba","Dur\u00e9e de lecture estim\u00e9e":"2 minutes"},"schema":{"@context":"https:\/\/schema.org","@graph":[{"@type":"WebPage","@id":"https:\/\/www.ladiagonale.net\/index.php\/2026\/08\/31\/monaco-meilleure-equipe-de-la-2e-journee-avec-trois-joueurs-dans-lequipe-type\/","url":"https:\/\/www.ladiagonale.net\/index.php\/2026\/08\/31\/monaco-meilleure-equipe-de-la-2e-journee-avec-trois-joueurs-dans-lequipe-type\/","name":"Monaco meilleure \u00e9quipe de la 2e journ\u00e9e, avec trois joueurs dans l'\u00e9quipe type - La Diagonale","isPartOf":{"@id":"https:\/\/www.ladiagonale.net\/#website"},"datePublished":"2026-08-31T18:59:45+00:00","dateModified":"2026-08-31T18:59:46+00:00","author":{"@id":"https:\/\/www.ladiagonale.net\/#\/schema\/person\/79ff1e7b0853ed01b2aa26e64ad300bf"},"breadcrumb":{"@id":"https:\/\/www.ladiagonale.net\/index.php\/2026\/08\/31\/monaco-meilleure-equipe-de-la-2e-journee-avec-trois-joueurs-dans-lequipe-type\/#breadcrumb"},"inLanguage":"fr-FR","potentialAction":[{"@type":"ReadAction","target":["https:\/\/www.ladiagonale.net\/index.php\/2026\/08\/31\/monaco-meilleure-equipe-de-la-2e-journee-avec-trois-joueurs-dans-lequipe-type\/"]}]},{"@type":"BreadcrumbList","@id":"https:\/\/www.ladiagonale.net\/index.php\/2026\/08\/31\/monaco-meilleure-equipe-de-la-2e-journee-avec-trois-joueurs-dans-lequipe-type\/#breadcrumb","itemListElement":[{"@type":"ListItem","position":1,"name":"Accueil","item":"https:\/\/www.ladiagonale.net\/"},{"@type":"ListItem","position":2,"name":"Monaco meilleure \u00e9quipe de la 2e journ\u00e9e, avec trois joueurs dans l&rsquo;\u00e9quipe type"}]},{"@type":"WebSite","@id":"https:\/\/www.ladiagonale.net\/#website","url":"https:\/\/www.ladiagonale.net\/","name":"La Diagonale","description":"Le site des supporters de l&#039;AS Monaco FC","potentialAction":[{"@type":"SearchAction","target":{"@type":"EntryPoint","urlTemplate":"https:\/\/www.ladiagonale.net\/?s={search_term_string}"},"query-input":"required name=search_term_string"}],"inLanguage":"fr-FR"},{"@type":"Person","@id":"https:\/\/www.ladiagonale.net\/#\/schema\/person\/79ff1e7b0853ed01b2aa26e64ad300bf","name":"Damien Dellerba","image":{"@type":"ImageObject","inLanguage":"fr-FR","@id":"https:\/\/www.ladiagonale.net\/#\/schema\/person\/image\/","url":"https:\/\/secure.gravatar.com\/avatar\/c7850e06d3ff63cdbaee88b7fc16e2f0?s=96&d=mm&r=g","contentUrl":"https:\/\/secure.gravatar.com\/avatar\/c7850e06d3ff63cdbaee88b7fc16e2f0?s=96&d=mm&r=g","caption":"Damien Dellerba"},"url":"https:\/\/www.ladiagonale.net\/index.php\/author\/damien\/"}]}},"_links":{"self":[{"href":"https:\/\/www.ladiagonale.net\/index.php\/wp-json\/wp\/v2\/posts\/40485"}],"collection":[{"href":"https:\/\/www.ladiagonale.net\/index.php\/wp-json\/wp\/v2\/posts"}],"about":[{"href":"https:\/\/www.ladiagonale.net\/index.php\/wp-json\/wp\/v2\/types\/post"}],"author":[{"embeddable":true,"href":"https:\/\/www.ladiagonale.net\/index.php\/wp-json\/wp\/v2\/users\/2"}],"replies":[{"embeddable":true,"href":"https:\/\/www.ladiagonale.net\/index.php\/wp-json\/wp\/v2\/comments?post=40485"}],"version-history":[{"count":1,"href":"https:\/\/www.ladiagonale.net\/index.php\/wp-json\/wp\/v2\/posts\/40485\/revisions"}],"predecessor-version":[{"id":40487,"href":"https:\/\/www.ladiagonale.net\/index.php\/wp-json\/wp\/v2\/posts\/40485\/revisions\/40487"}],"wp:attachment":[{"href":"https:\/\/www.ladiagonale.net\/index.php\/wp-json\/wp\/v2\/media?parent=40485"}],"wp:term":[{"taxonomy":"category","embeddable":true,"href":"https:\/\/www.ladiagonale.net\/index.php\/wp-json\/wp\/v2\/categories?post=40485"},{"taxonomy":"post_tag","embeddable":true,"href":"https:\/\/www.ladiagonale.net\/index.php\/wp-json\/wp\/v2\/tags?post=40485"}],"curies":[{"name":"wp","href":"https:\/\/api.w.org\/{rel}","templated":true}]}}