{"id":40488,"date":"2026-08-31T21:17:30","date_gmt":"2026-08-31T19:17:30","guid":{"rendered":"https:\/\/www.ladiagonale.net\/?p=40488"},"modified":"2026-08-31T21:17:31","modified_gmt":"2026-08-31T19:17:31","slug":"kehrer-devrait-rester-a-monaco","status":"publish","type":"post","link":"https:\/\/www.ladiagonale.net\/index.php\/2026\/08\/31\/kehrer-devrait-rester-a-monaco\/","title":{"rendered":"Kehrer devrait rester \u00e0 Monaco"},"content":{"rendered":"\n\n\n<p>L\u2019AS Monaco avait pour mission de d\u00e9graisser sa masse salariale, mais cela impliquait de faire partir des jours avec des \u00e9moluments consid\u00e9rables. Eric Dier a gagn\u00e9 beaucoup de cr\u00e9dit aupr\u00e8s de Filipe Luis et l\u2019ASM n\u2019avait pas la volont\u00e9 de se s\u00e9parer de Denis Zakaria. On ne pouvait pas en dire autant de Thilo Kehrer et Aleksandr Golovin, qui comptent aussi parmi les plus gros salaires du club et qui \u00e9taient li\u00e9s \u00e0 des rumeurs de d\u00e9parts.<\/p>\n\n\n\n<p>Pour le premier, et sans doute aussi le second, elles ne semblent pas devoir se concr\u00e9tiser d\u2019ici mardi soir, date de fin du mercato (\u00e0 20 heures). C\u2019est en tout cas ce que rapporte <em>Nice-Matin<\/em> concernant Thilo Kehrer. Si le club de la Principaut\u00e9 a bien cherch\u00e9 \u00e0 exfiltrer l\u2019ancien d\u00e9fenseur central de West Ham et du PSG, personne ne semble avoir mordu. Il y a quelques jours, un vague int\u00e9r\u00eat de l\u2019AS Roma pour l\u2019Allemand \u00e9tait sorti, rapidement d\u00e9menti par l\u2019arriv\u00e9e du Marseillais Balerdi dans la capitale italienne.<\/p>\n\n\n\n<p>Du c\u00f4t\u00e9 du joueur, m\u00eame s\u2019il n\u2019a \u00e9t\u00e9 utilis\u00e9 qu\u2019une minute par Filipe Luis, il n\u2019y aurait visiblement pas non plus une grande envie de quitter le Rocher. R\u00e9cemment Nice-Matin expliquait que le joueur de 29 ans \u00e9tait dispos\u00e9 \u00e0 retrouver une place de titulaire. Kehrer est sous contrat avec l\u2019ASM jusqu\u2019en 2028.<\/p>\n","protected":false},"excerpt":{"rendered":"<p>L\u2019AS Monaco avait pour mission de d\u00e9graisser sa masse salariale, mais cela impliquait de faire partir des jours avec des \u00e9moluments consid\u00e9rables. Eric Dier a gagn\u00e9 beaucoup de cr\u00e9dit aupr\u00e8s de Filipe Luis et l\u2019ASM n\u2019avait pas la volont\u00e9 de se s\u00e9parer de Denis Zakaria. On ne pouvait pas en dire autant de Thilo Kehrer [&#8230;]\n","protected":false},"author":2,"featured_media":0,"comment_status":"open","ping_status":"open","sticky":false,"template":"","format":"standard","meta":[],"categories":[6,1086],"tags":[86,111,756,110],"yoast_head":"<!-- This site is optimized with the Yoast SEO plugin v19.8 - https:\/\/yoast.com\/wordpress\/plugins\/seo\/ -->\n<title>Kehrer devrait rester \u00e0 Monaco - La Diagonale<\/title>\n<meta name=\"robots\" content=\"index, follow, max-snippet:-1, max-image-preview:large, max-video-preview:-1\" \/>\n<link rel=\"canonical\" href=\"https:\/\/www.ladiagonale.net\/index.php\/2026\/08\/31\/kehrer-devrait-rester-a-monaco\/\" \/>\n<meta property=\"og:locale\" content=\"fr_FR\" \/>\n<meta property=\"og:type\" content=\"article\" \/>\n<meta property=\"og:title\" content=\"Kehrer devrait rester \u00e0 Monaco - La Diagonale\" \/>\n<meta property=\"og:description\" content=\"L\u2019AS Monaco avait pour mission de d\u00e9graisser sa masse salariale, mais cela impliquait de faire partir des jours avec des \u00e9moluments consid\u00e9rables. Eric Dier a gagn\u00e9 beaucoup de cr\u00e9dit aupr\u00e8s de Filipe Luis et l\u2019ASM n\u2019avait pas la volont\u00e9 de se s\u00e9parer de Denis Zakaria. On ne pouvait pas en dire autant de Thilo Kehrer [...]\" \/>\n<meta property=\"og:url\" content=\"https:\/\/www.ladiagonale.net\/index.php\/2026\/08\/31\/kehrer-devrait-rester-a-monaco\/\" \/>\n<meta property=\"og:site_name\" content=\"La Diagonale\" \/>\n<meta property=\"article:published_time\" content=\"2026-08-31T19:17:30+00:00\" \/>\n<meta property=\"article:modified_time\" content=\"2026-08-31T19:17:31+00:00\" \/>\n<meta property=\"og:image\" content=\"https:\/\/www.ladiagonale.net\/wp-content\/uploads\/2026\/08\/Kehrer-Cercle.png\" \/>\n\t<meta property=\"og:image:width\" content=\"1160\" \/>\n\t<meta property=\"og:image:height\" content=\"650\" \/>\n\t<meta property=\"og:image:type\" content=\"image\/png\" \/>\n<meta name=\"author\" content=\"Damien Dellerba\" \/>\n<meta name=\"twitter:card\" content=\"summary_large_image\" \/>\n<meta name=\"twitter:image\" content=\"https:\/\/www.ladiagonale.net\/wp-content\/uploads\/2026\/08\/Kehrer-Cercle.png\" \/>\n<meta name=\"twitter:label1\" content=\"\u00c9crit par\" \/>\n\t<meta name=\"twitter:data1\" content=\"Damien Dellerba\" \/>\n\t<meta name=\"twitter:label2\" content=\"Dur\u00e9e de lecture estim\u00e9e\" \/>\n\t<meta name=\"twitter:data2\" content=\"2 minutes\" \/>\n<script type=\"application\/ld+json\" class=\"yoast-schema-graph\">{\"@context\":\"https:\/\/schema.org\",\"@graph\":[{\"@type\":\"WebPage\",\"@id\":\"https:\/\/www.ladiagonale.net\/index.php\/2026\/08\/31\/kehrer-devrait-rester-a-monaco\/\",\"url\":\"https:\/\/www.ladiagonale.net\/index.php\/2026\/08\/31\/kehrer-devrait-rester-a-monaco\/\",\"name\":\"Kehrer devrait rester \u00e0 Monaco - La Diagonale\",\"isPartOf\":{\"@id\":\"https:\/\/www.ladiagonale.net\/#website\"},\"datePublished\":\"2026-08-31T19:17:30+00:00\",\"dateModified\":\"2026-08-31T19:17:31+00:00\",\"author\":{\"@id\":\"https:\/\/www.ladiagonale.net\/#\/schema\/person\/79ff1e7b0853ed01b2aa26e64ad300bf\"},\"breadcrumb\":{\"@id\":\"https:\/\/www.ladiagonale.net\/index.php\/2026\/08\/31\/kehrer-devrait-rester-a-monaco\/#breadcrumb\"},\"inLanguage\":\"fr-FR\",\"potentialAction\":[{\"@type\":\"ReadAction\",\"target\":[\"https:\/\/www.ladiagonale.net\/index.php\/2026\/08\/31\/kehrer-devrait-rester-a-monaco\/\"]}]},{\"@type\":\"BreadcrumbList\",\"@id\":\"https:\/\/www.ladiagonale.net\/index.php\/2026\/08\/31\/kehrer-devrait-rester-a-monaco\/#breadcrumb\",\"itemListElement\":[{\"@type\":\"ListItem\",\"position\":1,\"name\":\"Accueil\",\"item\":\"https:\/\/www.ladiagonale.net\/\"},{\"@type\":\"ListItem\",\"position\":2,\"name\":\"Kehrer devrait rester \u00e0 Monaco\"}]},{\"@type\":\"WebSite\",\"@id\":\"https:\/\/www.ladiagonale.net\/#website\",\"url\":\"https:\/\/www.ladiagonale.net\/\",\"name\":\"La Diagonale\",\"description\":\"Le site des supporters de l&#039;AS Monaco FC\",\"potentialAction\":[{\"@type\":\"SearchAction\",\"target\":{\"@type\":\"EntryPoint\",\"urlTemplate\":\"https:\/\/www.ladiagonale.net\/?s={search_term_string}\"},\"query-input\":\"required name=search_term_string\"}],\"inLanguage\":\"fr-FR\"},{\"@type\":\"Person\",\"@id\":\"https:\/\/www.ladiagonale.net\/#\/schema\/person\/79ff1e7b0853ed01b2aa26e64ad300bf\",\"name\":\"Damien Dellerba\",\"image\":{\"@type\":\"ImageObject\",\"inLanguage\":\"fr-FR\",\"@id\":\"https:\/\/www.ladiagonale.net\/#\/schema\/person\/image\/\",\"url\":\"https:\/\/secure.gravatar.com\/avatar\/c7850e06d3ff63cdbaee88b7fc16e2f0?s=96&d=mm&r=g\",\"contentUrl\":\"https:\/\/secure.gravatar.com\/avatar\/c7850e06d3ff63cdbaee88b7fc16e2f0?s=96&d=mm&r=g\",\"caption\":\"Damien Dellerba\"},\"url\":\"https:\/\/www.ladiagonale.net\/index.php\/author\/damien\/\"}]}<\/script>\n<!-- \/ Yoast SEO plugin. -->","yoast_head_json":{"title":"Kehrer devrait rester \u00e0 Monaco - La Diagonale","robots":{"index":"index","follow":"follow","max-snippet":"max-snippet:-1","max-image-preview":"max-image-preview:large","max-video-preview":"max-video-preview:-1"},"canonical":"https:\/\/www.ladiagonale.net\/index.php\/2026\/08\/31\/kehrer-devrait-rester-a-monaco\/","og_locale":"fr_FR","og_type":"article","og_title":"Kehrer devrait rester \u00e0 Monaco - La Diagonale","og_description":"L\u2019AS Monaco avait pour mission de d\u00e9graisser sa masse salariale, mais cela impliquait de faire partir des jours avec des \u00e9moluments consid\u00e9rables. Eric Dier a gagn\u00e9 beaucoup de cr\u00e9dit aupr\u00e8s de Filipe Luis et l\u2019ASM n\u2019avait pas la volont\u00e9 de se s\u00e9parer de Denis Zakaria. On ne pouvait pas en dire autant de Thilo Kehrer [...]","og_url":"https:\/\/www.ladiagonale.net\/index.php\/2026\/08\/31\/kehrer-devrait-rester-a-monaco\/","og_site_name":"La Diagonale","article_published_time":"2026-08-31T19:17:30+00:00","article_modified_time":"2026-08-31T19:17:31+00:00","og_image":[{"width":1160,"height":650,"url":"https:\/\/www.ladiagonale.net\/wp-content\/uploads\/2026\/08\/Kehrer-Cercle.png","type":"image\/png"}],"author":"Damien Dellerba","twitter_card":"summary_large_image","twitter_image":"https:\/\/www.ladiagonale.net\/wp-content\/uploads\/2026\/08\/Kehrer-Cercle.png","twitter_misc":{"\u00c9crit par":"Damien Dellerba","Dur\u00e9e de lecture estim\u00e9e":"2 minutes"},"schema":{"@context":"https:\/\/schema.org","@graph":[{"@type":"WebPage","@id":"https:\/\/www.ladiagonale.net\/index.php\/2026\/08\/31\/kehrer-devrait-rester-a-monaco\/","url":"https:\/\/www.ladiagonale.net\/index.php\/2026\/08\/31\/kehrer-devrait-rester-a-monaco\/","name":"Kehrer devrait rester \u00e0 Monaco - La Diagonale","isPartOf":{"@id":"https:\/\/www.ladiagonale.net\/#website"},"datePublished":"2026-08-31T19:17:30+00:00","dateModified":"2026-08-31T19:17:31+00:00","author":{"@id":"https:\/\/www.ladiagonale.net\/#\/schema\/person\/79ff1e7b0853ed01b2aa26e64ad300bf"},"breadcrumb":{"@id":"https:\/\/www.ladiagonale.net\/index.php\/2026\/08\/31\/kehrer-devrait-rester-a-monaco\/#breadcrumb"},"inLanguage":"fr-FR","potentialAction":[{"@type":"ReadAction","target":["https:\/\/www.ladiagonale.net\/index.php\/2026\/08\/31\/kehrer-devrait-rester-a-monaco\/"]}]},{"@type":"BreadcrumbList","@id":"https:\/\/www.ladiagonale.net\/index.php\/2026\/08\/31\/kehrer-devrait-rester-a-monaco\/#breadcrumb","itemListElement":[{"@type":"ListItem","position":1,"name":"Accueil","item":"https:\/\/www.ladiagonale.net\/"},{"@type":"ListItem","position":2,"name":"Kehrer devrait rester \u00e0 Monaco"}]},{"@type":"WebSite","@id":"https:\/\/www.ladiagonale.net\/#website","url":"https:\/\/www.ladiagonale.net\/","name":"La Diagonale","description":"Le site des supporters de l&#039;AS Monaco FC","potentialAction":[{"@type":"SearchAction","target":{"@type":"EntryPoint","urlTemplate":"https:\/\/www.ladiagonale.net\/?s={search_term_string}"},"query-input":"required name=search_term_string"}],"inLanguage":"fr-FR"},{"@type":"Person","@id":"https:\/\/www.ladiagonale.net\/#\/schema\/person\/79ff1e7b0853ed01b2aa26e64ad300bf","name":"Damien Dellerba","image":{"@type":"ImageObject","inLanguage":"fr-FR","@id":"https:\/\/www.ladiagonale.net\/#\/schema\/person\/image\/","url":"https:\/\/secure.gravatar.com\/avatar\/c7850e06d3ff63cdbaee88b7fc16e2f0?s=96&d=mm&r=g","contentUrl":"https:\/\/secure.gravatar.com\/avatar\/c7850e06d3ff63cdbaee88b7fc16e2f0?s=96&d=mm&r=g","caption":"Damien Dellerba"},"url":"https:\/\/www.ladiagonale.net\/index.php\/author\/damien\/"}]}},"_links":{"self":[{"href":"https:\/\/www.ladiagonale.net\/index.php\/wp-json\/wp\/v2\/posts\/40488"}],"collection":[{"href":"https:\/\/www.ladiagonale.net\/index.php\/wp-json\/wp\/v2\/posts"}],"about":[{"href":"https:\/\/www.ladiagonale.net\/index.php\/wp-json\/wp\/v2\/types\/post"}],"author":[{"embeddable":true,"href":"https:\/\/www.ladiagonale.net\/index.php\/wp-json\/wp\/v2\/users\/2"}],"replies":[{"embeddable":true,"href":"https:\/\/www.ladiagonale.net\/index.php\/wp-json\/wp\/v2\/comments?post=40488"}],"version-history":[{"count":1,"href":"https:\/\/www.ladiagonale.net\/index.php\/wp-json\/wp\/v2\/posts\/40488\/revisions"}],"predecessor-version":[{"id":40489,"href":"https:\/\/www.ladiagonale.net\/index.php\/wp-json\/wp\/v2\/posts\/40488\/revisions\/40489"}],"wp:attachment":[{"href":"https:\/\/www.ladiagonale.net\/index.php\/wp-json\/wp\/v2\/media?parent=40488"}],"wp:term":[{"taxonomy":"category","embeddable":true,"href":"https:\/\/www.ladiagonale.net\/index.php\/wp-json\/wp\/v2\/categories?post=40488"},{"taxonomy":"post_tag","embeddable":true,"href":"https:\/\/www.ladiagonale.net\/index.php\/wp-json\/wp\/v2\/tags?post=40488"}],"curies":[{"name":"wp","href":"https:\/\/api.w.org\/{rel}","templated":true}]}}