{"id":40493,"date":"2026-09-01T00:16:39","date_gmt":"2026-08-31T22:16:39","guid":{"rendered":"https:\/\/www.ladiagonale.net\/?p=40493"},"modified":"2026-09-01T00:16:40","modified_gmt":"2026-08-31T22:16:40","slug":"accord-pour-balogun-entre-monaco-et-everton","status":"publish","type":"post","link":"https:\/\/www.ladiagonale.net\/index.php\/2026\/09\/01\/accord-pour-balogun-entre-monaco-et-everton\/","title":{"rendered":"Accord pour Balogun entre Monaco et Everton ?"},"content":{"rendered":"\n<p>Le mercato se fermera ce mardi, \u00e0 20 heures, et celui de l\u2019AS Monaco est loin d\u2019\u00eatre termin\u00e9. Un coup d\u2019acc\u00e9l\u00e9rateur, notamment pour le dossier Folarin Balogun, semble s&rsquo;\u00eatre op\u00e9r\u00e9 lundi soir. Selon plusieurs sources, dont <em>L\u2019\u00c9quipe<\/em>, Everton aurait obtenu un accord de principe pour le transfert de l\u2019attaquant de 25 ans. Les <em>Toffees<\/em> accepteraient de payer 45 millions d\u2019euros, plus cinq autres en bonus en plus de laisser un pourcentage \u00e0 la revente sur la prochaine vente \u00e0 l\u2019ASM pour signer l&rsquo;Am\u00e9ricain dans les derni\u00e8res heures de ce march\u00e9 estival.<\/p>\n\n\n\n<p>Si Monaco et Everton semblent donc avoir trouv\u00e9 un terrain d\u2019entente, ce n\u2019est toutefois pas encore le cas entre la formation de <em>Premier League<\/em> et le joueur. Une proposition de contrat de cinq aurait \u00e9t\u00e9 soumise \u00e0 Balogun. L\u2019ancien Gunner n\u2019a pas jou\u00e9 une seule minute depuis le d\u00e9but de la pr\u00e9paration et la reprise de la comp\u00e9tition, en attendant son futur d\u00e9part, qui lib\u00e9rera une place d\u2019extracommunautaire et devrait permettre l\u2019arriv\u00e9e du Mexicain Erik Lira.<\/p>\n\n\n","protected":false},"excerpt":{"rendered":"<p>Le mercato se fermera ce mardi, \u00e0 20 heures, et celui de l\u2019AS Monaco est loin d\u2019\u00eatre termin\u00e9. Un coup d\u2019acc\u00e9l\u00e9rateur, notamment pour le dossier Folarin Balogun, semble s&rsquo;\u00eatre op\u00e9r\u00e9 lundi soir. Selon plusieurs sources, dont L\u2019\u00c9quipe, Everton aurait obtenu un accord de principe pour le transfert de l\u2019attaquant de 25 ans. Les Toffees accepteraient [&#8230;]\n","protected":false},"author":2,"featured_media":0,"comment_status":"open","ping_status":"open","sticky":false,"template":"","format":"standard","meta":[],"categories":[6,1086],"tags":[86,483,111,110],"yoast_head":"<!-- This site is optimized with the Yoast SEO plugin v19.8 - https:\/\/yoast.com\/wordpress\/plugins\/seo\/ -->\n<title>Accord pour Balogun entre Monaco et Everton ? - La Diagonale<\/title>\n<meta name=\"robots\" content=\"index, follow, max-snippet:-1, max-image-preview:large, max-video-preview:-1\" \/>\n<link rel=\"canonical\" href=\"https:\/\/www.ladiagonale.net\/index.php\/2026\/09\/01\/accord-pour-balogun-entre-monaco-et-everton\/\" \/>\n<meta property=\"og:locale\" content=\"fr_FR\" \/>\n<meta property=\"og:type\" content=\"article\" \/>\n<meta property=\"og:title\" content=\"Accord pour Balogun entre Monaco et Everton ? - La Diagonale\" \/>\n<meta property=\"og:description\" content=\"Le mercato se fermera ce mardi, \u00e0 20 heures, et celui de l\u2019AS Monaco est loin d\u2019\u00eatre termin\u00e9. Un coup d\u2019acc\u00e9l\u00e9rateur, notamment pour le dossier Folarin Balogun, semble s&rsquo;\u00eatre op\u00e9r\u00e9 lundi soir. Selon plusieurs sources, dont L\u2019\u00c9quipe, Everton aurait obtenu un accord de principe pour le transfert de l\u2019attaquant de 25 ans. Les Toffees accepteraient [...]\" \/>\n<meta property=\"og:url\" content=\"https:\/\/www.ladiagonale.net\/index.php\/2026\/09\/01\/accord-pour-balogun-entre-monaco-et-everton\/\" \/>\n<meta property=\"og:site_name\" content=\"La Diagonale\" \/>\n<meta property=\"article:published_time\" content=\"2026-08-31T22:16:39+00:00\" \/>\n<meta property=\"article:modified_time\" content=\"2026-08-31T22:16:40+00:00\" \/>\n<meta property=\"og:image\" content=\"https:\/\/www.ladiagonale.net\/wp-content\/uploads\/2026\/02\/Balogun-Lens.png\" \/>\n\t<meta property=\"og:image:width\" content=\"1160\" \/>\n\t<meta property=\"og:image:height\" content=\"650\" \/>\n\t<meta property=\"og:image:type\" content=\"image\/png\" \/>\n<meta name=\"author\" content=\"Damien Dellerba\" \/>\n<meta name=\"twitter:card\" content=\"summary_large_image\" \/>\n<meta name=\"twitter:image\" content=\"https:\/\/www.ladiagonale.net\/wp-content\/uploads\/2026\/02\/Balogun-Lens.png\" \/>\n<meta name=\"twitter:label1\" content=\"\u00c9crit par\" \/>\n\t<meta name=\"twitter:data1\" content=\"Damien Dellerba\" \/>\n\t<meta name=\"twitter:label2\" content=\"Dur\u00e9e de lecture estim\u00e9e\" \/>\n\t<meta name=\"twitter:data2\" content=\"1 minute\" \/>\n<script type=\"application\/ld+json\" class=\"yoast-schema-graph\">{\"@context\":\"https:\/\/schema.org\",\"@graph\":[{\"@type\":\"WebPage\",\"@id\":\"https:\/\/www.ladiagonale.net\/index.php\/2026\/09\/01\/accord-pour-balogun-entre-monaco-et-everton\/\",\"url\":\"https:\/\/www.ladiagonale.net\/index.php\/2026\/09\/01\/accord-pour-balogun-entre-monaco-et-everton\/\",\"name\":\"Accord pour Balogun entre Monaco et Everton ? - La Diagonale\",\"isPartOf\":{\"@id\":\"https:\/\/www.ladiagonale.net\/#website\"},\"datePublished\":\"2026-08-31T22:16:39+00:00\",\"dateModified\":\"2026-08-31T22:16:40+00:00\",\"author\":{\"@id\":\"https:\/\/www.ladiagonale.net\/#\/schema\/person\/79ff1e7b0853ed01b2aa26e64ad300bf\"},\"breadcrumb\":{\"@id\":\"https:\/\/www.ladiagonale.net\/index.php\/2026\/09\/01\/accord-pour-balogun-entre-monaco-et-everton\/#breadcrumb\"},\"inLanguage\":\"fr-FR\",\"potentialAction\":[{\"@type\":\"ReadAction\",\"target\":[\"https:\/\/www.ladiagonale.net\/index.php\/2026\/09\/01\/accord-pour-balogun-entre-monaco-et-everton\/\"]}]},{\"@type\":\"BreadcrumbList\",\"@id\":\"https:\/\/www.ladiagonale.net\/index.php\/2026\/09\/01\/accord-pour-balogun-entre-monaco-et-everton\/#breadcrumb\",\"itemListElement\":[{\"@type\":\"ListItem\",\"position\":1,\"name\":\"Accueil\",\"item\":\"https:\/\/www.ladiagonale.net\/\"},{\"@type\":\"ListItem\",\"position\":2,\"name\":\"Accord pour Balogun entre Monaco et Everton ?\"}]},{\"@type\":\"WebSite\",\"@id\":\"https:\/\/www.ladiagonale.net\/#website\",\"url\":\"https:\/\/www.ladiagonale.net\/\",\"name\":\"La Diagonale\",\"description\":\"Le site des supporters de l&#039;AS Monaco FC\",\"potentialAction\":[{\"@type\":\"SearchAction\",\"target\":{\"@type\":\"EntryPoint\",\"urlTemplate\":\"https:\/\/www.ladiagonale.net\/?s={search_term_string}\"},\"query-input\":\"required name=search_term_string\"}],\"inLanguage\":\"fr-FR\"},{\"@type\":\"Person\",\"@id\":\"https:\/\/www.ladiagonale.net\/#\/schema\/person\/79ff1e7b0853ed01b2aa26e64ad300bf\",\"name\":\"Damien Dellerba\",\"image\":{\"@type\":\"ImageObject\",\"inLanguage\":\"fr-FR\",\"@id\":\"https:\/\/www.ladiagonale.net\/#\/schema\/person\/image\/\",\"url\":\"https:\/\/secure.gravatar.com\/avatar\/c7850e06d3ff63cdbaee88b7fc16e2f0?s=96&d=mm&r=g\",\"contentUrl\":\"https:\/\/secure.gravatar.com\/avatar\/c7850e06d3ff63cdbaee88b7fc16e2f0?s=96&d=mm&r=g\",\"caption\":\"Damien Dellerba\"},\"url\":\"https:\/\/www.ladiagonale.net\/index.php\/author\/damien\/\"}]}<\/script>\n<!-- \/ Yoast SEO plugin. -->","yoast_head_json":{"title":"Accord pour Balogun entre Monaco et Everton ? - La Diagonale","robots":{"index":"index","follow":"follow","max-snippet":"max-snippet:-1","max-image-preview":"max-image-preview:large","max-video-preview":"max-video-preview:-1"},"canonical":"https:\/\/www.ladiagonale.net\/index.php\/2026\/09\/01\/accord-pour-balogun-entre-monaco-et-everton\/","og_locale":"fr_FR","og_type":"article","og_title":"Accord pour Balogun entre Monaco et Everton ? - La Diagonale","og_description":"Le mercato se fermera ce mardi, \u00e0 20 heures, et celui de l\u2019AS Monaco est loin d\u2019\u00eatre termin\u00e9. Un coup d\u2019acc\u00e9l\u00e9rateur, notamment pour le dossier Folarin Balogun, semble s&rsquo;\u00eatre op\u00e9r\u00e9 lundi soir. Selon plusieurs sources, dont L\u2019\u00c9quipe, Everton aurait obtenu un accord de principe pour le transfert de l\u2019attaquant de 25 ans. Les Toffees accepteraient [...]","og_url":"https:\/\/www.ladiagonale.net\/index.php\/2026\/09\/01\/accord-pour-balogun-entre-monaco-et-everton\/","og_site_name":"La Diagonale","article_published_time":"2026-08-31T22:16:39+00:00","article_modified_time":"2026-08-31T22:16:40+00:00","og_image":[{"width":1160,"height":650,"url":"https:\/\/www.ladiagonale.net\/wp-content\/uploads\/2026\/02\/Balogun-Lens.png","type":"image\/png"}],"author":"Damien Dellerba","twitter_card":"summary_large_image","twitter_image":"https:\/\/www.ladiagonale.net\/wp-content\/uploads\/2026\/02\/Balogun-Lens.png","twitter_misc":{"\u00c9crit par":"Damien Dellerba","Dur\u00e9e de lecture estim\u00e9e":"1 minute"},"schema":{"@context":"https:\/\/schema.org","@graph":[{"@type":"WebPage","@id":"https:\/\/www.ladiagonale.net\/index.php\/2026\/09\/01\/accord-pour-balogun-entre-monaco-et-everton\/","url":"https:\/\/www.ladiagonale.net\/index.php\/2026\/09\/01\/accord-pour-balogun-entre-monaco-et-everton\/","name":"Accord pour Balogun entre Monaco et Everton ? - La Diagonale","isPartOf":{"@id":"https:\/\/www.ladiagonale.net\/#website"},"datePublished":"2026-08-31T22:16:39+00:00","dateModified":"2026-08-31T22:16:40+00:00","author":{"@id":"https:\/\/www.ladiagonale.net\/#\/schema\/person\/79ff1e7b0853ed01b2aa26e64ad300bf"},"breadcrumb":{"@id":"https:\/\/www.ladiagonale.net\/index.php\/2026\/09\/01\/accord-pour-balogun-entre-monaco-et-everton\/#breadcrumb"},"inLanguage":"fr-FR","potentialAction":[{"@type":"ReadAction","target":["https:\/\/www.ladiagonale.net\/index.php\/2026\/09\/01\/accord-pour-balogun-entre-monaco-et-everton\/"]}]},{"@type":"BreadcrumbList","@id":"https:\/\/www.ladiagonale.net\/index.php\/2026\/09\/01\/accord-pour-balogun-entre-monaco-et-everton\/#breadcrumb","itemListElement":[{"@type":"ListItem","position":1,"name":"Accueil","item":"https:\/\/www.ladiagonale.net\/"},{"@type":"ListItem","position":2,"name":"Accord pour Balogun entre Monaco et Everton ?"}]},{"@type":"WebSite","@id":"https:\/\/www.ladiagonale.net\/#website","url":"https:\/\/www.ladiagonale.net\/","name":"La Diagonale","description":"Le site des supporters de l&#039;AS Monaco FC","potentialAction":[{"@type":"SearchAction","target":{"@type":"EntryPoint","urlTemplate":"https:\/\/www.ladiagonale.net\/?s={search_term_string}"},"query-input":"required name=search_term_string"}],"inLanguage":"fr-FR"},{"@type":"Person","@id":"https:\/\/www.ladiagonale.net\/#\/schema\/person\/79ff1e7b0853ed01b2aa26e64ad300bf","name":"Damien Dellerba","image":{"@type":"ImageObject","inLanguage":"fr-FR","@id":"https:\/\/www.ladiagonale.net\/#\/schema\/person\/image\/","url":"https:\/\/secure.gravatar.com\/avatar\/c7850e06d3ff63cdbaee88b7fc16e2f0?s=96&d=mm&r=g","contentUrl":"https:\/\/secure.gravatar.com\/avatar\/c7850e06d3ff63cdbaee88b7fc16e2f0?s=96&d=mm&r=g","caption":"Damien Dellerba"},"url":"https:\/\/www.ladiagonale.net\/index.php\/author\/damien\/"}]}},"_links":{"self":[{"href":"https:\/\/www.ladiagonale.net\/index.php\/wp-json\/wp\/v2\/posts\/40493"}],"collection":[{"href":"https:\/\/www.ladiagonale.net\/index.php\/wp-json\/wp\/v2\/posts"}],"about":[{"href":"https:\/\/www.ladiagonale.net\/index.php\/wp-json\/wp\/v2\/types\/post"}],"author":[{"embeddable":true,"href":"https:\/\/www.ladiagonale.net\/index.php\/wp-json\/wp\/v2\/users\/2"}],"replies":[{"embeddable":true,"href":"https:\/\/www.ladiagonale.net\/index.php\/wp-json\/wp\/v2\/comments?post=40493"}],"version-history":[{"count":1,"href":"https:\/\/www.ladiagonale.net\/index.php\/wp-json\/wp\/v2\/posts\/40493\/revisions"}],"predecessor-version":[{"id":40494,"href":"https:\/\/www.ladiagonale.net\/index.php\/wp-json\/wp\/v2\/posts\/40493\/revisions\/40494"}],"wp:attachment":[{"href":"https:\/\/www.ladiagonale.net\/index.php\/wp-json\/wp\/v2\/media?parent=40493"}],"wp:term":[{"taxonomy":"category","embeddable":true,"href":"https:\/\/www.ladiagonale.net\/index.php\/wp-json\/wp\/v2\/categories?post=40493"},{"taxonomy":"post_tag","embeddable":true,"href":"https:\/\/www.ladiagonale.net\/index.php\/wp-json\/wp\/v2\/tags?post=40493"}],"curies":[{"name":"wp","href":"https:\/\/api.w.org\/{rel}","templated":true}]}}