{"id":40497,"date":"2026-09-01T11:32:45","date_gmt":"2026-09-01T09:32:45","guid":{"rendered":"https:\/\/www.ladiagonale.net\/?p=40497"},"modified":"2026-09-01T11:46:06","modified_gmt":"2026-09-01T09:46:06","slug":"thilo-kehrer-vers-un-pret-payant-a-lajax","status":"publish","type":"post","link":"https:\/\/www.ladiagonale.net\/index.php\/2026\/09\/01\/thilo-kehrer-vers-un-pret-payant-a-lajax\/","title":{"rendered":"Thilo Kehrer vers un pr\u00eat payant \u00e0 l\u2019Ajax"},"content":{"rendered":"\n<p>Thilo Kehrer pourrait rejoindre Caio Henrique \u00e0 l\u2019Ajax Amsterdam. Alors qu\u2019un d\u00e9part <a href=\"https:\/\/www.ladiagonale.net\/index.php\/2026\/08\/31\/kehrer-devrait-rester-a-monaco\/\" target=\"_blank\" rel=\"noreferrer noopener\">ne semblait pas se profiler<\/a> pour le d\u00e9fenseur central de 29 ans, lundi, les choses auraient rapidement \u00e9volu\u00e9 ce mardi. Selon le m\u00e9dia <em>AD.nl<\/em>, confirm\u00e9 ensuite par <em>Foot Mercato<\/em>, <em>L&rsquo;\u00c9quipe<\/em> et <em>Nice-Matin<\/em>, l&rsquo;Allemand devrait \u00eatre pr\u00eat\u00e9 pour un an au sein du club n\u00e9erlandais, qui jouera aussi la Ligue Conf\u00e9rence. Ce pr\u00eat ne serait pas assorti d&rsquo;une option d&rsquo;achat mais il devrait \u00eatre payant, \u00e0 hauteur de deux millions d&rsquo;euros. Selon Nice-Matin, des derniers d\u00e9tails administratifs seraient encore \u00e0 r\u00e9gler pour finaliser l&rsquo;op\u00e9ration. <\/p>\n\n\n\n<p>Les dirigeants du club de la Principaut\u00e9 parviendraient donc \u00e0 se d\u00e9lester d&rsquo;un des plus gros salaires du club afin de rentrer un peu plus dans les clous de la r\u00e9duction de la masse salariale de 20% fix\u00e9e au d\u00e9but de l&rsquo;\u00e9t\u00e9 et depuis le passage devant la DNCG, en juin. Le d\u00e9part de Kehrer, sous contrat jusqu&rsquo;en 2028, \u00e9tait souhait\u00e9 par l&rsquo;ASM, mais pas forc\u00e9ment par le joueur, qui avait perdu sa place de titulaire et n&rsquo;a jou\u00e9 qu&rsquo;une minute sur les quatre premiers matches de la saison.<\/p>\n","protected":false},"excerpt":{"rendered":"<p>Thilo Kehrer pourrait rejoindre Caio Henrique \u00e0 l\u2019Ajax Amsterdam. Alors qu\u2019un d\u00e9part ne semblait pas se profiler pour le d\u00e9fenseur central de 29 ans, lundi, les choses auraient rapidement \u00e9volu\u00e9 ce mardi. Selon le m\u00e9dia AD.nl, confirm\u00e9 ensuite par Foot Mercato, L&rsquo;\u00c9quipe et Nice-Matin, l&rsquo;Allemand devrait \u00eatre pr\u00eat\u00e9 pour un an au sein du club [&#8230;]\n","protected":false},"author":2,"featured_media":0,"comment_status":"closed","ping_status":"open","sticky":false,"template":"","format":"standard","meta":[],"categories":[6,1086],"tags":[86,111,756,110],"yoast_head":"<!-- This site is optimized with the Yoast SEO plugin v19.8 - https:\/\/yoast.com\/wordpress\/plugins\/seo\/ -->\n<title>Thilo Kehrer vers un pr\u00eat payant \u00e0 l\u2019Ajax - La Diagonale<\/title>\n<meta name=\"robots\" content=\"index, follow, max-snippet:-1, max-image-preview:large, max-video-preview:-1\" \/>\n<link rel=\"canonical\" href=\"https:\/\/www.ladiagonale.net\/index.php\/2026\/09\/01\/thilo-kehrer-vers-un-pret-payant-a-lajax\/\" \/>\n<meta property=\"og:locale\" content=\"fr_FR\" \/>\n<meta property=\"og:type\" content=\"article\" \/>\n<meta property=\"og:title\" content=\"Thilo Kehrer vers un pr\u00eat payant \u00e0 l\u2019Ajax - La Diagonale\" \/>\n<meta property=\"og:description\" content=\"Thilo Kehrer pourrait rejoindre Caio Henrique \u00e0 l\u2019Ajax Amsterdam. Alors qu\u2019un d\u00e9part ne semblait pas se profiler pour le d\u00e9fenseur central de 29 ans, lundi, les choses auraient rapidement \u00e9volu\u00e9 ce mardi. Selon le m\u00e9dia AD.nl, confirm\u00e9 ensuite par Foot Mercato, L&rsquo;\u00c9quipe et Nice-Matin, l&rsquo;Allemand devrait \u00eatre pr\u00eat\u00e9 pour un an au sein du club [...]\" \/>\n<meta property=\"og:url\" content=\"https:\/\/www.ladiagonale.net\/index.php\/2026\/09\/01\/thilo-kehrer-vers-un-pret-payant-a-lajax\/\" \/>\n<meta property=\"og:site_name\" content=\"La Diagonale\" \/>\n<meta property=\"article:published_time\" content=\"2026-09-01T09:32:45+00:00\" \/>\n<meta property=\"article:modified_time\" content=\"2026-09-01T09:46:06+00:00\" \/>\n<meta property=\"og:image\" content=\"https:\/\/www.ladiagonale.net\/wp-content\/uploads\/2026\/08\/Kehrer-Cercle.png\" \/>\n\t<meta property=\"og:image:width\" content=\"1160\" \/>\n\t<meta property=\"og:image:height\" content=\"650\" \/>\n\t<meta property=\"og:image:type\" content=\"image\/png\" \/>\n<meta name=\"author\" content=\"Damien Dellerba\" \/>\n<meta name=\"twitter:card\" content=\"summary_large_image\" \/>\n<meta name=\"twitter:image\" content=\"https:\/\/www.ladiagonale.net\/wp-content\/uploads\/2026\/08\/Kehrer-Cercle.png\" \/>\n<meta name=\"twitter:label1\" content=\"\u00c9crit par\" \/>\n\t<meta name=\"twitter:data1\" content=\"Damien Dellerba\" \/>\n\t<meta name=\"twitter:label2\" content=\"Dur\u00e9e de lecture estim\u00e9e\" \/>\n\t<meta name=\"twitter:data2\" content=\"1 minute\" \/>\n<script type=\"application\/ld+json\" class=\"yoast-schema-graph\">{\"@context\":\"https:\/\/schema.org\",\"@graph\":[{\"@type\":\"WebPage\",\"@id\":\"https:\/\/www.ladiagonale.net\/index.php\/2026\/09\/01\/thilo-kehrer-vers-un-pret-payant-a-lajax\/\",\"url\":\"https:\/\/www.ladiagonale.net\/index.php\/2026\/09\/01\/thilo-kehrer-vers-un-pret-payant-a-lajax\/\",\"name\":\"Thilo Kehrer vers un pr\u00eat payant \u00e0 l\u2019Ajax - La Diagonale\",\"isPartOf\":{\"@id\":\"https:\/\/www.ladiagonale.net\/#website\"},\"datePublished\":\"2026-09-01T09:32:45+00:00\",\"dateModified\":\"2026-09-01T09:46:06+00:00\",\"author\":{\"@id\":\"https:\/\/www.ladiagonale.net\/#\/schema\/person\/79ff1e7b0853ed01b2aa26e64ad300bf\"},\"breadcrumb\":{\"@id\":\"https:\/\/www.ladiagonale.net\/index.php\/2026\/09\/01\/thilo-kehrer-vers-un-pret-payant-a-lajax\/#breadcrumb\"},\"inLanguage\":\"fr-FR\",\"potentialAction\":[{\"@type\":\"ReadAction\",\"target\":[\"https:\/\/www.ladiagonale.net\/index.php\/2026\/09\/01\/thilo-kehrer-vers-un-pret-payant-a-lajax\/\"]}]},{\"@type\":\"BreadcrumbList\",\"@id\":\"https:\/\/www.ladiagonale.net\/index.php\/2026\/09\/01\/thilo-kehrer-vers-un-pret-payant-a-lajax\/#breadcrumb\",\"itemListElement\":[{\"@type\":\"ListItem\",\"position\":1,\"name\":\"Accueil\",\"item\":\"https:\/\/www.ladiagonale.net\/\"},{\"@type\":\"ListItem\",\"position\":2,\"name\":\"Thilo Kehrer vers un pr\u00eat payant \u00e0 l\u2019Ajax\"}]},{\"@type\":\"WebSite\",\"@id\":\"https:\/\/www.ladiagonale.net\/#website\",\"url\":\"https:\/\/www.ladiagonale.net\/\",\"name\":\"La Diagonale\",\"description\":\"Le site des supporters de l&#039;AS Monaco FC\",\"potentialAction\":[{\"@type\":\"SearchAction\",\"target\":{\"@type\":\"EntryPoint\",\"urlTemplate\":\"https:\/\/www.ladiagonale.net\/?s={search_term_string}\"},\"query-input\":\"required name=search_term_string\"}],\"inLanguage\":\"fr-FR\"},{\"@type\":\"Person\",\"@id\":\"https:\/\/www.ladiagonale.net\/#\/schema\/person\/79ff1e7b0853ed01b2aa26e64ad300bf\",\"name\":\"Damien Dellerba\",\"image\":{\"@type\":\"ImageObject\",\"inLanguage\":\"fr-FR\",\"@id\":\"https:\/\/www.ladiagonale.net\/#\/schema\/person\/image\/\",\"url\":\"https:\/\/secure.gravatar.com\/avatar\/c7850e06d3ff63cdbaee88b7fc16e2f0?s=96&d=mm&r=g\",\"contentUrl\":\"https:\/\/secure.gravatar.com\/avatar\/c7850e06d3ff63cdbaee88b7fc16e2f0?s=96&d=mm&r=g\",\"caption\":\"Damien Dellerba\"},\"url\":\"https:\/\/www.ladiagonale.net\/index.php\/author\/damien\/\"}]}<\/script>\n<!-- \/ Yoast SEO plugin. -->","yoast_head_json":{"title":"Thilo Kehrer vers un pr\u00eat payant \u00e0 l\u2019Ajax - La Diagonale","robots":{"index":"index","follow":"follow","max-snippet":"max-snippet:-1","max-image-preview":"max-image-preview:large","max-video-preview":"max-video-preview:-1"},"canonical":"https:\/\/www.ladiagonale.net\/index.php\/2026\/09\/01\/thilo-kehrer-vers-un-pret-payant-a-lajax\/","og_locale":"fr_FR","og_type":"article","og_title":"Thilo Kehrer vers un pr\u00eat payant \u00e0 l\u2019Ajax - La Diagonale","og_description":"Thilo Kehrer pourrait rejoindre Caio Henrique \u00e0 l\u2019Ajax Amsterdam. Alors qu\u2019un d\u00e9part ne semblait pas se profiler pour le d\u00e9fenseur central de 29 ans, lundi, les choses auraient rapidement \u00e9volu\u00e9 ce mardi. Selon le m\u00e9dia AD.nl, confirm\u00e9 ensuite par Foot Mercato, L&rsquo;\u00c9quipe et Nice-Matin, l&rsquo;Allemand devrait \u00eatre pr\u00eat\u00e9 pour un an au sein du club [...]","og_url":"https:\/\/www.ladiagonale.net\/index.php\/2026\/09\/01\/thilo-kehrer-vers-un-pret-payant-a-lajax\/","og_site_name":"La Diagonale","article_published_time":"2026-09-01T09:32:45+00:00","article_modified_time":"2026-09-01T09:46:06+00:00","og_image":[{"width":1160,"height":650,"url":"https:\/\/www.ladiagonale.net\/wp-content\/uploads\/2026\/08\/Kehrer-Cercle.png","type":"image\/png"}],"author":"Damien Dellerba","twitter_card":"summary_large_image","twitter_image":"https:\/\/www.ladiagonale.net\/wp-content\/uploads\/2026\/08\/Kehrer-Cercle.png","twitter_misc":{"\u00c9crit par":"Damien Dellerba","Dur\u00e9e de lecture estim\u00e9e":"1 minute"},"schema":{"@context":"https:\/\/schema.org","@graph":[{"@type":"WebPage","@id":"https:\/\/www.ladiagonale.net\/index.php\/2026\/09\/01\/thilo-kehrer-vers-un-pret-payant-a-lajax\/","url":"https:\/\/www.ladiagonale.net\/index.php\/2026\/09\/01\/thilo-kehrer-vers-un-pret-payant-a-lajax\/","name":"Thilo Kehrer vers un pr\u00eat payant \u00e0 l\u2019Ajax - La Diagonale","isPartOf":{"@id":"https:\/\/www.ladiagonale.net\/#website"},"datePublished":"2026-09-01T09:32:45+00:00","dateModified":"2026-09-01T09:46:06+00:00","author":{"@id":"https:\/\/www.ladiagonale.net\/#\/schema\/person\/79ff1e7b0853ed01b2aa26e64ad300bf"},"breadcrumb":{"@id":"https:\/\/www.ladiagonale.net\/index.php\/2026\/09\/01\/thilo-kehrer-vers-un-pret-payant-a-lajax\/#breadcrumb"},"inLanguage":"fr-FR","potentialAction":[{"@type":"ReadAction","target":["https:\/\/www.ladiagonale.net\/index.php\/2026\/09\/01\/thilo-kehrer-vers-un-pret-payant-a-lajax\/"]}]},{"@type":"BreadcrumbList","@id":"https:\/\/www.ladiagonale.net\/index.php\/2026\/09\/01\/thilo-kehrer-vers-un-pret-payant-a-lajax\/#breadcrumb","itemListElement":[{"@type":"ListItem","position":1,"name":"Accueil","item":"https:\/\/www.ladiagonale.net\/"},{"@type":"ListItem","position":2,"name":"Thilo Kehrer vers un pr\u00eat payant \u00e0 l\u2019Ajax"}]},{"@type":"WebSite","@id":"https:\/\/www.ladiagonale.net\/#website","url":"https:\/\/www.ladiagonale.net\/","name":"La Diagonale","description":"Le site des supporters de l&#039;AS Monaco FC","potentialAction":[{"@type":"SearchAction","target":{"@type":"EntryPoint","urlTemplate":"https:\/\/www.ladiagonale.net\/?s={search_term_string}"},"query-input":"required name=search_term_string"}],"inLanguage":"fr-FR"},{"@type":"Person","@id":"https:\/\/www.ladiagonale.net\/#\/schema\/person\/79ff1e7b0853ed01b2aa26e64ad300bf","name":"Damien Dellerba","image":{"@type":"ImageObject","inLanguage":"fr-FR","@id":"https:\/\/www.ladiagonale.net\/#\/schema\/person\/image\/","url":"https:\/\/secure.gravatar.com\/avatar\/c7850e06d3ff63cdbaee88b7fc16e2f0?s=96&d=mm&r=g","contentUrl":"https:\/\/secure.gravatar.com\/avatar\/c7850e06d3ff63cdbaee88b7fc16e2f0?s=96&d=mm&r=g","caption":"Damien Dellerba"},"url":"https:\/\/www.ladiagonale.net\/index.php\/author\/damien\/"}]}},"_links":{"self":[{"href":"https:\/\/www.ladiagonale.net\/index.php\/wp-json\/wp\/v2\/posts\/40497"}],"collection":[{"href":"https:\/\/www.ladiagonale.net\/index.php\/wp-json\/wp\/v2\/posts"}],"about":[{"href":"https:\/\/www.ladiagonale.net\/index.php\/wp-json\/wp\/v2\/types\/post"}],"author":[{"embeddable":true,"href":"https:\/\/www.ladiagonale.net\/index.php\/wp-json\/wp\/v2\/users\/2"}],"replies":[{"embeddable":true,"href":"https:\/\/www.ladiagonale.net\/index.php\/wp-json\/wp\/v2\/comments?post=40497"}],"version-history":[{"count":3,"href":"https:\/\/www.ladiagonale.net\/index.php\/wp-json\/wp\/v2\/posts\/40497\/revisions"}],"predecessor-version":[{"id":40501,"href":"https:\/\/www.ladiagonale.net\/index.php\/wp-json\/wp\/v2\/posts\/40497\/revisions\/40501"}],"wp:attachment":[{"href":"https:\/\/www.ladiagonale.net\/index.php\/wp-json\/wp\/v2\/media?parent=40497"}],"wp:term":[{"taxonomy":"category","embeddable":true,"href":"https:\/\/www.ladiagonale.net\/index.php\/wp-json\/wp\/v2\/categories?post=40497"},{"taxonomy":"post_tag","embeddable":true,"href":"https:\/\/www.ladiagonale.net\/index.php\/wp-json\/wp\/v2\/tags?post=40497"}],"curies":[{"name":"wp","href":"https:\/\/api.w.org\/{rel}","templated":true}]}}