{"id":40504,"date":"2026-09-01T13:19:35","date_gmt":"2026-09-01T11:19:35","guid":{"rendered":"https:\/\/www.ladiagonale.net\/?p=40504"},"modified":"2026-09-01T13:34:53","modified_gmt":"2026-09-01T11:34:53","slug":"lienard-pourrait-etre-prete-au-cercle-bruges","status":"publish","type":"post","link":"https:\/\/www.ladiagonale.net\/index.php\/2026\/09\/01\/lienard-pourrait-etre-prete-au-cercle-bruges\/","title":{"rendered":"Lienard pourrait \u00eatre pr\u00eat\u00e9 au Cercle Bruges"},"content":{"rendered":"\n<p>L\u2019AS Monaco a d\u00e9j\u00e0 envoy\u00e9 deux joueurs en pr\u00eat du c\u00f4t\u00e9 du Cercle Bruges, Lucas Michal et Valy Konat\u00e9, et un troisi\u00e8me pourrait les rejoindre. Selon <em>Onze Mondial<\/em>, Yann Lienard pourrait passer la saison du c\u00f4t\u00e9 du club satellite de l\u2019ASM. L\u2019actuel troisi\u00e8me gardien mon\u00e9gasque n\u2019a aucune chance de jouer cette saison, avec Lukas Hradecky et Philipp K\u00f6hn devant lui, sans compter Jules Stawiecki, que les dirigeants as\u00e9mistes voudraient installer comme num\u00e9ro 3.<\/p>\n\n\n\n<p>Lienard arrive cependant en fin de contrat en juin prochain et il devrait donc \u00eatre prolong\u00e9 d\u2019une ann\u00e9e, comme le rapporte <em>L\u2019\u00c9quipe<\/em>. Mais une interrogation pourrait \u00e9merger selon la vitesse d&rsquo;homologation du contrat aupr\u00e8s de la LFP \u00e0 cause de l&rsquo;encadrement de la masse salariale du club par la DNCG. \u00c2g\u00e9 de 23 ans, Lienard n\u2019a jou\u00e9 qu\u2019une seule rencontre en pro avec son club formateur.<\/p>\n\n\n","protected":false},"excerpt":{"rendered":"<p>L\u2019AS Monaco a d\u00e9j\u00e0 envoy\u00e9 deux joueurs en pr\u00eat du c\u00f4t\u00e9 du Cercle Bruges, Lucas Michal et Valy Konat\u00e9, et un troisi\u00e8me pourrait les rejoindre. Selon Onze Mondial, Yann Lienard pourrait passer la saison du c\u00f4t\u00e9 du club satellite de l\u2019ASM. L\u2019actuel troisi\u00e8me gardien mon\u00e9gasque n\u2019a aucune chance de jouer cette saison, avec Lukas Hradecky [&#8230;]\n","protected":false},"author":2,"featured_media":0,"comment_status":"open","ping_status":"open","sticky":false,"template":"","format":"standard","meta":[],"categories":[6,1086],"tags":[86,212,111,110,146],"yoast_head":"<!-- This site is optimized with the Yoast SEO plugin v19.8 - https:\/\/yoast.com\/wordpress\/plugins\/seo\/ -->\n<title>Lienard pourrait \u00eatre pr\u00eat\u00e9 au Cercle Bruges - La Diagonale<\/title>\n<meta name=\"robots\" content=\"index, follow, max-snippet:-1, max-image-preview:large, max-video-preview:-1\" \/>\n<link rel=\"canonical\" href=\"https:\/\/www.ladiagonale.net\/index.php\/2026\/09\/01\/lienard-pourrait-etre-prete-au-cercle-bruges\/\" \/>\n<meta property=\"og:locale\" content=\"fr_FR\" \/>\n<meta property=\"og:type\" content=\"article\" \/>\n<meta property=\"og:title\" content=\"Lienard pourrait \u00eatre pr\u00eat\u00e9 au Cercle Bruges - La Diagonale\" \/>\n<meta property=\"og:description\" content=\"L\u2019AS Monaco a d\u00e9j\u00e0 envoy\u00e9 deux joueurs en pr\u00eat du c\u00f4t\u00e9 du Cercle Bruges, Lucas Michal et Valy Konat\u00e9, et un troisi\u00e8me pourrait les rejoindre. Selon Onze Mondial, Yann Lienard pourrait passer la saison du c\u00f4t\u00e9 du club satellite de l\u2019ASM. L\u2019actuel troisi\u00e8me gardien mon\u00e9gasque n\u2019a aucune chance de jouer cette saison, avec Lukas Hradecky [...]\" \/>\n<meta property=\"og:url\" content=\"https:\/\/www.ladiagonale.net\/index.php\/2026\/09\/01\/lienard-pourrait-etre-prete-au-cercle-bruges\/\" \/>\n<meta property=\"og:site_name\" content=\"La Diagonale\" \/>\n<meta property=\"article:published_time\" content=\"2026-09-01T11:19:35+00:00\" \/>\n<meta property=\"article:modified_time\" content=\"2026-09-01T11:34:53+00:00\" \/>\n<meta property=\"og:image\" content=\"https:\/\/www.ladiagonale.net\/wp-content\/uploads\/2025\/07\/Lienard.png\" \/>\n\t<meta property=\"og:image:width\" content=\"1160\" \/>\n\t<meta property=\"og:image:height\" content=\"650\" \/>\n\t<meta property=\"og:image:type\" content=\"image\/png\" \/>\n<meta name=\"author\" content=\"Damien Dellerba\" \/>\n<meta name=\"twitter:card\" content=\"summary_large_image\" \/>\n<meta name=\"twitter:image\" content=\"https:\/\/www.ladiagonale.net\/wp-content\/uploads\/2025\/07\/Lienard.png\" \/>\n<meta name=\"twitter:label1\" content=\"\u00c9crit par\" \/>\n\t<meta name=\"twitter:data1\" content=\"Damien Dellerba\" \/>\n\t<meta name=\"twitter:label2\" content=\"Dur\u00e9e de lecture estim\u00e9e\" \/>\n\t<meta name=\"twitter:data2\" content=\"1 minute\" \/>\n<script type=\"application\/ld+json\" class=\"yoast-schema-graph\">{\"@context\":\"https:\/\/schema.org\",\"@graph\":[{\"@type\":\"WebPage\",\"@id\":\"https:\/\/www.ladiagonale.net\/index.php\/2026\/09\/01\/lienard-pourrait-etre-prete-au-cercle-bruges\/\",\"url\":\"https:\/\/www.ladiagonale.net\/index.php\/2026\/09\/01\/lienard-pourrait-etre-prete-au-cercle-bruges\/\",\"name\":\"Lienard pourrait \u00eatre pr\u00eat\u00e9 au Cercle Bruges - La Diagonale\",\"isPartOf\":{\"@id\":\"https:\/\/www.ladiagonale.net\/#website\"},\"datePublished\":\"2026-09-01T11:19:35+00:00\",\"dateModified\":\"2026-09-01T11:34:53+00:00\",\"author\":{\"@id\":\"https:\/\/www.ladiagonale.net\/#\/schema\/person\/79ff1e7b0853ed01b2aa26e64ad300bf\"},\"breadcrumb\":{\"@id\":\"https:\/\/www.ladiagonale.net\/index.php\/2026\/09\/01\/lienard-pourrait-etre-prete-au-cercle-bruges\/#breadcrumb\"},\"inLanguage\":\"fr-FR\",\"potentialAction\":[{\"@type\":\"ReadAction\",\"target\":[\"https:\/\/www.ladiagonale.net\/index.php\/2026\/09\/01\/lienard-pourrait-etre-prete-au-cercle-bruges\/\"]}]},{\"@type\":\"BreadcrumbList\",\"@id\":\"https:\/\/www.ladiagonale.net\/index.php\/2026\/09\/01\/lienard-pourrait-etre-prete-au-cercle-bruges\/#breadcrumb\",\"itemListElement\":[{\"@type\":\"ListItem\",\"position\":1,\"name\":\"Accueil\",\"item\":\"https:\/\/www.ladiagonale.net\/\"},{\"@type\":\"ListItem\",\"position\":2,\"name\":\"Lienard pourrait \u00eatre pr\u00eat\u00e9 au Cercle Bruges\"}]},{\"@type\":\"WebSite\",\"@id\":\"https:\/\/www.ladiagonale.net\/#website\",\"url\":\"https:\/\/www.ladiagonale.net\/\",\"name\":\"La Diagonale\",\"description\":\"Le site des supporters de l&#039;AS Monaco FC\",\"potentialAction\":[{\"@type\":\"SearchAction\",\"target\":{\"@type\":\"EntryPoint\",\"urlTemplate\":\"https:\/\/www.ladiagonale.net\/?s={search_term_string}\"},\"query-input\":\"required name=search_term_string\"}],\"inLanguage\":\"fr-FR\"},{\"@type\":\"Person\",\"@id\":\"https:\/\/www.ladiagonale.net\/#\/schema\/person\/79ff1e7b0853ed01b2aa26e64ad300bf\",\"name\":\"Damien Dellerba\",\"image\":{\"@type\":\"ImageObject\",\"inLanguage\":\"fr-FR\",\"@id\":\"https:\/\/www.ladiagonale.net\/#\/schema\/person\/image\/\",\"url\":\"https:\/\/secure.gravatar.com\/avatar\/c7850e06d3ff63cdbaee88b7fc16e2f0?s=96&d=mm&r=g\",\"contentUrl\":\"https:\/\/secure.gravatar.com\/avatar\/c7850e06d3ff63cdbaee88b7fc16e2f0?s=96&d=mm&r=g\",\"caption\":\"Damien Dellerba\"},\"url\":\"https:\/\/www.ladiagonale.net\/index.php\/author\/damien\/\"}]}<\/script>\n<!-- \/ Yoast SEO plugin. -->","yoast_head_json":{"title":"Lienard pourrait \u00eatre pr\u00eat\u00e9 au Cercle Bruges - La Diagonale","robots":{"index":"index","follow":"follow","max-snippet":"max-snippet:-1","max-image-preview":"max-image-preview:large","max-video-preview":"max-video-preview:-1"},"canonical":"https:\/\/www.ladiagonale.net\/index.php\/2026\/09\/01\/lienard-pourrait-etre-prete-au-cercle-bruges\/","og_locale":"fr_FR","og_type":"article","og_title":"Lienard pourrait \u00eatre pr\u00eat\u00e9 au Cercle Bruges - La Diagonale","og_description":"L\u2019AS Monaco a d\u00e9j\u00e0 envoy\u00e9 deux joueurs en pr\u00eat du c\u00f4t\u00e9 du Cercle Bruges, Lucas Michal et Valy Konat\u00e9, et un troisi\u00e8me pourrait les rejoindre. Selon Onze Mondial, Yann Lienard pourrait passer la saison du c\u00f4t\u00e9 du club satellite de l\u2019ASM. L\u2019actuel troisi\u00e8me gardien mon\u00e9gasque n\u2019a aucune chance de jouer cette saison, avec Lukas Hradecky [...]","og_url":"https:\/\/www.ladiagonale.net\/index.php\/2026\/09\/01\/lienard-pourrait-etre-prete-au-cercle-bruges\/","og_site_name":"La Diagonale","article_published_time":"2026-09-01T11:19:35+00:00","article_modified_time":"2026-09-01T11:34:53+00:00","og_image":[{"width":1160,"height":650,"url":"https:\/\/www.ladiagonale.net\/wp-content\/uploads\/2025\/07\/Lienard.png","type":"image\/png"}],"author":"Damien Dellerba","twitter_card":"summary_large_image","twitter_image":"https:\/\/www.ladiagonale.net\/wp-content\/uploads\/2025\/07\/Lienard.png","twitter_misc":{"\u00c9crit par":"Damien Dellerba","Dur\u00e9e de lecture estim\u00e9e":"1 minute"},"schema":{"@context":"https:\/\/schema.org","@graph":[{"@type":"WebPage","@id":"https:\/\/www.ladiagonale.net\/index.php\/2026\/09\/01\/lienard-pourrait-etre-prete-au-cercle-bruges\/","url":"https:\/\/www.ladiagonale.net\/index.php\/2026\/09\/01\/lienard-pourrait-etre-prete-au-cercle-bruges\/","name":"Lienard pourrait \u00eatre pr\u00eat\u00e9 au Cercle Bruges - La Diagonale","isPartOf":{"@id":"https:\/\/www.ladiagonale.net\/#website"},"datePublished":"2026-09-01T11:19:35+00:00","dateModified":"2026-09-01T11:34:53+00:00","author":{"@id":"https:\/\/www.ladiagonale.net\/#\/schema\/person\/79ff1e7b0853ed01b2aa26e64ad300bf"},"breadcrumb":{"@id":"https:\/\/www.ladiagonale.net\/index.php\/2026\/09\/01\/lienard-pourrait-etre-prete-au-cercle-bruges\/#breadcrumb"},"inLanguage":"fr-FR","potentialAction":[{"@type":"ReadAction","target":["https:\/\/www.ladiagonale.net\/index.php\/2026\/09\/01\/lienard-pourrait-etre-prete-au-cercle-bruges\/"]}]},{"@type":"BreadcrumbList","@id":"https:\/\/www.ladiagonale.net\/index.php\/2026\/09\/01\/lienard-pourrait-etre-prete-au-cercle-bruges\/#breadcrumb","itemListElement":[{"@type":"ListItem","position":1,"name":"Accueil","item":"https:\/\/www.ladiagonale.net\/"},{"@type":"ListItem","position":2,"name":"Lienard pourrait \u00eatre pr\u00eat\u00e9 au Cercle Bruges"}]},{"@type":"WebSite","@id":"https:\/\/www.ladiagonale.net\/#website","url":"https:\/\/www.ladiagonale.net\/","name":"La Diagonale","description":"Le site des supporters de l&#039;AS Monaco FC","potentialAction":[{"@type":"SearchAction","target":{"@type":"EntryPoint","urlTemplate":"https:\/\/www.ladiagonale.net\/?s={search_term_string}"},"query-input":"required name=search_term_string"}],"inLanguage":"fr-FR"},{"@type":"Person","@id":"https:\/\/www.ladiagonale.net\/#\/schema\/person\/79ff1e7b0853ed01b2aa26e64ad300bf","name":"Damien Dellerba","image":{"@type":"ImageObject","inLanguage":"fr-FR","@id":"https:\/\/www.ladiagonale.net\/#\/schema\/person\/image\/","url":"https:\/\/secure.gravatar.com\/avatar\/c7850e06d3ff63cdbaee88b7fc16e2f0?s=96&d=mm&r=g","contentUrl":"https:\/\/secure.gravatar.com\/avatar\/c7850e06d3ff63cdbaee88b7fc16e2f0?s=96&d=mm&r=g","caption":"Damien Dellerba"},"url":"https:\/\/www.ladiagonale.net\/index.php\/author\/damien\/"}]}},"_links":{"self":[{"href":"https:\/\/www.ladiagonale.net\/index.php\/wp-json\/wp\/v2\/posts\/40504"}],"collection":[{"href":"https:\/\/www.ladiagonale.net\/index.php\/wp-json\/wp\/v2\/posts"}],"about":[{"href":"https:\/\/www.ladiagonale.net\/index.php\/wp-json\/wp\/v2\/types\/post"}],"author":[{"embeddable":true,"href":"https:\/\/www.ladiagonale.net\/index.php\/wp-json\/wp\/v2\/users\/2"}],"replies":[{"embeddable":true,"href":"https:\/\/www.ladiagonale.net\/index.php\/wp-json\/wp\/v2\/comments?post=40504"}],"version-history":[{"count":2,"href":"https:\/\/www.ladiagonale.net\/index.php\/wp-json\/wp\/v2\/posts\/40504\/revisions"}],"predecessor-version":[{"id":40508,"href":"https:\/\/www.ladiagonale.net\/index.php\/wp-json\/wp\/v2\/posts\/40504\/revisions\/40508"}],"wp:attachment":[{"href":"https:\/\/www.ladiagonale.net\/index.php\/wp-json\/wp\/v2\/media?parent=40504"}],"wp:term":[{"taxonomy":"category","embeddable":true,"href":"https:\/\/www.ladiagonale.net\/index.php\/wp-json\/wp\/v2\/categories?post=40504"},{"taxonomy":"post_tag","embeddable":true,"href":"https:\/\/www.ladiagonale.net\/index.php\/wp-json\/wp\/v2\/tags?post=40504"}],"curies":[{"name":"wp","href":"https:\/\/api.w.org\/{rel}","templated":true}]}}