{"id":40506,"date":"2026-09-01T13:32:46","date_gmt":"2026-09-01T11:32:46","guid":{"rendered":"https:\/\/www.ladiagonale.net\/?p=40506"},"modified":"2026-09-01T13:32:47","modified_gmt":"2026-09-01T11:32:47","slug":"une-premiere-offre-de-chelsea-pour-camara-repoussee-par-lasm","status":"publish","type":"post","link":"https:\/\/www.ladiagonale.net\/index.php\/2026\/09\/01\/une-premiere-offre-de-chelsea-pour-camara-repoussee-par-lasm\/","title":{"rendered":"Une premi\u00e8re offre de Chelsea pour Camara repouss\u00e9e par l&rsquo;ASM"},"content":{"rendered":"\n\n\n<p>L&rsquo;AS Monaco va-t-elle pouvoir r\u00e9sister \u00e0 l&rsquo;offensive de Chelsea d&rsquo;ici ce soir, 20 heures, heure de fermeture du mercato estival ? C&rsquo;est la question qui animera cette derni\u00e8re journ\u00e9e du march\u00e9 des transferts. Selon l&rsquo;Italien Fabrizio Romano, l&rsquo;ASM aurait refus\u00e9 ce mardi une proposition des Blues \u00e0 hauteur de 45 millions d&rsquo;euros. En vue de remplacer Enzo Fernandez, partant pour Manchester City, la formation de <em>Premier League <\/em>semble dispos\u00e9e \u00e0 avancer sur le dossier du milieu de terrain, en parall\u00e8le de l&rsquo;option Manu Kon\u00e9.<\/p>\n\n\n\n<p>Si Chelsea a la volont\u00e9 de faire de Camara sa priorit\u00e9 en cette fin de mercato, il sera difficile pour les dirigeants mon\u00e9gasques de se montrer inflexibles, m\u00eame si la vente \u00e0 venir de Folarin Balogun \u00e0 Everton devrait soulager ses finances. Le S\u00e9n\u00e9galais de 22 ans, que Stanis Idumbo <a href=\"https:\/\/www.ladiagonale.net\/index.php\/2026\/08\/31\/idumbo-demande-a-camara-de-rester\/\" target=\"_blank\" rel=\"noreferrer noopener\">aimerait voir rester<\/a>, ne verrait pas d&rsquo;un mauvais \u0153il un d\u00e9part vers Chelsea, conscient que ce transfert lui permettrait de franchir un palier. L&rsquo;ancien Messin est sous contrat en Principaut\u00e9 jusqu&rsquo;en 2029.<\/p>\n","protected":false},"excerpt":{"rendered":"<p>L&rsquo;AS Monaco va-t-elle pouvoir r\u00e9sister \u00e0 l&rsquo;offensive de Chelsea d&rsquo;ici ce soir, 20 heures, heure de fermeture du mercato estival ? C&rsquo;est la question qui animera cette derni\u00e8re journ\u00e9e du march\u00e9 des transferts. Selon l&rsquo;Italien Fabrizio Romano, l&rsquo;ASM aurait refus\u00e9 ce mardi une proposition des Blues \u00e0 hauteur de 45 millions d&rsquo;euros. En vue de [&#8230;]\n","protected":false},"author":2,"featured_media":0,"comment_status":"open","ping_status":"open","sticky":false,"template":"","format":"standard","meta":[],"categories":[4,6,1086],"tags":[86,894,111,110],"yoast_head":"<!-- This site is optimized with the Yoast SEO plugin v19.8 - https:\/\/yoast.com\/wordpress\/plugins\/seo\/ -->\n<title>Une premi\u00e8re offre de Chelsea pour Camara repouss\u00e9e par l&#039;ASM - La Diagonale<\/title>\n<meta name=\"robots\" content=\"index, follow, max-snippet:-1, max-image-preview:large, max-video-preview:-1\" \/>\n<link rel=\"canonical\" href=\"https:\/\/www.ladiagonale.net\/index.php\/2026\/09\/01\/une-premiere-offre-de-chelsea-pour-camara-repoussee-par-lasm\/\" \/>\n<meta property=\"og:locale\" content=\"fr_FR\" \/>\n<meta property=\"og:type\" content=\"article\" \/>\n<meta property=\"og:title\" content=\"Une premi\u00e8re offre de Chelsea pour Camara repouss\u00e9e par l&#039;ASM - La Diagonale\" \/>\n<meta property=\"og:description\" content=\"L&rsquo;AS Monaco va-t-elle pouvoir r\u00e9sister \u00e0 l&rsquo;offensive de Chelsea d&rsquo;ici ce soir, 20 heures, heure de fermeture du mercato estival ? C&rsquo;est la question qui animera cette derni\u00e8re journ\u00e9e du march\u00e9 des transferts. Selon l&rsquo;Italien Fabrizio Romano, l&rsquo;ASM aurait refus\u00e9 ce mardi une proposition des Blues \u00e0 hauteur de 45 millions d&rsquo;euros. En vue de [...]\" \/>\n<meta property=\"og:url\" content=\"https:\/\/www.ladiagonale.net\/index.php\/2026\/09\/01\/une-premiere-offre-de-chelsea-pour-camara-repoussee-par-lasm\/\" \/>\n<meta property=\"og:site_name\" content=\"La Diagonale\" \/>\n<meta property=\"article:published_time\" content=\"2026-09-01T11:32:46+00:00\" \/>\n<meta property=\"article:modified_time\" content=\"2026-09-01T11:32:47+00:00\" \/>\n<meta property=\"og:image\" content=\"https:\/\/www.ladiagonale.net\/wp-content\/uploads\/2026\/08\/Camara-Coventry.png\" \/>\n\t<meta property=\"og:image:width\" content=\"1160\" \/>\n\t<meta property=\"og:image:height\" content=\"650\" \/>\n\t<meta property=\"og:image:type\" content=\"image\/png\" \/>\n<meta name=\"author\" content=\"Damien Dellerba\" \/>\n<meta name=\"twitter:card\" content=\"summary_large_image\" \/>\n<meta name=\"twitter:image\" content=\"https:\/\/www.ladiagonale.net\/wp-content\/uploads\/2026\/08\/Camara-Coventry.png\" \/>\n<meta name=\"twitter:label1\" content=\"\u00c9crit par\" \/>\n\t<meta name=\"twitter:data1\" content=\"Damien Dellerba\" \/>\n\t<meta name=\"twitter:label2\" content=\"Dur\u00e9e de lecture estim\u00e9e\" \/>\n\t<meta name=\"twitter:data2\" content=\"1 minute\" \/>\n<script type=\"application\/ld+json\" class=\"yoast-schema-graph\">{\"@context\":\"https:\/\/schema.org\",\"@graph\":[{\"@type\":\"WebPage\",\"@id\":\"https:\/\/www.ladiagonale.net\/index.php\/2026\/09\/01\/une-premiere-offre-de-chelsea-pour-camara-repoussee-par-lasm\/\",\"url\":\"https:\/\/www.ladiagonale.net\/index.php\/2026\/09\/01\/une-premiere-offre-de-chelsea-pour-camara-repoussee-par-lasm\/\",\"name\":\"Une premi\u00e8re offre de Chelsea pour Camara repouss\u00e9e par l'ASM - La Diagonale\",\"isPartOf\":{\"@id\":\"https:\/\/www.ladiagonale.net\/#website\"},\"datePublished\":\"2026-09-01T11:32:46+00:00\",\"dateModified\":\"2026-09-01T11:32:47+00:00\",\"author\":{\"@id\":\"https:\/\/www.ladiagonale.net\/#\/schema\/person\/79ff1e7b0853ed01b2aa26e64ad300bf\"},\"breadcrumb\":{\"@id\":\"https:\/\/www.ladiagonale.net\/index.php\/2026\/09\/01\/une-premiere-offre-de-chelsea-pour-camara-repoussee-par-lasm\/#breadcrumb\"},\"inLanguage\":\"fr-FR\",\"potentialAction\":[{\"@type\":\"ReadAction\",\"target\":[\"https:\/\/www.ladiagonale.net\/index.php\/2026\/09\/01\/une-premiere-offre-de-chelsea-pour-camara-repoussee-par-lasm\/\"]}]},{\"@type\":\"BreadcrumbList\",\"@id\":\"https:\/\/www.ladiagonale.net\/index.php\/2026\/09\/01\/une-premiere-offre-de-chelsea-pour-camara-repoussee-par-lasm\/#breadcrumb\",\"itemListElement\":[{\"@type\":\"ListItem\",\"position\":1,\"name\":\"Accueil\",\"item\":\"https:\/\/www.ladiagonale.net\/\"},{\"@type\":\"ListItem\",\"position\":2,\"name\":\"Une premi\u00e8re offre de Chelsea pour Camara repouss\u00e9e par l&rsquo;ASM\"}]},{\"@type\":\"WebSite\",\"@id\":\"https:\/\/www.ladiagonale.net\/#website\",\"url\":\"https:\/\/www.ladiagonale.net\/\",\"name\":\"La Diagonale\",\"description\":\"Le site des supporters de l&#039;AS Monaco FC\",\"potentialAction\":[{\"@type\":\"SearchAction\",\"target\":{\"@type\":\"EntryPoint\",\"urlTemplate\":\"https:\/\/www.ladiagonale.net\/?s={search_term_string}\"},\"query-input\":\"required name=search_term_string\"}],\"inLanguage\":\"fr-FR\"},{\"@type\":\"Person\",\"@id\":\"https:\/\/www.ladiagonale.net\/#\/schema\/person\/79ff1e7b0853ed01b2aa26e64ad300bf\",\"name\":\"Damien Dellerba\",\"image\":{\"@type\":\"ImageObject\",\"inLanguage\":\"fr-FR\",\"@id\":\"https:\/\/www.ladiagonale.net\/#\/schema\/person\/image\/\",\"url\":\"https:\/\/secure.gravatar.com\/avatar\/c7850e06d3ff63cdbaee88b7fc16e2f0?s=96&d=mm&r=g\",\"contentUrl\":\"https:\/\/secure.gravatar.com\/avatar\/c7850e06d3ff63cdbaee88b7fc16e2f0?s=96&d=mm&r=g\",\"caption\":\"Damien Dellerba\"},\"url\":\"https:\/\/www.ladiagonale.net\/index.php\/author\/damien\/\"}]}<\/script>\n<!-- \/ Yoast SEO plugin. -->","yoast_head_json":{"title":"Une premi\u00e8re offre de Chelsea pour Camara repouss\u00e9e par l'ASM - La Diagonale","robots":{"index":"index","follow":"follow","max-snippet":"max-snippet:-1","max-image-preview":"max-image-preview:large","max-video-preview":"max-video-preview:-1"},"canonical":"https:\/\/www.ladiagonale.net\/index.php\/2026\/09\/01\/une-premiere-offre-de-chelsea-pour-camara-repoussee-par-lasm\/","og_locale":"fr_FR","og_type":"article","og_title":"Une premi\u00e8re offre de Chelsea pour Camara repouss\u00e9e par l'ASM - La Diagonale","og_description":"L&rsquo;AS Monaco va-t-elle pouvoir r\u00e9sister \u00e0 l&rsquo;offensive de Chelsea d&rsquo;ici ce soir, 20 heures, heure de fermeture du mercato estival ? C&rsquo;est la question qui animera cette derni\u00e8re journ\u00e9e du march\u00e9 des transferts. Selon l&rsquo;Italien Fabrizio Romano, l&rsquo;ASM aurait refus\u00e9 ce mardi une proposition des Blues \u00e0 hauteur de 45 millions d&rsquo;euros. En vue de [...]","og_url":"https:\/\/www.ladiagonale.net\/index.php\/2026\/09\/01\/une-premiere-offre-de-chelsea-pour-camara-repoussee-par-lasm\/","og_site_name":"La Diagonale","article_published_time":"2026-09-01T11:32:46+00:00","article_modified_time":"2026-09-01T11:32:47+00:00","og_image":[{"width":1160,"height":650,"url":"https:\/\/www.ladiagonale.net\/wp-content\/uploads\/2026\/08\/Camara-Coventry.png","type":"image\/png"}],"author":"Damien Dellerba","twitter_card":"summary_large_image","twitter_image":"https:\/\/www.ladiagonale.net\/wp-content\/uploads\/2026\/08\/Camara-Coventry.png","twitter_misc":{"\u00c9crit par":"Damien Dellerba","Dur\u00e9e de lecture estim\u00e9e":"1 minute"},"schema":{"@context":"https:\/\/schema.org","@graph":[{"@type":"WebPage","@id":"https:\/\/www.ladiagonale.net\/index.php\/2026\/09\/01\/une-premiere-offre-de-chelsea-pour-camara-repoussee-par-lasm\/","url":"https:\/\/www.ladiagonale.net\/index.php\/2026\/09\/01\/une-premiere-offre-de-chelsea-pour-camara-repoussee-par-lasm\/","name":"Une premi\u00e8re offre de Chelsea pour Camara repouss\u00e9e par l'ASM - La Diagonale","isPartOf":{"@id":"https:\/\/www.ladiagonale.net\/#website"},"datePublished":"2026-09-01T11:32:46+00:00","dateModified":"2026-09-01T11:32:47+00:00","author":{"@id":"https:\/\/www.ladiagonale.net\/#\/schema\/person\/79ff1e7b0853ed01b2aa26e64ad300bf"},"breadcrumb":{"@id":"https:\/\/www.ladiagonale.net\/index.php\/2026\/09\/01\/une-premiere-offre-de-chelsea-pour-camara-repoussee-par-lasm\/#breadcrumb"},"inLanguage":"fr-FR","potentialAction":[{"@type":"ReadAction","target":["https:\/\/www.ladiagonale.net\/index.php\/2026\/09\/01\/une-premiere-offre-de-chelsea-pour-camara-repoussee-par-lasm\/"]}]},{"@type":"BreadcrumbList","@id":"https:\/\/www.ladiagonale.net\/index.php\/2026\/09\/01\/une-premiere-offre-de-chelsea-pour-camara-repoussee-par-lasm\/#breadcrumb","itemListElement":[{"@type":"ListItem","position":1,"name":"Accueil","item":"https:\/\/www.ladiagonale.net\/"},{"@type":"ListItem","position":2,"name":"Une premi\u00e8re offre de Chelsea pour Camara repouss\u00e9e par l&rsquo;ASM"}]},{"@type":"WebSite","@id":"https:\/\/www.ladiagonale.net\/#website","url":"https:\/\/www.ladiagonale.net\/","name":"La Diagonale","description":"Le site des supporters de l&#039;AS Monaco FC","potentialAction":[{"@type":"SearchAction","target":{"@type":"EntryPoint","urlTemplate":"https:\/\/www.ladiagonale.net\/?s={search_term_string}"},"query-input":"required name=search_term_string"}],"inLanguage":"fr-FR"},{"@type":"Person","@id":"https:\/\/www.ladiagonale.net\/#\/schema\/person\/79ff1e7b0853ed01b2aa26e64ad300bf","name":"Damien Dellerba","image":{"@type":"ImageObject","inLanguage":"fr-FR","@id":"https:\/\/www.ladiagonale.net\/#\/schema\/person\/image\/","url":"https:\/\/secure.gravatar.com\/avatar\/c7850e06d3ff63cdbaee88b7fc16e2f0?s=96&d=mm&r=g","contentUrl":"https:\/\/secure.gravatar.com\/avatar\/c7850e06d3ff63cdbaee88b7fc16e2f0?s=96&d=mm&r=g","caption":"Damien Dellerba"},"url":"https:\/\/www.ladiagonale.net\/index.php\/author\/damien\/"}]}},"_links":{"self":[{"href":"https:\/\/www.ladiagonale.net\/index.php\/wp-json\/wp\/v2\/posts\/40506"}],"collection":[{"href":"https:\/\/www.ladiagonale.net\/index.php\/wp-json\/wp\/v2\/posts"}],"about":[{"href":"https:\/\/www.ladiagonale.net\/index.php\/wp-json\/wp\/v2\/types\/post"}],"author":[{"embeddable":true,"href":"https:\/\/www.ladiagonale.net\/index.php\/wp-json\/wp\/v2\/users\/2"}],"replies":[{"embeddable":true,"href":"https:\/\/www.ladiagonale.net\/index.php\/wp-json\/wp\/v2\/comments?post=40506"}],"version-history":[{"count":1,"href":"https:\/\/www.ladiagonale.net\/index.php\/wp-json\/wp\/v2\/posts\/40506\/revisions"}],"predecessor-version":[{"id":40507,"href":"https:\/\/www.ladiagonale.net\/index.php\/wp-json\/wp\/v2\/posts\/40506\/revisions\/40507"}],"wp:attachment":[{"href":"https:\/\/www.ladiagonale.net\/index.php\/wp-json\/wp\/v2\/media?parent=40506"}],"wp:term":[{"taxonomy":"category","embeddable":true,"href":"https:\/\/www.ladiagonale.net\/index.php\/wp-json\/wp\/v2\/categories?post=40506"},{"taxonomy":"post_tag","embeddable":true,"href":"https:\/\/www.ladiagonale.net\/index.php\/wp-json\/wp\/v2\/tags?post=40506"}],"curies":[{"name":"wp","href":"https:\/\/api.w.org\/{rel}","templated":true}]}}