{"id":40513,"date":"2026-09-01T19:22:12","date_gmt":"2026-09-01T17:22:12","guid":{"rendered":"https:\/\/www.ladiagonale.net\/?p=40513"},"modified":"2026-09-01T19:37:24","modified_gmt":"2026-09-01T17:37:24","slug":"lira-devrait-signer-son-contrat-a-distance","status":"publish","type":"post","link":"https:\/\/www.ladiagonale.net\/index.php\/2026\/09\/01\/lira-devrait-signer-son-contrat-a-distance\/","title":{"rendered":"Lira devrait signer son contrat \u00e0 distance"},"content":{"rendered":"\n<p>Dans moins d\u2019une heure, \u00e0 20 heures exactement, l\u2019AS Monaco ne pourra plus enregistrer de joueur dans ce mercato d\u2019\u00e9t\u00e9. Le club de la Principaut\u00e9 ne devrait enregistrer qu\u2019une seule recrue, Erik Lira. Le milieu de terrain mexicain n\u2019est pas encore arriv\u00e9 en Principaut\u00e9, ce mardi, comme le rapportait un peu plus t\u00f4t <em>Nice-Matin<\/em>, mais cela ne devrait pas contrarier sa signature qui, selon <em>L\u2019\u00c9quipe<\/em>, devrait se faire \u00e0 distance.<br>Dans la nuit de lundi \u00e0 mardi, le pr\u00e9sident de Cruz Azul avait indiqu\u00e9 que tout se mettait en place avec le d\u00e9part de Folarin Balogun vers Everton afin de lib\u00e9rer la place d\u2019extracommunautaire n\u00e9cessaire \u00e0 l\u2019enregistrement de Lira. Le joueur de 26 ans devrait s&rsquo;engager pour quatre saisons et Monaco devrait c\u00e9der 8 millions d&rsquo;euros plus trois autres en bonus et 20% \u00e0 la revente. <\/p>\n\n\n\n<p>\u00ab\u00a0<em>Nous aurions peut-\u00eatre esp\u00e9r\u00e9 mieux, mais nous avons l\u2019esprit tranquille<\/em>, avait comment\u00e9 Victor Velazquez, le pr\u00e9sident mexicain lors d&rsquo;une conf\u00e9rence de presse relay\u00e9e par <em>Nice-Matin<\/em>. <em>Nous nous \u00e9tions engag\u00e9s aupr\u00e8s d\u2019Erik \u00e0 le soutenir si une offre europ\u00e9enne se pr\u00e9sentait et nous avons donc donn\u00e9 notre feu vert.<\/em>\u00a0\u00bb<\/p>\n\n\n","protected":false},"excerpt":{"rendered":"<p>Dans moins d\u2019une heure, \u00e0 20 heures exactement, l\u2019AS Monaco ne pourra plus enregistrer de joueur dans ce mercato d\u2019\u00e9t\u00e9. Le club de la Principaut\u00e9 ne devrait enregistrer qu\u2019une seule recrue, Erik Lira. Le milieu de terrain mexicain n\u2019est pas encore arriv\u00e9 en Principaut\u00e9, ce mardi, comme le rapportait un peu plus t\u00f4t Nice-Matin, mais [&#8230;]\n","protected":false},"author":2,"featured_media":0,"comment_status":"open","ping_status":"open","sticky":false,"template":"","format":"standard","meta":[],"categories":[6,1086],"tags":[86,1361,111,110],"yoast_head":"<!-- This site is optimized with the Yoast SEO plugin v19.8 - https:\/\/yoast.com\/wordpress\/plugins\/seo\/ -->\n<title>Lira devrait signer son contrat \u00e0 distance - La Diagonale<\/title>\n<meta name=\"robots\" content=\"index, follow, max-snippet:-1, max-image-preview:large, max-video-preview:-1\" \/>\n<link rel=\"canonical\" href=\"https:\/\/www.ladiagonale.net\/index.php\/2026\/09\/01\/lira-devrait-signer-son-contrat-a-distance\/\" \/>\n<meta property=\"og:locale\" content=\"fr_FR\" \/>\n<meta property=\"og:type\" content=\"article\" \/>\n<meta property=\"og:title\" content=\"Lira devrait signer son contrat \u00e0 distance - La Diagonale\" \/>\n<meta property=\"og:description\" content=\"Dans moins d\u2019une heure, \u00e0 20 heures exactement, l\u2019AS Monaco ne pourra plus enregistrer de joueur dans ce mercato d\u2019\u00e9t\u00e9. Le club de la Principaut\u00e9 ne devrait enregistrer qu\u2019une seule recrue, Erik Lira. Le milieu de terrain mexicain n\u2019est pas encore arriv\u00e9 en Principaut\u00e9, ce mardi, comme le rapportait un peu plus t\u00f4t Nice-Matin, mais [...]\" \/>\n<meta property=\"og:url\" content=\"https:\/\/www.ladiagonale.net\/index.php\/2026\/09\/01\/lira-devrait-signer-son-contrat-a-distance\/\" \/>\n<meta property=\"og:site_name\" content=\"La Diagonale\" \/>\n<meta property=\"article:published_time\" content=\"2026-09-01T17:22:12+00:00\" \/>\n<meta property=\"article:modified_time\" content=\"2026-09-01T17:37:24+00:00\" \/>\n<meta property=\"og:image\" content=\"https:\/\/www.ladiagonale.net\/wp-content\/uploads\/2026\/07\/Lira.png\" \/>\n\t<meta property=\"og:image:width\" content=\"1160\" \/>\n\t<meta property=\"og:image:height\" content=\"650\" \/>\n\t<meta property=\"og:image:type\" content=\"image\/png\" \/>\n<meta name=\"author\" content=\"Damien Dellerba\" \/>\n<meta name=\"twitter:card\" content=\"summary_large_image\" \/>\n<meta name=\"twitter:image\" content=\"https:\/\/www.ladiagonale.net\/wp-content\/uploads\/2026\/07\/Lira.png\" \/>\n<meta name=\"twitter:label1\" content=\"\u00c9crit par\" \/>\n\t<meta name=\"twitter:data1\" content=\"Damien Dellerba\" \/>\n\t<meta name=\"twitter:label2\" content=\"Dur\u00e9e de lecture estim\u00e9e\" \/>\n\t<meta name=\"twitter:data2\" content=\"1 minute\" \/>\n<script type=\"application\/ld+json\" class=\"yoast-schema-graph\">{\"@context\":\"https:\/\/schema.org\",\"@graph\":[{\"@type\":\"WebPage\",\"@id\":\"https:\/\/www.ladiagonale.net\/index.php\/2026\/09\/01\/lira-devrait-signer-son-contrat-a-distance\/\",\"url\":\"https:\/\/www.ladiagonale.net\/index.php\/2026\/09\/01\/lira-devrait-signer-son-contrat-a-distance\/\",\"name\":\"Lira devrait signer son contrat \u00e0 distance - La Diagonale\",\"isPartOf\":{\"@id\":\"https:\/\/www.ladiagonale.net\/#website\"},\"datePublished\":\"2026-09-01T17:22:12+00:00\",\"dateModified\":\"2026-09-01T17:37:24+00:00\",\"author\":{\"@id\":\"https:\/\/www.ladiagonale.net\/#\/schema\/person\/79ff1e7b0853ed01b2aa26e64ad300bf\"},\"breadcrumb\":{\"@id\":\"https:\/\/www.ladiagonale.net\/index.php\/2026\/09\/01\/lira-devrait-signer-son-contrat-a-distance\/#breadcrumb\"},\"inLanguage\":\"fr-FR\",\"potentialAction\":[{\"@type\":\"ReadAction\",\"target\":[\"https:\/\/www.ladiagonale.net\/index.php\/2026\/09\/01\/lira-devrait-signer-son-contrat-a-distance\/\"]}]},{\"@type\":\"BreadcrumbList\",\"@id\":\"https:\/\/www.ladiagonale.net\/index.php\/2026\/09\/01\/lira-devrait-signer-son-contrat-a-distance\/#breadcrumb\",\"itemListElement\":[{\"@type\":\"ListItem\",\"position\":1,\"name\":\"Accueil\",\"item\":\"https:\/\/www.ladiagonale.net\/\"},{\"@type\":\"ListItem\",\"position\":2,\"name\":\"Lira devrait signer son contrat \u00e0 distance\"}]},{\"@type\":\"WebSite\",\"@id\":\"https:\/\/www.ladiagonale.net\/#website\",\"url\":\"https:\/\/www.ladiagonale.net\/\",\"name\":\"La Diagonale\",\"description\":\"Le site des supporters de l&#039;AS Monaco FC\",\"potentialAction\":[{\"@type\":\"SearchAction\",\"target\":{\"@type\":\"EntryPoint\",\"urlTemplate\":\"https:\/\/www.ladiagonale.net\/?s={search_term_string}\"},\"query-input\":\"required name=search_term_string\"}],\"inLanguage\":\"fr-FR\"},{\"@type\":\"Person\",\"@id\":\"https:\/\/www.ladiagonale.net\/#\/schema\/person\/79ff1e7b0853ed01b2aa26e64ad300bf\",\"name\":\"Damien Dellerba\",\"image\":{\"@type\":\"ImageObject\",\"inLanguage\":\"fr-FR\",\"@id\":\"https:\/\/www.ladiagonale.net\/#\/schema\/person\/image\/\",\"url\":\"https:\/\/secure.gravatar.com\/avatar\/c7850e06d3ff63cdbaee88b7fc16e2f0?s=96&d=mm&r=g\",\"contentUrl\":\"https:\/\/secure.gravatar.com\/avatar\/c7850e06d3ff63cdbaee88b7fc16e2f0?s=96&d=mm&r=g\",\"caption\":\"Damien Dellerba\"},\"url\":\"https:\/\/www.ladiagonale.net\/index.php\/author\/damien\/\"}]}<\/script>\n<!-- \/ Yoast SEO plugin. -->","yoast_head_json":{"title":"Lira devrait signer son contrat \u00e0 distance - La Diagonale","robots":{"index":"index","follow":"follow","max-snippet":"max-snippet:-1","max-image-preview":"max-image-preview:large","max-video-preview":"max-video-preview:-1"},"canonical":"https:\/\/www.ladiagonale.net\/index.php\/2026\/09\/01\/lira-devrait-signer-son-contrat-a-distance\/","og_locale":"fr_FR","og_type":"article","og_title":"Lira devrait signer son contrat \u00e0 distance - La Diagonale","og_description":"Dans moins d\u2019une heure, \u00e0 20 heures exactement, l\u2019AS Monaco ne pourra plus enregistrer de joueur dans ce mercato d\u2019\u00e9t\u00e9. Le club de la Principaut\u00e9 ne devrait enregistrer qu\u2019une seule recrue, Erik Lira. Le milieu de terrain mexicain n\u2019est pas encore arriv\u00e9 en Principaut\u00e9, ce mardi, comme le rapportait un peu plus t\u00f4t Nice-Matin, mais [...]","og_url":"https:\/\/www.ladiagonale.net\/index.php\/2026\/09\/01\/lira-devrait-signer-son-contrat-a-distance\/","og_site_name":"La Diagonale","article_published_time":"2026-09-01T17:22:12+00:00","article_modified_time":"2026-09-01T17:37:24+00:00","og_image":[{"width":1160,"height":650,"url":"https:\/\/www.ladiagonale.net\/wp-content\/uploads\/2026\/07\/Lira.png","type":"image\/png"}],"author":"Damien Dellerba","twitter_card":"summary_large_image","twitter_image":"https:\/\/www.ladiagonale.net\/wp-content\/uploads\/2026\/07\/Lira.png","twitter_misc":{"\u00c9crit par":"Damien Dellerba","Dur\u00e9e de lecture estim\u00e9e":"1 minute"},"schema":{"@context":"https:\/\/schema.org","@graph":[{"@type":"WebPage","@id":"https:\/\/www.ladiagonale.net\/index.php\/2026\/09\/01\/lira-devrait-signer-son-contrat-a-distance\/","url":"https:\/\/www.ladiagonale.net\/index.php\/2026\/09\/01\/lira-devrait-signer-son-contrat-a-distance\/","name":"Lira devrait signer son contrat \u00e0 distance - La Diagonale","isPartOf":{"@id":"https:\/\/www.ladiagonale.net\/#website"},"datePublished":"2026-09-01T17:22:12+00:00","dateModified":"2026-09-01T17:37:24+00:00","author":{"@id":"https:\/\/www.ladiagonale.net\/#\/schema\/person\/79ff1e7b0853ed01b2aa26e64ad300bf"},"breadcrumb":{"@id":"https:\/\/www.ladiagonale.net\/index.php\/2026\/09\/01\/lira-devrait-signer-son-contrat-a-distance\/#breadcrumb"},"inLanguage":"fr-FR","potentialAction":[{"@type":"ReadAction","target":["https:\/\/www.ladiagonale.net\/index.php\/2026\/09\/01\/lira-devrait-signer-son-contrat-a-distance\/"]}]},{"@type":"BreadcrumbList","@id":"https:\/\/www.ladiagonale.net\/index.php\/2026\/09\/01\/lira-devrait-signer-son-contrat-a-distance\/#breadcrumb","itemListElement":[{"@type":"ListItem","position":1,"name":"Accueil","item":"https:\/\/www.ladiagonale.net\/"},{"@type":"ListItem","position":2,"name":"Lira devrait signer son contrat \u00e0 distance"}]},{"@type":"WebSite","@id":"https:\/\/www.ladiagonale.net\/#website","url":"https:\/\/www.ladiagonale.net\/","name":"La Diagonale","description":"Le site des supporters de l&#039;AS Monaco FC","potentialAction":[{"@type":"SearchAction","target":{"@type":"EntryPoint","urlTemplate":"https:\/\/www.ladiagonale.net\/?s={search_term_string}"},"query-input":"required name=search_term_string"}],"inLanguage":"fr-FR"},{"@type":"Person","@id":"https:\/\/www.ladiagonale.net\/#\/schema\/person\/79ff1e7b0853ed01b2aa26e64ad300bf","name":"Damien Dellerba","image":{"@type":"ImageObject","inLanguage":"fr-FR","@id":"https:\/\/www.ladiagonale.net\/#\/schema\/person\/image\/","url":"https:\/\/secure.gravatar.com\/avatar\/c7850e06d3ff63cdbaee88b7fc16e2f0?s=96&d=mm&r=g","contentUrl":"https:\/\/secure.gravatar.com\/avatar\/c7850e06d3ff63cdbaee88b7fc16e2f0?s=96&d=mm&r=g","caption":"Damien Dellerba"},"url":"https:\/\/www.ladiagonale.net\/index.php\/author\/damien\/"}]}},"_links":{"self":[{"href":"https:\/\/www.ladiagonale.net\/index.php\/wp-json\/wp\/v2\/posts\/40513"}],"collection":[{"href":"https:\/\/www.ladiagonale.net\/index.php\/wp-json\/wp\/v2\/posts"}],"about":[{"href":"https:\/\/www.ladiagonale.net\/index.php\/wp-json\/wp\/v2\/types\/post"}],"author":[{"embeddable":true,"href":"https:\/\/www.ladiagonale.net\/index.php\/wp-json\/wp\/v2\/users\/2"}],"replies":[{"embeddable":true,"href":"https:\/\/www.ladiagonale.net\/index.php\/wp-json\/wp\/v2\/comments?post=40513"}],"version-history":[{"count":2,"href":"https:\/\/www.ladiagonale.net\/index.php\/wp-json\/wp\/v2\/posts\/40513\/revisions"}],"predecessor-version":[{"id":40519,"href":"https:\/\/www.ladiagonale.net\/index.php\/wp-json\/wp\/v2\/posts\/40513\/revisions\/40519"}],"wp:attachment":[{"href":"https:\/\/www.ladiagonale.net\/index.php\/wp-json\/wp\/v2\/media?parent=40513"}],"wp:term":[{"taxonomy":"category","embeddable":true,"href":"https:\/\/www.ladiagonale.net\/index.php\/wp-json\/wp\/v2\/categories?post=40513"},{"taxonomy":"post_tag","embeddable":true,"href":"https:\/\/www.ladiagonale.net\/index.php\/wp-json\/wp\/v2\/tags?post=40513"}],"curies":[{"name":"wp","href":"https:\/\/api.w.org\/{rel}","templated":true}]}}