{"id":40520,"date":"2026-09-01T20:28:48","date_gmt":"2026-09-01T18:28:48","guid":{"rendered":"https:\/\/www.ladiagonale.net\/?p=40520"},"modified":"2026-09-01T20:30:06","modified_gmt":"2026-09-01T18:30:06","slug":"les-transferts-de-balogun-et-de-lira-sur-le-point-de-capoter","status":"publish","type":"post","link":"https:\/\/www.ladiagonale.net\/index.php\/2026\/09\/01\/les-transferts-de-balogun-et-de-lira-sur-le-point-de-capoter\/","title":{"rendered":"Les transferts de Balogun et de Lira sur le point de capoter ?"},"content":{"rendered":"\n<p>Coup de tonnerre sur ce march\u00e9 des transferts. Alors que l\u2019AS Monaco ne peut plus enregistrer d\u2019arriv\u00e9es depuis 20 heures, le d\u00e9part de Folarin Balogun vers Everton serait d\u00e9sormais compromis. Selon les r\u00e9v\u00e9lations de<em> L\u2019\u00c9quipe<\/em>, le transfert de l\u2019attaquant am\u00e9ricain pourrait capoter car le club de <em>Premier League<\/em> attendrait que se d\u00e9cante la vente d\u2019Iliman Ndiaye vers Manchester City autour de 75 millions d\u2019euros.<\/p>\n\n\n\n<p>Mais le dossier d\u2019Erik Lira \u00e9tant totalement li\u00e9 \u00e0 celui de Balogun, le retard dans ce transfert aurait donc potentiellement compromis l\u2019arriv\u00e9e du Mexicain de 26 ans en Principaut\u00e9. Dans la journ\u00e9e de mardi, les m\u00e9dias locaux annon\u00e7aient que le joueur avait pass\u00e9 et valid\u00e9 sa visite m\u00e9dicale directement au Mexique tandis que le contrat devait \u00eatre sign\u00e9 \u00e0 distance avant d\u2019\u00eatre envoy\u00e9 \u00e0 la LFP.<\/p>\n\n\n\n<p>Les prochaines heures devraient donner plus d\u2019informations sur ce rebondissement et ses v\u00e9ritables cons\u00e9quences pour l&rsquo;ASM. Mais les \u00e9v\u00e9nements actuels d\u00e9montrent \u00e0 nouveau la mouvance et l&rsquo;impr\u00e9visibilit\u00e9 d&rsquo;un mercato<\/p>\n\n\n","protected":false},"excerpt":{"rendered":"<p>Coup de tonnerre sur ce march\u00e9 des transferts. Alors que l\u2019AS Monaco ne peut plus enregistrer d\u2019arriv\u00e9es depuis 20 heures, le d\u00e9part de Folarin Balogun vers Everton serait d\u00e9sormais compromis. Selon les r\u00e9v\u00e9lations de L\u2019\u00c9quipe, le transfert de l\u2019attaquant am\u00e9ricain pourrait capoter car le club de Premier League attendrait que se d\u00e9cante la vente d\u2019Iliman [&#8230;]\n","protected":false},"author":2,"featured_media":0,"comment_status":"open","ping_status":"open","sticky":false,"template":"","format":"standard","meta":[],"categories":[6,1086],"tags":[86,1361,483,111,110],"yoast_head":"<!-- This site is optimized with the Yoast SEO plugin v19.8 - https:\/\/yoast.com\/wordpress\/plugins\/seo\/ -->\n<title>Les transferts de Balogun et de Lira sur le point de capoter ? - La Diagonale<\/title>\n<meta name=\"robots\" content=\"index, follow, max-snippet:-1, max-image-preview:large, max-video-preview:-1\" \/>\n<link rel=\"canonical\" href=\"https:\/\/www.ladiagonale.net\/index.php\/2026\/09\/01\/les-transferts-de-balogun-et-de-lira-sur-le-point-de-capoter\/\" \/>\n<meta property=\"og:locale\" content=\"fr_FR\" \/>\n<meta property=\"og:type\" content=\"article\" \/>\n<meta property=\"og:title\" content=\"Les transferts de Balogun et de Lira sur le point de capoter ? - La Diagonale\" \/>\n<meta property=\"og:description\" content=\"Coup de tonnerre sur ce march\u00e9 des transferts. Alors que l\u2019AS Monaco ne peut plus enregistrer d\u2019arriv\u00e9es depuis 20 heures, le d\u00e9part de Folarin Balogun vers Everton serait d\u00e9sormais compromis. Selon les r\u00e9v\u00e9lations de L\u2019\u00c9quipe, le transfert de l\u2019attaquant am\u00e9ricain pourrait capoter car le club de Premier League attendrait que se d\u00e9cante la vente d\u2019Iliman [...]\" \/>\n<meta property=\"og:url\" content=\"https:\/\/www.ladiagonale.net\/index.php\/2026\/09\/01\/les-transferts-de-balogun-et-de-lira-sur-le-point-de-capoter\/\" \/>\n<meta property=\"og:site_name\" content=\"La Diagonale\" \/>\n<meta property=\"article:published_time\" content=\"2026-09-01T18:28:48+00:00\" \/>\n<meta property=\"article:modified_time\" content=\"2026-09-01T18:30:06+00:00\" \/>\n<meta property=\"og:image\" content=\"https:\/\/www.ladiagonale.net\/wp-content\/uploads\/2025\/09\/Balogunrcsa.png\" \/>\n\t<meta property=\"og:image:width\" content=\"1160\" \/>\n\t<meta property=\"og:image:height\" content=\"650\" \/>\n\t<meta property=\"og:image:type\" content=\"image\/png\" \/>\n<meta name=\"author\" content=\"Damien Dellerba\" \/>\n<meta name=\"twitter:card\" content=\"summary_large_image\" \/>\n<meta name=\"twitter:image\" content=\"https:\/\/www.ladiagonale.net\/wp-content\/uploads\/2025\/09\/Balogunrcsa.png\" \/>\n<meta name=\"twitter:label1\" content=\"\u00c9crit par\" \/>\n\t<meta name=\"twitter:data1\" content=\"Damien Dellerba\" \/>\n\t<meta name=\"twitter:label2\" content=\"Dur\u00e9e de lecture estim\u00e9e\" \/>\n\t<meta name=\"twitter:data2\" content=\"1 minute\" \/>\n<script type=\"application\/ld+json\" class=\"yoast-schema-graph\">{\"@context\":\"https:\/\/schema.org\",\"@graph\":[{\"@type\":\"WebPage\",\"@id\":\"https:\/\/www.ladiagonale.net\/index.php\/2026\/09\/01\/les-transferts-de-balogun-et-de-lira-sur-le-point-de-capoter\/\",\"url\":\"https:\/\/www.ladiagonale.net\/index.php\/2026\/09\/01\/les-transferts-de-balogun-et-de-lira-sur-le-point-de-capoter\/\",\"name\":\"Les transferts de Balogun et de Lira sur le point de capoter ? - La Diagonale\",\"isPartOf\":{\"@id\":\"https:\/\/www.ladiagonale.net\/#website\"},\"datePublished\":\"2026-09-01T18:28:48+00:00\",\"dateModified\":\"2026-09-01T18:30:06+00:00\",\"author\":{\"@id\":\"https:\/\/www.ladiagonale.net\/#\/schema\/person\/79ff1e7b0853ed01b2aa26e64ad300bf\"},\"breadcrumb\":{\"@id\":\"https:\/\/www.ladiagonale.net\/index.php\/2026\/09\/01\/les-transferts-de-balogun-et-de-lira-sur-le-point-de-capoter\/#breadcrumb\"},\"inLanguage\":\"fr-FR\",\"potentialAction\":[{\"@type\":\"ReadAction\",\"target\":[\"https:\/\/www.ladiagonale.net\/index.php\/2026\/09\/01\/les-transferts-de-balogun-et-de-lira-sur-le-point-de-capoter\/\"]}]},{\"@type\":\"BreadcrumbList\",\"@id\":\"https:\/\/www.ladiagonale.net\/index.php\/2026\/09\/01\/les-transferts-de-balogun-et-de-lira-sur-le-point-de-capoter\/#breadcrumb\",\"itemListElement\":[{\"@type\":\"ListItem\",\"position\":1,\"name\":\"Accueil\",\"item\":\"https:\/\/www.ladiagonale.net\/\"},{\"@type\":\"ListItem\",\"position\":2,\"name\":\"Les transferts de Balogun et de Lira sur le point de capoter ?\"}]},{\"@type\":\"WebSite\",\"@id\":\"https:\/\/www.ladiagonale.net\/#website\",\"url\":\"https:\/\/www.ladiagonale.net\/\",\"name\":\"La Diagonale\",\"description\":\"Le site des supporters de l&#039;AS Monaco FC\",\"potentialAction\":[{\"@type\":\"SearchAction\",\"target\":{\"@type\":\"EntryPoint\",\"urlTemplate\":\"https:\/\/www.ladiagonale.net\/?s={search_term_string}\"},\"query-input\":\"required name=search_term_string\"}],\"inLanguage\":\"fr-FR\"},{\"@type\":\"Person\",\"@id\":\"https:\/\/www.ladiagonale.net\/#\/schema\/person\/79ff1e7b0853ed01b2aa26e64ad300bf\",\"name\":\"Damien Dellerba\",\"image\":{\"@type\":\"ImageObject\",\"inLanguage\":\"fr-FR\",\"@id\":\"https:\/\/www.ladiagonale.net\/#\/schema\/person\/image\/\",\"url\":\"https:\/\/secure.gravatar.com\/avatar\/c7850e06d3ff63cdbaee88b7fc16e2f0?s=96&d=mm&r=g\",\"contentUrl\":\"https:\/\/secure.gravatar.com\/avatar\/c7850e06d3ff63cdbaee88b7fc16e2f0?s=96&d=mm&r=g\",\"caption\":\"Damien Dellerba\"},\"url\":\"https:\/\/www.ladiagonale.net\/index.php\/author\/damien\/\"}]}<\/script>\n<!-- \/ Yoast SEO plugin. -->","yoast_head_json":{"title":"Les transferts de Balogun et de Lira sur le point de capoter ? - La Diagonale","robots":{"index":"index","follow":"follow","max-snippet":"max-snippet:-1","max-image-preview":"max-image-preview:large","max-video-preview":"max-video-preview:-1"},"canonical":"https:\/\/www.ladiagonale.net\/index.php\/2026\/09\/01\/les-transferts-de-balogun-et-de-lira-sur-le-point-de-capoter\/","og_locale":"fr_FR","og_type":"article","og_title":"Les transferts de Balogun et de Lira sur le point de capoter ? - La Diagonale","og_description":"Coup de tonnerre sur ce march\u00e9 des transferts. Alors que l\u2019AS Monaco ne peut plus enregistrer d\u2019arriv\u00e9es depuis 20 heures, le d\u00e9part de Folarin Balogun vers Everton serait d\u00e9sormais compromis. Selon les r\u00e9v\u00e9lations de L\u2019\u00c9quipe, le transfert de l\u2019attaquant am\u00e9ricain pourrait capoter car le club de Premier League attendrait que se d\u00e9cante la vente d\u2019Iliman [...]","og_url":"https:\/\/www.ladiagonale.net\/index.php\/2026\/09\/01\/les-transferts-de-balogun-et-de-lira-sur-le-point-de-capoter\/","og_site_name":"La Diagonale","article_published_time":"2026-09-01T18:28:48+00:00","article_modified_time":"2026-09-01T18:30:06+00:00","og_image":[{"width":1160,"height":650,"url":"https:\/\/www.ladiagonale.net\/wp-content\/uploads\/2025\/09\/Balogunrcsa.png","type":"image\/png"}],"author":"Damien Dellerba","twitter_card":"summary_large_image","twitter_image":"https:\/\/www.ladiagonale.net\/wp-content\/uploads\/2025\/09\/Balogunrcsa.png","twitter_misc":{"\u00c9crit par":"Damien Dellerba","Dur\u00e9e de lecture estim\u00e9e":"1 minute"},"schema":{"@context":"https:\/\/schema.org","@graph":[{"@type":"WebPage","@id":"https:\/\/www.ladiagonale.net\/index.php\/2026\/09\/01\/les-transferts-de-balogun-et-de-lira-sur-le-point-de-capoter\/","url":"https:\/\/www.ladiagonale.net\/index.php\/2026\/09\/01\/les-transferts-de-balogun-et-de-lira-sur-le-point-de-capoter\/","name":"Les transferts de Balogun et de Lira sur le point de capoter ? - La Diagonale","isPartOf":{"@id":"https:\/\/www.ladiagonale.net\/#website"},"datePublished":"2026-09-01T18:28:48+00:00","dateModified":"2026-09-01T18:30:06+00:00","author":{"@id":"https:\/\/www.ladiagonale.net\/#\/schema\/person\/79ff1e7b0853ed01b2aa26e64ad300bf"},"breadcrumb":{"@id":"https:\/\/www.ladiagonale.net\/index.php\/2026\/09\/01\/les-transferts-de-balogun-et-de-lira-sur-le-point-de-capoter\/#breadcrumb"},"inLanguage":"fr-FR","potentialAction":[{"@type":"ReadAction","target":["https:\/\/www.ladiagonale.net\/index.php\/2026\/09\/01\/les-transferts-de-balogun-et-de-lira-sur-le-point-de-capoter\/"]}]},{"@type":"BreadcrumbList","@id":"https:\/\/www.ladiagonale.net\/index.php\/2026\/09\/01\/les-transferts-de-balogun-et-de-lira-sur-le-point-de-capoter\/#breadcrumb","itemListElement":[{"@type":"ListItem","position":1,"name":"Accueil","item":"https:\/\/www.ladiagonale.net\/"},{"@type":"ListItem","position":2,"name":"Les transferts de Balogun et de Lira sur le point de capoter ?"}]},{"@type":"WebSite","@id":"https:\/\/www.ladiagonale.net\/#website","url":"https:\/\/www.ladiagonale.net\/","name":"La Diagonale","description":"Le site des supporters de l&#039;AS Monaco FC","potentialAction":[{"@type":"SearchAction","target":{"@type":"EntryPoint","urlTemplate":"https:\/\/www.ladiagonale.net\/?s={search_term_string}"},"query-input":"required name=search_term_string"}],"inLanguage":"fr-FR"},{"@type":"Person","@id":"https:\/\/www.ladiagonale.net\/#\/schema\/person\/79ff1e7b0853ed01b2aa26e64ad300bf","name":"Damien Dellerba","image":{"@type":"ImageObject","inLanguage":"fr-FR","@id":"https:\/\/www.ladiagonale.net\/#\/schema\/person\/image\/","url":"https:\/\/secure.gravatar.com\/avatar\/c7850e06d3ff63cdbaee88b7fc16e2f0?s=96&d=mm&r=g","contentUrl":"https:\/\/secure.gravatar.com\/avatar\/c7850e06d3ff63cdbaee88b7fc16e2f0?s=96&d=mm&r=g","caption":"Damien Dellerba"},"url":"https:\/\/www.ladiagonale.net\/index.php\/author\/damien\/"}]}},"_links":{"self":[{"href":"https:\/\/www.ladiagonale.net\/index.php\/wp-json\/wp\/v2\/posts\/40520"}],"collection":[{"href":"https:\/\/www.ladiagonale.net\/index.php\/wp-json\/wp\/v2\/posts"}],"about":[{"href":"https:\/\/www.ladiagonale.net\/index.php\/wp-json\/wp\/v2\/types\/post"}],"author":[{"embeddable":true,"href":"https:\/\/www.ladiagonale.net\/index.php\/wp-json\/wp\/v2\/users\/2"}],"replies":[{"embeddable":true,"href":"https:\/\/www.ladiagonale.net\/index.php\/wp-json\/wp\/v2\/comments?post=40520"}],"version-history":[{"count":2,"href":"https:\/\/www.ladiagonale.net\/index.php\/wp-json\/wp\/v2\/posts\/40520\/revisions"}],"predecessor-version":[{"id":40523,"href":"https:\/\/www.ladiagonale.net\/index.php\/wp-json\/wp\/v2\/posts\/40520\/revisions\/40523"}],"wp:attachment":[{"href":"https:\/\/www.ladiagonale.net\/index.php\/wp-json\/wp\/v2\/media?parent=40520"}],"wp:term":[{"taxonomy":"category","embeddable":true,"href":"https:\/\/www.ladiagonale.net\/index.php\/wp-json\/wp\/v2\/categories?post=40520"},{"taxonomy":"post_tag","embeddable":true,"href":"https:\/\/www.ladiagonale.net\/index.php\/wp-json\/wp\/v2\/tags?post=40520"}],"curies":[{"name":"wp","href":"https:\/\/api.w.org\/{rel}","templated":true}]}}