{"id":40524,"date":"2026-09-01T23:07:24","date_gmt":"2026-09-01T21:07:24","guid":{"rendered":"https:\/\/www.ladiagonale.net\/?p=40524"},"modified":"2026-09-01T23:09:21","modified_gmt":"2026-09-01T21:09:21","slug":"balogun-aurait-rate-sa-visite-medicale-a-cause-dun-genou","status":"publish","type":"post","link":"https:\/\/www.ladiagonale.net\/index.php\/2026\/09\/01\/balogun-aurait-rate-sa-visite-medicale-a-cause-dun-genou\/","title":{"rendered":"Balogun aurait rat\u00e9 sa visite m\u00e9dicale \u00e0 cause d\u2019un genou"},"content":{"rendered":"\n<p>Alors que le d\u00e9part de Folarin Balogun vers Everton semblait en bonne voie dans la journ\u00e9e de mardi, les choses n\u2019ont pas \u00e9volu\u00e9 dans le bon sens. En d\u00e9but de soir\u00e9e, peu de temps avant la cl\u00f4ture du march\u00e9 des transferts en France, <em>L\u2019\u00c9quipe<\/em> r\u00e9v\u00e9lait que le dossier \u00e9tait sur le point de capoter. L\u2019attente du club anglais pour la vente d\u2019Iliman Ndiaye du c\u00f4t\u00e9 de Manchester City \u00e9tait \u00e9voqu\u00e9e par le quotidien.<\/p>\n\n\n\n<p>Mais selon les informations donn\u00e9es par <em>RMC Sport<\/em>, et confirm\u00e9es par <em>L\u2019\u00c9quipe<\/em>, l\u2019attaquant am\u00e9ricain aurait surtout rat\u00e9 sa visite m\u00e9dicale chez les Toffees. Un probl\u00e8me \u00e0 un genou est \u00e9voqu\u00e9, mais ce qui est certain, c\u2019est que le staff m\u00e9dical n\u2019aurait pas \u00e9t\u00e9 convaincu par la forme physique de Balogun, qui n\u2019est toujours pas revenu \u00e0 la comp\u00e9tition avec l\u2019ASM, pr\u00e9serv\u00e9 aussi en vue de son \u00e9ventuel d\u00e9part. C\u00f4t\u00e9 Mon\u00e9gasque, tout probl\u00e8me physique a \u00e9t\u00e9 r\u00e9fut\u00e9.<\/p>\n\n\n\n<p>Malgr\u00e9 cette visite m\u00e9dicale non concluante, les deux clubs n\u2019auraient pas stopp\u00e9 les discussions m\u00eame s\u2019il semble d\u00e9sormais difficile de voir ce deal se concr\u00e9tiser. Et elle a surtout emp\u00each\u00e9 la signature d&rsquo;Erik Lira, qui attendait qu&rsquo;il lib\u00e8re une place d&rsquo;extracommunautaire dans l&rsquo;effectif. Balogun, sous contrat avec l\u2019ASM jusqu\u2019en 2028, aurait pu rapporter 45 millions d\u2019euros \u00e0 l\u2019ASM, plus cinq millions de bonus et un pourcentage \u00e0 la revente.<\/p>\n\n\n","protected":false},"excerpt":{"rendered":"<p>Alors que le d\u00e9part de Folarin Balogun vers Everton semblait en bonne voie dans la journ\u00e9e de mardi, les choses n\u2019ont pas \u00e9volu\u00e9 dans le bon sens. En d\u00e9but de soir\u00e9e, peu de temps avant la cl\u00f4ture du march\u00e9 des transferts en France, L\u2019\u00c9quipe r\u00e9v\u00e9lait que le dossier \u00e9tait sur le point de capoter. L\u2019attente [&#8230;]\n","protected":false},"author":2,"featured_media":0,"comment_status":"open","ping_status":"open","sticky":false,"template":"","format":"standard","meta":[],"categories":[4,6,1086],"tags":[86,483,111,110],"yoast_head":"<!-- This site is optimized with the Yoast SEO plugin v19.8 - https:\/\/yoast.com\/wordpress\/plugins\/seo\/ -->\n<title>Balogun aurait rat\u00e9 sa visite m\u00e9dicale \u00e0 cause d\u2019un genou - La Diagonale<\/title>\n<meta name=\"robots\" content=\"index, follow, max-snippet:-1, max-image-preview:large, max-video-preview:-1\" \/>\n<link rel=\"canonical\" href=\"https:\/\/www.ladiagonale.net\/index.php\/2026\/09\/01\/balogun-aurait-rate-sa-visite-medicale-a-cause-dun-genou\/\" \/>\n<meta property=\"og:locale\" content=\"fr_FR\" \/>\n<meta property=\"og:type\" content=\"article\" \/>\n<meta property=\"og:title\" content=\"Balogun aurait rat\u00e9 sa visite m\u00e9dicale \u00e0 cause d\u2019un genou - La Diagonale\" \/>\n<meta property=\"og:description\" content=\"Alors que le d\u00e9part de Folarin Balogun vers Everton semblait en bonne voie dans la journ\u00e9e de mardi, les choses n\u2019ont pas \u00e9volu\u00e9 dans le bon sens. En d\u00e9but de soir\u00e9e, peu de temps avant la cl\u00f4ture du march\u00e9 des transferts en France, L\u2019\u00c9quipe r\u00e9v\u00e9lait que le dossier \u00e9tait sur le point de capoter. L\u2019attente [...]\" \/>\n<meta property=\"og:url\" content=\"https:\/\/www.ladiagonale.net\/index.php\/2026\/09\/01\/balogun-aurait-rate-sa-visite-medicale-a-cause-dun-genou\/\" \/>\n<meta property=\"og:site_name\" content=\"La Diagonale\" \/>\n<meta property=\"article:published_time\" content=\"2026-09-01T21:07:24+00:00\" \/>\n<meta property=\"article:modified_time\" content=\"2026-09-01T21:09:21+00:00\" \/>\n<meta property=\"og:image\" content=\"https:\/\/www.ladiagonale.net\/wp-content\/uploads\/2025\/09\/Balogunrcsa.png\" \/>\n\t<meta property=\"og:image:width\" content=\"1160\" \/>\n\t<meta property=\"og:image:height\" content=\"650\" \/>\n\t<meta property=\"og:image:type\" content=\"image\/png\" \/>\n<meta name=\"author\" content=\"Damien Dellerba\" \/>\n<meta name=\"twitter:card\" content=\"summary_large_image\" \/>\n<meta name=\"twitter:image\" content=\"https:\/\/www.ladiagonale.net\/wp-content\/uploads\/2025\/09\/Balogunrcsa.png\" \/>\n<meta name=\"twitter:label1\" content=\"\u00c9crit par\" \/>\n\t<meta name=\"twitter:data1\" content=\"Damien Dellerba\" \/>\n\t<meta name=\"twitter:label2\" content=\"Dur\u00e9e de lecture estim\u00e9e\" \/>\n\t<meta name=\"twitter:data2\" content=\"2 minutes\" \/>\n<script type=\"application\/ld+json\" class=\"yoast-schema-graph\">{\"@context\":\"https:\/\/schema.org\",\"@graph\":[{\"@type\":\"WebPage\",\"@id\":\"https:\/\/www.ladiagonale.net\/index.php\/2026\/09\/01\/balogun-aurait-rate-sa-visite-medicale-a-cause-dun-genou\/\",\"url\":\"https:\/\/www.ladiagonale.net\/index.php\/2026\/09\/01\/balogun-aurait-rate-sa-visite-medicale-a-cause-dun-genou\/\",\"name\":\"Balogun aurait rat\u00e9 sa visite m\u00e9dicale \u00e0 cause d\u2019un genou - La Diagonale\",\"isPartOf\":{\"@id\":\"https:\/\/www.ladiagonale.net\/#website\"},\"datePublished\":\"2026-09-01T21:07:24+00:00\",\"dateModified\":\"2026-09-01T21:09:21+00:00\",\"author\":{\"@id\":\"https:\/\/www.ladiagonale.net\/#\/schema\/person\/79ff1e7b0853ed01b2aa26e64ad300bf\"},\"breadcrumb\":{\"@id\":\"https:\/\/www.ladiagonale.net\/index.php\/2026\/09\/01\/balogun-aurait-rate-sa-visite-medicale-a-cause-dun-genou\/#breadcrumb\"},\"inLanguage\":\"fr-FR\",\"potentialAction\":[{\"@type\":\"ReadAction\",\"target\":[\"https:\/\/www.ladiagonale.net\/index.php\/2026\/09\/01\/balogun-aurait-rate-sa-visite-medicale-a-cause-dun-genou\/\"]}]},{\"@type\":\"BreadcrumbList\",\"@id\":\"https:\/\/www.ladiagonale.net\/index.php\/2026\/09\/01\/balogun-aurait-rate-sa-visite-medicale-a-cause-dun-genou\/#breadcrumb\",\"itemListElement\":[{\"@type\":\"ListItem\",\"position\":1,\"name\":\"Accueil\",\"item\":\"https:\/\/www.ladiagonale.net\/\"},{\"@type\":\"ListItem\",\"position\":2,\"name\":\"Balogun aurait rat\u00e9 sa visite m\u00e9dicale \u00e0 cause d\u2019un genou\"}]},{\"@type\":\"WebSite\",\"@id\":\"https:\/\/www.ladiagonale.net\/#website\",\"url\":\"https:\/\/www.ladiagonale.net\/\",\"name\":\"La Diagonale\",\"description\":\"Le site des supporters de l&#039;AS Monaco FC\",\"potentialAction\":[{\"@type\":\"SearchAction\",\"target\":{\"@type\":\"EntryPoint\",\"urlTemplate\":\"https:\/\/www.ladiagonale.net\/?s={search_term_string}\"},\"query-input\":\"required name=search_term_string\"}],\"inLanguage\":\"fr-FR\"},{\"@type\":\"Person\",\"@id\":\"https:\/\/www.ladiagonale.net\/#\/schema\/person\/79ff1e7b0853ed01b2aa26e64ad300bf\",\"name\":\"Damien Dellerba\",\"image\":{\"@type\":\"ImageObject\",\"inLanguage\":\"fr-FR\",\"@id\":\"https:\/\/www.ladiagonale.net\/#\/schema\/person\/image\/\",\"url\":\"https:\/\/secure.gravatar.com\/avatar\/c7850e06d3ff63cdbaee88b7fc16e2f0?s=96&d=mm&r=g\",\"contentUrl\":\"https:\/\/secure.gravatar.com\/avatar\/c7850e06d3ff63cdbaee88b7fc16e2f0?s=96&d=mm&r=g\",\"caption\":\"Damien Dellerba\"},\"url\":\"https:\/\/www.ladiagonale.net\/index.php\/author\/damien\/\"}]}<\/script>\n<!-- \/ Yoast SEO plugin. -->","yoast_head_json":{"title":"Balogun aurait rat\u00e9 sa visite m\u00e9dicale \u00e0 cause d\u2019un genou - La Diagonale","robots":{"index":"index","follow":"follow","max-snippet":"max-snippet:-1","max-image-preview":"max-image-preview:large","max-video-preview":"max-video-preview:-1"},"canonical":"https:\/\/www.ladiagonale.net\/index.php\/2026\/09\/01\/balogun-aurait-rate-sa-visite-medicale-a-cause-dun-genou\/","og_locale":"fr_FR","og_type":"article","og_title":"Balogun aurait rat\u00e9 sa visite m\u00e9dicale \u00e0 cause d\u2019un genou - La Diagonale","og_description":"Alors que le d\u00e9part de Folarin Balogun vers Everton semblait en bonne voie dans la journ\u00e9e de mardi, les choses n\u2019ont pas \u00e9volu\u00e9 dans le bon sens. En d\u00e9but de soir\u00e9e, peu de temps avant la cl\u00f4ture du march\u00e9 des transferts en France, L\u2019\u00c9quipe r\u00e9v\u00e9lait que le dossier \u00e9tait sur le point de capoter. L\u2019attente [...]","og_url":"https:\/\/www.ladiagonale.net\/index.php\/2026\/09\/01\/balogun-aurait-rate-sa-visite-medicale-a-cause-dun-genou\/","og_site_name":"La Diagonale","article_published_time":"2026-09-01T21:07:24+00:00","article_modified_time":"2026-09-01T21:09:21+00:00","og_image":[{"width":1160,"height":650,"url":"https:\/\/www.ladiagonale.net\/wp-content\/uploads\/2025\/09\/Balogunrcsa.png","type":"image\/png"}],"author":"Damien Dellerba","twitter_card":"summary_large_image","twitter_image":"https:\/\/www.ladiagonale.net\/wp-content\/uploads\/2025\/09\/Balogunrcsa.png","twitter_misc":{"\u00c9crit par":"Damien Dellerba","Dur\u00e9e de lecture estim\u00e9e":"2 minutes"},"schema":{"@context":"https:\/\/schema.org","@graph":[{"@type":"WebPage","@id":"https:\/\/www.ladiagonale.net\/index.php\/2026\/09\/01\/balogun-aurait-rate-sa-visite-medicale-a-cause-dun-genou\/","url":"https:\/\/www.ladiagonale.net\/index.php\/2026\/09\/01\/balogun-aurait-rate-sa-visite-medicale-a-cause-dun-genou\/","name":"Balogun aurait rat\u00e9 sa visite m\u00e9dicale \u00e0 cause d\u2019un genou - La Diagonale","isPartOf":{"@id":"https:\/\/www.ladiagonale.net\/#website"},"datePublished":"2026-09-01T21:07:24+00:00","dateModified":"2026-09-01T21:09:21+00:00","author":{"@id":"https:\/\/www.ladiagonale.net\/#\/schema\/person\/79ff1e7b0853ed01b2aa26e64ad300bf"},"breadcrumb":{"@id":"https:\/\/www.ladiagonale.net\/index.php\/2026\/09\/01\/balogun-aurait-rate-sa-visite-medicale-a-cause-dun-genou\/#breadcrumb"},"inLanguage":"fr-FR","potentialAction":[{"@type":"ReadAction","target":["https:\/\/www.ladiagonale.net\/index.php\/2026\/09\/01\/balogun-aurait-rate-sa-visite-medicale-a-cause-dun-genou\/"]}]},{"@type":"BreadcrumbList","@id":"https:\/\/www.ladiagonale.net\/index.php\/2026\/09\/01\/balogun-aurait-rate-sa-visite-medicale-a-cause-dun-genou\/#breadcrumb","itemListElement":[{"@type":"ListItem","position":1,"name":"Accueil","item":"https:\/\/www.ladiagonale.net\/"},{"@type":"ListItem","position":2,"name":"Balogun aurait rat\u00e9 sa visite m\u00e9dicale \u00e0 cause d\u2019un genou"}]},{"@type":"WebSite","@id":"https:\/\/www.ladiagonale.net\/#website","url":"https:\/\/www.ladiagonale.net\/","name":"La Diagonale","description":"Le site des supporters de l&#039;AS Monaco FC","potentialAction":[{"@type":"SearchAction","target":{"@type":"EntryPoint","urlTemplate":"https:\/\/www.ladiagonale.net\/?s={search_term_string}"},"query-input":"required name=search_term_string"}],"inLanguage":"fr-FR"},{"@type":"Person","@id":"https:\/\/www.ladiagonale.net\/#\/schema\/person\/79ff1e7b0853ed01b2aa26e64ad300bf","name":"Damien Dellerba","image":{"@type":"ImageObject","inLanguage":"fr-FR","@id":"https:\/\/www.ladiagonale.net\/#\/schema\/person\/image\/","url":"https:\/\/secure.gravatar.com\/avatar\/c7850e06d3ff63cdbaee88b7fc16e2f0?s=96&d=mm&r=g","contentUrl":"https:\/\/secure.gravatar.com\/avatar\/c7850e06d3ff63cdbaee88b7fc16e2f0?s=96&d=mm&r=g","caption":"Damien Dellerba"},"url":"https:\/\/www.ladiagonale.net\/index.php\/author\/damien\/"}]}},"_links":{"self":[{"href":"https:\/\/www.ladiagonale.net\/index.php\/wp-json\/wp\/v2\/posts\/40524"}],"collection":[{"href":"https:\/\/www.ladiagonale.net\/index.php\/wp-json\/wp\/v2\/posts"}],"about":[{"href":"https:\/\/www.ladiagonale.net\/index.php\/wp-json\/wp\/v2\/types\/post"}],"author":[{"embeddable":true,"href":"https:\/\/www.ladiagonale.net\/index.php\/wp-json\/wp\/v2\/users\/2"}],"replies":[{"embeddable":true,"href":"https:\/\/www.ladiagonale.net\/index.php\/wp-json\/wp\/v2\/comments?post=40524"}],"version-history":[{"count":2,"href":"https:\/\/www.ladiagonale.net\/index.php\/wp-json\/wp\/v2\/posts\/40524\/revisions"}],"predecessor-version":[{"id":40527,"href":"https:\/\/www.ladiagonale.net\/index.php\/wp-json\/wp\/v2\/posts\/40524\/revisions\/40527"}],"wp:attachment":[{"href":"https:\/\/www.ladiagonale.net\/index.php\/wp-json\/wp\/v2\/media?parent=40524"}],"wp:term":[{"taxonomy":"category","embeddable":true,"href":"https:\/\/www.ladiagonale.net\/index.php\/wp-json\/wp\/v2\/categories?post=40524"},{"taxonomy":"post_tag","embeddable":true,"href":"https:\/\/www.ladiagonale.net\/index.php\/wp-json\/wp\/v2\/tags?post=40524"}],"curies":[{"name":"wp","href":"https:\/\/api.w.org\/{rel}","templated":true}]}}