{"id":40528,"date":"2026-09-01T23:27:11","date_gmt":"2026-09-01T21:27:11","guid":{"rendered":"https:\/\/www.ladiagonale.net\/?p=40528"},"modified":"2026-09-01T23:27:12","modified_gmt":"2026-09-01T21:27:12","slug":"accord-trouve-pour-camara","status":"publish","type":"post","link":"https:\/\/www.ladiagonale.net\/index.php\/2026\/09\/01\/accord-trouve-pour-camara\/","title":{"rendered":"Accord trouv\u00e9 pour Camara ?"},"content":{"rendered":"\n<p>Apr\u00e8s la non-vente &#8211; pour l\u2019instant &#8211; de Folarin Balogun, l\u2019AS Monaco risque de devoir se r\u00e9soudre \u00e0 perdre Lamine Camara pour rentrer dans les clous au niveau financier. Le pire sc\u00e9nario se profile, alors que le club de la Principaut\u00e9 n\u2019a pas \u00e9t\u00e9 capable de signer le milieu de terrain mexicain Erik Lira, \u00e0 cause d\u2019une place d\u2019extracommunautaire manquante et qui aurait d\u00fb \u00eatre lib\u00e9r\u00e9e avec le d\u00e9part de l\u2019attaquant am\u00e9ricain.<\/p>\n\n\n\n<p>Si les dirigeants mon\u00e9gasques avaient repouss\u00e9 deux offres de Chelsea ce mardi, et fait comprendre \u00e0 leurs homologues qu\u2019une troisi\u00e8me proposition de 55 millions ne suffirait pas \u00e0 les faire fl\u00e9chir, le transfert avort\u00e9 de l\u2019attaquant am\u00e9ricain a rebattu les cartes. Et selon plusieurs m\u00e9dias, l\u2019ASM se serait finalement r\u00e9sign\u00e9 \u00e0 vendre Camara contre cette m\u00eame somme. Le joueur de 22 ans serait d\u00e9j\u00e0 en train de valider ses examens m\u00e9diaux pour finaliser le transfert au plus vite.<br>Perdant-perdant.<\/p>\n\n\n","protected":false},"excerpt":{"rendered":"<p>Apr\u00e8s la non-vente &#8211; pour l\u2019instant &#8211; de Folarin Balogun, l\u2019AS Monaco risque de devoir se r\u00e9soudre \u00e0 perdre Lamine Camara pour rentrer dans les clous au niveau financier. Le pire sc\u00e9nario se profile, alors que le club de la Principaut\u00e9 n\u2019a pas \u00e9t\u00e9 capable de signer le milieu de terrain mexicain Erik Lira, \u00e0 [&#8230;]\n","protected":false},"author":2,"featured_media":0,"comment_status":"open","ping_status":"open","sticky":false,"template":"","format":"standard","meta":[],"categories":[6,1086],"tags":[86,894,111,110],"yoast_head":"<!-- This site is optimized with the Yoast SEO plugin v19.8 - https:\/\/yoast.com\/wordpress\/plugins\/seo\/ -->\n<title>Accord trouv\u00e9 pour Camara ? - La Diagonale<\/title>\n<meta name=\"robots\" content=\"index, follow, max-snippet:-1, max-image-preview:large, max-video-preview:-1\" \/>\n<link rel=\"canonical\" href=\"https:\/\/www.ladiagonale.net\/index.php\/2026\/09\/01\/accord-trouve-pour-camara\/\" \/>\n<meta property=\"og:locale\" content=\"fr_FR\" \/>\n<meta property=\"og:type\" content=\"article\" \/>\n<meta property=\"og:title\" content=\"Accord trouv\u00e9 pour Camara ? - La Diagonale\" \/>\n<meta property=\"og:description\" content=\"Apr\u00e8s la non-vente &#8211; pour l\u2019instant &#8211; de Folarin Balogun, l\u2019AS Monaco risque de devoir se r\u00e9soudre \u00e0 perdre Lamine Camara pour rentrer dans les clous au niveau financier. Le pire sc\u00e9nario se profile, alors que le club de la Principaut\u00e9 n\u2019a pas \u00e9t\u00e9 capable de signer le milieu de terrain mexicain Erik Lira, \u00e0 [...]\" \/>\n<meta property=\"og:url\" content=\"https:\/\/www.ladiagonale.net\/index.php\/2026\/09\/01\/accord-trouve-pour-camara\/\" \/>\n<meta property=\"og:site_name\" content=\"La Diagonale\" \/>\n<meta property=\"article:published_time\" content=\"2026-09-01T21:27:11+00:00\" \/>\n<meta property=\"article:modified_time\" content=\"2026-09-01T21:27:12+00:00\" \/>\n<meta property=\"og:image\" content=\"https:\/\/www.ladiagonale.net\/wp-content\/uploads\/2025\/12\/Camara-OM.png\" \/>\n\t<meta property=\"og:image:width\" content=\"1160\" \/>\n\t<meta property=\"og:image:height\" content=\"650\" \/>\n\t<meta property=\"og:image:type\" content=\"image\/png\" \/>\n<meta name=\"author\" content=\"Damien Dellerba\" \/>\n<meta name=\"twitter:card\" content=\"summary_large_image\" \/>\n<meta name=\"twitter:image\" content=\"https:\/\/www.ladiagonale.net\/wp-content\/uploads\/2025\/12\/Camara-OM.png\" \/>\n<meta name=\"twitter:label1\" content=\"\u00c9crit par\" \/>\n\t<meta name=\"twitter:data1\" content=\"Damien Dellerba\" \/>\n\t<meta name=\"twitter:label2\" content=\"Dur\u00e9e de lecture estim\u00e9e\" \/>\n\t<meta name=\"twitter:data2\" content=\"1 minute\" \/>\n<script type=\"application\/ld+json\" class=\"yoast-schema-graph\">{\"@context\":\"https:\/\/schema.org\",\"@graph\":[{\"@type\":\"WebPage\",\"@id\":\"https:\/\/www.ladiagonale.net\/index.php\/2026\/09\/01\/accord-trouve-pour-camara\/\",\"url\":\"https:\/\/www.ladiagonale.net\/index.php\/2026\/09\/01\/accord-trouve-pour-camara\/\",\"name\":\"Accord trouv\u00e9 pour Camara ? - La Diagonale\",\"isPartOf\":{\"@id\":\"https:\/\/www.ladiagonale.net\/#website\"},\"datePublished\":\"2026-09-01T21:27:11+00:00\",\"dateModified\":\"2026-09-01T21:27:12+00:00\",\"author\":{\"@id\":\"https:\/\/www.ladiagonale.net\/#\/schema\/person\/79ff1e7b0853ed01b2aa26e64ad300bf\"},\"breadcrumb\":{\"@id\":\"https:\/\/www.ladiagonale.net\/index.php\/2026\/09\/01\/accord-trouve-pour-camara\/#breadcrumb\"},\"inLanguage\":\"fr-FR\",\"potentialAction\":[{\"@type\":\"ReadAction\",\"target\":[\"https:\/\/www.ladiagonale.net\/index.php\/2026\/09\/01\/accord-trouve-pour-camara\/\"]}]},{\"@type\":\"BreadcrumbList\",\"@id\":\"https:\/\/www.ladiagonale.net\/index.php\/2026\/09\/01\/accord-trouve-pour-camara\/#breadcrumb\",\"itemListElement\":[{\"@type\":\"ListItem\",\"position\":1,\"name\":\"Accueil\",\"item\":\"https:\/\/www.ladiagonale.net\/\"},{\"@type\":\"ListItem\",\"position\":2,\"name\":\"Accord trouv\u00e9 pour Camara ?\"}]},{\"@type\":\"WebSite\",\"@id\":\"https:\/\/www.ladiagonale.net\/#website\",\"url\":\"https:\/\/www.ladiagonale.net\/\",\"name\":\"La Diagonale\",\"description\":\"Le site des supporters de l&#039;AS Monaco FC\",\"potentialAction\":[{\"@type\":\"SearchAction\",\"target\":{\"@type\":\"EntryPoint\",\"urlTemplate\":\"https:\/\/www.ladiagonale.net\/?s={search_term_string}\"},\"query-input\":\"required name=search_term_string\"}],\"inLanguage\":\"fr-FR\"},{\"@type\":\"Person\",\"@id\":\"https:\/\/www.ladiagonale.net\/#\/schema\/person\/79ff1e7b0853ed01b2aa26e64ad300bf\",\"name\":\"Damien Dellerba\",\"image\":{\"@type\":\"ImageObject\",\"inLanguage\":\"fr-FR\",\"@id\":\"https:\/\/www.ladiagonale.net\/#\/schema\/person\/image\/\",\"url\":\"https:\/\/secure.gravatar.com\/avatar\/c7850e06d3ff63cdbaee88b7fc16e2f0?s=96&d=mm&r=g\",\"contentUrl\":\"https:\/\/secure.gravatar.com\/avatar\/c7850e06d3ff63cdbaee88b7fc16e2f0?s=96&d=mm&r=g\",\"caption\":\"Damien Dellerba\"},\"url\":\"https:\/\/www.ladiagonale.net\/index.php\/author\/damien\/\"}]}<\/script>\n<!-- \/ Yoast SEO plugin. -->","yoast_head_json":{"title":"Accord trouv\u00e9 pour Camara ? - La Diagonale","robots":{"index":"index","follow":"follow","max-snippet":"max-snippet:-1","max-image-preview":"max-image-preview:large","max-video-preview":"max-video-preview:-1"},"canonical":"https:\/\/www.ladiagonale.net\/index.php\/2026\/09\/01\/accord-trouve-pour-camara\/","og_locale":"fr_FR","og_type":"article","og_title":"Accord trouv\u00e9 pour Camara ? - La Diagonale","og_description":"Apr\u00e8s la non-vente &#8211; pour l\u2019instant &#8211; de Folarin Balogun, l\u2019AS Monaco risque de devoir se r\u00e9soudre \u00e0 perdre Lamine Camara pour rentrer dans les clous au niveau financier. Le pire sc\u00e9nario se profile, alors que le club de la Principaut\u00e9 n\u2019a pas \u00e9t\u00e9 capable de signer le milieu de terrain mexicain Erik Lira, \u00e0 [...]","og_url":"https:\/\/www.ladiagonale.net\/index.php\/2026\/09\/01\/accord-trouve-pour-camara\/","og_site_name":"La Diagonale","article_published_time":"2026-09-01T21:27:11+00:00","article_modified_time":"2026-09-01T21:27:12+00:00","og_image":[{"width":1160,"height":650,"url":"https:\/\/www.ladiagonale.net\/wp-content\/uploads\/2025\/12\/Camara-OM.png","type":"image\/png"}],"author":"Damien Dellerba","twitter_card":"summary_large_image","twitter_image":"https:\/\/www.ladiagonale.net\/wp-content\/uploads\/2025\/12\/Camara-OM.png","twitter_misc":{"\u00c9crit par":"Damien Dellerba","Dur\u00e9e de lecture estim\u00e9e":"1 minute"},"schema":{"@context":"https:\/\/schema.org","@graph":[{"@type":"WebPage","@id":"https:\/\/www.ladiagonale.net\/index.php\/2026\/09\/01\/accord-trouve-pour-camara\/","url":"https:\/\/www.ladiagonale.net\/index.php\/2026\/09\/01\/accord-trouve-pour-camara\/","name":"Accord trouv\u00e9 pour Camara ? - La Diagonale","isPartOf":{"@id":"https:\/\/www.ladiagonale.net\/#website"},"datePublished":"2026-09-01T21:27:11+00:00","dateModified":"2026-09-01T21:27:12+00:00","author":{"@id":"https:\/\/www.ladiagonale.net\/#\/schema\/person\/79ff1e7b0853ed01b2aa26e64ad300bf"},"breadcrumb":{"@id":"https:\/\/www.ladiagonale.net\/index.php\/2026\/09\/01\/accord-trouve-pour-camara\/#breadcrumb"},"inLanguage":"fr-FR","potentialAction":[{"@type":"ReadAction","target":["https:\/\/www.ladiagonale.net\/index.php\/2026\/09\/01\/accord-trouve-pour-camara\/"]}]},{"@type":"BreadcrumbList","@id":"https:\/\/www.ladiagonale.net\/index.php\/2026\/09\/01\/accord-trouve-pour-camara\/#breadcrumb","itemListElement":[{"@type":"ListItem","position":1,"name":"Accueil","item":"https:\/\/www.ladiagonale.net\/"},{"@type":"ListItem","position":2,"name":"Accord trouv\u00e9 pour Camara ?"}]},{"@type":"WebSite","@id":"https:\/\/www.ladiagonale.net\/#website","url":"https:\/\/www.ladiagonale.net\/","name":"La Diagonale","description":"Le site des supporters de l&#039;AS Monaco FC","potentialAction":[{"@type":"SearchAction","target":{"@type":"EntryPoint","urlTemplate":"https:\/\/www.ladiagonale.net\/?s={search_term_string}"},"query-input":"required name=search_term_string"}],"inLanguage":"fr-FR"},{"@type":"Person","@id":"https:\/\/www.ladiagonale.net\/#\/schema\/person\/79ff1e7b0853ed01b2aa26e64ad300bf","name":"Damien Dellerba","image":{"@type":"ImageObject","inLanguage":"fr-FR","@id":"https:\/\/www.ladiagonale.net\/#\/schema\/person\/image\/","url":"https:\/\/secure.gravatar.com\/avatar\/c7850e06d3ff63cdbaee88b7fc16e2f0?s=96&d=mm&r=g","contentUrl":"https:\/\/secure.gravatar.com\/avatar\/c7850e06d3ff63cdbaee88b7fc16e2f0?s=96&d=mm&r=g","caption":"Damien Dellerba"},"url":"https:\/\/www.ladiagonale.net\/index.php\/author\/damien\/"}]}},"_links":{"self":[{"href":"https:\/\/www.ladiagonale.net\/index.php\/wp-json\/wp\/v2\/posts\/40528"}],"collection":[{"href":"https:\/\/www.ladiagonale.net\/index.php\/wp-json\/wp\/v2\/posts"}],"about":[{"href":"https:\/\/www.ladiagonale.net\/index.php\/wp-json\/wp\/v2\/types\/post"}],"author":[{"embeddable":true,"href":"https:\/\/www.ladiagonale.net\/index.php\/wp-json\/wp\/v2\/users\/2"}],"replies":[{"embeddable":true,"href":"https:\/\/www.ladiagonale.net\/index.php\/wp-json\/wp\/v2\/comments?post=40528"}],"version-history":[{"count":1,"href":"https:\/\/www.ladiagonale.net\/index.php\/wp-json\/wp\/v2\/posts\/40528\/revisions"}],"predecessor-version":[{"id":40529,"href":"https:\/\/www.ladiagonale.net\/index.php\/wp-json\/wp\/v2\/posts\/40528\/revisions\/40529"}],"wp:attachment":[{"href":"https:\/\/www.ladiagonale.net\/index.php\/wp-json\/wp\/v2\/media?parent=40528"}],"wp:term":[{"taxonomy":"category","embeddable":true,"href":"https:\/\/www.ladiagonale.net\/index.php\/wp-json\/wp\/v2\/categories?post=40528"},{"taxonomy":"post_tag","embeddable":true,"href":"https:\/\/www.ladiagonale.net\/index.php\/wp-json\/wp\/v2\/tags?post=40528"}],"curies":[{"name":"wp","href":"https:\/\/api.w.org\/{rel}","templated":true}]}}