{"id":40530,"date":"2026-09-01T23:35:25","date_gmt":"2026-09-01T21:35:25","guid":{"rendered":"https:\/\/www.ladiagonale.net\/?p=40530"},"modified":"2026-09-01T23:35:25","modified_gmt":"2026-09-01T21:35:25","slug":"boudaoui-envisage-comme-joker","status":"publish","type":"post","link":"https:\/\/www.ladiagonale.net\/index.php\/2026\/09\/01\/boudaoui-envisage-comme-joker\/","title":{"rendered":"Boudaoui envisag\u00e9 comme joker ?"},"content":{"rendered":"\n<p>L\u2019AS Monaco est en train de planter sa fin de mercato en beaut\u00e9 et les dirigeants mon\u00e9gasques doivent d\u00e9sormais se raccrocher aux branches. Apr\u00e8s l\u2019\u00e9chec dans le dossier Erik Lira et la vente probable \u00e0 venir de Lamine Camara, le milieu de terrain as\u00e9miste risque d\u2019\u00eatre un peu court. M\u00eame si le march\u00e9 des transferts est d\u00e9sormais ferm\u00e9 dans le sens des arriv\u00e9es, le club de la Principaut\u00e9 a encore la possibilit\u00e9 de prendre un joueur libre ou un joker dans un autre club fran\u00e7ais. Et selon L\u2019\u00c9quipe, l\u2019ASM tenterait de faire venir le Ni\u00e7ois Hicham Boudaoui en pr\u00eat avec option d\u2019achat.<\/p>\n\n\n\n<p>L\u2019international alg\u00e9rien de 26 ans n\u2019a plus qu\u2019un an de contrat \u00e0 Nice et il serait donc prolong\u00e9 d\u2019un an avec les Aiglons pour pouvoir \u00eatre pr\u00eat\u00e9. R\u00e9cemment, Boudaoui \u00e9tait pressenti pour rejoindre Al-Ittihad en Arabie saoudite. L&rsquo;\u00e9t\u00e9 dernier, il avait \u00e9t\u00e9 li\u00e9 \u00e0 l&rsquo;ASM par des rumeurs de transfert.<\/p>\n\n\n","protected":false},"excerpt":{"rendered":"<p>L\u2019AS Monaco est en train de planter sa fin de mercato en beaut\u00e9 et les dirigeants mon\u00e9gasques doivent d\u00e9sormais se raccrocher aux branches. Apr\u00e8s l\u2019\u00e9chec dans le dossier Erik Lira et la vente probable \u00e0 venir de Lamine Camara, le milieu de terrain as\u00e9miste risque d\u2019\u00eatre un peu court. M\u00eame si le march\u00e9 des transferts [&#8230;]\n","protected":false},"author":2,"featured_media":0,"comment_status":"open","ping_status":"open","sticky":false,"template":"","format":"standard","meta":[],"categories":[6,1086],"tags":[86,1106,716,111,110],"yoast_head":"<!-- This site is optimized with the Yoast SEO plugin v19.8 - https:\/\/yoast.com\/wordpress\/plugins\/seo\/ -->\n<title>Boudaoui envisag\u00e9 comme joker ? - La Diagonale<\/title>\n<meta name=\"robots\" content=\"index, follow, max-snippet:-1, max-image-preview:large, max-video-preview:-1\" \/>\n<link rel=\"canonical\" href=\"https:\/\/www.ladiagonale.net\/index.php\/2026\/09\/01\/boudaoui-envisage-comme-joker\/\" \/>\n<meta property=\"og:locale\" content=\"fr_FR\" \/>\n<meta property=\"og:type\" content=\"article\" \/>\n<meta property=\"og:title\" content=\"Boudaoui envisag\u00e9 comme joker ? - La Diagonale\" \/>\n<meta property=\"og:description\" content=\"L\u2019AS Monaco est en train de planter sa fin de mercato en beaut\u00e9 et les dirigeants mon\u00e9gasques doivent d\u00e9sormais se raccrocher aux branches. Apr\u00e8s l\u2019\u00e9chec dans le dossier Erik Lira et la vente probable \u00e0 venir de Lamine Camara, le milieu de terrain as\u00e9miste risque d\u2019\u00eatre un peu court. M\u00eame si le march\u00e9 des transferts [...]\" \/>\n<meta property=\"og:url\" content=\"https:\/\/www.ladiagonale.net\/index.php\/2026\/09\/01\/boudaoui-envisage-comme-joker\/\" \/>\n<meta property=\"og:site_name\" content=\"La Diagonale\" \/>\n<meta property=\"article:published_time\" content=\"2026-09-01T21:35:25+00:00\" \/>\n<meta property=\"og:image\" content=\"https:\/\/www.ladiagonale.net\/wp-content\/uploads\/2025\/08\/Boudaoui.png\" \/>\n\t<meta property=\"og:image:width\" content=\"1160\" \/>\n\t<meta property=\"og:image:height\" content=\"650\" \/>\n\t<meta property=\"og:image:type\" content=\"image\/png\" \/>\n<meta name=\"author\" content=\"Damien Dellerba\" \/>\n<meta name=\"twitter:card\" content=\"summary_large_image\" \/>\n<meta name=\"twitter:image\" content=\"https:\/\/www.ladiagonale.net\/wp-content\/uploads\/2025\/08\/Boudaoui.png\" \/>\n<meta name=\"twitter:label1\" content=\"\u00c9crit par\" \/>\n\t<meta name=\"twitter:data1\" content=\"Damien Dellerba\" \/>\n\t<meta name=\"twitter:label2\" content=\"Dur\u00e9e de lecture estim\u00e9e\" \/>\n\t<meta name=\"twitter:data2\" content=\"1 minute\" \/>\n<script type=\"application\/ld+json\" class=\"yoast-schema-graph\">{\"@context\":\"https:\/\/schema.org\",\"@graph\":[{\"@type\":\"WebPage\",\"@id\":\"https:\/\/www.ladiagonale.net\/index.php\/2026\/09\/01\/boudaoui-envisage-comme-joker\/\",\"url\":\"https:\/\/www.ladiagonale.net\/index.php\/2026\/09\/01\/boudaoui-envisage-comme-joker\/\",\"name\":\"Boudaoui envisag\u00e9 comme joker ? - La Diagonale\",\"isPartOf\":{\"@id\":\"https:\/\/www.ladiagonale.net\/#website\"},\"datePublished\":\"2026-09-01T21:35:25+00:00\",\"dateModified\":\"2026-09-01T21:35:25+00:00\",\"author\":{\"@id\":\"https:\/\/www.ladiagonale.net\/#\/schema\/person\/79ff1e7b0853ed01b2aa26e64ad300bf\"},\"breadcrumb\":{\"@id\":\"https:\/\/www.ladiagonale.net\/index.php\/2026\/09\/01\/boudaoui-envisage-comme-joker\/#breadcrumb\"},\"inLanguage\":\"fr-FR\",\"potentialAction\":[{\"@type\":\"ReadAction\",\"target\":[\"https:\/\/www.ladiagonale.net\/index.php\/2026\/09\/01\/boudaoui-envisage-comme-joker\/\"]}]},{\"@type\":\"BreadcrumbList\",\"@id\":\"https:\/\/www.ladiagonale.net\/index.php\/2026\/09\/01\/boudaoui-envisage-comme-joker\/#breadcrumb\",\"itemListElement\":[{\"@type\":\"ListItem\",\"position\":1,\"name\":\"Accueil\",\"item\":\"https:\/\/www.ladiagonale.net\/\"},{\"@type\":\"ListItem\",\"position\":2,\"name\":\"Boudaoui envisag\u00e9 comme joker ?\"}]},{\"@type\":\"WebSite\",\"@id\":\"https:\/\/www.ladiagonale.net\/#website\",\"url\":\"https:\/\/www.ladiagonale.net\/\",\"name\":\"La Diagonale\",\"description\":\"Le site des supporters de l&#039;AS Monaco FC\",\"potentialAction\":[{\"@type\":\"SearchAction\",\"target\":{\"@type\":\"EntryPoint\",\"urlTemplate\":\"https:\/\/www.ladiagonale.net\/?s={search_term_string}\"},\"query-input\":\"required name=search_term_string\"}],\"inLanguage\":\"fr-FR\"},{\"@type\":\"Person\",\"@id\":\"https:\/\/www.ladiagonale.net\/#\/schema\/person\/79ff1e7b0853ed01b2aa26e64ad300bf\",\"name\":\"Damien Dellerba\",\"image\":{\"@type\":\"ImageObject\",\"inLanguage\":\"fr-FR\",\"@id\":\"https:\/\/www.ladiagonale.net\/#\/schema\/person\/image\/\",\"url\":\"https:\/\/secure.gravatar.com\/avatar\/c7850e06d3ff63cdbaee88b7fc16e2f0?s=96&d=mm&r=g\",\"contentUrl\":\"https:\/\/secure.gravatar.com\/avatar\/c7850e06d3ff63cdbaee88b7fc16e2f0?s=96&d=mm&r=g\",\"caption\":\"Damien Dellerba\"},\"url\":\"https:\/\/www.ladiagonale.net\/index.php\/author\/damien\/\"}]}<\/script>\n<!-- \/ Yoast SEO plugin. -->","yoast_head_json":{"title":"Boudaoui envisag\u00e9 comme joker ? - La Diagonale","robots":{"index":"index","follow":"follow","max-snippet":"max-snippet:-1","max-image-preview":"max-image-preview:large","max-video-preview":"max-video-preview:-1"},"canonical":"https:\/\/www.ladiagonale.net\/index.php\/2026\/09\/01\/boudaoui-envisage-comme-joker\/","og_locale":"fr_FR","og_type":"article","og_title":"Boudaoui envisag\u00e9 comme joker ? - La Diagonale","og_description":"L\u2019AS Monaco est en train de planter sa fin de mercato en beaut\u00e9 et les dirigeants mon\u00e9gasques doivent d\u00e9sormais se raccrocher aux branches. Apr\u00e8s l\u2019\u00e9chec dans le dossier Erik Lira et la vente probable \u00e0 venir de Lamine Camara, le milieu de terrain as\u00e9miste risque d\u2019\u00eatre un peu court. M\u00eame si le march\u00e9 des transferts [...]","og_url":"https:\/\/www.ladiagonale.net\/index.php\/2026\/09\/01\/boudaoui-envisage-comme-joker\/","og_site_name":"La Diagonale","article_published_time":"2026-09-01T21:35:25+00:00","og_image":[{"width":1160,"height":650,"url":"https:\/\/www.ladiagonale.net\/wp-content\/uploads\/2025\/08\/Boudaoui.png","type":"image\/png"}],"author":"Damien Dellerba","twitter_card":"summary_large_image","twitter_image":"https:\/\/www.ladiagonale.net\/wp-content\/uploads\/2025\/08\/Boudaoui.png","twitter_misc":{"\u00c9crit par":"Damien Dellerba","Dur\u00e9e de lecture estim\u00e9e":"1 minute"},"schema":{"@context":"https:\/\/schema.org","@graph":[{"@type":"WebPage","@id":"https:\/\/www.ladiagonale.net\/index.php\/2026\/09\/01\/boudaoui-envisage-comme-joker\/","url":"https:\/\/www.ladiagonale.net\/index.php\/2026\/09\/01\/boudaoui-envisage-comme-joker\/","name":"Boudaoui envisag\u00e9 comme joker ? - La Diagonale","isPartOf":{"@id":"https:\/\/www.ladiagonale.net\/#website"},"datePublished":"2026-09-01T21:35:25+00:00","dateModified":"2026-09-01T21:35:25+00:00","author":{"@id":"https:\/\/www.ladiagonale.net\/#\/schema\/person\/79ff1e7b0853ed01b2aa26e64ad300bf"},"breadcrumb":{"@id":"https:\/\/www.ladiagonale.net\/index.php\/2026\/09\/01\/boudaoui-envisage-comme-joker\/#breadcrumb"},"inLanguage":"fr-FR","potentialAction":[{"@type":"ReadAction","target":["https:\/\/www.ladiagonale.net\/index.php\/2026\/09\/01\/boudaoui-envisage-comme-joker\/"]}]},{"@type":"BreadcrumbList","@id":"https:\/\/www.ladiagonale.net\/index.php\/2026\/09\/01\/boudaoui-envisage-comme-joker\/#breadcrumb","itemListElement":[{"@type":"ListItem","position":1,"name":"Accueil","item":"https:\/\/www.ladiagonale.net\/"},{"@type":"ListItem","position":2,"name":"Boudaoui envisag\u00e9 comme joker ?"}]},{"@type":"WebSite","@id":"https:\/\/www.ladiagonale.net\/#website","url":"https:\/\/www.ladiagonale.net\/","name":"La Diagonale","description":"Le site des supporters de l&#039;AS Monaco FC","potentialAction":[{"@type":"SearchAction","target":{"@type":"EntryPoint","urlTemplate":"https:\/\/www.ladiagonale.net\/?s={search_term_string}"},"query-input":"required name=search_term_string"}],"inLanguage":"fr-FR"},{"@type":"Person","@id":"https:\/\/www.ladiagonale.net\/#\/schema\/person\/79ff1e7b0853ed01b2aa26e64ad300bf","name":"Damien Dellerba","image":{"@type":"ImageObject","inLanguage":"fr-FR","@id":"https:\/\/www.ladiagonale.net\/#\/schema\/person\/image\/","url":"https:\/\/secure.gravatar.com\/avatar\/c7850e06d3ff63cdbaee88b7fc16e2f0?s=96&d=mm&r=g","contentUrl":"https:\/\/secure.gravatar.com\/avatar\/c7850e06d3ff63cdbaee88b7fc16e2f0?s=96&d=mm&r=g","caption":"Damien Dellerba"},"url":"https:\/\/www.ladiagonale.net\/index.php\/author\/damien\/"}]}},"_links":{"self":[{"href":"https:\/\/www.ladiagonale.net\/index.php\/wp-json\/wp\/v2\/posts\/40530"}],"collection":[{"href":"https:\/\/www.ladiagonale.net\/index.php\/wp-json\/wp\/v2\/posts"}],"about":[{"href":"https:\/\/www.ladiagonale.net\/index.php\/wp-json\/wp\/v2\/types\/post"}],"author":[{"embeddable":true,"href":"https:\/\/www.ladiagonale.net\/index.php\/wp-json\/wp\/v2\/users\/2"}],"replies":[{"embeddable":true,"href":"https:\/\/www.ladiagonale.net\/index.php\/wp-json\/wp\/v2\/comments?post=40530"}],"version-history":[{"count":1,"href":"https:\/\/www.ladiagonale.net\/index.php\/wp-json\/wp\/v2\/posts\/40530\/revisions"}],"predecessor-version":[{"id":40531,"href":"https:\/\/www.ladiagonale.net\/index.php\/wp-json\/wp\/v2\/posts\/40530\/revisions\/40531"}],"wp:attachment":[{"href":"https:\/\/www.ladiagonale.net\/index.php\/wp-json\/wp\/v2\/media?parent=40530"}],"wp:term":[{"taxonomy":"category","embeddable":true,"href":"https:\/\/www.ladiagonale.net\/index.php\/wp-json\/wp\/v2\/categories?post=40530"},{"taxonomy":"post_tag","embeddable":true,"href":"https:\/\/www.ladiagonale.net\/index.php\/wp-json\/wp\/v2\/tags?post=40530"}],"curies":[{"name":"wp","href":"https:\/\/api.w.org\/{rel}","templated":true}]}}