{"id":40534,"date":"2026-09-02T00:28:14","date_gmt":"2026-09-01T22:28:14","guid":{"rendered":"https:\/\/www.ladiagonale.net\/?p=40534"},"modified":"2026-09-02T00:28:14","modified_gmt":"2026-09-01T22:28:14","slug":"plus-daccord-avec-chelsea-pour-camara-balogun-de-nouveau-proche-deverton","status":"publish","type":"post","link":"https:\/\/www.ladiagonale.net\/index.php\/2026\/09\/02\/plus-daccord-avec-chelsea-pour-camara-balogun-de-nouveau-proche-deverton\/","title":{"rendered":"Plus d\u2019accord avec Chelsea pour Camara, Balogun de nouveau proche d\u2019Everton"},"content":{"rendered":"\n<p>Le mercato mon\u00e9gasque est en train de s\u2019achever dans l\u2019agitation la plus compl\u00e8te. Dans la derni\u00e8re ligne droite du mercato anglais, l\u2019ASM aurait finalement d\u00e9cid\u00e9 de rompre l\u2019accord avec Chelsea pour Lamine Camara. Une vente pour 55 millions d\u2019euros \u00e9tait \u00e9voqu\u00e9e, une visite m\u00e9dicale aussi mais le deal ne devrait visiblement pas se faire selon <em>The Athletic<\/em>. La raison de ce revirement de situation tiendrait \u00e0 l\u2019avanc\u00e9e des n\u00e9gociations avec Everton pour le transfert de Folarin Balogun. <\/p>\n\n\n\n<p>L\u2019attaquant am\u00e9ricain n\u2019aurait pas pleinement satisfait \u00e0 la visite m\u00e9dicale en raison d\u2019un probl\u00e8me au genou en d\u00e9but de soir\u00e9e, et un second avis m\u00e9dical aurait potentiellement fait changer la donne. Selon Romain Molina, l\u2019agent de Balogun, Jorge Mendes, aurait aussi permis de trouver une solution. L&rsquo;accord initial, de 45 millions d&rsquo;euros plus cinq de bonus et un pourcentage \u00e0 la revente, pourrait toutefois avoir \u00e9t\u00e9 revu \u00e0 la baisse.<\/p>\n\n\n","protected":false},"excerpt":{"rendered":"<p>Le mercato mon\u00e9gasque est en train de s\u2019achever dans l\u2019agitation la plus compl\u00e8te. Dans la derni\u00e8re ligne droite du mercato anglais, l\u2019ASM aurait finalement d\u00e9cid\u00e9 de rompre l\u2019accord avec Chelsea pour Lamine Camara. Une vente pour 55 millions d\u2019euros \u00e9tait \u00e9voqu\u00e9e, une visite m\u00e9dicale aussi mais le deal ne devrait visiblement pas se faire selon [&#8230;]\n","protected":false},"author":2,"featured_media":0,"comment_status":"open","ping_status":"open","sticky":false,"template":"","format":"standard","meta":[],"categories":[6,1086],"tags":[86,483,894,111,110],"yoast_head":"<!-- This site is optimized with the Yoast SEO plugin v19.8 - https:\/\/yoast.com\/wordpress\/plugins\/seo\/ -->\n<title>Plus d\u2019accord avec Chelsea pour Camara, Balogun de nouveau proche d\u2019Everton - La Diagonale<\/title>\n<meta name=\"robots\" content=\"index, follow, max-snippet:-1, max-image-preview:large, max-video-preview:-1\" \/>\n<link rel=\"canonical\" href=\"https:\/\/www.ladiagonale.net\/index.php\/2026\/09\/02\/plus-daccord-avec-chelsea-pour-camara-balogun-de-nouveau-proche-deverton\/\" \/>\n<meta property=\"og:locale\" content=\"fr_FR\" \/>\n<meta property=\"og:type\" content=\"article\" \/>\n<meta property=\"og:title\" content=\"Plus d\u2019accord avec Chelsea pour Camara, Balogun de nouveau proche d\u2019Everton - La Diagonale\" \/>\n<meta property=\"og:description\" content=\"Le mercato mon\u00e9gasque est en train de s\u2019achever dans l\u2019agitation la plus compl\u00e8te. Dans la derni\u00e8re ligne droite du mercato anglais, l\u2019ASM aurait finalement d\u00e9cid\u00e9 de rompre l\u2019accord avec Chelsea pour Lamine Camara. Une vente pour 55 millions d\u2019euros \u00e9tait \u00e9voqu\u00e9e, une visite m\u00e9dicale aussi mais le deal ne devrait visiblement pas se faire selon [...]\" \/>\n<meta property=\"og:url\" content=\"https:\/\/www.ladiagonale.net\/index.php\/2026\/09\/02\/plus-daccord-avec-chelsea-pour-camara-balogun-de-nouveau-proche-deverton\/\" \/>\n<meta property=\"og:site_name\" content=\"La Diagonale\" \/>\n<meta property=\"article:published_time\" content=\"2026-09-01T22:28:14+00:00\" \/>\n<meta property=\"og:image\" content=\"https:\/\/www.ladiagonale.net\/wp-content\/uploads\/2026\/08\/Camara-Zabrze.png\" \/>\n\t<meta property=\"og:image:width\" content=\"1160\" \/>\n\t<meta property=\"og:image:height\" content=\"650\" \/>\n\t<meta property=\"og:image:type\" content=\"image\/png\" \/>\n<meta name=\"author\" content=\"Damien Dellerba\" \/>\n<meta name=\"twitter:card\" content=\"summary_large_image\" \/>\n<meta name=\"twitter:image\" content=\"https:\/\/www.ladiagonale.net\/wp-content\/uploads\/2026\/08\/Camara-Zabrze.png\" \/>\n<meta name=\"twitter:label1\" content=\"\u00c9crit par\" \/>\n\t<meta name=\"twitter:data1\" content=\"Damien Dellerba\" \/>\n\t<meta name=\"twitter:label2\" content=\"Dur\u00e9e de lecture estim\u00e9e\" \/>\n\t<meta name=\"twitter:data2\" content=\"1 minute\" \/>\n<script type=\"application\/ld+json\" class=\"yoast-schema-graph\">{\"@context\":\"https:\/\/schema.org\",\"@graph\":[{\"@type\":\"WebPage\",\"@id\":\"https:\/\/www.ladiagonale.net\/index.php\/2026\/09\/02\/plus-daccord-avec-chelsea-pour-camara-balogun-de-nouveau-proche-deverton\/\",\"url\":\"https:\/\/www.ladiagonale.net\/index.php\/2026\/09\/02\/plus-daccord-avec-chelsea-pour-camara-balogun-de-nouveau-proche-deverton\/\",\"name\":\"Plus d\u2019accord avec Chelsea pour Camara, Balogun de nouveau proche d\u2019Everton - La Diagonale\",\"isPartOf\":{\"@id\":\"https:\/\/www.ladiagonale.net\/#website\"},\"datePublished\":\"2026-09-01T22:28:14+00:00\",\"dateModified\":\"2026-09-01T22:28:14+00:00\",\"author\":{\"@id\":\"https:\/\/www.ladiagonale.net\/#\/schema\/person\/79ff1e7b0853ed01b2aa26e64ad300bf\"},\"breadcrumb\":{\"@id\":\"https:\/\/www.ladiagonale.net\/index.php\/2026\/09\/02\/plus-daccord-avec-chelsea-pour-camara-balogun-de-nouveau-proche-deverton\/#breadcrumb\"},\"inLanguage\":\"fr-FR\",\"potentialAction\":[{\"@type\":\"ReadAction\",\"target\":[\"https:\/\/www.ladiagonale.net\/index.php\/2026\/09\/02\/plus-daccord-avec-chelsea-pour-camara-balogun-de-nouveau-proche-deverton\/\"]}]},{\"@type\":\"BreadcrumbList\",\"@id\":\"https:\/\/www.ladiagonale.net\/index.php\/2026\/09\/02\/plus-daccord-avec-chelsea-pour-camara-balogun-de-nouveau-proche-deverton\/#breadcrumb\",\"itemListElement\":[{\"@type\":\"ListItem\",\"position\":1,\"name\":\"Accueil\",\"item\":\"https:\/\/www.ladiagonale.net\/\"},{\"@type\":\"ListItem\",\"position\":2,\"name\":\"Plus d\u2019accord avec Chelsea pour Camara, Balogun de nouveau proche d\u2019Everton\"}]},{\"@type\":\"WebSite\",\"@id\":\"https:\/\/www.ladiagonale.net\/#website\",\"url\":\"https:\/\/www.ladiagonale.net\/\",\"name\":\"La Diagonale\",\"description\":\"Le site des supporters de l&#039;AS Monaco FC\",\"potentialAction\":[{\"@type\":\"SearchAction\",\"target\":{\"@type\":\"EntryPoint\",\"urlTemplate\":\"https:\/\/www.ladiagonale.net\/?s={search_term_string}\"},\"query-input\":\"required name=search_term_string\"}],\"inLanguage\":\"fr-FR\"},{\"@type\":\"Person\",\"@id\":\"https:\/\/www.ladiagonale.net\/#\/schema\/person\/79ff1e7b0853ed01b2aa26e64ad300bf\",\"name\":\"Damien Dellerba\",\"image\":{\"@type\":\"ImageObject\",\"inLanguage\":\"fr-FR\",\"@id\":\"https:\/\/www.ladiagonale.net\/#\/schema\/person\/image\/\",\"url\":\"https:\/\/secure.gravatar.com\/avatar\/c7850e06d3ff63cdbaee88b7fc16e2f0?s=96&d=mm&r=g\",\"contentUrl\":\"https:\/\/secure.gravatar.com\/avatar\/c7850e06d3ff63cdbaee88b7fc16e2f0?s=96&d=mm&r=g\",\"caption\":\"Damien Dellerba\"},\"url\":\"https:\/\/www.ladiagonale.net\/index.php\/author\/damien\/\"}]}<\/script>\n<!-- \/ Yoast SEO plugin. -->","yoast_head_json":{"title":"Plus d\u2019accord avec Chelsea pour Camara, Balogun de nouveau proche d\u2019Everton - La Diagonale","robots":{"index":"index","follow":"follow","max-snippet":"max-snippet:-1","max-image-preview":"max-image-preview:large","max-video-preview":"max-video-preview:-1"},"canonical":"https:\/\/www.ladiagonale.net\/index.php\/2026\/09\/02\/plus-daccord-avec-chelsea-pour-camara-balogun-de-nouveau-proche-deverton\/","og_locale":"fr_FR","og_type":"article","og_title":"Plus d\u2019accord avec Chelsea pour Camara, Balogun de nouveau proche d\u2019Everton - La Diagonale","og_description":"Le mercato mon\u00e9gasque est en train de s\u2019achever dans l\u2019agitation la plus compl\u00e8te. Dans la derni\u00e8re ligne droite du mercato anglais, l\u2019ASM aurait finalement d\u00e9cid\u00e9 de rompre l\u2019accord avec Chelsea pour Lamine Camara. Une vente pour 55 millions d\u2019euros \u00e9tait \u00e9voqu\u00e9e, une visite m\u00e9dicale aussi mais le deal ne devrait visiblement pas se faire selon [...]","og_url":"https:\/\/www.ladiagonale.net\/index.php\/2026\/09\/02\/plus-daccord-avec-chelsea-pour-camara-balogun-de-nouveau-proche-deverton\/","og_site_name":"La Diagonale","article_published_time":"2026-09-01T22:28:14+00:00","og_image":[{"width":1160,"height":650,"url":"https:\/\/www.ladiagonale.net\/wp-content\/uploads\/2026\/08\/Camara-Zabrze.png","type":"image\/png"}],"author":"Damien Dellerba","twitter_card":"summary_large_image","twitter_image":"https:\/\/www.ladiagonale.net\/wp-content\/uploads\/2026\/08\/Camara-Zabrze.png","twitter_misc":{"\u00c9crit par":"Damien Dellerba","Dur\u00e9e de lecture estim\u00e9e":"1 minute"},"schema":{"@context":"https:\/\/schema.org","@graph":[{"@type":"WebPage","@id":"https:\/\/www.ladiagonale.net\/index.php\/2026\/09\/02\/plus-daccord-avec-chelsea-pour-camara-balogun-de-nouveau-proche-deverton\/","url":"https:\/\/www.ladiagonale.net\/index.php\/2026\/09\/02\/plus-daccord-avec-chelsea-pour-camara-balogun-de-nouveau-proche-deverton\/","name":"Plus d\u2019accord avec Chelsea pour Camara, Balogun de nouveau proche d\u2019Everton - La Diagonale","isPartOf":{"@id":"https:\/\/www.ladiagonale.net\/#website"},"datePublished":"2026-09-01T22:28:14+00:00","dateModified":"2026-09-01T22:28:14+00:00","author":{"@id":"https:\/\/www.ladiagonale.net\/#\/schema\/person\/79ff1e7b0853ed01b2aa26e64ad300bf"},"breadcrumb":{"@id":"https:\/\/www.ladiagonale.net\/index.php\/2026\/09\/02\/plus-daccord-avec-chelsea-pour-camara-balogun-de-nouveau-proche-deverton\/#breadcrumb"},"inLanguage":"fr-FR","potentialAction":[{"@type":"ReadAction","target":["https:\/\/www.ladiagonale.net\/index.php\/2026\/09\/02\/plus-daccord-avec-chelsea-pour-camara-balogun-de-nouveau-proche-deverton\/"]}]},{"@type":"BreadcrumbList","@id":"https:\/\/www.ladiagonale.net\/index.php\/2026\/09\/02\/plus-daccord-avec-chelsea-pour-camara-balogun-de-nouveau-proche-deverton\/#breadcrumb","itemListElement":[{"@type":"ListItem","position":1,"name":"Accueil","item":"https:\/\/www.ladiagonale.net\/"},{"@type":"ListItem","position":2,"name":"Plus d\u2019accord avec Chelsea pour Camara, Balogun de nouveau proche d\u2019Everton"}]},{"@type":"WebSite","@id":"https:\/\/www.ladiagonale.net\/#website","url":"https:\/\/www.ladiagonale.net\/","name":"La Diagonale","description":"Le site des supporters de l&#039;AS Monaco FC","potentialAction":[{"@type":"SearchAction","target":{"@type":"EntryPoint","urlTemplate":"https:\/\/www.ladiagonale.net\/?s={search_term_string}"},"query-input":"required name=search_term_string"}],"inLanguage":"fr-FR"},{"@type":"Person","@id":"https:\/\/www.ladiagonale.net\/#\/schema\/person\/79ff1e7b0853ed01b2aa26e64ad300bf","name":"Damien Dellerba","image":{"@type":"ImageObject","inLanguage":"fr-FR","@id":"https:\/\/www.ladiagonale.net\/#\/schema\/person\/image\/","url":"https:\/\/secure.gravatar.com\/avatar\/c7850e06d3ff63cdbaee88b7fc16e2f0?s=96&d=mm&r=g","contentUrl":"https:\/\/secure.gravatar.com\/avatar\/c7850e06d3ff63cdbaee88b7fc16e2f0?s=96&d=mm&r=g","caption":"Damien Dellerba"},"url":"https:\/\/www.ladiagonale.net\/index.php\/author\/damien\/"}]}},"_links":{"self":[{"href":"https:\/\/www.ladiagonale.net\/index.php\/wp-json\/wp\/v2\/posts\/40534"}],"collection":[{"href":"https:\/\/www.ladiagonale.net\/index.php\/wp-json\/wp\/v2\/posts"}],"about":[{"href":"https:\/\/www.ladiagonale.net\/index.php\/wp-json\/wp\/v2\/types\/post"}],"author":[{"embeddable":true,"href":"https:\/\/www.ladiagonale.net\/index.php\/wp-json\/wp\/v2\/users\/2"}],"replies":[{"embeddable":true,"href":"https:\/\/www.ladiagonale.net\/index.php\/wp-json\/wp\/v2\/comments?post=40534"}],"version-history":[{"count":1,"href":"https:\/\/www.ladiagonale.net\/index.php\/wp-json\/wp\/v2\/posts\/40534\/revisions"}],"predecessor-version":[{"id":40535,"href":"https:\/\/www.ladiagonale.net\/index.php\/wp-json\/wp\/v2\/posts\/40534\/revisions\/40535"}],"wp:attachment":[{"href":"https:\/\/www.ladiagonale.net\/index.php\/wp-json\/wp\/v2\/media?parent=40534"}],"wp:term":[{"taxonomy":"category","embeddable":true,"href":"https:\/\/www.ladiagonale.net\/index.php\/wp-json\/wp\/v2\/categories?post=40534"},{"taxonomy":"post_tag","embeddable":true,"href":"https:\/\/www.ladiagonale.net\/index.php\/wp-json\/wp\/v2\/tags?post=40534"}],"curies":[{"name":"wp","href":"https:\/\/api.w.org\/{rel}","templated":true}]}}