{"id":40543,"date":"2026-09-02T14:20:06","date_gmt":"2026-09-02T12:20:06","guid":{"rendered":"https:\/\/www.ladiagonale.net\/?p=40543"},"modified":"2026-09-02T14:20:06","modified_gmt":"2026-09-02T12:20:06","slug":"liverpool-vraiment-positionne-pour-un-transfert-de-camara-en-2027","status":"publish","type":"post","link":"https:\/\/www.ladiagonale.net\/index.php\/2026\/09\/02\/liverpool-vraiment-positionne-pour-un-transfert-de-camara-en-2027\/","title":{"rendered":"Liverpool vraiment positionn\u00e9 pour un transfert de Camara en 2027 ?"},"content":{"rendered":"\n<p>L\u2019AS Monaco n\u2019a finalement pas vendu Lamine Camara apr\u00e8s avoir fait faux bond \u00e0 Chelsea dans les derni\u00e8res heures du mercato anglais. Le milieu de terrain s\u00e9n\u00e9galais devrait \u00eatre pr\u00e9sent en Principaut\u00e9 au moins jusqu\u2019en janvier, lorsque la prochaine fen\u00eatre de transferts s\u2019ouvrira. Car si l\u2019ASM a gard\u00e9 l\u2019ancien Messin en plus de Folarin Balogun, son besoin de vendre pour \u00e9quilibrer ses comptes structurellement d\u00e9ficitaires reste bien pr\u00e9sent d\u2019ici au 30 juin 2027.<\/p>\n\n\n\n<p>Cela signifie vendre les plus fortes valeurs marchandes de l\u2019effectif d\u2019ici l\u00e0. Pour Camara, les pr\u00e9tendants ne manqueront sans doute pas et selon les dires de <em>talkSport<\/em>, Liverpool, via son directeur sportif Richard Hughes, aurait d\u00e9j\u00e0 contact\u00e9 l\u2019ASM au cours de la journ\u00e9e d&rsquo;hier pour leur faire savoir qu\u2019il pourrait se positionner l\u2019ann\u00e9e prochaine en vue d&rsquo;un transfert. Le club de la Mersey voudrait faire du joueur de 22 ans le rempla\u00e7ant d\u2019Alexis Mac Allistair, qui est rest\u00e9 au club cet \u00e9t\u00e9.<\/p>\n\n\n\n<p>Cette donn\u00e9e et l\u2019int\u00e9r\u00eat manifest\u00e9 par Liverpool la veille auraient pu avoir une influence sur le d\u00e9roulement des op\u00e9rations, mais ces informations restent \u00e0 prendre avec des pincettes, d\u2019autant que le directeur sportif des Reds va quitter le club, rendant sa parole de fait caduque. La raison du revirement de l\u2019ASM dans ce dossier tient probablement plus de l\u2019\u00e9volution de celui concernant Folarin Balogun, qui devait rejoindre Everton, et qui avait dans un premier temps \u00e9chou\u00e9 sa visite m\u00e9dicale avant <a href=\"https:\/\/www.ladiagonale.net\/index.php\/2026\/09\/02\/pas-de-transfert-a-everton-pour-balogun\/\" target=\"_blank\" rel=\"noreferrer noopener\">de refuser les termes propos\u00e9s<\/a> par l&rsquo;autre club de Liverpool.<\/p>\n\n\n","protected":false},"excerpt":{"rendered":"<p>L\u2019AS Monaco n\u2019a finalement pas vendu Lamine Camara apr\u00e8s avoir fait faux bond \u00e0 Chelsea dans les derni\u00e8res heures du mercato anglais. Le milieu de terrain s\u00e9n\u00e9galais devrait \u00eatre pr\u00e9sent en Principaut\u00e9 au moins jusqu\u2019en janvier, lorsque la prochaine fen\u00eatre de transferts s\u2019ouvrira. Car si l\u2019ASM a gard\u00e9 l\u2019ancien Messin en plus de Folarin Balogun, [&#8230;]\n","protected":false},"author":2,"featured_media":0,"comment_status":"open","ping_status":"open","sticky":false,"template":"","format":"standard","meta":[],"categories":[6,1086],"tags":[86,894,111,110],"yoast_head":"<!-- This site is optimized with the Yoast SEO plugin v19.8 - https:\/\/yoast.com\/wordpress\/plugins\/seo\/ -->\n<title>Liverpool vraiment positionn\u00e9 pour un transfert de Camara en 2027 ? - La Diagonale<\/title>\n<meta name=\"robots\" content=\"index, follow, max-snippet:-1, max-image-preview:large, max-video-preview:-1\" \/>\n<link rel=\"canonical\" href=\"https:\/\/www.ladiagonale.net\/index.php\/2026\/09\/02\/liverpool-vraiment-positionne-pour-un-transfert-de-camara-en-2027\/\" \/>\n<meta property=\"og:locale\" content=\"fr_FR\" \/>\n<meta property=\"og:type\" content=\"article\" \/>\n<meta property=\"og:title\" content=\"Liverpool vraiment positionn\u00e9 pour un transfert de Camara en 2027 ? - La Diagonale\" \/>\n<meta property=\"og:description\" content=\"L\u2019AS Monaco n\u2019a finalement pas vendu Lamine Camara apr\u00e8s avoir fait faux bond \u00e0 Chelsea dans les derni\u00e8res heures du mercato anglais. Le milieu de terrain s\u00e9n\u00e9galais devrait \u00eatre pr\u00e9sent en Principaut\u00e9 au moins jusqu\u2019en janvier, lorsque la prochaine fen\u00eatre de transferts s\u2019ouvrira. Car si l\u2019ASM a gard\u00e9 l\u2019ancien Messin en plus de Folarin Balogun, [...]\" \/>\n<meta property=\"og:url\" content=\"https:\/\/www.ladiagonale.net\/index.php\/2026\/09\/02\/liverpool-vraiment-positionne-pour-un-transfert-de-camara-en-2027\/\" \/>\n<meta property=\"og:site_name\" content=\"La Diagonale\" \/>\n<meta property=\"article:published_time\" content=\"2026-09-02T12:20:06+00:00\" \/>\n<meta property=\"og:image\" content=\"https:\/\/www.ladiagonale.net\/wp-content\/uploads\/2026\/08\/Camara-Coventry.png\" \/>\n\t<meta property=\"og:image:width\" content=\"1160\" \/>\n\t<meta property=\"og:image:height\" content=\"650\" \/>\n\t<meta property=\"og:image:type\" content=\"image\/png\" \/>\n<meta name=\"author\" content=\"Damien Dellerba\" \/>\n<meta name=\"twitter:card\" content=\"summary_large_image\" \/>\n<meta name=\"twitter:image\" content=\"https:\/\/www.ladiagonale.net\/wp-content\/uploads\/2026\/08\/Camara-Coventry.png\" \/>\n<meta name=\"twitter:label1\" content=\"\u00c9crit par\" \/>\n\t<meta name=\"twitter:data1\" content=\"Damien Dellerba\" \/>\n\t<meta name=\"twitter:label2\" content=\"Dur\u00e9e de lecture estim\u00e9e\" \/>\n\t<meta name=\"twitter:data2\" content=\"2 minutes\" \/>\n<script type=\"application\/ld+json\" class=\"yoast-schema-graph\">{\"@context\":\"https:\/\/schema.org\",\"@graph\":[{\"@type\":\"WebPage\",\"@id\":\"https:\/\/www.ladiagonale.net\/index.php\/2026\/09\/02\/liverpool-vraiment-positionne-pour-un-transfert-de-camara-en-2027\/\",\"url\":\"https:\/\/www.ladiagonale.net\/index.php\/2026\/09\/02\/liverpool-vraiment-positionne-pour-un-transfert-de-camara-en-2027\/\",\"name\":\"Liverpool vraiment positionn\u00e9 pour un transfert de Camara en 2027 ? - La Diagonale\",\"isPartOf\":{\"@id\":\"https:\/\/www.ladiagonale.net\/#website\"},\"datePublished\":\"2026-09-02T12:20:06+00:00\",\"dateModified\":\"2026-09-02T12:20:06+00:00\",\"author\":{\"@id\":\"https:\/\/www.ladiagonale.net\/#\/schema\/person\/79ff1e7b0853ed01b2aa26e64ad300bf\"},\"breadcrumb\":{\"@id\":\"https:\/\/www.ladiagonale.net\/index.php\/2026\/09\/02\/liverpool-vraiment-positionne-pour-un-transfert-de-camara-en-2027\/#breadcrumb\"},\"inLanguage\":\"fr-FR\",\"potentialAction\":[{\"@type\":\"ReadAction\",\"target\":[\"https:\/\/www.ladiagonale.net\/index.php\/2026\/09\/02\/liverpool-vraiment-positionne-pour-un-transfert-de-camara-en-2027\/\"]}]},{\"@type\":\"BreadcrumbList\",\"@id\":\"https:\/\/www.ladiagonale.net\/index.php\/2026\/09\/02\/liverpool-vraiment-positionne-pour-un-transfert-de-camara-en-2027\/#breadcrumb\",\"itemListElement\":[{\"@type\":\"ListItem\",\"position\":1,\"name\":\"Accueil\",\"item\":\"https:\/\/www.ladiagonale.net\/\"},{\"@type\":\"ListItem\",\"position\":2,\"name\":\"Liverpool vraiment positionn\u00e9 pour un transfert de Camara en 2027 ?\"}]},{\"@type\":\"WebSite\",\"@id\":\"https:\/\/www.ladiagonale.net\/#website\",\"url\":\"https:\/\/www.ladiagonale.net\/\",\"name\":\"La Diagonale\",\"description\":\"Le site des supporters de l&#039;AS Monaco FC\",\"potentialAction\":[{\"@type\":\"SearchAction\",\"target\":{\"@type\":\"EntryPoint\",\"urlTemplate\":\"https:\/\/www.ladiagonale.net\/?s={search_term_string}\"},\"query-input\":\"required name=search_term_string\"}],\"inLanguage\":\"fr-FR\"},{\"@type\":\"Person\",\"@id\":\"https:\/\/www.ladiagonale.net\/#\/schema\/person\/79ff1e7b0853ed01b2aa26e64ad300bf\",\"name\":\"Damien Dellerba\",\"image\":{\"@type\":\"ImageObject\",\"inLanguage\":\"fr-FR\",\"@id\":\"https:\/\/www.ladiagonale.net\/#\/schema\/person\/image\/\",\"url\":\"https:\/\/secure.gravatar.com\/avatar\/c7850e06d3ff63cdbaee88b7fc16e2f0?s=96&d=mm&r=g\",\"contentUrl\":\"https:\/\/secure.gravatar.com\/avatar\/c7850e06d3ff63cdbaee88b7fc16e2f0?s=96&d=mm&r=g\",\"caption\":\"Damien Dellerba\"},\"url\":\"https:\/\/www.ladiagonale.net\/index.php\/author\/damien\/\"}]}<\/script>\n<!-- \/ Yoast SEO plugin. -->","yoast_head_json":{"title":"Liverpool vraiment positionn\u00e9 pour un transfert de Camara en 2027 ? - La Diagonale","robots":{"index":"index","follow":"follow","max-snippet":"max-snippet:-1","max-image-preview":"max-image-preview:large","max-video-preview":"max-video-preview:-1"},"canonical":"https:\/\/www.ladiagonale.net\/index.php\/2026\/09\/02\/liverpool-vraiment-positionne-pour-un-transfert-de-camara-en-2027\/","og_locale":"fr_FR","og_type":"article","og_title":"Liverpool vraiment positionn\u00e9 pour un transfert de Camara en 2027 ? - La Diagonale","og_description":"L\u2019AS Monaco n\u2019a finalement pas vendu Lamine Camara apr\u00e8s avoir fait faux bond \u00e0 Chelsea dans les derni\u00e8res heures du mercato anglais. Le milieu de terrain s\u00e9n\u00e9galais devrait \u00eatre pr\u00e9sent en Principaut\u00e9 au moins jusqu\u2019en janvier, lorsque la prochaine fen\u00eatre de transferts s\u2019ouvrira. Car si l\u2019ASM a gard\u00e9 l\u2019ancien Messin en plus de Folarin Balogun, [...]","og_url":"https:\/\/www.ladiagonale.net\/index.php\/2026\/09\/02\/liverpool-vraiment-positionne-pour-un-transfert-de-camara-en-2027\/","og_site_name":"La Diagonale","article_published_time":"2026-09-02T12:20:06+00:00","og_image":[{"width":1160,"height":650,"url":"https:\/\/www.ladiagonale.net\/wp-content\/uploads\/2026\/08\/Camara-Coventry.png","type":"image\/png"}],"author":"Damien Dellerba","twitter_card":"summary_large_image","twitter_image":"https:\/\/www.ladiagonale.net\/wp-content\/uploads\/2026\/08\/Camara-Coventry.png","twitter_misc":{"\u00c9crit par":"Damien Dellerba","Dur\u00e9e de lecture estim\u00e9e":"2 minutes"},"schema":{"@context":"https:\/\/schema.org","@graph":[{"@type":"WebPage","@id":"https:\/\/www.ladiagonale.net\/index.php\/2026\/09\/02\/liverpool-vraiment-positionne-pour-un-transfert-de-camara-en-2027\/","url":"https:\/\/www.ladiagonale.net\/index.php\/2026\/09\/02\/liverpool-vraiment-positionne-pour-un-transfert-de-camara-en-2027\/","name":"Liverpool vraiment positionn\u00e9 pour un transfert de Camara en 2027 ? - La Diagonale","isPartOf":{"@id":"https:\/\/www.ladiagonale.net\/#website"},"datePublished":"2026-09-02T12:20:06+00:00","dateModified":"2026-09-02T12:20:06+00:00","author":{"@id":"https:\/\/www.ladiagonale.net\/#\/schema\/person\/79ff1e7b0853ed01b2aa26e64ad300bf"},"breadcrumb":{"@id":"https:\/\/www.ladiagonale.net\/index.php\/2026\/09\/02\/liverpool-vraiment-positionne-pour-un-transfert-de-camara-en-2027\/#breadcrumb"},"inLanguage":"fr-FR","potentialAction":[{"@type":"ReadAction","target":["https:\/\/www.ladiagonale.net\/index.php\/2026\/09\/02\/liverpool-vraiment-positionne-pour-un-transfert-de-camara-en-2027\/"]}]},{"@type":"BreadcrumbList","@id":"https:\/\/www.ladiagonale.net\/index.php\/2026\/09\/02\/liverpool-vraiment-positionne-pour-un-transfert-de-camara-en-2027\/#breadcrumb","itemListElement":[{"@type":"ListItem","position":1,"name":"Accueil","item":"https:\/\/www.ladiagonale.net\/"},{"@type":"ListItem","position":2,"name":"Liverpool vraiment positionn\u00e9 pour un transfert de Camara en 2027 ?"}]},{"@type":"WebSite","@id":"https:\/\/www.ladiagonale.net\/#website","url":"https:\/\/www.ladiagonale.net\/","name":"La Diagonale","description":"Le site des supporters de l&#039;AS Monaco FC","potentialAction":[{"@type":"SearchAction","target":{"@type":"EntryPoint","urlTemplate":"https:\/\/www.ladiagonale.net\/?s={search_term_string}"},"query-input":"required name=search_term_string"}],"inLanguage":"fr-FR"},{"@type":"Person","@id":"https:\/\/www.ladiagonale.net\/#\/schema\/person\/79ff1e7b0853ed01b2aa26e64ad300bf","name":"Damien Dellerba","image":{"@type":"ImageObject","inLanguage":"fr-FR","@id":"https:\/\/www.ladiagonale.net\/#\/schema\/person\/image\/","url":"https:\/\/secure.gravatar.com\/avatar\/c7850e06d3ff63cdbaee88b7fc16e2f0?s=96&d=mm&r=g","contentUrl":"https:\/\/secure.gravatar.com\/avatar\/c7850e06d3ff63cdbaee88b7fc16e2f0?s=96&d=mm&r=g","caption":"Damien Dellerba"},"url":"https:\/\/www.ladiagonale.net\/index.php\/author\/damien\/"}]}},"_links":{"self":[{"href":"https:\/\/www.ladiagonale.net\/index.php\/wp-json\/wp\/v2\/posts\/40543"}],"collection":[{"href":"https:\/\/www.ladiagonale.net\/index.php\/wp-json\/wp\/v2\/posts"}],"about":[{"href":"https:\/\/www.ladiagonale.net\/index.php\/wp-json\/wp\/v2\/types\/post"}],"author":[{"embeddable":true,"href":"https:\/\/www.ladiagonale.net\/index.php\/wp-json\/wp\/v2\/users\/2"}],"replies":[{"embeddable":true,"href":"https:\/\/www.ladiagonale.net\/index.php\/wp-json\/wp\/v2\/comments?post=40543"}],"version-history":[{"count":1,"href":"https:\/\/www.ladiagonale.net\/index.php\/wp-json\/wp\/v2\/posts\/40543\/revisions"}],"predecessor-version":[{"id":40544,"href":"https:\/\/www.ladiagonale.net\/index.php\/wp-json\/wp\/v2\/posts\/40543\/revisions\/40544"}],"wp:attachment":[{"href":"https:\/\/www.ladiagonale.net\/index.php\/wp-json\/wp\/v2\/media?parent=40543"}],"wp:term":[{"taxonomy":"category","embeddable":true,"href":"https:\/\/www.ladiagonale.net\/index.php\/wp-json\/wp\/v2\/categories?post=40543"},{"taxonomy":"post_tag","embeddable":true,"href":"https:\/\/www.ladiagonale.net\/index.php\/wp-json\/wp\/v2\/tags?post=40543"}],"curies":[{"name":"wp","href":"https:\/\/api.w.org\/{rel}","templated":true}]}}