{"id":40545,"date":"2026-09-02T16:08:17","date_gmt":"2026-09-02T14:08:17","guid":{"rendered":"https:\/\/www.ladiagonale.net\/?p=40545"},"modified":"2026-09-02T16:08:18","modified_gmt":"2026-09-02T14:08:18","slug":"il-ny-avait-pas-daccord-avec-chelsea-scuro-raconte-la-derniere-journee-totalement-folle-du-mercato","status":"publish","type":"post","link":"https:\/\/www.ladiagonale.net\/index.php\/2026\/09\/02\/il-ny-avait-pas-daccord-avec-chelsea-scuro-raconte-la-derniere-journee-totalement-folle-du-mercato\/","title":{"rendered":"\u00ab\u00a0Il n\u2019y avait pas d\u2019accord avec Chelsea\u00a0\u00bb : Scuro raconte la derni\u00e8re journ\u00e9e totalement folle du mercato"},"content":{"rendered":"\n<p>L\u2019AS Monaco n\u2019a pas rempli ses objectifs de vente dans ce mercato estival, avec notamment les faux d\u00e9parts de Folarin Balogun vers Everton et de Lamine Camara \u00e0 Chelsea. Les derni\u00e8res heures de la journ\u00e9e de mercredi ont \u00e9t\u00e9 particuli\u00e8rement agit\u00e9es et suscit\u00e9 beaucoup d\u2019incompr\u00e9hension et de critiques, en particulier outre-Manche. En conf\u00e9rence de presse, jeudi, Thiago Scuro est venu s\u2019expliquer et a d\u00e9roul\u00e9 le fil des \u00e9v\u00e9nements pendant de longues minutes.<\/p>\n\n\n\n<p>\u00ab\u00a0<em>Concernant Lamine Camara, plusieurs clubs nous ont contact\u00e9s cet \u00e9t\u00e9<\/em>, a-t-il commenc\u00e9. <em>Notre discours a toujours \u00e9t\u00e9 le m\u00eame : notre priorit\u00e9 est qu\u2019il reste. Hier (mardi) matin encore, apr\u00e8s la s\u00e9ance d\u2019entra\u00eenement, nous avons eu une conversation avec lui. Il a lui-m\u00eame exprim\u00e9 son envie de rester, en pr\u00e9cisant qu\u2019il \u00e9tait heureux au sein du club et qu\u2019il s\u2019y \u00e9tait bien adapt\u00e9. Au cours de la journ\u00e9e, nous sommes parvenus \u00e0 un accord clair pour le d\u00e9part de Balogun \u00e0 Everton. Balogun s\u2019est envol\u00e9 le matin m\u00eame pour passer sa visite m\u00e9dicale et signer son contrat.<\/em>\u00a0\u00bb<\/p>\n\n\n\n<p>Mais le Br\u00e9silien a d\u00fb faire face \u00e0 un pressing intense de Chelsea pour son S\u00e9n\u00e9galais de 22 ans : \u00ab\u00a0<em>Ce qui s\u2019est pass\u00e9, c\u2019est que Chelsea n\u2019a cess\u00e9 de tester le terrain et de tenter sa chance. Je suis en discussion avec eux depuis dix jours. Hier, vers 16 heures, nous avons re\u00e7u un appel de Chelsea. \u00ab\u00a0Nous avons vendu un joueur (Enzo Fernandez) \u00e0 ce poste. Affaire conclue. Y a-t-il une possibilit\u00e9 que Monaco soit dispos\u00e9 \u00e0 vendre Lamine ?\u00a0\u00bb La r\u00e9ponse \u00e9tait la m\u00eame. \u00ab\u00a0Non, ce n\u2019est pas le cas.\u00a0\u00bb \u00c0 ce moment-l\u00e0, \u00e0 16 heures, Balogun \u00e9tait \u00e0 Liverpool pour passer sa visite m\u00e9dicale.\u00a0Tout se passait plut\u00f4t bien.<\/em> \u00bb<\/p>\n\n\n\n<h3>Chelsea est revenu \u00e0 la charge apr\u00e8s les premi\u00e8res rumeurs sur la visite m\u00e9dicale rat\u00e9e de Balogun<\/h3>\n\n\n\n<p>Mais les choses ont commenc\u00e9 \u00e0 prendre une tournure plus inqui\u00e9tante en d\u00e9but de soir\u00e9e : \u00ab\u00a0<em>Vers 19 h, nous avons \u00e9t\u00e9 contact\u00e9s par Everton, qui a soulev\u00e9 des questions concernant la visite m\u00e9dicale de Balogun, ce qui, pour notre \u00e9quipe m\u00e9dicale et pour celle du joueur, n\u2019avait absolument aucun sens. Les explications fournies n\u2019\u00e9taient pas suffisantes pour justifier ces inqui\u00e9tudes ni pour faire craindre quoi que ce soit quant \u00e0 l\u2019avenir du joueur. Une discussion s\u2019est alors engag\u00e9e entre les services m\u00e9dicaux des deux clubs. Il a fallu environ deux \u00e0 trois heures \u00e0 Everton pour approfondir l\u2019\u00e9valuation et consulter d\u2019autres m\u00e9decins. C\u2019est une situation normale lorsque le m\u00e9decin du club soul\u00e8ve des inqui\u00e9tudes.<\/em>\u00a0\u00bb<\/p>\n\n\n\n<p>Mais l\u2019information comme quoi Balogun avait rat\u00e9 ses tests m\u00e9dicaux s\u2019est r\u00e9pandue comme une tra\u00een\u00e9e de poudre et n\u2019est pas tomb\u00e9e dans l\u2019oreille d\u2019un sourd : \u00ab\u00a0<em>Et l\u00e0, bien s\u00fbr, Chelsea a saisi l\u2019occasion.<\/em> \u00ab\u00a0Monaco a besoin d\u2019argent. Balogun est en mauvaise posture. Tentons le coup.\u00a0\u00bb<em> Et c\u2019est le jeu, il n\u2019y a aucun probl\u00e8me. Chelsea nous appelle pour apporter une solution, et \u00e0 ce moment-l\u00e0, nous avons d\u00fb ouvrir la porte \u00e0 la discussion. Il \u00e9tait presque 20 heures. Nous avons entam\u00e9 les n\u00e9gociations avec Chelsea pour Lamine. J\u2019ai inform\u00e9 le joueur directement moi-m\u00eame, son agent, comme nous le faisons toujours, en toute transparence.\u00a0<\/em>\u00bb<\/p>\n\n\n\n<h3>Scuro d\u00e9ment avoir un accord avec Chelsea et n&rsquo;appr\u00e9cie pas que Monaco soit la cible des critiques<\/h3>\n\n\n\n<p>Sauf que dans le m\u00eame temps, Everton est finalement revenu sur son premier diagnostic des tests de Balogun : \u00ab\u00a0<em>En parall\u00e8le, les examens m\u00e9dicaux se poursuivaient avec Balogun. Et ce qui s\u2019est pass\u00e9, c\u2019est qu\u2019aux alentours de 10 heures, heure locale, peut-\u00eatre un peu plus t\u00f4t, Everton s\u2019est rendu compte qu\u2019il n\u2019y avait pas de probl\u00e8me. Nous sommes pr\u00eats \u00e0 le faire. Signons le contrat. D\u00e8s que nous avons re\u00e7u cette information, oui, nous sommes revenus vers Chelsea et avons dit :<\/em> \u00ab D\u2019accord, nous avons conclu notre accord. \u00bb <em>Il n\u2019y a pas d\u2019accord concernant Lamine. \u00c7a fait partie du jeu.<\/em>\u00a0\u00bb<\/p>\n\n\n\n<p>Le Br\u00e9silien dig\u00e8re assez mal le fait que l\u2019ASM, et lui par la m\u00eame occasion, soient clou\u00e9s au pilori \u00e0 cause de ces rebondissements ahurissants :\u00a0\u00ab\u00a0<em>Il n\u2019y a aucune raison pour que ce genre de discussions, qui sont dynamiques le dernier jour du mercato et alors que nous essayons de trouver des solutions avec le temps qui presse, nous pr\u00e9sentent comme les \u00ab m\u00e9chants \u00bb de l\u2019histoire. Que Monaco soit injuste. Que Monaco ait tort. Tout le monde est tr\u00e8s honn\u00eate et sympathique dans le monde du football, sauf Monaco. C&rsquo;est vraiment exag\u00e9r\u00e9. Voil\u00e0 donc comment les choses se sont pass\u00e9es.<\/em>\u00a0\u00bb<\/p>\n\n\n\n<p>Avant d\u2019aborder l\u2019\u00e9pilogue : \u00ab\u00a0<em>Nous avons de nouveau inform\u00e9 tout le monde qu&rsquo;il n&rsquo;y avait pas d&rsquo;accord avec Chelsea. Nous avons avanc\u00e9. La Premier League dispose d&rsquo;un m\u00e9canisme permettant de demander une heure suppl\u00e9mentaire pour finaliser les formalit\u00e9s administratives. C&rsquo;est ce qui a \u00e9t\u00e9 fait. Il restait cinq minutes avant la cl\u00f4ture du mercato pour que nous puissions finaliser toutes les formalit\u00e9s entre Monaco, Everton et Balogun. J&rsquo;ai sign\u00e9 le contrat. Everton aussi. Au dernier moment, le joueur a d\u00e9cid\u00e9 de ne pas signer. Il ne se sentait pas \u00e0 l\u2019aise vu la fa\u00e7on dont Everton l\u2019avait trait\u00e9, vu la fa\u00e7on dont le service m\u00e9dical d\u2019Everton a sem\u00e9 le doute sur son avenir ou sa sant\u00e9. Il n\u2019a aucun probl\u00e8me et ne se sentait pas \u00e0 l\u2019aise \u00e0 l\u2019id\u00e9e de signer un contrat \u00e0 long terme ici. Et c\u2019est ainsi que s\u2019est termin\u00e9e notre p\u00e9riode de transfert.\u00a0<\/em>\u00bb<\/p>\n\n\n","protected":false},"excerpt":{"rendered":"<p>L\u2019AS Monaco n\u2019a pas rempli ses objectifs de vente dans ce mercato estival, avec notamment les faux d\u00e9parts de Folarin Balogun vers Everton et de Lamine Camara \u00e0 Chelsea. Les derni\u00e8res heures de la journ\u00e9e de mercredi ont \u00e9t\u00e9 particuli\u00e8rement agit\u00e9es et suscit\u00e9 beaucoup d\u2019incompr\u00e9hension et de critiques, en particulier outre-Manche. En conf\u00e9rence de presse, [&#8230;]\n","protected":false},"author":2,"featured_media":0,"comment_status":"open","ping_status":"open","sticky":false,"template":"","format":"standard","meta":[],"categories":[6,1086],"tags":[86,483,894,111,479,110],"yoast_head":"<!-- This site is optimized with the Yoast SEO plugin v19.8 - https:\/\/yoast.com\/wordpress\/plugins\/seo\/ -->\n<title>\u00ab\u00a0Il n\u2019y avait pas d\u2019accord avec Chelsea\u00a0\u00bb : Scuro raconte la derni\u00e8re journ\u00e9e totalement folle du mercato - La Diagonale<\/title>\n<meta name=\"robots\" content=\"index, follow, max-snippet:-1, max-image-preview:large, max-video-preview:-1\" \/>\n<link rel=\"canonical\" href=\"https:\/\/www.ladiagonale.net\/index.php\/2026\/09\/02\/il-ny-avait-pas-daccord-avec-chelsea-scuro-raconte-la-derniere-journee-totalement-folle-du-mercato\/\" \/>\n<meta property=\"og:locale\" content=\"fr_FR\" \/>\n<meta property=\"og:type\" content=\"article\" \/>\n<meta property=\"og:title\" content=\"\u00ab\u00a0Il n\u2019y avait pas d\u2019accord avec Chelsea\u00a0\u00bb : Scuro raconte la derni\u00e8re journ\u00e9e totalement folle du mercato - La Diagonale\" \/>\n<meta property=\"og:description\" content=\"L\u2019AS Monaco n\u2019a pas rempli ses objectifs de vente dans ce mercato estival, avec notamment les faux d\u00e9parts de Folarin Balogun vers Everton et de Lamine Camara \u00e0 Chelsea. Les derni\u00e8res heures de la journ\u00e9e de mercredi ont \u00e9t\u00e9 particuli\u00e8rement agit\u00e9es et suscit\u00e9 beaucoup d\u2019incompr\u00e9hension et de critiques, en particulier outre-Manche. En conf\u00e9rence de presse, [...]\" \/>\n<meta property=\"og:url\" content=\"https:\/\/www.ladiagonale.net\/index.php\/2026\/09\/02\/il-ny-avait-pas-daccord-avec-chelsea-scuro-raconte-la-derniere-journee-totalement-folle-du-mercato\/\" \/>\n<meta property=\"og:site_name\" content=\"La Diagonale\" \/>\n<meta property=\"article:published_time\" content=\"2026-09-02T14:08:17+00:00\" \/>\n<meta property=\"article:modified_time\" content=\"2026-09-02T14:08:18+00:00\" \/>\n<meta property=\"og:image\" content=\"https:\/\/www.ladiagonale.net\/wp-content\/uploads\/2025\/07\/scuro.png\" \/>\n\t<meta property=\"og:image:width\" content=\"1160\" \/>\n\t<meta property=\"og:image:height\" content=\"650\" \/>\n\t<meta property=\"og:image:type\" content=\"image\/png\" \/>\n<meta name=\"author\" content=\"Damien Dellerba\" \/>\n<meta name=\"twitter:card\" content=\"summary_large_image\" \/>\n<meta name=\"twitter:image\" content=\"https:\/\/www.ladiagonale.net\/wp-content\/uploads\/2025\/07\/scuro.png\" \/>\n<meta name=\"twitter:label1\" content=\"\u00c9crit par\" \/>\n\t<meta name=\"twitter:data1\" content=\"Damien Dellerba\" \/>\n\t<meta name=\"twitter:label2\" content=\"Dur\u00e9e de lecture estim\u00e9e\" \/>\n\t<meta name=\"twitter:data2\" content=\"5 minutes\" \/>\n<script type=\"application\/ld+json\" class=\"yoast-schema-graph\">{\"@context\":\"https:\/\/schema.org\",\"@graph\":[{\"@type\":\"WebPage\",\"@id\":\"https:\/\/www.ladiagonale.net\/index.php\/2026\/09\/02\/il-ny-avait-pas-daccord-avec-chelsea-scuro-raconte-la-derniere-journee-totalement-folle-du-mercato\/\",\"url\":\"https:\/\/www.ladiagonale.net\/index.php\/2026\/09\/02\/il-ny-avait-pas-daccord-avec-chelsea-scuro-raconte-la-derniere-journee-totalement-folle-du-mercato\/\",\"name\":\"\u00ab\u00a0Il n\u2019y avait pas d\u2019accord avec Chelsea\u00a0\u00bb : Scuro raconte la derni\u00e8re journ\u00e9e totalement folle du mercato - La Diagonale\",\"isPartOf\":{\"@id\":\"https:\/\/www.ladiagonale.net\/#website\"},\"datePublished\":\"2026-09-02T14:08:17+00:00\",\"dateModified\":\"2026-09-02T14:08:18+00:00\",\"author\":{\"@id\":\"https:\/\/www.ladiagonale.net\/#\/schema\/person\/79ff1e7b0853ed01b2aa26e64ad300bf\"},\"breadcrumb\":{\"@id\":\"https:\/\/www.ladiagonale.net\/index.php\/2026\/09\/02\/il-ny-avait-pas-daccord-avec-chelsea-scuro-raconte-la-derniere-journee-totalement-folle-du-mercato\/#breadcrumb\"},\"inLanguage\":\"fr-FR\",\"potentialAction\":[{\"@type\":\"ReadAction\",\"target\":[\"https:\/\/www.ladiagonale.net\/index.php\/2026\/09\/02\/il-ny-avait-pas-daccord-avec-chelsea-scuro-raconte-la-derniere-journee-totalement-folle-du-mercato\/\"]}]},{\"@type\":\"BreadcrumbList\",\"@id\":\"https:\/\/www.ladiagonale.net\/index.php\/2026\/09\/02\/il-ny-avait-pas-daccord-avec-chelsea-scuro-raconte-la-derniere-journee-totalement-folle-du-mercato\/#breadcrumb\",\"itemListElement\":[{\"@type\":\"ListItem\",\"position\":1,\"name\":\"Accueil\",\"item\":\"https:\/\/www.ladiagonale.net\/\"},{\"@type\":\"ListItem\",\"position\":2,\"name\":\"\u00ab\u00a0Il n\u2019y avait pas d\u2019accord avec Chelsea\u00a0\u00bb : Scuro raconte la derni\u00e8re journ\u00e9e totalement folle du mercato\"}]},{\"@type\":\"WebSite\",\"@id\":\"https:\/\/www.ladiagonale.net\/#website\",\"url\":\"https:\/\/www.ladiagonale.net\/\",\"name\":\"La Diagonale\",\"description\":\"Le site des supporters de l&#039;AS Monaco FC\",\"potentialAction\":[{\"@type\":\"SearchAction\",\"target\":{\"@type\":\"EntryPoint\",\"urlTemplate\":\"https:\/\/www.ladiagonale.net\/?s={search_term_string}\"},\"query-input\":\"required name=search_term_string\"}],\"inLanguage\":\"fr-FR\"},{\"@type\":\"Person\",\"@id\":\"https:\/\/www.ladiagonale.net\/#\/schema\/person\/79ff1e7b0853ed01b2aa26e64ad300bf\",\"name\":\"Damien Dellerba\",\"image\":{\"@type\":\"ImageObject\",\"inLanguage\":\"fr-FR\",\"@id\":\"https:\/\/www.ladiagonale.net\/#\/schema\/person\/image\/\",\"url\":\"https:\/\/secure.gravatar.com\/avatar\/c7850e06d3ff63cdbaee88b7fc16e2f0?s=96&d=mm&r=g\",\"contentUrl\":\"https:\/\/secure.gravatar.com\/avatar\/c7850e06d3ff63cdbaee88b7fc16e2f0?s=96&d=mm&r=g\",\"caption\":\"Damien Dellerba\"},\"url\":\"https:\/\/www.ladiagonale.net\/index.php\/author\/damien\/\"}]}<\/script>\n<!-- \/ Yoast SEO plugin. -->","yoast_head_json":{"title":"\u00ab\u00a0Il n\u2019y avait pas d\u2019accord avec Chelsea\u00a0\u00bb : Scuro raconte la derni\u00e8re journ\u00e9e totalement folle du mercato - La Diagonale","robots":{"index":"index","follow":"follow","max-snippet":"max-snippet:-1","max-image-preview":"max-image-preview:large","max-video-preview":"max-video-preview:-1"},"canonical":"https:\/\/www.ladiagonale.net\/index.php\/2026\/09\/02\/il-ny-avait-pas-daccord-avec-chelsea-scuro-raconte-la-derniere-journee-totalement-folle-du-mercato\/","og_locale":"fr_FR","og_type":"article","og_title":"\u00ab\u00a0Il n\u2019y avait pas d\u2019accord avec Chelsea\u00a0\u00bb : Scuro raconte la derni\u00e8re journ\u00e9e totalement folle du mercato - La Diagonale","og_description":"L\u2019AS Monaco n\u2019a pas rempli ses objectifs de vente dans ce mercato estival, avec notamment les faux d\u00e9parts de Folarin Balogun vers Everton et de Lamine Camara \u00e0 Chelsea. Les derni\u00e8res heures de la journ\u00e9e de mercredi ont \u00e9t\u00e9 particuli\u00e8rement agit\u00e9es et suscit\u00e9 beaucoup d\u2019incompr\u00e9hension et de critiques, en particulier outre-Manche. En conf\u00e9rence de presse, [...]","og_url":"https:\/\/www.ladiagonale.net\/index.php\/2026\/09\/02\/il-ny-avait-pas-daccord-avec-chelsea-scuro-raconte-la-derniere-journee-totalement-folle-du-mercato\/","og_site_name":"La Diagonale","article_published_time":"2026-09-02T14:08:17+00:00","article_modified_time":"2026-09-02T14:08:18+00:00","og_image":[{"width":1160,"height":650,"url":"https:\/\/www.ladiagonale.net\/wp-content\/uploads\/2025\/07\/scuro.png","type":"image\/png"}],"author":"Damien Dellerba","twitter_card":"summary_large_image","twitter_image":"https:\/\/www.ladiagonale.net\/wp-content\/uploads\/2025\/07\/scuro.png","twitter_misc":{"\u00c9crit par":"Damien Dellerba","Dur\u00e9e de lecture estim\u00e9e":"5 minutes"},"schema":{"@context":"https:\/\/schema.org","@graph":[{"@type":"WebPage","@id":"https:\/\/www.ladiagonale.net\/index.php\/2026\/09\/02\/il-ny-avait-pas-daccord-avec-chelsea-scuro-raconte-la-derniere-journee-totalement-folle-du-mercato\/","url":"https:\/\/www.ladiagonale.net\/index.php\/2026\/09\/02\/il-ny-avait-pas-daccord-avec-chelsea-scuro-raconte-la-derniere-journee-totalement-folle-du-mercato\/","name":"\u00ab\u00a0Il n\u2019y avait pas d\u2019accord avec Chelsea\u00a0\u00bb : Scuro raconte la derni\u00e8re journ\u00e9e totalement folle du mercato - La Diagonale","isPartOf":{"@id":"https:\/\/www.ladiagonale.net\/#website"},"datePublished":"2026-09-02T14:08:17+00:00","dateModified":"2026-09-02T14:08:18+00:00","author":{"@id":"https:\/\/www.ladiagonale.net\/#\/schema\/person\/79ff1e7b0853ed01b2aa26e64ad300bf"},"breadcrumb":{"@id":"https:\/\/www.ladiagonale.net\/index.php\/2026\/09\/02\/il-ny-avait-pas-daccord-avec-chelsea-scuro-raconte-la-derniere-journee-totalement-folle-du-mercato\/#breadcrumb"},"inLanguage":"fr-FR","potentialAction":[{"@type":"ReadAction","target":["https:\/\/www.ladiagonale.net\/index.php\/2026\/09\/02\/il-ny-avait-pas-daccord-avec-chelsea-scuro-raconte-la-derniere-journee-totalement-folle-du-mercato\/"]}]},{"@type":"BreadcrumbList","@id":"https:\/\/www.ladiagonale.net\/index.php\/2026\/09\/02\/il-ny-avait-pas-daccord-avec-chelsea-scuro-raconte-la-derniere-journee-totalement-folle-du-mercato\/#breadcrumb","itemListElement":[{"@type":"ListItem","position":1,"name":"Accueil","item":"https:\/\/www.ladiagonale.net\/"},{"@type":"ListItem","position":2,"name":"\u00ab\u00a0Il n\u2019y avait pas d\u2019accord avec Chelsea\u00a0\u00bb : Scuro raconte la derni\u00e8re journ\u00e9e totalement folle du mercato"}]},{"@type":"WebSite","@id":"https:\/\/www.ladiagonale.net\/#website","url":"https:\/\/www.ladiagonale.net\/","name":"La Diagonale","description":"Le site des supporters de l&#039;AS Monaco FC","potentialAction":[{"@type":"SearchAction","target":{"@type":"EntryPoint","urlTemplate":"https:\/\/www.ladiagonale.net\/?s={search_term_string}"},"query-input":"required name=search_term_string"}],"inLanguage":"fr-FR"},{"@type":"Person","@id":"https:\/\/www.ladiagonale.net\/#\/schema\/person\/79ff1e7b0853ed01b2aa26e64ad300bf","name":"Damien Dellerba","image":{"@type":"ImageObject","inLanguage":"fr-FR","@id":"https:\/\/www.ladiagonale.net\/#\/schema\/person\/image\/","url":"https:\/\/secure.gravatar.com\/avatar\/c7850e06d3ff63cdbaee88b7fc16e2f0?s=96&d=mm&r=g","contentUrl":"https:\/\/secure.gravatar.com\/avatar\/c7850e06d3ff63cdbaee88b7fc16e2f0?s=96&d=mm&r=g","caption":"Damien Dellerba"},"url":"https:\/\/www.ladiagonale.net\/index.php\/author\/damien\/"}]}},"_links":{"self":[{"href":"https:\/\/www.ladiagonale.net\/index.php\/wp-json\/wp\/v2\/posts\/40545"}],"collection":[{"href":"https:\/\/www.ladiagonale.net\/index.php\/wp-json\/wp\/v2\/posts"}],"about":[{"href":"https:\/\/www.ladiagonale.net\/index.php\/wp-json\/wp\/v2\/types\/post"}],"author":[{"embeddable":true,"href":"https:\/\/www.ladiagonale.net\/index.php\/wp-json\/wp\/v2\/users\/2"}],"replies":[{"embeddable":true,"href":"https:\/\/www.ladiagonale.net\/index.php\/wp-json\/wp\/v2\/comments?post=40545"}],"version-history":[{"count":2,"href":"https:\/\/www.ladiagonale.net\/index.php\/wp-json\/wp\/v2\/posts\/40545\/revisions"}],"predecessor-version":[{"id":40547,"href":"https:\/\/www.ladiagonale.net\/index.php\/wp-json\/wp\/v2\/posts\/40545\/revisions\/40547"}],"wp:attachment":[{"href":"https:\/\/www.ladiagonale.net\/index.php\/wp-json\/wp\/v2\/media?parent=40545"}],"wp:term":[{"taxonomy":"category","embeddable":true,"href":"https:\/\/www.ladiagonale.net\/index.php\/wp-json\/wp\/v2\/categories?post=40545"},{"taxonomy":"post_tag","embeddable":true,"href":"https:\/\/www.ladiagonale.net\/index.php\/wp-json\/wp\/v2\/tags?post=40545"}],"curies":[{"name":"wp","href":"https:\/\/api.w.org\/{rel}","templated":true}]}}