{"id":40548,"date":"2026-09-02T16:21:13","date_gmt":"2026-09-02T14:21:13","guid":{"rendered":"https:\/\/www.ladiagonale.net\/?p=40548"},"modified":"2026-09-02T16:21:59","modified_gmt":"2026-09-02T14:21:59","slug":"devoir-lappeler-pour-lui-dire-que-le-transfert-ne-se-fera-pas-cest-tres-dur-humainement-scuro-est-triste-pour-erik-lira","status":"publish","type":"post","link":"https:\/\/www.ladiagonale.net\/index.php\/2026\/09\/02\/devoir-lappeler-pour-lui-dire-que-le-transfert-ne-se-fera-pas-cest-tres-dur-humainement-scuro-est-triste-pour-erik-lira\/","title":{"rendered":"\u00ab\u00a0Devoir l\u2019appeler pour lui dire que le transfert ne se fera pas, c\u2019est tr\u00e8s dur humainement\u00a0\u00bb : Scuro est triste pour Lira"},"content":{"rendered":"\n\n\n<p><br>Le non-d\u00e9part de Folarin Balogun \u00e0 Everton n\u2019a sans doute pas d\u00e9plu \u00e0 tous les supporters de l\u2019AS Monaco, mais il a aussi eu des cons\u00e9quences plus d\u00e9sagr\u00e9ables. Alors qu\u2019Erik Lira devait s\u2019engager avec l\u2019ASM, apr\u00e8s avoir pass\u00e9 sa visite m\u00e9dicale au Mexique, le transfert a capot\u00e9 puisque la place d\u2019extracommunuautaire n\u00e9cessaire \u00e0 son arriv\u00e9e n\u2019a finalement pas \u00e9t\u00e9 lib\u00e9r\u00e9e par l&rsquo;Am\u00e9ricain. En conf\u00e9rence de presse, Thiago Scuro n\u2019a pas cach\u00e9 que cet \u00e9pisode a constitu\u00e9 un point douloureux de sa journ\u00e9e de mercredi.<\/p>\n\n\n\n<p>\u00ab\u00a0<em>Nous \u00e9tions \u00e9galement tr\u00e8s tristes, hier (mercredi), \u00e0 cause de la situation avec Erik Lira et de notre relation avec Cruz Azul. Je tiens d&rsquo;ailleurs \u00e0 les remercier sinc\u00e8rement et \u00e0 saluer la mani\u00e8re dont ils g\u00e8rent tout cela avec nous. L&rsquo;accord \u00e9tait pr\u00eat. Le joueur \u00e9tait pr\u00eat \u00e0 venir. Il ne manquait plus qu&rsquo;\u00e0 appuyer sur le bouton. Mais l\u2019accord stipulait obligatoirement que Balogun devait partir pour lib\u00e9rer une place d&rsquo;extracommunautaire. Et \u00e0 cause de cela, nous n\u2019avons pas pu le faire venir, ce qui \u00e9tait notre souhait. (\u2026) Devoir appeler le joueur et lui dire :<\/em> \u00ab Je suis d\u00e9sol\u00e9, \u00e7a n\u2019a pas pu se faire. \u00bb <em>En tant qu\u2019\u00eatre humain, c\u2019est l\u2019un des aspects les plus difficiles de ce m\u00e9tier pendant le mercato. <\/em>\u00bb<\/p>\n\n\n\n<p>La question de voir d\u00e9barquer Lira plus tard dans la saison, lorsqu\u2019une place d\u2019extracommunautaire serait lib\u00e9r\u00e9e s\u2019est pos\u00e9e. Mais Scuro ne s\u2019est pas avanc\u00e9, et surtout, par respect pour le joueur, ne souhaite pas le faire attendre encore plus : \u00ab\u00a0<em>Nous ne sommes pas en mesure de leur demander d\u2019attendre. De tenir bon. Mais il est certain que c\u2019est un joueur qui retient toute notre attention et notre respect.\u00a0<\/em>\u00bb Le Br\u00e9silien esp\u00e8re voir Lira rebondir : \u00ab\u00a0<em>J\u2019esp\u00e8re vraiment qu\u2019il fera un bon et solide pas en avant au plus haut niveau en Europe. C\u2019est une personne extraordinaire, d\u2019apr\u00e8s tous les \u00e9changes que nous avons eus.<\/em>\u00a0\u00bb<\/p>\n","protected":false},"excerpt":{"rendered":"<p>Le non-d\u00e9part de Folarin Balogun \u00e0 Everton n\u2019a sans doute pas d\u00e9plu \u00e0 tous les supporters de l\u2019AS Monaco, mais il a aussi eu des cons\u00e9quences plus d\u00e9sagr\u00e9ables. Alors qu\u2019Erik Lira devait s\u2019engager avec l\u2019ASM, apr\u00e8s avoir pass\u00e9 sa visite m\u00e9dicale au Mexique, le transfert a capot\u00e9 puisque la place d\u2019extracommunuautaire n\u00e9cessaire \u00e0 son arriv\u00e9e [&#8230;]\n","protected":false},"author":2,"featured_media":0,"comment_status":"open","ping_status":"open","sticky":false,"template":"","format":"standard","meta":[],"categories":[6,1086],"tags":[86,1361,111,110],"yoast_head":"<!-- This site is optimized with the Yoast SEO plugin v19.8 - https:\/\/yoast.com\/wordpress\/plugins\/seo\/ -->\n<title>\u00ab\u00a0Devoir l\u2019appeler pour lui dire que le transfert ne se fera pas, c\u2019est tr\u00e8s dur humainement\u00a0\u00bb : Scuro est triste pour Lira - La Diagonale<\/title>\n<meta name=\"robots\" content=\"index, follow, max-snippet:-1, max-image-preview:large, max-video-preview:-1\" \/>\n<link rel=\"canonical\" href=\"https:\/\/www.ladiagonale.net\/index.php\/2026\/09\/02\/devoir-lappeler-pour-lui-dire-que-le-transfert-ne-se-fera-pas-cest-tres-dur-humainement-scuro-est-triste-pour-erik-lira\/\" \/>\n<meta property=\"og:locale\" content=\"fr_FR\" \/>\n<meta property=\"og:type\" content=\"article\" \/>\n<meta property=\"og:title\" content=\"\u00ab\u00a0Devoir l\u2019appeler pour lui dire que le transfert ne se fera pas, c\u2019est tr\u00e8s dur humainement\u00a0\u00bb : Scuro est triste pour Lira - La Diagonale\" \/>\n<meta property=\"og:description\" content=\"Le non-d\u00e9part de Folarin Balogun \u00e0 Everton n\u2019a sans doute pas d\u00e9plu \u00e0 tous les supporters de l\u2019AS Monaco, mais il a aussi eu des cons\u00e9quences plus d\u00e9sagr\u00e9ables. Alors qu\u2019Erik Lira devait s\u2019engager avec l\u2019ASM, apr\u00e8s avoir pass\u00e9 sa visite m\u00e9dicale au Mexique, le transfert a capot\u00e9 puisque la place d\u2019extracommunuautaire n\u00e9cessaire \u00e0 son arriv\u00e9e [...]\" \/>\n<meta property=\"og:url\" content=\"https:\/\/www.ladiagonale.net\/index.php\/2026\/09\/02\/devoir-lappeler-pour-lui-dire-que-le-transfert-ne-se-fera-pas-cest-tres-dur-humainement-scuro-est-triste-pour-erik-lira\/\" \/>\n<meta property=\"og:site_name\" content=\"La Diagonale\" \/>\n<meta property=\"article:published_time\" content=\"2026-09-02T14:21:13+00:00\" \/>\n<meta property=\"article:modified_time\" content=\"2026-09-02T14:21:59+00:00\" \/>\n<meta property=\"og:image\" content=\"https:\/\/www.ladiagonale.net\/wp-content\/uploads\/2026\/07\/Lira.png\" \/>\n\t<meta property=\"og:image:width\" content=\"1160\" \/>\n\t<meta property=\"og:image:height\" content=\"650\" \/>\n\t<meta property=\"og:image:type\" content=\"image\/png\" \/>\n<meta name=\"author\" content=\"Damien Dellerba\" \/>\n<meta name=\"twitter:card\" content=\"summary_large_image\" \/>\n<meta name=\"twitter:image\" content=\"https:\/\/www.ladiagonale.net\/wp-content\/uploads\/2026\/07\/Lira.png\" \/>\n<meta name=\"twitter:label1\" content=\"\u00c9crit par\" \/>\n\t<meta name=\"twitter:data1\" content=\"Damien Dellerba\" \/>\n\t<meta name=\"twitter:label2\" content=\"Dur\u00e9e de lecture estim\u00e9e\" \/>\n\t<meta name=\"twitter:data2\" content=\"2 minutes\" \/>\n<script type=\"application\/ld+json\" class=\"yoast-schema-graph\">{\"@context\":\"https:\/\/schema.org\",\"@graph\":[{\"@type\":\"WebPage\",\"@id\":\"https:\/\/www.ladiagonale.net\/index.php\/2026\/09\/02\/devoir-lappeler-pour-lui-dire-que-le-transfert-ne-se-fera-pas-cest-tres-dur-humainement-scuro-est-triste-pour-erik-lira\/\",\"url\":\"https:\/\/www.ladiagonale.net\/index.php\/2026\/09\/02\/devoir-lappeler-pour-lui-dire-que-le-transfert-ne-se-fera-pas-cest-tres-dur-humainement-scuro-est-triste-pour-erik-lira\/\",\"name\":\"\u00ab\u00a0Devoir l\u2019appeler pour lui dire que le transfert ne se fera pas, c\u2019est tr\u00e8s dur humainement\u00a0\u00bb : Scuro est triste pour Lira - La Diagonale\",\"isPartOf\":{\"@id\":\"https:\/\/www.ladiagonale.net\/#website\"},\"datePublished\":\"2026-09-02T14:21:13+00:00\",\"dateModified\":\"2026-09-02T14:21:59+00:00\",\"author\":{\"@id\":\"https:\/\/www.ladiagonale.net\/#\/schema\/person\/79ff1e7b0853ed01b2aa26e64ad300bf\"},\"breadcrumb\":{\"@id\":\"https:\/\/www.ladiagonale.net\/index.php\/2026\/09\/02\/devoir-lappeler-pour-lui-dire-que-le-transfert-ne-se-fera-pas-cest-tres-dur-humainement-scuro-est-triste-pour-erik-lira\/#breadcrumb\"},\"inLanguage\":\"fr-FR\",\"potentialAction\":[{\"@type\":\"ReadAction\",\"target\":[\"https:\/\/www.ladiagonale.net\/index.php\/2026\/09\/02\/devoir-lappeler-pour-lui-dire-que-le-transfert-ne-se-fera-pas-cest-tres-dur-humainement-scuro-est-triste-pour-erik-lira\/\"]}]},{\"@type\":\"BreadcrumbList\",\"@id\":\"https:\/\/www.ladiagonale.net\/index.php\/2026\/09\/02\/devoir-lappeler-pour-lui-dire-que-le-transfert-ne-se-fera-pas-cest-tres-dur-humainement-scuro-est-triste-pour-erik-lira\/#breadcrumb\",\"itemListElement\":[{\"@type\":\"ListItem\",\"position\":1,\"name\":\"Accueil\",\"item\":\"https:\/\/www.ladiagonale.net\/\"},{\"@type\":\"ListItem\",\"position\":2,\"name\":\"\u00ab\u00a0Devoir l\u2019appeler pour lui dire que le transfert ne se fera pas, c\u2019est tr\u00e8s dur humainement\u00a0\u00bb : Scuro est triste pour Lira\"}]},{\"@type\":\"WebSite\",\"@id\":\"https:\/\/www.ladiagonale.net\/#website\",\"url\":\"https:\/\/www.ladiagonale.net\/\",\"name\":\"La Diagonale\",\"description\":\"Le site des supporters de l&#039;AS Monaco FC\",\"potentialAction\":[{\"@type\":\"SearchAction\",\"target\":{\"@type\":\"EntryPoint\",\"urlTemplate\":\"https:\/\/www.ladiagonale.net\/?s={search_term_string}\"},\"query-input\":\"required name=search_term_string\"}],\"inLanguage\":\"fr-FR\"},{\"@type\":\"Person\",\"@id\":\"https:\/\/www.ladiagonale.net\/#\/schema\/person\/79ff1e7b0853ed01b2aa26e64ad300bf\",\"name\":\"Damien Dellerba\",\"image\":{\"@type\":\"ImageObject\",\"inLanguage\":\"fr-FR\",\"@id\":\"https:\/\/www.ladiagonale.net\/#\/schema\/person\/image\/\",\"url\":\"https:\/\/secure.gravatar.com\/avatar\/c7850e06d3ff63cdbaee88b7fc16e2f0?s=96&d=mm&r=g\",\"contentUrl\":\"https:\/\/secure.gravatar.com\/avatar\/c7850e06d3ff63cdbaee88b7fc16e2f0?s=96&d=mm&r=g\",\"caption\":\"Damien Dellerba\"},\"url\":\"https:\/\/www.ladiagonale.net\/index.php\/author\/damien\/\"}]}<\/script>\n<!-- \/ Yoast SEO plugin. -->","yoast_head_json":{"title":"\u00ab\u00a0Devoir l\u2019appeler pour lui dire que le transfert ne se fera pas, c\u2019est tr\u00e8s dur humainement\u00a0\u00bb : Scuro est triste pour Lira - La Diagonale","robots":{"index":"index","follow":"follow","max-snippet":"max-snippet:-1","max-image-preview":"max-image-preview:large","max-video-preview":"max-video-preview:-1"},"canonical":"https:\/\/www.ladiagonale.net\/index.php\/2026\/09\/02\/devoir-lappeler-pour-lui-dire-que-le-transfert-ne-se-fera-pas-cest-tres-dur-humainement-scuro-est-triste-pour-erik-lira\/","og_locale":"fr_FR","og_type":"article","og_title":"\u00ab\u00a0Devoir l\u2019appeler pour lui dire que le transfert ne se fera pas, c\u2019est tr\u00e8s dur humainement\u00a0\u00bb : Scuro est triste pour Lira - La Diagonale","og_description":"Le non-d\u00e9part de Folarin Balogun \u00e0 Everton n\u2019a sans doute pas d\u00e9plu \u00e0 tous les supporters de l\u2019AS Monaco, mais il a aussi eu des cons\u00e9quences plus d\u00e9sagr\u00e9ables. Alors qu\u2019Erik Lira devait s\u2019engager avec l\u2019ASM, apr\u00e8s avoir pass\u00e9 sa visite m\u00e9dicale au Mexique, le transfert a capot\u00e9 puisque la place d\u2019extracommunuautaire n\u00e9cessaire \u00e0 son arriv\u00e9e [...]","og_url":"https:\/\/www.ladiagonale.net\/index.php\/2026\/09\/02\/devoir-lappeler-pour-lui-dire-que-le-transfert-ne-se-fera-pas-cest-tres-dur-humainement-scuro-est-triste-pour-erik-lira\/","og_site_name":"La Diagonale","article_published_time":"2026-09-02T14:21:13+00:00","article_modified_time":"2026-09-02T14:21:59+00:00","og_image":[{"width":1160,"height":650,"url":"https:\/\/www.ladiagonale.net\/wp-content\/uploads\/2026\/07\/Lira.png","type":"image\/png"}],"author":"Damien Dellerba","twitter_card":"summary_large_image","twitter_image":"https:\/\/www.ladiagonale.net\/wp-content\/uploads\/2026\/07\/Lira.png","twitter_misc":{"\u00c9crit par":"Damien Dellerba","Dur\u00e9e de lecture estim\u00e9e":"2 minutes"},"schema":{"@context":"https:\/\/schema.org","@graph":[{"@type":"WebPage","@id":"https:\/\/www.ladiagonale.net\/index.php\/2026\/09\/02\/devoir-lappeler-pour-lui-dire-que-le-transfert-ne-se-fera-pas-cest-tres-dur-humainement-scuro-est-triste-pour-erik-lira\/","url":"https:\/\/www.ladiagonale.net\/index.php\/2026\/09\/02\/devoir-lappeler-pour-lui-dire-que-le-transfert-ne-se-fera-pas-cest-tres-dur-humainement-scuro-est-triste-pour-erik-lira\/","name":"\u00ab\u00a0Devoir l\u2019appeler pour lui dire que le transfert ne se fera pas, c\u2019est tr\u00e8s dur humainement\u00a0\u00bb : Scuro est triste pour Lira - La Diagonale","isPartOf":{"@id":"https:\/\/www.ladiagonale.net\/#website"},"datePublished":"2026-09-02T14:21:13+00:00","dateModified":"2026-09-02T14:21:59+00:00","author":{"@id":"https:\/\/www.ladiagonale.net\/#\/schema\/person\/79ff1e7b0853ed01b2aa26e64ad300bf"},"breadcrumb":{"@id":"https:\/\/www.ladiagonale.net\/index.php\/2026\/09\/02\/devoir-lappeler-pour-lui-dire-que-le-transfert-ne-se-fera-pas-cest-tres-dur-humainement-scuro-est-triste-pour-erik-lira\/#breadcrumb"},"inLanguage":"fr-FR","potentialAction":[{"@type":"ReadAction","target":["https:\/\/www.ladiagonale.net\/index.php\/2026\/09\/02\/devoir-lappeler-pour-lui-dire-que-le-transfert-ne-se-fera-pas-cest-tres-dur-humainement-scuro-est-triste-pour-erik-lira\/"]}]},{"@type":"BreadcrumbList","@id":"https:\/\/www.ladiagonale.net\/index.php\/2026\/09\/02\/devoir-lappeler-pour-lui-dire-que-le-transfert-ne-se-fera-pas-cest-tres-dur-humainement-scuro-est-triste-pour-erik-lira\/#breadcrumb","itemListElement":[{"@type":"ListItem","position":1,"name":"Accueil","item":"https:\/\/www.ladiagonale.net\/"},{"@type":"ListItem","position":2,"name":"\u00ab\u00a0Devoir l\u2019appeler pour lui dire que le transfert ne se fera pas, c\u2019est tr\u00e8s dur humainement\u00a0\u00bb : Scuro est triste pour Lira"}]},{"@type":"WebSite","@id":"https:\/\/www.ladiagonale.net\/#website","url":"https:\/\/www.ladiagonale.net\/","name":"La Diagonale","description":"Le site des supporters de l&#039;AS Monaco FC","potentialAction":[{"@type":"SearchAction","target":{"@type":"EntryPoint","urlTemplate":"https:\/\/www.ladiagonale.net\/?s={search_term_string}"},"query-input":"required name=search_term_string"}],"inLanguage":"fr-FR"},{"@type":"Person","@id":"https:\/\/www.ladiagonale.net\/#\/schema\/person\/79ff1e7b0853ed01b2aa26e64ad300bf","name":"Damien Dellerba","image":{"@type":"ImageObject","inLanguage":"fr-FR","@id":"https:\/\/www.ladiagonale.net\/#\/schema\/person\/image\/","url":"https:\/\/secure.gravatar.com\/avatar\/c7850e06d3ff63cdbaee88b7fc16e2f0?s=96&d=mm&r=g","contentUrl":"https:\/\/secure.gravatar.com\/avatar\/c7850e06d3ff63cdbaee88b7fc16e2f0?s=96&d=mm&r=g","caption":"Damien Dellerba"},"url":"https:\/\/www.ladiagonale.net\/index.php\/author\/damien\/"}]}},"_links":{"self":[{"href":"https:\/\/www.ladiagonale.net\/index.php\/wp-json\/wp\/v2\/posts\/40548"}],"collection":[{"href":"https:\/\/www.ladiagonale.net\/index.php\/wp-json\/wp\/v2\/posts"}],"about":[{"href":"https:\/\/www.ladiagonale.net\/index.php\/wp-json\/wp\/v2\/types\/post"}],"author":[{"embeddable":true,"href":"https:\/\/www.ladiagonale.net\/index.php\/wp-json\/wp\/v2\/users\/2"}],"replies":[{"embeddable":true,"href":"https:\/\/www.ladiagonale.net\/index.php\/wp-json\/wp\/v2\/comments?post=40548"}],"version-history":[{"count":2,"href":"https:\/\/www.ladiagonale.net\/index.php\/wp-json\/wp\/v2\/posts\/40548\/revisions"}],"predecessor-version":[{"id":40550,"href":"https:\/\/www.ladiagonale.net\/index.php\/wp-json\/wp\/v2\/posts\/40548\/revisions\/40550"}],"wp:attachment":[{"href":"https:\/\/www.ladiagonale.net\/index.php\/wp-json\/wp\/v2\/media?parent=40548"}],"wp:term":[{"taxonomy":"category","embeddable":true,"href":"https:\/\/www.ladiagonale.net\/index.php\/wp-json\/wp\/v2\/categories?post=40548"},{"taxonomy":"post_tag","embeddable":true,"href":"https:\/\/www.ladiagonale.net\/index.php\/wp-json\/wp\/v2\/tags?post=40548"}],"curies":[{"name":"wp","href":"https:\/\/api.w.org\/{rel}","templated":true}]}}