{"id":40551,"date":"2026-09-02T17:20:20","date_gmt":"2026-09-02T15:20:20","guid":{"rendered":"https:\/\/www.ladiagonale.net\/?p=40551"},"modified":"2026-09-02T18:46:55","modified_gmt":"2026-09-02T16:46:55","slug":"scuro-je-ne-suis-en-guerre-avec-personne-mais-sil-faut-creer-un-conflit-pour-proteger-las-monaco","status":"publish","type":"post","link":"https:\/\/www.ladiagonale.net\/index.php\/2026\/09\/02\/scuro-je-ne-suis-en-guerre-avec-personne-mais-sil-faut-creer-un-conflit-pour-proteger-las-monaco\/","title":{"rendered":"Scuro : \u00ab\u00a0Je ne suis en guerre avec personne, mais s\u2019il faut cr\u00e9er un conflit pour prot\u00e9ger l\u2019AS Monaco\u2026\u00a0\u00bb"},"content":{"rendered":"\n\n\n<p>Thiago Scuro a <a href=\"https:\/\/www.ladiagonale.net\/index.php\/2026\/09\/02\/il-ny-avait-pas-daccord-avec-chelsea-scuro-raconte-la-derniere-journee-totalement-folle-du-mercato\/\" target=\"_blank\" rel=\"noreferrer noopener\">longuement relat\u00e9 les \u00e9v\u00e9nements de la derni\u00e8re journ\u00e9e du mercato<\/a> au cours d&rsquo;une conf\u00e9rence de presse. Le Directeur g\u00e9n\u00e9ral de l\u2019ASM n\u2019a pas cach\u00e9, qu\u2019\u00e0 bien des \u00e9gards, cette soir\u00e9e de mardi avait \u00e9t\u00e9 particuli\u00e8rement difficile, et les derniers jours \u00e9prouvants : \u00ab\u00a0<em>Ce qui s\u2019est pass\u00e9 hier \u00e9tait \u00e9galement une nouveaut\u00e9 pour moi. C\u2019est la premi\u00e8re fois de ma carri\u00e8re que je vis un dernier jour comme celui-ci. Ce n\u2019est pas agr\u00e9able de passer les deux derniers jours du mercato jusqu\u2019\u00e0 3 heures du matin au bureau, \u00e0 essayer de trouver des solutions ici et l\u00e0.<\/em>\u00a0\u00bb<\/p>\n\n\n\n<p>Le Br\u00e9silien esp\u00e8re, \u00e0 l\u2019avenir, \u00e9viter de se retrouver sous le gril dans les derni\u00e8res heures du mercato, conscient qu\u2019il faudra donc davantage anticiper : \u00ab&nbsp;<em>C\u2019est quelque chose que nous devons essayer d\u2019am\u00e9liorer en tant que club, car cela met tout le monde dans une situation o\u00f9 ce genre de choses peut arriver. Et ce n\u2019est pas agr\u00e9able d\u2019\u00eatre ici \u00e0 devoir s\u2019expliquer et \u00e0 devoir faire face \u00e0 toutes les cons\u00e9quences de cette situation.<\/em>&nbsp;\u00bb<\/p>\n\n\n\n<p>Et sur ce dernier point, il a tenu \u00e0 affirmer sa position : \u00ab&nbsp;<em>Mon intention ici est, comme toujours, de prot\u00e9ger l\u2019AS Monaco. Je ne veux pas entrer en guerre avec Chelsea ou Everton. J\u2019ai mentionn\u00e9 les faits. Les interpr\u00e9tations ou les jugements divergents des gens ne me regardent pas. (\u2026) Mais si je dois cr\u00e9er un conflit ou prendre une d\u00e9cision pour prot\u00e9ger l\u2019AS Monaco, je le ferai. C\u2019est ce que je fais depuis que je suis ici. C\u2019est pour le club, pas pour moi. Ce n\u2019est pas pour \u00eatre appr\u00e9ci\u00e9 par les gens ou les autres clubs. C\u2019est pour donner \u00e0 l\u2019AS Monaco ce dont il a besoin. Et c\u2019est ce que nous avons fait hier.<\/em>&nbsp;\u00bb<\/p>\n\n\n\n<p>En l&rsquo;occurrence, cela n&rsquo;a pas donn\u00e9 \u00e0 l&rsquo;ASM les fonds suffisants pour aborder la suite de la saison de fa\u00e7on plus sereine. Pour autant, Scuro ne regrette rien : \u00ab&nbsp;<em>Si on revient sur ce qui a d\u00e9j\u00e0 \u00e9t\u00e9 fait, on pourrait tous agir diff\u00e9remment ici ou l\u00e0. Parce qu\u2019on conna\u00eet d\u00e9j\u00e0 le r\u00e9sultat. Bien s\u00fbr, si j\u2019avais su qu\u2019\u00e0 1 heure du matin, Balogun ne signerait pas le contrat, j\u2019aurais agi diff\u00e9remment. Mais avec les \u00e9l\u00e9ments dont nous disposions, avec les informations dont nous disposions, \u00e0 mon sens, nous avons pris de tr\u00e8s bonnes d\u00e9cisions. Malheureusement, le r\u00e9sultat n\u2019est pas celui auquel nous nous attendions.<\/em>&nbsp;\u00bb<\/p>\n","protected":false},"excerpt":{"rendered":"<p>Thiago Scuro a longuement relat\u00e9 les \u00e9v\u00e9nements de la derni\u00e8re journ\u00e9e du mercato au cours d&rsquo;une conf\u00e9rence de presse. Le Directeur g\u00e9n\u00e9ral de l\u2019ASM n\u2019a pas cach\u00e9, qu\u2019\u00e0 bien des \u00e9gards, cette soir\u00e9e de mardi avait \u00e9t\u00e9 particuli\u00e8rement difficile, et les derniers jours \u00e9prouvants : \u00ab\u00a0Ce qui s\u2019est pass\u00e9 hier \u00e9tait \u00e9galement une nouveaut\u00e9 pour [&#8230;]\n","protected":false},"author":2,"featured_media":0,"comment_status":"open","ping_status":"open","sticky":false,"template":"","format":"standard","meta":[],"categories":[6,1086],"tags":[86,483,894,111,479,110],"yoast_head":"<!-- This site is optimized with the Yoast SEO plugin v19.8 - https:\/\/yoast.com\/wordpress\/plugins\/seo\/ -->\n<title>Scuro : \u00ab\u00a0Je ne suis en guerre avec personne, mais s\u2019il faut cr\u00e9er un conflit pour prot\u00e9ger l\u2019AS Monaco\u2026\u00a0\u00bb - La Diagonale<\/title>\n<meta name=\"robots\" content=\"index, follow, max-snippet:-1, max-image-preview:large, max-video-preview:-1\" \/>\n<link rel=\"canonical\" href=\"https:\/\/www.ladiagonale.net\/index.php\/2026\/09\/02\/scuro-je-ne-suis-en-guerre-avec-personne-mais-sil-faut-creer-un-conflit-pour-proteger-las-monaco\/\" \/>\n<meta property=\"og:locale\" content=\"fr_FR\" \/>\n<meta property=\"og:type\" content=\"article\" \/>\n<meta property=\"og:title\" content=\"Scuro : \u00ab\u00a0Je ne suis en guerre avec personne, mais s\u2019il faut cr\u00e9er un conflit pour prot\u00e9ger l\u2019AS Monaco\u2026\u00a0\u00bb - La Diagonale\" \/>\n<meta property=\"og:description\" content=\"Thiago Scuro a longuement relat\u00e9 les \u00e9v\u00e9nements de la derni\u00e8re journ\u00e9e du mercato au cours d&rsquo;une conf\u00e9rence de presse. Le Directeur g\u00e9n\u00e9ral de l\u2019ASM n\u2019a pas cach\u00e9, qu\u2019\u00e0 bien des \u00e9gards, cette soir\u00e9e de mardi avait \u00e9t\u00e9 particuli\u00e8rement difficile, et les derniers jours \u00e9prouvants : \u00ab\u00a0Ce qui s\u2019est pass\u00e9 hier \u00e9tait \u00e9galement une nouveaut\u00e9 pour [...]\" \/>\n<meta property=\"og:url\" content=\"https:\/\/www.ladiagonale.net\/index.php\/2026\/09\/02\/scuro-je-ne-suis-en-guerre-avec-personne-mais-sil-faut-creer-un-conflit-pour-proteger-las-monaco\/\" \/>\n<meta property=\"og:site_name\" content=\"La Diagonale\" \/>\n<meta property=\"article:published_time\" content=\"2026-09-02T15:20:20+00:00\" \/>\n<meta property=\"article:modified_time\" content=\"2026-09-02T16:46:55+00:00\" \/>\n<meta property=\"og:image\" content=\"https:\/\/www.ladiagonale.net\/wp-content\/uploads\/2024\/01\/scuro-2.png\" \/>\n\t<meta property=\"og:image:width\" content=\"1160\" \/>\n\t<meta property=\"og:image:height\" content=\"650\" \/>\n\t<meta property=\"og:image:type\" content=\"image\/png\" \/>\n<meta name=\"author\" content=\"Damien Dellerba\" \/>\n<meta name=\"twitter:card\" content=\"summary_large_image\" \/>\n<meta name=\"twitter:image\" content=\"https:\/\/www.ladiagonale.net\/wp-content\/uploads\/2024\/01\/scuro-2.png\" \/>\n<meta name=\"twitter:label1\" content=\"\u00c9crit par\" \/>\n\t<meta name=\"twitter:data1\" content=\"Damien Dellerba\" \/>\n\t<meta name=\"twitter:label2\" content=\"Dur\u00e9e de lecture estim\u00e9e\" \/>\n\t<meta name=\"twitter:data2\" content=\"3 minutes\" \/>\n<script type=\"application\/ld+json\" class=\"yoast-schema-graph\">{\"@context\":\"https:\/\/schema.org\",\"@graph\":[{\"@type\":\"WebPage\",\"@id\":\"https:\/\/www.ladiagonale.net\/index.php\/2026\/09\/02\/scuro-je-ne-suis-en-guerre-avec-personne-mais-sil-faut-creer-un-conflit-pour-proteger-las-monaco\/\",\"url\":\"https:\/\/www.ladiagonale.net\/index.php\/2026\/09\/02\/scuro-je-ne-suis-en-guerre-avec-personne-mais-sil-faut-creer-un-conflit-pour-proteger-las-monaco\/\",\"name\":\"Scuro : \u00ab\u00a0Je ne suis en guerre avec personne, mais s\u2019il faut cr\u00e9er un conflit pour prot\u00e9ger l\u2019AS Monaco\u2026\u00a0\u00bb - La Diagonale\",\"isPartOf\":{\"@id\":\"https:\/\/www.ladiagonale.net\/#website\"},\"datePublished\":\"2026-09-02T15:20:20+00:00\",\"dateModified\":\"2026-09-02T16:46:55+00:00\",\"author\":{\"@id\":\"https:\/\/www.ladiagonale.net\/#\/schema\/person\/79ff1e7b0853ed01b2aa26e64ad300bf\"},\"breadcrumb\":{\"@id\":\"https:\/\/www.ladiagonale.net\/index.php\/2026\/09\/02\/scuro-je-ne-suis-en-guerre-avec-personne-mais-sil-faut-creer-un-conflit-pour-proteger-las-monaco\/#breadcrumb\"},\"inLanguage\":\"fr-FR\",\"potentialAction\":[{\"@type\":\"ReadAction\",\"target\":[\"https:\/\/www.ladiagonale.net\/index.php\/2026\/09\/02\/scuro-je-ne-suis-en-guerre-avec-personne-mais-sil-faut-creer-un-conflit-pour-proteger-las-monaco\/\"]}]},{\"@type\":\"BreadcrumbList\",\"@id\":\"https:\/\/www.ladiagonale.net\/index.php\/2026\/09\/02\/scuro-je-ne-suis-en-guerre-avec-personne-mais-sil-faut-creer-un-conflit-pour-proteger-las-monaco\/#breadcrumb\",\"itemListElement\":[{\"@type\":\"ListItem\",\"position\":1,\"name\":\"Accueil\",\"item\":\"https:\/\/www.ladiagonale.net\/\"},{\"@type\":\"ListItem\",\"position\":2,\"name\":\"Scuro : \u00ab\u00a0Je ne suis en guerre avec personne, mais s\u2019il faut cr\u00e9er un conflit pour prot\u00e9ger l\u2019AS Monaco\u2026\u00a0\u00bb\"}]},{\"@type\":\"WebSite\",\"@id\":\"https:\/\/www.ladiagonale.net\/#website\",\"url\":\"https:\/\/www.ladiagonale.net\/\",\"name\":\"La Diagonale\",\"description\":\"Le site des supporters de l&#039;AS Monaco FC\",\"potentialAction\":[{\"@type\":\"SearchAction\",\"target\":{\"@type\":\"EntryPoint\",\"urlTemplate\":\"https:\/\/www.ladiagonale.net\/?s={search_term_string}\"},\"query-input\":\"required name=search_term_string\"}],\"inLanguage\":\"fr-FR\"},{\"@type\":\"Person\",\"@id\":\"https:\/\/www.ladiagonale.net\/#\/schema\/person\/79ff1e7b0853ed01b2aa26e64ad300bf\",\"name\":\"Damien Dellerba\",\"image\":{\"@type\":\"ImageObject\",\"inLanguage\":\"fr-FR\",\"@id\":\"https:\/\/www.ladiagonale.net\/#\/schema\/person\/image\/\",\"url\":\"https:\/\/secure.gravatar.com\/avatar\/c7850e06d3ff63cdbaee88b7fc16e2f0?s=96&d=mm&r=g\",\"contentUrl\":\"https:\/\/secure.gravatar.com\/avatar\/c7850e06d3ff63cdbaee88b7fc16e2f0?s=96&d=mm&r=g\",\"caption\":\"Damien Dellerba\"},\"url\":\"https:\/\/www.ladiagonale.net\/index.php\/author\/damien\/\"}]}<\/script>\n<!-- \/ Yoast SEO plugin. -->","yoast_head_json":{"title":"Scuro : \u00ab\u00a0Je ne suis en guerre avec personne, mais s\u2019il faut cr\u00e9er un conflit pour prot\u00e9ger l\u2019AS Monaco\u2026\u00a0\u00bb - La Diagonale","robots":{"index":"index","follow":"follow","max-snippet":"max-snippet:-1","max-image-preview":"max-image-preview:large","max-video-preview":"max-video-preview:-1"},"canonical":"https:\/\/www.ladiagonale.net\/index.php\/2026\/09\/02\/scuro-je-ne-suis-en-guerre-avec-personne-mais-sil-faut-creer-un-conflit-pour-proteger-las-monaco\/","og_locale":"fr_FR","og_type":"article","og_title":"Scuro : \u00ab\u00a0Je ne suis en guerre avec personne, mais s\u2019il faut cr\u00e9er un conflit pour prot\u00e9ger l\u2019AS Monaco\u2026\u00a0\u00bb - La Diagonale","og_description":"Thiago Scuro a longuement relat\u00e9 les \u00e9v\u00e9nements de la derni\u00e8re journ\u00e9e du mercato au cours d&rsquo;une conf\u00e9rence de presse. Le Directeur g\u00e9n\u00e9ral de l\u2019ASM n\u2019a pas cach\u00e9, qu\u2019\u00e0 bien des \u00e9gards, cette soir\u00e9e de mardi avait \u00e9t\u00e9 particuli\u00e8rement difficile, et les derniers jours \u00e9prouvants : \u00ab\u00a0Ce qui s\u2019est pass\u00e9 hier \u00e9tait \u00e9galement une nouveaut\u00e9 pour [...]","og_url":"https:\/\/www.ladiagonale.net\/index.php\/2026\/09\/02\/scuro-je-ne-suis-en-guerre-avec-personne-mais-sil-faut-creer-un-conflit-pour-proteger-las-monaco\/","og_site_name":"La Diagonale","article_published_time":"2026-09-02T15:20:20+00:00","article_modified_time":"2026-09-02T16:46:55+00:00","og_image":[{"width":1160,"height":650,"url":"https:\/\/www.ladiagonale.net\/wp-content\/uploads\/2024\/01\/scuro-2.png","type":"image\/png"}],"author":"Damien Dellerba","twitter_card":"summary_large_image","twitter_image":"https:\/\/www.ladiagonale.net\/wp-content\/uploads\/2024\/01\/scuro-2.png","twitter_misc":{"\u00c9crit par":"Damien Dellerba","Dur\u00e9e de lecture estim\u00e9e":"3 minutes"},"schema":{"@context":"https:\/\/schema.org","@graph":[{"@type":"WebPage","@id":"https:\/\/www.ladiagonale.net\/index.php\/2026\/09\/02\/scuro-je-ne-suis-en-guerre-avec-personne-mais-sil-faut-creer-un-conflit-pour-proteger-las-monaco\/","url":"https:\/\/www.ladiagonale.net\/index.php\/2026\/09\/02\/scuro-je-ne-suis-en-guerre-avec-personne-mais-sil-faut-creer-un-conflit-pour-proteger-las-monaco\/","name":"Scuro : \u00ab\u00a0Je ne suis en guerre avec personne, mais s\u2019il faut cr\u00e9er un conflit pour prot\u00e9ger l\u2019AS Monaco\u2026\u00a0\u00bb - La Diagonale","isPartOf":{"@id":"https:\/\/www.ladiagonale.net\/#website"},"datePublished":"2026-09-02T15:20:20+00:00","dateModified":"2026-09-02T16:46:55+00:00","author":{"@id":"https:\/\/www.ladiagonale.net\/#\/schema\/person\/79ff1e7b0853ed01b2aa26e64ad300bf"},"breadcrumb":{"@id":"https:\/\/www.ladiagonale.net\/index.php\/2026\/09\/02\/scuro-je-ne-suis-en-guerre-avec-personne-mais-sil-faut-creer-un-conflit-pour-proteger-las-monaco\/#breadcrumb"},"inLanguage":"fr-FR","potentialAction":[{"@type":"ReadAction","target":["https:\/\/www.ladiagonale.net\/index.php\/2026\/09\/02\/scuro-je-ne-suis-en-guerre-avec-personne-mais-sil-faut-creer-un-conflit-pour-proteger-las-monaco\/"]}]},{"@type":"BreadcrumbList","@id":"https:\/\/www.ladiagonale.net\/index.php\/2026\/09\/02\/scuro-je-ne-suis-en-guerre-avec-personne-mais-sil-faut-creer-un-conflit-pour-proteger-las-monaco\/#breadcrumb","itemListElement":[{"@type":"ListItem","position":1,"name":"Accueil","item":"https:\/\/www.ladiagonale.net\/"},{"@type":"ListItem","position":2,"name":"Scuro : \u00ab\u00a0Je ne suis en guerre avec personne, mais s\u2019il faut cr\u00e9er un conflit pour prot\u00e9ger l\u2019AS Monaco\u2026\u00a0\u00bb"}]},{"@type":"WebSite","@id":"https:\/\/www.ladiagonale.net\/#website","url":"https:\/\/www.ladiagonale.net\/","name":"La Diagonale","description":"Le site des supporters de l&#039;AS Monaco FC","potentialAction":[{"@type":"SearchAction","target":{"@type":"EntryPoint","urlTemplate":"https:\/\/www.ladiagonale.net\/?s={search_term_string}"},"query-input":"required name=search_term_string"}],"inLanguage":"fr-FR"},{"@type":"Person","@id":"https:\/\/www.ladiagonale.net\/#\/schema\/person\/79ff1e7b0853ed01b2aa26e64ad300bf","name":"Damien Dellerba","image":{"@type":"ImageObject","inLanguage":"fr-FR","@id":"https:\/\/www.ladiagonale.net\/#\/schema\/person\/image\/","url":"https:\/\/secure.gravatar.com\/avatar\/c7850e06d3ff63cdbaee88b7fc16e2f0?s=96&d=mm&r=g","contentUrl":"https:\/\/secure.gravatar.com\/avatar\/c7850e06d3ff63cdbaee88b7fc16e2f0?s=96&d=mm&r=g","caption":"Damien Dellerba"},"url":"https:\/\/www.ladiagonale.net\/index.php\/author\/damien\/"}]}},"_links":{"self":[{"href":"https:\/\/www.ladiagonale.net\/index.php\/wp-json\/wp\/v2\/posts\/40551"}],"collection":[{"href":"https:\/\/www.ladiagonale.net\/index.php\/wp-json\/wp\/v2\/posts"}],"about":[{"href":"https:\/\/www.ladiagonale.net\/index.php\/wp-json\/wp\/v2\/types\/post"}],"author":[{"embeddable":true,"href":"https:\/\/www.ladiagonale.net\/index.php\/wp-json\/wp\/v2\/users\/2"}],"replies":[{"embeddable":true,"href":"https:\/\/www.ladiagonale.net\/index.php\/wp-json\/wp\/v2\/comments?post=40551"}],"version-history":[{"count":2,"href":"https:\/\/www.ladiagonale.net\/index.php\/wp-json\/wp\/v2\/posts\/40551\/revisions"}],"predecessor-version":[{"id":40557,"href":"https:\/\/www.ladiagonale.net\/index.php\/wp-json\/wp\/v2\/posts\/40551\/revisions\/40557"}],"wp:attachment":[{"href":"https:\/\/www.ladiagonale.net\/index.php\/wp-json\/wp\/v2\/media?parent=40551"}],"wp:term":[{"taxonomy":"category","embeddable":true,"href":"https:\/\/www.ladiagonale.net\/index.php\/wp-json\/wp\/v2\/categories?post=40551"},{"taxonomy":"post_tag","embeddable":true,"href":"https:\/\/www.ladiagonale.net\/index.php\/wp-json\/wp\/v2\/tags?post=40551"}],"curies":[{"name":"wp","href":"https:\/\/api.w.org\/{rel}","templated":true}]}}