{"id":40553,"date":"2026-09-02T18:14:52","date_gmt":"2026-09-02T16:14:52","guid":{"rendered":"https:\/\/www.ladiagonale.net\/?p=40553"},"modified":"2026-09-02T18:46:31","modified_gmt":"2026-09-02T16:46:31","slug":"scuro-nexclut-pas-de-discuter-prolongation-avec-camara","status":"publish","type":"post","link":"https:\/\/www.ladiagonale.net\/index.php\/2026\/09\/02\/scuro-nexclut-pas-de-discuter-prolongation-avec-camara\/","title":{"rendered":"Scuro n\u2019exclut pas de discuter prolongation avec Camara"},"content":{"rendered":"\n<p>Lamine Camara est rest\u00e9 Mon\u00e9gasque malgr\u00e9 les tr\u00e8s forts int\u00e9r\u00eats de Chelsea en fin de mercato. M\u00eame si les revirements dans ce dossier et la mani\u00e8re de faire ont valu \u00e0 l\u2019ASM beaucoup de critique depuis l\u2019Angleterre, Thiago Scuro s\u2019est dit satisfait de conserver son milieu de terrain, ador\u00e9 par Filipe Luis : \u00ab&nbsp;<em>La r\u00e9alit\u00e9, c\u2019est que nous sommes d\u00e9sormais tr\u00e8s, tr\u00e8s heureux que Lamine soit rest\u00e9. C&rsquo;est l&rsquo;un de nos joueurs les plus importants. Nous voulons \u00eatre forts sur le terrain. Nous voulons progresser cette saison et c\u2019est ce que nous visons.<\/em>&nbsp;\u00bb<\/p>\n\n\n\n<p>Le joueur dispose encore de trois ans de contrat sur le Rocher mais le directeur g\u00e9n\u00e9ral mon\u00e9gasque n\u2019a pas exclu qu\u2019une prolongation pouvait faire l\u2019objet de discussions : \u00ab&nbsp;<em>Cela peut \u00eatre une option s\u2019il a l\u2019intention de rester plus longtemps, de s\u2019engager davantage avec le club. C\u2019est un sujet \u00e0 aborder avec lui et son entourage. Il lui reste encore trois ans de contrat. En r\u00e8gle g\u00e9n\u00e9rale, le cycle que nous avons mis en place \u00e0 Monaco consiste \u00e0 recruter un joueur pour trois saisons. Nous le transf\u00e9rons alors qu\u2019il lui reste deux ans pour terminer son contrat.&nbsp;<\/em>\u00bb<\/p>\n\n\n\n<p>Pour autant, le Br\u00e9silien a reconnu que le joueur de 22 ans allait d\u2019abord devoir dig\u00e9rer ce qu\u2019il s\u2019\u00e9tait pass\u00e9 : \u00ab&nbsp;<em>Je le respecte et je le comprends tout \u00e0 fait, parce que le joueur a pu s\u2019emballer \u00e0 cause des discussions avec l\u2019entra\u00eeneur (Xabi Alonso) et de tout ce qu\u2019un club comme Chelsea peut proposer et promettre \u00e0 un joueur pour qu\u2019il parte. Au bout du compte, il nous a demand\u00e9 de trouver une solution pour qu\u2019il puisse partir. Mais l\u00e0 encore, nous lui avons expliqu\u00e9 notre position. Et maintenant, nous allons continuer \u00e0 le respecter et \u00e0 travailler avec lui.&nbsp;Connaissant sa mentalit\u00e9 et son caract\u00e8re, nous pouvons nous attendre \u00e0 ce qu\u2019il soit au meilleur de sa forme lors du prochain match.<\/em> \u00bb<\/p>\n\n\n\n<p>Scuro est en tout cas convaincu que Camara aura d\u2019autres offres \u00e0 l\u2019avenir, aussi bonnes, voire meilleures, alors que Liverpool semble vouloir <a href=\"https:\/\/www.ladiagonale.net\/index.php\/2026\/09\/02\/liverpool-vraiment-positionne-pour-un-transfert-de-camara-en-2027\/\" target=\"_blank\" rel=\"noreferrer noopener\">maintenir le lien<\/a> en vue de la saison prochaine : \u00ab <em>Il va continuer \u00e0 construire sa carri\u00e8re. Comme pour beaucoup d\u2019autres joueurs, de meilleures opportunit\u00e9s se pr\u00e9senteront \u00e0 l\u2019avenir. Ce n\u2019est pas la fin du monde. C\u2019est simplement une possibilit\u00e9 pour un joueur de son niveau et dot\u00e9 de son talent. Je suis convaincu que, tr\u00e8s bient\u00f4t, il aura des options et des offres encore meilleures que celle qu\u2019il a re\u00e7ue hier (mardi).<\/em>\u00a0\u00bb<\/p>\n\n\n","protected":false},"excerpt":{"rendered":"<p>Lamine Camara est rest\u00e9 Mon\u00e9gasque malgr\u00e9 les tr\u00e8s forts int\u00e9r\u00eats de Chelsea en fin de mercato. M\u00eame si les revirements dans ce dossier et la mani\u00e8re de faire ont valu \u00e0 l\u2019ASM beaucoup de critique depuis l\u2019Angleterre, Thiago Scuro s\u2019est dit satisfait de conserver son milieu de terrain, ador\u00e9 par Filipe Luis : \u00ab&nbsp;La r\u00e9alit\u00e9, [&#8230;]\n","protected":false},"author":2,"featured_media":0,"comment_status":"open","ping_status":"open","sticky":false,"template":"","format":"standard","meta":[],"categories":[6,1086],"tags":[86,894,111,186,479,110],"yoast_head":"<!-- This site is optimized with the Yoast SEO plugin v19.8 - https:\/\/yoast.com\/wordpress\/plugins\/seo\/ -->\n<title>Scuro n\u2019exclut pas de discuter prolongation avec Camara - La Diagonale<\/title>\n<meta name=\"robots\" content=\"index, follow, max-snippet:-1, max-image-preview:large, max-video-preview:-1\" \/>\n<link rel=\"canonical\" href=\"https:\/\/www.ladiagonale.net\/index.php\/2026\/09\/02\/scuro-nexclut-pas-de-discuter-prolongation-avec-camara\/\" \/>\n<meta property=\"og:locale\" content=\"fr_FR\" \/>\n<meta property=\"og:type\" content=\"article\" \/>\n<meta property=\"og:title\" content=\"Scuro n\u2019exclut pas de discuter prolongation avec Camara - La Diagonale\" \/>\n<meta property=\"og:description\" content=\"Lamine Camara est rest\u00e9 Mon\u00e9gasque malgr\u00e9 les tr\u00e8s forts int\u00e9r\u00eats de Chelsea en fin de mercato. M\u00eame si les revirements dans ce dossier et la mani\u00e8re de faire ont valu \u00e0 l\u2019ASM beaucoup de critique depuis l\u2019Angleterre, Thiago Scuro s\u2019est dit satisfait de conserver son milieu de terrain, ador\u00e9 par Filipe Luis : \u00ab&nbsp;La r\u00e9alit\u00e9, [...]\" \/>\n<meta property=\"og:url\" content=\"https:\/\/www.ladiagonale.net\/index.php\/2026\/09\/02\/scuro-nexclut-pas-de-discuter-prolongation-avec-camara\/\" \/>\n<meta property=\"og:site_name\" content=\"La Diagonale\" \/>\n<meta property=\"article:published_time\" content=\"2026-09-02T16:14:52+00:00\" \/>\n<meta property=\"article:modified_time\" content=\"2026-09-02T16:46:31+00:00\" \/>\n<meta property=\"og:image\" content=\"https:\/\/www.ladiagonale.net\/wp-content\/uploads\/2026\/08\/Camara-Coventry.png\" \/>\n\t<meta property=\"og:image:width\" content=\"1160\" \/>\n\t<meta property=\"og:image:height\" content=\"650\" \/>\n\t<meta property=\"og:image:type\" content=\"image\/png\" \/>\n<meta name=\"author\" content=\"Damien Dellerba\" \/>\n<meta name=\"twitter:card\" content=\"summary_large_image\" \/>\n<meta name=\"twitter:image\" content=\"https:\/\/www.ladiagonale.net\/wp-content\/uploads\/2026\/08\/Camara-Coventry.png\" \/>\n<meta name=\"twitter:label1\" content=\"\u00c9crit par\" \/>\n\t<meta name=\"twitter:data1\" content=\"Damien Dellerba\" \/>\n\t<meta name=\"twitter:label2\" content=\"Dur\u00e9e de lecture estim\u00e9e\" \/>\n\t<meta name=\"twitter:data2\" content=\"3 minutes\" \/>\n<script type=\"application\/ld+json\" class=\"yoast-schema-graph\">{\"@context\":\"https:\/\/schema.org\",\"@graph\":[{\"@type\":\"WebPage\",\"@id\":\"https:\/\/www.ladiagonale.net\/index.php\/2026\/09\/02\/scuro-nexclut-pas-de-discuter-prolongation-avec-camara\/\",\"url\":\"https:\/\/www.ladiagonale.net\/index.php\/2026\/09\/02\/scuro-nexclut-pas-de-discuter-prolongation-avec-camara\/\",\"name\":\"Scuro n\u2019exclut pas de discuter prolongation avec Camara - La Diagonale\",\"isPartOf\":{\"@id\":\"https:\/\/www.ladiagonale.net\/#website\"},\"datePublished\":\"2026-09-02T16:14:52+00:00\",\"dateModified\":\"2026-09-02T16:46:31+00:00\",\"author\":{\"@id\":\"https:\/\/www.ladiagonale.net\/#\/schema\/person\/79ff1e7b0853ed01b2aa26e64ad300bf\"},\"breadcrumb\":{\"@id\":\"https:\/\/www.ladiagonale.net\/index.php\/2026\/09\/02\/scuro-nexclut-pas-de-discuter-prolongation-avec-camara\/#breadcrumb\"},\"inLanguage\":\"fr-FR\",\"potentialAction\":[{\"@type\":\"ReadAction\",\"target\":[\"https:\/\/www.ladiagonale.net\/index.php\/2026\/09\/02\/scuro-nexclut-pas-de-discuter-prolongation-avec-camara\/\"]}]},{\"@type\":\"BreadcrumbList\",\"@id\":\"https:\/\/www.ladiagonale.net\/index.php\/2026\/09\/02\/scuro-nexclut-pas-de-discuter-prolongation-avec-camara\/#breadcrumb\",\"itemListElement\":[{\"@type\":\"ListItem\",\"position\":1,\"name\":\"Accueil\",\"item\":\"https:\/\/www.ladiagonale.net\/\"},{\"@type\":\"ListItem\",\"position\":2,\"name\":\"Scuro n\u2019exclut pas de discuter prolongation avec Camara\"}]},{\"@type\":\"WebSite\",\"@id\":\"https:\/\/www.ladiagonale.net\/#website\",\"url\":\"https:\/\/www.ladiagonale.net\/\",\"name\":\"La Diagonale\",\"description\":\"Le site des supporters de l&#039;AS Monaco FC\",\"potentialAction\":[{\"@type\":\"SearchAction\",\"target\":{\"@type\":\"EntryPoint\",\"urlTemplate\":\"https:\/\/www.ladiagonale.net\/?s={search_term_string}\"},\"query-input\":\"required name=search_term_string\"}],\"inLanguage\":\"fr-FR\"},{\"@type\":\"Person\",\"@id\":\"https:\/\/www.ladiagonale.net\/#\/schema\/person\/79ff1e7b0853ed01b2aa26e64ad300bf\",\"name\":\"Damien Dellerba\",\"image\":{\"@type\":\"ImageObject\",\"inLanguage\":\"fr-FR\",\"@id\":\"https:\/\/www.ladiagonale.net\/#\/schema\/person\/image\/\",\"url\":\"https:\/\/secure.gravatar.com\/avatar\/c7850e06d3ff63cdbaee88b7fc16e2f0?s=96&d=mm&r=g\",\"contentUrl\":\"https:\/\/secure.gravatar.com\/avatar\/c7850e06d3ff63cdbaee88b7fc16e2f0?s=96&d=mm&r=g\",\"caption\":\"Damien Dellerba\"},\"url\":\"https:\/\/www.ladiagonale.net\/index.php\/author\/damien\/\"}]}<\/script>\n<!-- \/ Yoast SEO plugin. -->","yoast_head_json":{"title":"Scuro n\u2019exclut pas de discuter prolongation avec Camara - La Diagonale","robots":{"index":"index","follow":"follow","max-snippet":"max-snippet:-1","max-image-preview":"max-image-preview:large","max-video-preview":"max-video-preview:-1"},"canonical":"https:\/\/www.ladiagonale.net\/index.php\/2026\/09\/02\/scuro-nexclut-pas-de-discuter-prolongation-avec-camara\/","og_locale":"fr_FR","og_type":"article","og_title":"Scuro n\u2019exclut pas de discuter prolongation avec Camara - La Diagonale","og_description":"Lamine Camara est rest\u00e9 Mon\u00e9gasque malgr\u00e9 les tr\u00e8s forts int\u00e9r\u00eats de Chelsea en fin de mercato. M\u00eame si les revirements dans ce dossier et la mani\u00e8re de faire ont valu \u00e0 l\u2019ASM beaucoup de critique depuis l\u2019Angleterre, Thiago Scuro s\u2019est dit satisfait de conserver son milieu de terrain, ador\u00e9 par Filipe Luis : \u00ab&nbsp;La r\u00e9alit\u00e9, [...]","og_url":"https:\/\/www.ladiagonale.net\/index.php\/2026\/09\/02\/scuro-nexclut-pas-de-discuter-prolongation-avec-camara\/","og_site_name":"La Diagonale","article_published_time":"2026-09-02T16:14:52+00:00","article_modified_time":"2026-09-02T16:46:31+00:00","og_image":[{"width":1160,"height":650,"url":"https:\/\/www.ladiagonale.net\/wp-content\/uploads\/2026\/08\/Camara-Coventry.png","type":"image\/png"}],"author":"Damien Dellerba","twitter_card":"summary_large_image","twitter_image":"https:\/\/www.ladiagonale.net\/wp-content\/uploads\/2026\/08\/Camara-Coventry.png","twitter_misc":{"\u00c9crit par":"Damien Dellerba","Dur\u00e9e de lecture estim\u00e9e":"3 minutes"},"schema":{"@context":"https:\/\/schema.org","@graph":[{"@type":"WebPage","@id":"https:\/\/www.ladiagonale.net\/index.php\/2026\/09\/02\/scuro-nexclut-pas-de-discuter-prolongation-avec-camara\/","url":"https:\/\/www.ladiagonale.net\/index.php\/2026\/09\/02\/scuro-nexclut-pas-de-discuter-prolongation-avec-camara\/","name":"Scuro n\u2019exclut pas de discuter prolongation avec Camara - La Diagonale","isPartOf":{"@id":"https:\/\/www.ladiagonale.net\/#website"},"datePublished":"2026-09-02T16:14:52+00:00","dateModified":"2026-09-02T16:46:31+00:00","author":{"@id":"https:\/\/www.ladiagonale.net\/#\/schema\/person\/79ff1e7b0853ed01b2aa26e64ad300bf"},"breadcrumb":{"@id":"https:\/\/www.ladiagonale.net\/index.php\/2026\/09\/02\/scuro-nexclut-pas-de-discuter-prolongation-avec-camara\/#breadcrumb"},"inLanguage":"fr-FR","potentialAction":[{"@type":"ReadAction","target":["https:\/\/www.ladiagonale.net\/index.php\/2026\/09\/02\/scuro-nexclut-pas-de-discuter-prolongation-avec-camara\/"]}]},{"@type":"BreadcrumbList","@id":"https:\/\/www.ladiagonale.net\/index.php\/2026\/09\/02\/scuro-nexclut-pas-de-discuter-prolongation-avec-camara\/#breadcrumb","itemListElement":[{"@type":"ListItem","position":1,"name":"Accueil","item":"https:\/\/www.ladiagonale.net\/"},{"@type":"ListItem","position":2,"name":"Scuro n\u2019exclut pas de discuter prolongation avec Camara"}]},{"@type":"WebSite","@id":"https:\/\/www.ladiagonale.net\/#website","url":"https:\/\/www.ladiagonale.net\/","name":"La Diagonale","description":"Le site des supporters de l&#039;AS Monaco FC","potentialAction":[{"@type":"SearchAction","target":{"@type":"EntryPoint","urlTemplate":"https:\/\/www.ladiagonale.net\/?s={search_term_string}"},"query-input":"required name=search_term_string"}],"inLanguage":"fr-FR"},{"@type":"Person","@id":"https:\/\/www.ladiagonale.net\/#\/schema\/person\/79ff1e7b0853ed01b2aa26e64ad300bf","name":"Damien Dellerba","image":{"@type":"ImageObject","inLanguage":"fr-FR","@id":"https:\/\/www.ladiagonale.net\/#\/schema\/person\/image\/","url":"https:\/\/secure.gravatar.com\/avatar\/c7850e06d3ff63cdbaee88b7fc16e2f0?s=96&d=mm&r=g","contentUrl":"https:\/\/secure.gravatar.com\/avatar\/c7850e06d3ff63cdbaee88b7fc16e2f0?s=96&d=mm&r=g","caption":"Damien Dellerba"},"url":"https:\/\/www.ladiagonale.net\/index.php\/author\/damien\/"}]}},"_links":{"self":[{"href":"https:\/\/www.ladiagonale.net\/index.php\/wp-json\/wp\/v2\/posts\/40553"}],"collection":[{"href":"https:\/\/www.ladiagonale.net\/index.php\/wp-json\/wp\/v2\/posts"}],"about":[{"href":"https:\/\/www.ladiagonale.net\/index.php\/wp-json\/wp\/v2\/types\/post"}],"author":[{"embeddable":true,"href":"https:\/\/www.ladiagonale.net\/index.php\/wp-json\/wp\/v2\/users\/2"}],"replies":[{"embeddable":true,"href":"https:\/\/www.ladiagonale.net\/index.php\/wp-json\/wp\/v2\/comments?post=40553"}],"version-history":[{"count":2,"href":"https:\/\/www.ladiagonale.net\/index.php\/wp-json\/wp\/v2\/posts\/40553\/revisions"}],"predecessor-version":[{"id":40556,"href":"https:\/\/www.ladiagonale.net\/index.php\/wp-json\/wp\/v2\/posts\/40553\/revisions\/40556"}],"wp:attachment":[{"href":"https:\/\/www.ladiagonale.net\/index.php\/wp-json\/wp\/v2\/media?parent=40553"}],"wp:term":[{"taxonomy":"category","embeddable":true,"href":"https:\/\/www.ladiagonale.net\/index.php\/wp-json\/wp\/v2\/categories?post=40553"},{"taxonomy":"post_tag","embeddable":true,"href":"https:\/\/www.ladiagonale.net\/index.php\/wp-json\/wp\/v2\/tags?post=40553"}],"curies":[{"name":"wp","href":"https:\/\/api.w.org\/{rel}","templated":true}]}}