{"id":40561,"date":"2026-09-02T18:59:01","date_gmt":"2026-09-02T16:59:01","guid":{"rendered":"https:\/\/www.ladiagonale.net\/?p=40561"},"modified":"2026-09-02T19:26:05","modified_gmt":"2026-09-02T17:26:05","slug":"entre-departs-joker-et-dncg-monaco-se-prepare-a-toutes-les-eventualites","status":"publish","type":"post","link":"https:\/\/www.ladiagonale.net\/index.php\/2026\/09\/02\/entre-departs-joker-et-dncg-monaco-se-prepare-a-toutes-les-eventualites\/","title":{"rendered":"Entre d\u00e9parts, joker et DNCG, Monaco se pr\u00e9pare \u00e0 toutes les \u00e9ventualit\u00e9s"},"content":{"rendered":"\n<p>Si la plupart des march\u00e9s sont d\u00e9sormais ferm\u00e9s, quelques-uns demeurent ouverts. C\u2019est notamment le cas des Pays-Bas, ce mercredi, avec <a href=\"https:\/\/www.ladiagonale.net\/index.php\/2026\/09\/02\/officiel-kehrer-prete-a-lajax\/\" target=\"_blank\" rel=\"noreferrer noopener\">le pr\u00eat de Thilo Kehrer<\/a> \u00e0 l\u2019Ajax Amsterdam, ou en Belgique, o\u00f9 Yann Lienard devrait atterrir en \u00e9tant pr\u00eat\u00e9 au Cercle Bruges. Mais d\u2019autres pays seront ouverts plus longtemps, en particulier deux avec des moyens financiers plus importants, comme la Turquie (4 septembre) ou l\u2019Arabie saoudite (6 septembre). Ainsi, l\u2019AS Monaco, qui n\u2019a pas totalement rempli ses objectifs au niveau financier, pourrait r\u00e9aliser d\u2019autres ventes dans les jours prochains.<\/p>\n\n\n\n<p>\u00ab&nbsp;<em>Il faut voir ce qui peut encore se passer, car certains march\u00e9s disposent encore des moyens financiers n\u00e9cessaires pour agir<\/em>&nbsp;\u00bb, a expliqu\u00e9 Scuro. <em>Nous menons diff\u00e9rentes discussions avec diff\u00e9rents clubs. Il se peut que des joueurs autres que Lamine (Camara) ou Folarin (Balogun) soient transf\u00e9r\u00e9s dans les 48 prochaines heures.<\/em>&nbsp;\u00bb<\/p>\n\n\n\n<h3>Le refus de Balogun a balay\u00e9 la strat\u00e9gie mon\u00e9gasque<\/h3>\n\n\n\n<p>Concernant l\u2019Am\u00e9ricain, toutes les options sont sur la table : \u00ab&nbsp;<em>Aujourd\u2019hui, c\u2019est toujours un joueur de l\u2019AS Monaco. Il y a une chance qu\u2019il reste. Mais pour l\u2019instant, nous attendons toujours son retour pour pouvoir nous asseoir autour d\u2019une table, discuter et d\u00e9terminer ensemble la suite des \u00e9v\u00e9nements. D\u2019autres march\u00e9s sont encore ouverts, et nous menons des discussions concernant diff\u00e9rents joueurs, y compris Balogun.&nbsp;<\/em>\u00bb&nbsp;<\/p>\n\n\n\n<p>Le refus de Folarin Balogun a eu un double impact. Outre l\u2019absence de rentr\u00e9e d\u2019argent frais, il n\u2019a pas non plus permis \u00e0 l\u2019ASM d\u2019all\u00e9ger sa masse salariale comme exig\u00e9 par la DNCG : \u00ab&nbsp;<em>Notre plan financier fonctionnait presque parfaitement jusqu\u2019\u00e0 19 heures (mardi). La r\u00e9duction des salaires \u00e9tait dans les clous. Nous avions r\u00e9ussi \u00e0 recruter les joueurs que nous voulions. Tout avait \u00e9t\u00e9 approuv\u00e9 \u00e0 l\u2019avance par la DNCG. Il ne nous restait qu\u2019un tr\u00e8s petit \u00e9cart financier \u00e0 combler pour cet hiver. Tout avait \u00e9t\u00e9 tr\u00e8s, tr\u00e8s bien men\u00e9.<\/em>&nbsp;\u00bb<\/p>\n\n\n\n<p>\u00ab&nbsp;<em>Malheureusement, les \u00e9v\u00e9nements que j\u2019ai mentionn\u00e9s pr\u00e9c\u00e9demment se sont produits<\/em>, a encha\u00een\u00e9 le directeur g\u00e9n\u00e9ral du club. <em>Maintenant, nous devons faire face \u00e0 cette situation et trouver des solutions par d\u2019autres moyens. Nous y travaillons d\u00e9j\u00e0. (\u2026) En termes de pourcentage, je dirais que nous avons d\u00fb r\u00e9duire notre budget d\u2019environ 20 %. Pour l\u2019instant, nous d\u00e9passons ce plafond et nous devons encore trouver des solutions ou discuter avec la DNCG de la mani\u00e8re de g\u00e9rer la situation. Nous le faisons chaque semaine de mani\u00e8re tr\u00e8s ouverte et transparente.&nbsp;<\/em>\u00bb<\/p>\n\n\n\n<h3>Scuro veut un mercato ouvert plus longtemps pour prot\u00e9ger la L1<\/h3>\n\n\n\n<p>Si l\u2019ASM ne se trouve pas en position de force avec sa puissance financi\u00e8re et par rapport \u00e0 ses engagements pris avec la DNCG pour r\u00e9duire sa masse salariale, elle ne ferme pas la porte \u00e0 l\u2019arriv\u00e9e d\u2019un joker. Mardi soir, <a href=\"https:\/\/www.ladiagonale.net\/index.php\/2026\/09\/01\/boudaoui-envisage-comme-joker\/\" target=\"_blank\" rel=\"noreferrer noopener\">une piste Hicham Boudaoui<\/a> \u00e9tait \u00e9voqu\u00e9e apr\u00e8s l\u2019\u00e9chec du transfert d\u2019Erik Lira. Mais l\u2019ASM a d\u2019autres manques, puisque aucun autre arri\u00e8re gauche ou ailier droit ne sont arriv\u00e9s. <\/p>\n\n\n\n<p>\u00ab\u00a0<em>Cela d\u00e9pendra des d\u00e9parts de joueurs qui permettront de lib\u00e9rer de la masse salariale. Il est possible que Monaco fasse appel \u00e0 un joker au cours de cette premi\u00e8re moiti\u00e9 de saison<\/em>\u00a0\u00bb, a confirm\u00e9 Scuro. Si l\u2019ASM se trouve oblig\u00e9e d\u2019utiliser ce point de r\u00e8glement, c\u2019est aussi parce que son mercato se termine en m\u00eame temps ou presque que celui des plus gros Championnats, \u00e0 la surface financi\u00e8re plus large.<\/p>\n\n\n\n<p>Mais cela ne convient pas \u00e0 Scuro, qui a d\u2019ailleurs pest\u00e9 contre la fermeture du march\u00e9 fran\u00e7ais quatre heures avant celui anglais : \u00ab&nbsp;<em>Nous devrions nous demander s&rsquo;il est logique que notre mercato se termine avant celui de la Premier League, car cela pose beaucoup de probl\u00e8mes. Pour prot\u00e9ger les clubs fran\u00e7ais, nous risquons de devenir plus que jamais un Championnat qui ne fait que vendre ses joueurs. Peut-\u00eatre devrions-nous commencer \u00e0 envisager de prolonger le mercato d\u2019un jour, voire de deux, \u00e0 l\u2019instar de la Belgique ou la Turquie. C\u2019est un moyen de prot\u00e9ger les clubs.<\/em>&nbsp;\u00bb<\/p>\n\n\n","protected":false},"excerpt":{"rendered":"<p>Si la plupart des march\u00e9s sont d\u00e9sormais ferm\u00e9s, quelques-uns demeurent ouverts. C\u2019est notamment le cas des Pays-Bas, ce mercredi, avec le pr\u00eat de Thilo Kehrer \u00e0 l\u2019Ajax Amsterdam, ou en Belgique, o\u00f9 Yann Lienard devrait atterrir en \u00e9tant pr\u00eat\u00e9 au Cercle Bruges. Mais d\u2019autres pays seront ouverts plus longtemps, en particulier deux avec des moyens [&#8230;]\n","protected":false},"author":2,"featured_media":0,"comment_status":"open","ping_status":"open","sticky":false,"template":"","format":"standard","meta":[],"categories":[6,1086],"tags":[86,483,111,479,110],"yoast_head":"<!-- This site is optimized with the Yoast SEO plugin v19.8 - https:\/\/yoast.com\/wordpress\/plugins\/seo\/ -->\n<title>Entre d\u00e9parts, joker et DNCG, Monaco se pr\u00e9pare \u00e0 toutes les \u00e9ventualit\u00e9s - La Diagonale<\/title>\n<meta name=\"robots\" content=\"index, follow, max-snippet:-1, max-image-preview:large, max-video-preview:-1\" \/>\n<link rel=\"canonical\" href=\"https:\/\/www.ladiagonale.net\/index.php\/2026\/09\/02\/entre-departs-joker-et-dncg-monaco-se-prepare-a-toutes-les-eventualites\/\" \/>\n<meta property=\"og:locale\" content=\"fr_FR\" \/>\n<meta property=\"og:type\" content=\"article\" \/>\n<meta property=\"og:title\" content=\"Entre d\u00e9parts, joker et DNCG, Monaco se pr\u00e9pare \u00e0 toutes les \u00e9ventualit\u00e9s - La Diagonale\" \/>\n<meta property=\"og:description\" content=\"Si la plupart des march\u00e9s sont d\u00e9sormais ferm\u00e9s, quelques-uns demeurent ouverts. C\u2019est notamment le cas des Pays-Bas, ce mercredi, avec le pr\u00eat de Thilo Kehrer \u00e0 l\u2019Ajax Amsterdam, ou en Belgique, o\u00f9 Yann Lienard devrait atterrir en \u00e9tant pr\u00eat\u00e9 au Cercle Bruges. Mais d\u2019autres pays seront ouverts plus longtemps, en particulier deux avec des moyens [...]\" \/>\n<meta property=\"og:url\" content=\"https:\/\/www.ladiagonale.net\/index.php\/2026\/09\/02\/entre-departs-joker-et-dncg-monaco-se-prepare-a-toutes-les-eventualites\/\" \/>\n<meta property=\"og:site_name\" content=\"La Diagonale\" \/>\n<meta property=\"article:published_time\" content=\"2026-09-02T16:59:01+00:00\" \/>\n<meta property=\"article:modified_time\" content=\"2026-09-02T17:26:05+00:00\" \/>\n<meta property=\"og:image\" content=\"https:\/\/www.ladiagonale.net\/wp-content\/uploads\/2026\/01\/Avina-Scuro.png\" \/>\n\t<meta property=\"og:image:width\" content=\"1160\" \/>\n\t<meta property=\"og:image:height\" content=\"650\" \/>\n\t<meta property=\"og:image:type\" content=\"image\/png\" \/>\n<meta name=\"author\" content=\"Damien Dellerba\" \/>\n<meta name=\"twitter:card\" content=\"summary_large_image\" \/>\n<meta name=\"twitter:image\" content=\"https:\/\/www.ladiagonale.net\/wp-content\/uploads\/2026\/01\/Avina-Scuro.png\" \/>\n<meta name=\"twitter:label1\" content=\"\u00c9crit par\" \/>\n\t<meta name=\"twitter:data1\" content=\"Damien Dellerba\" \/>\n\t<meta name=\"twitter:label2\" content=\"Dur\u00e9e de lecture estim\u00e9e\" \/>\n\t<meta name=\"twitter:data2\" content=\"4 minutes\" \/>\n<script type=\"application\/ld+json\" class=\"yoast-schema-graph\">{\"@context\":\"https:\/\/schema.org\",\"@graph\":[{\"@type\":\"WebPage\",\"@id\":\"https:\/\/www.ladiagonale.net\/index.php\/2026\/09\/02\/entre-departs-joker-et-dncg-monaco-se-prepare-a-toutes-les-eventualites\/\",\"url\":\"https:\/\/www.ladiagonale.net\/index.php\/2026\/09\/02\/entre-departs-joker-et-dncg-monaco-se-prepare-a-toutes-les-eventualites\/\",\"name\":\"Entre d\u00e9parts, joker et DNCG, Monaco se pr\u00e9pare \u00e0 toutes les \u00e9ventualit\u00e9s - La Diagonale\",\"isPartOf\":{\"@id\":\"https:\/\/www.ladiagonale.net\/#website\"},\"datePublished\":\"2026-09-02T16:59:01+00:00\",\"dateModified\":\"2026-09-02T17:26:05+00:00\",\"author\":{\"@id\":\"https:\/\/www.ladiagonale.net\/#\/schema\/person\/79ff1e7b0853ed01b2aa26e64ad300bf\"},\"breadcrumb\":{\"@id\":\"https:\/\/www.ladiagonale.net\/index.php\/2026\/09\/02\/entre-departs-joker-et-dncg-monaco-se-prepare-a-toutes-les-eventualites\/#breadcrumb\"},\"inLanguage\":\"fr-FR\",\"potentialAction\":[{\"@type\":\"ReadAction\",\"target\":[\"https:\/\/www.ladiagonale.net\/index.php\/2026\/09\/02\/entre-departs-joker-et-dncg-monaco-se-prepare-a-toutes-les-eventualites\/\"]}]},{\"@type\":\"BreadcrumbList\",\"@id\":\"https:\/\/www.ladiagonale.net\/index.php\/2026\/09\/02\/entre-departs-joker-et-dncg-monaco-se-prepare-a-toutes-les-eventualites\/#breadcrumb\",\"itemListElement\":[{\"@type\":\"ListItem\",\"position\":1,\"name\":\"Accueil\",\"item\":\"https:\/\/www.ladiagonale.net\/\"},{\"@type\":\"ListItem\",\"position\":2,\"name\":\"Entre d\u00e9parts, joker et DNCG, Monaco se pr\u00e9pare \u00e0 toutes les \u00e9ventualit\u00e9s\"}]},{\"@type\":\"WebSite\",\"@id\":\"https:\/\/www.ladiagonale.net\/#website\",\"url\":\"https:\/\/www.ladiagonale.net\/\",\"name\":\"La Diagonale\",\"description\":\"Le site des supporters de l&#039;AS Monaco FC\",\"potentialAction\":[{\"@type\":\"SearchAction\",\"target\":{\"@type\":\"EntryPoint\",\"urlTemplate\":\"https:\/\/www.ladiagonale.net\/?s={search_term_string}\"},\"query-input\":\"required name=search_term_string\"}],\"inLanguage\":\"fr-FR\"},{\"@type\":\"Person\",\"@id\":\"https:\/\/www.ladiagonale.net\/#\/schema\/person\/79ff1e7b0853ed01b2aa26e64ad300bf\",\"name\":\"Damien Dellerba\",\"image\":{\"@type\":\"ImageObject\",\"inLanguage\":\"fr-FR\",\"@id\":\"https:\/\/www.ladiagonale.net\/#\/schema\/person\/image\/\",\"url\":\"https:\/\/secure.gravatar.com\/avatar\/c7850e06d3ff63cdbaee88b7fc16e2f0?s=96&d=mm&r=g\",\"contentUrl\":\"https:\/\/secure.gravatar.com\/avatar\/c7850e06d3ff63cdbaee88b7fc16e2f0?s=96&d=mm&r=g\",\"caption\":\"Damien Dellerba\"},\"url\":\"https:\/\/www.ladiagonale.net\/index.php\/author\/damien\/\"}]}<\/script>\n<!-- \/ Yoast SEO plugin. -->","yoast_head_json":{"title":"Entre d\u00e9parts, joker et DNCG, Monaco se pr\u00e9pare \u00e0 toutes les \u00e9ventualit\u00e9s - La Diagonale","robots":{"index":"index","follow":"follow","max-snippet":"max-snippet:-1","max-image-preview":"max-image-preview:large","max-video-preview":"max-video-preview:-1"},"canonical":"https:\/\/www.ladiagonale.net\/index.php\/2026\/09\/02\/entre-departs-joker-et-dncg-monaco-se-prepare-a-toutes-les-eventualites\/","og_locale":"fr_FR","og_type":"article","og_title":"Entre d\u00e9parts, joker et DNCG, Monaco se pr\u00e9pare \u00e0 toutes les \u00e9ventualit\u00e9s - La Diagonale","og_description":"Si la plupart des march\u00e9s sont d\u00e9sormais ferm\u00e9s, quelques-uns demeurent ouverts. C\u2019est notamment le cas des Pays-Bas, ce mercredi, avec le pr\u00eat de Thilo Kehrer \u00e0 l\u2019Ajax Amsterdam, ou en Belgique, o\u00f9 Yann Lienard devrait atterrir en \u00e9tant pr\u00eat\u00e9 au Cercle Bruges. Mais d\u2019autres pays seront ouverts plus longtemps, en particulier deux avec des moyens [...]","og_url":"https:\/\/www.ladiagonale.net\/index.php\/2026\/09\/02\/entre-departs-joker-et-dncg-monaco-se-prepare-a-toutes-les-eventualites\/","og_site_name":"La Diagonale","article_published_time":"2026-09-02T16:59:01+00:00","article_modified_time":"2026-09-02T17:26:05+00:00","og_image":[{"width":1160,"height":650,"url":"https:\/\/www.ladiagonale.net\/wp-content\/uploads\/2026\/01\/Avina-Scuro.png","type":"image\/png"}],"author":"Damien Dellerba","twitter_card":"summary_large_image","twitter_image":"https:\/\/www.ladiagonale.net\/wp-content\/uploads\/2026\/01\/Avina-Scuro.png","twitter_misc":{"\u00c9crit par":"Damien Dellerba","Dur\u00e9e de lecture estim\u00e9e":"4 minutes"},"schema":{"@context":"https:\/\/schema.org","@graph":[{"@type":"WebPage","@id":"https:\/\/www.ladiagonale.net\/index.php\/2026\/09\/02\/entre-departs-joker-et-dncg-monaco-se-prepare-a-toutes-les-eventualites\/","url":"https:\/\/www.ladiagonale.net\/index.php\/2026\/09\/02\/entre-departs-joker-et-dncg-monaco-se-prepare-a-toutes-les-eventualites\/","name":"Entre d\u00e9parts, joker et DNCG, Monaco se pr\u00e9pare \u00e0 toutes les \u00e9ventualit\u00e9s - La Diagonale","isPartOf":{"@id":"https:\/\/www.ladiagonale.net\/#website"},"datePublished":"2026-09-02T16:59:01+00:00","dateModified":"2026-09-02T17:26:05+00:00","author":{"@id":"https:\/\/www.ladiagonale.net\/#\/schema\/person\/79ff1e7b0853ed01b2aa26e64ad300bf"},"breadcrumb":{"@id":"https:\/\/www.ladiagonale.net\/index.php\/2026\/09\/02\/entre-departs-joker-et-dncg-monaco-se-prepare-a-toutes-les-eventualites\/#breadcrumb"},"inLanguage":"fr-FR","potentialAction":[{"@type":"ReadAction","target":["https:\/\/www.ladiagonale.net\/index.php\/2026\/09\/02\/entre-departs-joker-et-dncg-monaco-se-prepare-a-toutes-les-eventualites\/"]}]},{"@type":"BreadcrumbList","@id":"https:\/\/www.ladiagonale.net\/index.php\/2026\/09\/02\/entre-departs-joker-et-dncg-monaco-se-prepare-a-toutes-les-eventualites\/#breadcrumb","itemListElement":[{"@type":"ListItem","position":1,"name":"Accueil","item":"https:\/\/www.ladiagonale.net\/"},{"@type":"ListItem","position":2,"name":"Entre d\u00e9parts, joker et DNCG, Monaco se pr\u00e9pare \u00e0 toutes les \u00e9ventualit\u00e9s"}]},{"@type":"WebSite","@id":"https:\/\/www.ladiagonale.net\/#website","url":"https:\/\/www.ladiagonale.net\/","name":"La Diagonale","description":"Le site des supporters de l&#039;AS Monaco FC","potentialAction":[{"@type":"SearchAction","target":{"@type":"EntryPoint","urlTemplate":"https:\/\/www.ladiagonale.net\/?s={search_term_string}"},"query-input":"required name=search_term_string"}],"inLanguage":"fr-FR"},{"@type":"Person","@id":"https:\/\/www.ladiagonale.net\/#\/schema\/person\/79ff1e7b0853ed01b2aa26e64ad300bf","name":"Damien Dellerba","image":{"@type":"ImageObject","inLanguage":"fr-FR","@id":"https:\/\/www.ladiagonale.net\/#\/schema\/person\/image\/","url":"https:\/\/secure.gravatar.com\/avatar\/c7850e06d3ff63cdbaee88b7fc16e2f0?s=96&d=mm&r=g","contentUrl":"https:\/\/secure.gravatar.com\/avatar\/c7850e06d3ff63cdbaee88b7fc16e2f0?s=96&d=mm&r=g","caption":"Damien Dellerba"},"url":"https:\/\/www.ladiagonale.net\/index.php\/author\/damien\/"}]}},"_links":{"self":[{"href":"https:\/\/www.ladiagonale.net\/index.php\/wp-json\/wp\/v2\/posts\/40561"}],"collection":[{"href":"https:\/\/www.ladiagonale.net\/index.php\/wp-json\/wp\/v2\/posts"}],"about":[{"href":"https:\/\/www.ladiagonale.net\/index.php\/wp-json\/wp\/v2\/types\/post"}],"author":[{"embeddable":true,"href":"https:\/\/www.ladiagonale.net\/index.php\/wp-json\/wp\/v2\/users\/2"}],"replies":[{"embeddable":true,"href":"https:\/\/www.ladiagonale.net\/index.php\/wp-json\/wp\/v2\/comments?post=40561"}],"version-history":[{"count":2,"href":"https:\/\/www.ladiagonale.net\/index.php\/wp-json\/wp\/v2\/posts\/40561\/revisions"}],"predecessor-version":[{"id":40567,"href":"https:\/\/www.ladiagonale.net\/index.php\/wp-json\/wp\/v2\/posts\/40561\/revisions\/40567"}],"wp:attachment":[{"href":"https:\/\/www.ladiagonale.net\/index.php\/wp-json\/wp\/v2\/media?parent=40561"}],"wp:term":[{"taxonomy":"category","embeddable":true,"href":"https:\/\/www.ladiagonale.net\/index.php\/wp-json\/wp\/v2\/categories?post=40561"},{"taxonomy":"post_tag","embeddable":true,"href":"https:\/\/www.ladiagonale.net\/index.php\/wp-json\/wp\/v2\/tags?post=40561"}],"curies":[{"name":"wp","href":"https:\/\/api.w.org\/{rel}","templated":true}]}}