{"id":40565,"date":"2026-09-02T19:11:38","date_gmt":"2026-09-02T17:11:38","guid":{"rendered":"https:\/\/www.ladiagonale.net\/?p=40565"},"modified":"2026-09-02T19:11:38","modified_gmt":"2026-09-02T17:11:38","slug":"pas-de-retour-attendu-de-linfirmerie-pour-paris","status":"publish","type":"post","link":"https:\/\/www.ladiagonale.net\/index.php\/2026\/09\/02\/pas-de-retour-attendu-de-linfirmerie-pour-paris\/","title":{"rendered":"Pas de retour attendu de l\u2019infirmerie pour Paris"},"content":{"rendered":"\n<p>Apr\u00e8s une fin de mercato mouvement\u00e9e, et m\u00eame si l\u2019AS Monaco n\u2019exclut pas des d\u00e9parts dans les prochaines 48 heures, le groupe as\u00e9miste peut d\u00e9sormais mettre le cap sur son prochain match. Et il sera difficile puisque l\u2019ASM affrontera le Paris Saint-Germain, vendredi. Pour cette rencontre, Filipe Luis ne r\u00e9cup\u00e9rera aucun joueur sur le flanc.<\/p>\n\n\n\n<p>Folarin Balogun, qui, m\u00eame sans son transfert avort\u00e9 du c\u00f4t\u00e9 d\u2019Everton, n\u2019\u00e9tait dans tous les cas pas encore pr\u00eat, ne sera pas du voyage. Idem pour Ansu Fati, touch\u00e9 au mollet droit mais qui a pu toutefois \u00eatre \u00e0 l\u2019\u00e9chauffement de la s\u00e9ance collective ce mercredi. Enfin, Edan Diop, touch\u00e9 \u00e0 une cuisse, a lui repris les entra\u00eenements avec le groupe.<\/p>\n\n\n\n<p>\u00ab<em>\u00a0La bonne nouvelle, c\u2019est qu\u2019il a repris avec le groupe mais je pense qu\u2019il a besoin de plus de temps pour revenir<\/em> \u00bb, a comment\u00e9 Filipe Luis, en conf\u00e9rence de presse, relay\u00e9 par <em>Nice-Matin<\/em>. Il ne semble pas avoir fait mention de Takumi Minamino et Mohammed Salisu, qui se rapprochent d\u2019un retour mais qui ne devraient logiquement pas \u00eatre \u00e0 Paris vendredi.<\/p>\n\n\n","protected":false},"excerpt":{"rendered":"<p>Apr\u00e8s une fin de mercato mouvement\u00e9e, et m\u00eame si l\u2019AS Monaco n\u2019exclut pas des d\u00e9parts dans les prochaines 48 heures, le groupe as\u00e9miste peut d\u00e9sormais mettre le cap sur son prochain match. Et il sera difficile puisque l\u2019ASM affrontera le Paris Saint-Germain, vendredi. Pour cette rencontre, Filipe Luis ne r\u00e9cup\u00e9rera aucun joueur sur le flanc. [&#8230;]\n","protected":false},"author":2,"featured_media":0,"comment_status":"open","ping_status":"open","sticky":false,"template":"","format":"standard","meta":[],"categories":[6,1035],"tags":[1048,86,80,1301,483,196,94,720],"yoast_head":"<!-- This site is optimized with the Yoast SEO plugin v19.8 - https:\/\/yoast.com\/wordpress\/plugins\/seo\/ -->\n<title>Pas de retour attendu de l\u2019infirmerie pour Paris - La Diagonale<\/title>\n<meta name=\"robots\" content=\"index, follow, max-snippet:-1, max-image-preview:large, max-video-preview:-1\" \/>\n<link rel=\"canonical\" href=\"https:\/\/www.ladiagonale.net\/index.php\/2026\/09\/02\/pas-de-retour-attendu-de-linfirmerie-pour-paris\/\" \/>\n<meta property=\"og:locale\" content=\"fr_FR\" \/>\n<meta property=\"og:type\" content=\"article\" \/>\n<meta property=\"og:title\" content=\"Pas de retour attendu de l\u2019infirmerie pour Paris - La Diagonale\" \/>\n<meta property=\"og:description\" content=\"Apr\u00e8s une fin de mercato mouvement\u00e9e, et m\u00eame si l\u2019AS Monaco n\u2019exclut pas des d\u00e9parts dans les prochaines 48 heures, le groupe as\u00e9miste peut d\u00e9sormais mettre le cap sur son prochain match. Et il sera difficile puisque l\u2019ASM affrontera le Paris Saint-Germain, vendredi. Pour cette rencontre, Filipe Luis ne r\u00e9cup\u00e9rera aucun joueur sur le flanc. [...]\" \/>\n<meta property=\"og:url\" content=\"https:\/\/www.ladiagonale.net\/index.php\/2026\/09\/02\/pas-de-retour-attendu-de-linfirmerie-pour-paris\/\" \/>\n<meta property=\"og:site_name\" content=\"La Diagonale\" \/>\n<meta property=\"article:published_time\" content=\"2026-09-02T17:11:38+00:00\" \/>\n<meta property=\"og:image\" content=\"https:\/\/www.ladiagonale.net\/wp-content\/uploads\/2025\/10\/Fati-nice-1.png\" \/>\n\t<meta property=\"og:image:width\" content=\"1160\" \/>\n\t<meta property=\"og:image:height\" content=\"650\" \/>\n\t<meta property=\"og:image:type\" content=\"image\/png\" \/>\n<meta name=\"author\" content=\"Damien Dellerba\" \/>\n<meta name=\"twitter:card\" content=\"summary_large_image\" \/>\n<meta name=\"twitter:image\" content=\"https:\/\/www.ladiagonale.net\/wp-content\/uploads\/2025\/10\/Fati-nice-1.png\" \/>\n<meta name=\"twitter:label1\" content=\"\u00c9crit par\" \/>\n\t<meta name=\"twitter:data1\" content=\"Damien Dellerba\" \/>\n\t<meta name=\"twitter:label2\" content=\"Dur\u00e9e de lecture estim\u00e9e\" \/>\n\t<meta name=\"twitter:data2\" content=\"1 minute\" \/>\n<script type=\"application\/ld+json\" class=\"yoast-schema-graph\">{\"@context\":\"https:\/\/schema.org\",\"@graph\":[{\"@type\":\"WebPage\",\"@id\":\"https:\/\/www.ladiagonale.net\/index.php\/2026\/09\/02\/pas-de-retour-attendu-de-linfirmerie-pour-paris\/\",\"url\":\"https:\/\/www.ladiagonale.net\/index.php\/2026\/09\/02\/pas-de-retour-attendu-de-linfirmerie-pour-paris\/\",\"name\":\"Pas de retour attendu de l\u2019infirmerie pour Paris - La Diagonale\",\"isPartOf\":{\"@id\":\"https:\/\/www.ladiagonale.net\/#website\"},\"datePublished\":\"2026-09-02T17:11:38+00:00\",\"dateModified\":\"2026-09-02T17:11:38+00:00\",\"author\":{\"@id\":\"https:\/\/www.ladiagonale.net\/#\/schema\/person\/79ff1e7b0853ed01b2aa26e64ad300bf\"},\"breadcrumb\":{\"@id\":\"https:\/\/www.ladiagonale.net\/index.php\/2026\/09\/02\/pas-de-retour-attendu-de-linfirmerie-pour-paris\/#breadcrumb\"},\"inLanguage\":\"fr-FR\",\"potentialAction\":[{\"@type\":\"ReadAction\",\"target\":[\"https:\/\/www.ladiagonale.net\/index.php\/2026\/09\/02\/pas-de-retour-attendu-de-linfirmerie-pour-paris\/\"]}]},{\"@type\":\"BreadcrumbList\",\"@id\":\"https:\/\/www.ladiagonale.net\/index.php\/2026\/09\/02\/pas-de-retour-attendu-de-linfirmerie-pour-paris\/#breadcrumb\",\"itemListElement\":[{\"@type\":\"ListItem\",\"position\":1,\"name\":\"Accueil\",\"item\":\"https:\/\/www.ladiagonale.net\/\"},{\"@type\":\"ListItem\",\"position\":2,\"name\":\"Pas de retour attendu de l\u2019infirmerie pour Paris\"}]},{\"@type\":\"WebSite\",\"@id\":\"https:\/\/www.ladiagonale.net\/#website\",\"url\":\"https:\/\/www.ladiagonale.net\/\",\"name\":\"La Diagonale\",\"description\":\"Le site des supporters de l&#039;AS Monaco FC\",\"potentialAction\":[{\"@type\":\"SearchAction\",\"target\":{\"@type\":\"EntryPoint\",\"urlTemplate\":\"https:\/\/www.ladiagonale.net\/?s={search_term_string}\"},\"query-input\":\"required name=search_term_string\"}],\"inLanguage\":\"fr-FR\"},{\"@type\":\"Person\",\"@id\":\"https:\/\/www.ladiagonale.net\/#\/schema\/person\/79ff1e7b0853ed01b2aa26e64ad300bf\",\"name\":\"Damien Dellerba\",\"image\":{\"@type\":\"ImageObject\",\"inLanguage\":\"fr-FR\",\"@id\":\"https:\/\/www.ladiagonale.net\/#\/schema\/person\/image\/\",\"url\":\"https:\/\/secure.gravatar.com\/avatar\/c7850e06d3ff63cdbaee88b7fc16e2f0?s=96&d=mm&r=g\",\"contentUrl\":\"https:\/\/secure.gravatar.com\/avatar\/c7850e06d3ff63cdbaee88b7fc16e2f0?s=96&d=mm&r=g\",\"caption\":\"Damien Dellerba\"},\"url\":\"https:\/\/www.ladiagonale.net\/index.php\/author\/damien\/\"}]}<\/script>\n<!-- \/ Yoast SEO plugin. -->","yoast_head_json":{"title":"Pas de retour attendu de l\u2019infirmerie pour Paris - La Diagonale","robots":{"index":"index","follow":"follow","max-snippet":"max-snippet:-1","max-image-preview":"max-image-preview:large","max-video-preview":"max-video-preview:-1"},"canonical":"https:\/\/www.ladiagonale.net\/index.php\/2026\/09\/02\/pas-de-retour-attendu-de-linfirmerie-pour-paris\/","og_locale":"fr_FR","og_type":"article","og_title":"Pas de retour attendu de l\u2019infirmerie pour Paris - La Diagonale","og_description":"Apr\u00e8s une fin de mercato mouvement\u00e9e, et m\u00eame si l\u2019AS Monaco n\u2019exclut pas des d\u00e9parts dans les prochaines 48 heures, le groupe as\u00e9miste peut d\u00e9sormais mettre le cap sur son prochain match. Et il sera difficile puisque l\u2019ASM affrontera le Paris Saint-Germain, vendredi. Pour cette rencontre, Filipe Luis ne r\u00e9cup\u00e9rera aucun joueur sur le flanc. [...]","og_url":"https:\/\/www.ladiagonale.net\/index.php\/2026\/09\/02\/pas-de-retour-attendu-de-linfirmerie-pour-paris\/","og_site_name":"La Diagonale","article_published_time":"2026-09-02T17:11:38+00:00","og_image":[{"width":1160,"height":650,"url":"https:\/\/www.ladiagonale.net\/wp-content\/uploads\/2025\/10\/Fati-nice-1.png","type":"image\/png"}],"author":"Damien Dellerba","twitter_card":"summary_large_image","twitter_image":"https:\/\/www.ladiagonale.net\/wp-content\/uploads\/2025\/10\/Fati-nice-1.png","twitter_misc":{"\u00c9crit par":"Damien Dellerba","Dur\u00e9e de lecture estim\u00e9e":"1 minute"},"schema":{"@context":"https:\/\/schema.org","@graph":[{"@type":"WebPage","@id":"https:\/\/www.ladiagonale.net\/index.php\/2026\/09\/02\/pas-de-retour-attendu-de-linfirmerie-pour-paris\/","url":"https:\/\/www.ladiagonale.net\/index.php\/2026\/09\/02\/pas-de-retour-attendu-de-linfirmerie-pour-paris\/","name":"Pas de retour attendu de l\u2019infirmerie pour Paris - La Diagonale","isPartOf":{"@id":"https:\/\/www.ladiagonale.net\/#website"},"datePublished":"2026-09-02T17:11:38+00:00","dateModified":"2026-09-02T17:11:38+00:00","author":{"@id":"https:\/\/www.ladiagonale.net\/#\/schema\/person\/79ff1e7b0853ed01b2aa26e64ad300bf"},"breadcrumb":{"@id":"https:\/\/www.ladiagonale.net\/index.php\/2026\/09\/02\/pas-de-retour-attendu-de-linfirmerie-pour-paris\/#breadcrumb"},"inLanguage":"fr-FR","potentialAction":[{"@type":"ReadAction","target":["https:\/\/www.ladiagonale.net\/index.php\/2026\/09\/02\/pas-de-retour-attendu-de-linfirmerie-pour-paris\/"]}]},{"@type":"BreadcrumbList","@id":"https:\/\/www.ladiagonale.net\/index.php\/2026\/09\/02\/pas-de-retour-attendu-de-linfirmerie-pour-paris\/#breadcrumb","itemListElement":[{"@type":"ListItem","position":1,"name":"Accueil","item":"https:\/\/www.ladiagonale.net\/"},{"@type":"ListItem","position":2,"name":"Pas de retour attendu de l\u2019infirmerie pour Paris"}]},{"@type":"WebSite","@id":"https:\/\/www.ladiagonale.net\/#website","url":"https:\/\/www.ladiagonale.net\/","name":"La Diagonale","description":"Le site des supporters de l&#039;AS Monaco FC","potentialAction":[{"@type":"SearchAction","target":{"@type":"EntryPoint","urlTemplate":"https:\/\/www.ladiagonale.net\/?s={search_term_string}"},"query-input":"required name=search_term_string"}],"inLanguage":"fr-FR"},{"@type":"Person","@id":"https:\/\/www.ladiagonale.net\/#\/schema\/person\/79ff1e7b0853ed01b2aa26e64ad300bf","name":"Damien Dellerba","image":{"@type":"ImageObject","inLanguage":"fr-FR","@id":"https:\/\/www.ladiagonale.net\/#\/schema\/person\/image\/","url":"https:\/\/secure.gravatar.com\/avatar\/c7850e06d3ff63cdbaee88b7fc16e2f0?s=96&d=mm&r=g","contentUrl":"https:\/\/secure.gravatar.com\/avatar\/c7850e06d3ff63cdbaee88b7fc16e2f0?s=96&d=mm&r=g","caption":"Damien Dellerba"},"url":"https:\/\/www.ladiagonale.net\/index.php\/author\/damien\/"}]}},"_links":{"self":[{"href":"https:\/\/www.ladiagonale.net\/index.php\/wp-json\/wp\/v2\/posts\/40565"}],"collection":[{"href":"https:\/\/www.ladiagonale.net\/index.php\/wp-json\/wp\/v2\/posts"}],"about":[{"href":"https:\/\/www.ladiagonale.net\/index.php\/wp-json\/wp\/v2\/types\/post"}],"author":[{"embeddable":true,"href":"https:\/\/www.ladiagonale.net\/index.php\/wp-json\/wp\/v2\/users\/2"}],"replies":[{"embeddable":true,"href":"https:\/\/www.ladiagonale.net\/index.php\/wp-json\/wp\/v2\/comments?post=40565"}],"version-history":[{"count":1,"href":"https:\/\/www.ladiagonale.net\/index.php\/wp-json\/wp\/v2\/posts\/40565\/revisions"}],"predecessor-version":[{"id":40566,"href":"https:\/\/www.ladiagonale.net\/index.php\/wp-json\/wp\/v2\/posts\/40565\/revisions\/40566"}],"wp:attachment":[{"href":"https:\/\/www.ladiagonale.net\/index.php\/wp-json\/wp\/v2\/media?parent=40565"}],"wp:term":[{"taxonomy":"category","embeddable":true,"href":"https:\/\/www.ladiagonale.net\/index.php\/wp-json\/wp\/v2\/categories?post=40565"},{"taxonomy":"post_tag","embeddable":true,"href":"https:\/\/www.ladiagonale.net\/index.php\/wp-json\/wp\/v2\/tags?post=40565"}],"curies":[{"name":"wp","href":"https:\/\/api.w.org\/{rel}","templated":true}]}}