{"id":40569,"date":"2026-09-03T00:04:14","date_gmt":"2026-09-02T22:04:14","guid":{"rendered":"https:\/\/www.ladiagonale.net\/?p=40569"},"modified":"2026-09-03T00:47:17","modified_gmt":"2026-09-02T22:47:17","slug":"filipe-luis-sur-le-transfert-avorte-de-camara-cela-peut-avoir-un-impact-dans-sa-tete","status":"publish","type":"post","link":"https:\/\/www.ladiagonale.net\/index.php\/2026\/09\/03\/filipe-luis-sur-le-transfert-avorte-de-camara-cela-peut-avoir-un-impact-dans-sa-tete\/","title":{"rendered":"Filipe Luis sur le transfert avort\u00e9 de Camara : \u00ab&nbsp;Cela peut avoir un impact&nbsp;dans sa t\u00eate&nbsp;\u00bb"},"content":{"rendered":"\n<p>Dimanche dernier contre l\u2019OM, Lamine Camara a r\u00e9alis\u00e9 une performance de tr\u00e8s haut niveau. Malgr\u00e9 son transfert avort\u00e9 vers Chelsea mardi soir, le milieu de terrain s\u00e9n\u00e9galais reste attendu pour jouer vendredi face au Paris Saint-Germain. Mais difficile de savoir s\u2019il saura dig\u00e9rer rapidement cet \u00e9pisode. Si Thiago Scuro se veut confiant, son entra\u00eeneur Filipe Luis a conscience que ce genre de choses peut perturber un joueur : \u00ab&nbsp;<em>Avec tout ce qu\u2019il a v\u00e9cu ces derniers jours, forc\u00e9ment, cela peut avoir un impact dans sa t\u00eate.<\/em>&nbsp;\u00bb<\/p>\n\n\n\n<p>Pour le technicien de l\u2019AS Monaco, Camara ne pourra pas tergiverser trop longtemps et doit penser uniquement \u00e0 son jeu : \u00ab&nbsp;<em>Ce qui le rend heureux est simplement de jouer et d\u2019\u00eatre sur le terrain. Ce qu\u2019il doit donc faire est de rejouer le plus rapidement possible. Nous discutons ensemble tous les jours et nous essayons de conserver nos meilleurs joueurs afin qu\u2019il y ait davantage de bons joueurs dans l\u2019effectif. Ce n\u2019est pas simple de garder un joueur comme Lamine mais je suis tr\u00e8s heureux qu\u2019il soit rest\u00e9, c\u2019est la meilleure chose pour le club. Il sera pr\u00eat \u00e0 100% contre le PSG.<\/em>&nbsp;\u00bb<\/p>\n\n\n\n<p>D\u00e9j\u00e0 peu avare en compliments sur son joueur, l\u2019entra\u00eeneur br\u00e9silien a redit tout le bien qu\u2019il pensait de lui : \u00ab\u00a0<em>C\u2019est un gar\u00e7on sp\u00e9cial, je le ressens chaque jour \u00e0 l\u2019entra\u00eenement, chaque jour o\u00f9 je parle avec lui. Il est tr\u00e8s sp\u00e9cial, c\u2019est vraiment facile de travailler avec lui. Le monde du football conna\u00eet ses qualit\u00e9s et tous les clubs le regardent. Si rien ne change, qu\u2019il maintient son niveau et devient meilleur, ce dont je suis persuad\u00e9, il n\u2019y aura pas qu\u2019un club qui le voudra au prochain mercato. Comme je l\u2019ai dit avant, c\u2019est un joueur \u00e9lite.\u00a0<\/em>\u00bb<\/p>\n\n\n\n<p>Interrog\u00e9 en conf\u00e9rence de presse au sujet de son co\u00e9quipier s\u00e9n\u00e9galais, Eric Dier a eu quelques mots de compassion : \u00ab<em>\u00a0C\u2019est une situation difficile \u00e9videmment, mais ce n\u2019est pas la premi\u00e8re fois que \u00e7a arrive dans le football, c\u2019est m\u00eame assez commun, mais peut-\u00eatre que \u00e7a lui arrive pour la premi\u00e8re fois. C\u2019est un jeune joueur, mais il est d\u00e9j\u00e0 tr\u00e8s mature et focus sur ce qu\u2019il doit faire, donc je ne pense pas que \u00e7a va l\u2019affecter. En tout cas, s\u2019il a besoin de quoi que ce soit, il peut \u00eatre assur\u00e9 que je serai l\u00e0 pour lui. (&#8230;) Je pense m\u00eame que cela peut \u00eatre une bonne exp\u00e9rience pour lui pour le futur.\u00a0<\/em>\u00bb <\/p>\n\n\n\n\n\n<p><\/p>\n","protected":false},"excerpt":{"rendered":"<p>Dimanche dernier contre l\u2019OM, Lamine Camara a r\u00e9alis\u00e9 une performance de tr\u00e8s haut niveau. Malgr\u00e9 son transfert avort\u00e9 vers Chelsea mardi soir, le milieu de terrain s\u00e9n\u00e9galais reste attendu pour jouer vendredi face au Paris Saint-Germain. Mais difficile de savoir s\u2019il saura dig\u00e9rer rapidement cet \u00e9pisode. Si Thiago Scuro se veut confiant, son entra\u00eeneur Filipe [&#8230;]\n","protected":false},"author":2,"featured_media":0,"comment_status":"open","ping_status":"open","sticky":false,"template":"","format":"standard","meta":[],"categories":[6,1086],"tags":[86,1301,894],"yoast_head":"<!-- This site is optimized with the Yoast SEO plugin v19.8 - https:\/\/yoast.com\/wordpress\/plugins\/seo\/ -->\n<title>Filipe Luis sur le transfert avort\u00e9 de Camara : \u00ab&nbsp;Cela peut avoir un impact&nbsp;dans sa t\u00eate&nbsp;\u00bb - La Diagonale<\/title>\n<meta name=\"robots\" content=\"index, follow, max-snippet:-1, max-image-preview:large, max-video-preview:-1\" \/>\n<link rel=\"canonical\" href=\"https:\/\/www.ladiagonale.net\/index.php\/2026\/09\/03\/filipe-luis-sur-le-transfert-avorte-de-camara-cela-peut-avoir-un-impact-dans-sa-tete\/\" \/>\n<meta property=\"og:locale\" content=\"fr_FR\" \/>\n<meta property=\"og:type\" content=\"article\" \/>\n<meta property=\"og:title\" content=\"Filipe Luis sur le transfert avort\u00e9 de Camara : \u00ab&nbsp;Cela peut avoir un impact&nbsp;dans sa t\u00eate&nbsp;\u00bb - La Diagonale\" \/>\n<meta property=\"og:description\" content=\"Dimanche dernier contre l\u2019OM, Lamine Camara a r\u00e9alis\u00e9 une performance de tr\u00e8s haut niveau. Malgr\u00e9 son transfert avort\u00e9 vers Chelsea mardi soir, le milieu de terrain s\u00e9n\u00e9galais reste attendu pour jouer vendredi face au Paris Saint-Germain. Mais difficile de savoir s\u2019il saura dig\u00e9rer rapidement cet \u00e9pisode. Si Thiago Scuro se veut confiant, son entra\u00eeneur Filipe [...]\" \/>\n<meta property=\"og:url\" content=\"https:\/\/www.ladiagonale.net\/index.php\/2026\/09\/03\/filipe-luis-sur-le-transfert-avorte-de-camara-cela-peut-avoir-un-impact-dans-sa-tete\/\" \/>\n<meta property=\"og:site_name\" content=\"La Diagonale\" \/>\n<meta property=\"article:published_time\" content=\"2026-09-02T22:04:14+00:00\" \/>\n<meta property=\"article:modified_time\" content=\"2026-09-02T22:47:17+00:00\" \/>\n<meta property=\"og:image\" content=\"https:\/\/www.ladiagonale.net\/wp-content\/uploads\/2026\/09\/Camara27-1.png\" \/>\n\t<meta property=\"og:image:width\" content=\"1160\" \/>\n\t<meta property=\"og:image:height\" content=\"650\" \/>\n\t<meta property=\"og:image:type\" content=\"image\/png\" \/>\n<meta name=\"author\" content=\"Damien Dellerba\" \/>\n<meta name=\"twitter:card\" content=\"summary_large_image\" \/>\n<meta name=\"twitter:image\" content=\"https:\/\/www.ladiagonale.net\/wp-content\/uploads\/2026\/09\/Camara27-1.png\" \/>\n<meta name=\"twitter:label1\" content=\"\u00c9crit par\" \/>\n\t<meta name=\"twitter:data1\" content=\"Damien Dellerba\" \/>\n\t<meta name=\"twitter:label2\" content=\"Dur\u00e9e de lecture estim\u00e9e\" \/>\n\t<meta name=\"twitter:data2\" content=\"3 minutes\" \/>\n<script type=\"application\/ld+json\" class=\"yoast-schema-graph\">{\"@context\":\"https:\/\/schema.org\",\"@graph\":[{\"@type\":\"WebPage\",\"@id\":\"https:\/\/www.ladiagonale.net\/index.php\/2026\/09\/03\/filipe-luis-sur-le-transfert-avorte-de-camara-cela-peut-avoir-un-impact-dans-sa-tete\/\",\"url\":\"https:\/\/www.ladiagonale.net\/index.php\/2026\/09\/03\/filipe-luis-sur-le-transfert-avorte-de-camara-cela-peut-avoir-un-impact-dans-sa-tete\/\",\"name\":\"Filipe Luis sur le transfert avort\u00e9 de Camara : \u00ab&nbsp;Cela peut avoir un impact&nbsp;dans sa t\u00eate&nbsp;\u00bb - La Diagonale\",\"isPartOf\":{\"@id\":\"https:\/\/www.ladiagonale.net\/#website\"},\"datePublished\":\"2026-09-02T22:04:14+00:00\",\"dateModified\":\"2026-09-02T22:47:17+00:00\",\"author\":{\"@id\":\"https:\/\/www.ladiagonale.net\/#\/schema\/person\/79ff1e7b0853ed01b2aa26e64ad300bf\"},\"breadcrumb\":{\"@id\":\"https:\/\/www.ladiagonale.net\/index.php\/2026\/09\/03\/filipe-luis-sur-le-transfert-avorte-de-camara-cela-peut-avoir-un-impact-dans-sa-tete\/#breadcrumb\"},\"inLanguage\":\"fr-FR\",\"potentialAction\":[{\"@type\":\"ReadAction\",\"target\":[\"https:\/\/www.ladiagonale.net\/index.php\/2026\/09\/03\/filipe-luis-sur-le-transfert-avorte-de-camara-cela-peut-avoir-un-impact-dans-sa-tete\/\"]}]},{\"@type\":\"BreadcrumbList\",\"@id\":\"https:\/\/www.ladiagonale.net\/index.php\/2026\/09\/03\/filipe-luis-sur-le-transfert-avorte-de-camara-cela-peut-avoir-un-impact-dans-sa-tete\/#breadcrumb\",\"itemListElement\":[{\"@type\":\"ListItem\",\"position\":1,\"name\":\"Accueil\",\"item\":\"https:\/\/www.ladiagonale.net\/\"},{\"@type\":\"ListItem\",\"position\":2,\"name\":\"Filipe Luis sur le transfert avort\u00e9 de Camara : \u00ab&nbsp;Cela peut avoir un impact&nbsp;dans sa t\u00eate&nbsp;\u00bb\"}]},{\"@type\":\"WebSite\",\"@id\":\"https:\/\/www.ladiagonale.net\/#website\",\"url\":\"https:\/\/www.ladiagonale.net\/\",\"name\":\"La Diagonale\",\"description\":\"Le site des supporters de l&#039;AS Monaco FC\",\"potentialAction\":[{\"@type\":\"SearchAction\",\"target\":{\"@type\":\"EntryPoint\",\"urlTemplate\":\"https:\/\/www.ladiagonale.net\/?s={search_term_string}\"},\"query-input\":\"required name=search_term_string\"}],\"inLanguage\":\"fr-FR\"},{\"@type\":\"Person\",\"@id\":\"https:\/\/www.ladiagonale.net\/#\/schema\/person\/79ff1e7b0853ed01b2aa26e64ad300bf\",\"name\":\"Damien Dellerba\",\"image\":{\"@type\":\"ImageObject\",\"inLanguage\":\"fr-FR\",\"@id\":\"https:\/\/www.ladiagonale.net\/#\/schema\/person\/image\/\",\"url\":\"https:\/\/secure.gravatar.com\/avatar\/c7850e06d3ff63cdbaee88b7fc16e2f0?s=96&d=mm&r=g\",\"contentUrl\":\"https:\/\/secure.gravatar.com\/avatar\/c7850e06d3ff63cdbaee88b7fc16e2f0?s=96&d=mm&r=g\",\"caption\":\"Damien Dellerba\"},\"url\":\"https:\/\/www.ladiagonale.net\/index.php\/author\/damien\/\"}]}<\/script>\n<!-- \/ Yoast SEO plugin. -->","yoast_head_json":{"title":"Filipe Luis sur le transfert avort\u00e9 de Camara : \u00ab&nbsp;Cela peut avoir un impact&nbsp;dans sa t\u00eate&nbsp;\u00bb - La Diagonale","robots":{"index":"index","follow":"follow","max-snippet":"max-snippet:-1","max-image-preview":"max-image-preview:large","max-video-preview":"max-video-preview:-1"},"canonical":"https:\/\/www.ladiagonale.net\/index.php\/2026\/09\/03\/filipe-luis-sur-le-transfert-avorte-de-camara-cela-peut-avoir-un-impact-dans-sa-tete\/","og_locale":"fr_FR","og_type":"article","og_title":"Filipe Luis sur le transfert avort\u00e9 de Camara : \u00ab&nbsp;Cela peut avoir un impact&nbsp;dans sa t\u00eate&nbsp;\u00bb - La Diagonale","og_description":"Dimanche dernier contre l\u2019OM, Lamine Camara a r\u00e9alis\u00e9 une performance de tr\u00e8s haut niveau. Malgr\u00e9 son transfert avort\u00e9 vers Chelsea mardi soir, le milieu de terrain s\u00e9n\u00e9galais reste attendu pour jouer vendredi face au Paris Saint-Germain. Mais difficile de savoir s\u2019il saura dig\u00e9rer rapidement cet \u00e9pisode. Si Thiago Scuro se veut confiant, son entra\u00eeneur Filipe [...]","og_url":"https:\/\/www.ladiagonale.net\/index.php\/2026\/09\/03\/filipe-luis-sur-le-transfert-avorte-de-camara-cela-peut-avoir-un-impact-dans-sa-tete\/","og_site_name":"La Diagonale","article_published_time":"2026-09-02T22:04:14+00:00","article_modified_time":"2026-09-02T22:47:17+00:00","og_image":[{"width":1160,"height":650,"url":"https:\/\/www.ladiagonale.net\/wp-content\/uploads\/2026\/09\/Camara27-1.png","type":"image\/png"}],"author":"Damien Dellerba","twitter_card":"summary_large_image","twitter_image":"https:\/\/www.ladiagonale.net\/wp-content\/uploads\/2026\/09\/Camara27-1.png","twitter_misc":{"\u00c9crit par":"Damien Dellerba","Dur\u00e9e de lecture estim\u00e9e":"3 minutes"},"schema":{"@context":"https:\/\/schema.org","@graph":[{"@type":"WebPage","@id":"https:\/\/www.ladiagonale.net\/index.php\/2026\/09\/03\/filipe-luis-sur-le-transfert-avorte-de-camara-cela-peut-avoir-un-impact-dans-sa-tete\/","url":"https:\/\/www.ladiagonale.net\/index.php\/2026\/09\/03\/filipe-luis-sur-le-transfert-avorte-de-camara-cela-peut-avoir-un-impact-dans-sa-tete\/","name":"Filipe Luis sur le transfert avort\u00e9 de Camara : \u00ab&nbsp;Cela peut avoir un impact&nbsp;dans sa t\u00eate&nbsp;\u00bb - La Diagonale","isPartOf":{"@id":"https:\/\/www.ladiagonale.net\/#website"},"datePublished":"2026-09-02T22:04:14+00:00","dateModified":"2026-09-02T22:47:17+00:00","author":{"@id":"https:\/\/www.ladiagonale.net\/#\/schema\/person\/79ff1e7b0853ed01b2aa26e64ad300bf"},"breadcrumb":{"@id":"https:\/\/www.ladiagonale.net\/index.php\/2026\/09\/03\/filipe-luis-sur-le-transfert-avorte-de-camara-cela-peut-avoir-un-impact-dans-sa-tete\/#breadcrumb"},"inLanguage":"fr-FR","potentialAction":[{"@type":"ReadAction","target":["https:\/\/www.ladiagonale.net\/index.php\/2026\/09\/03\/filipe-luis-sur-le-transfert-avorte-de-camara-cela-peut-avoir-un-impact-dans-sa-tete\/"]}]},{"@type":"BreadcrumbList","@id":"https:\/\/www.ladiagonale.net\/index.php\/2026\/09\/03\/filipe-luis-sur-le-transfert-avorte-de-camara-cela-peut-avoir-un-impact-dans-sa-tete\/#breadcrumb","itemListElement":[{"@type":"ListItem","position":1,"name":"Accueil","item":"https:\/\/www.ladiagonale.net\/"},{"@type":"ListItem","position":2,"name":"Filipe Luis sur le transfert avort\u00e9 de Camara : \u00ab&nbsp;Cela peut avoir un impact&nbsp;dans sa t\u00eate&nbsp;\u00bb"}]},{"@type":"WebSite","@id":"https:\/\/www.ladiagonale.net\/#website","url":"https:\/\/www.ladiagonale.net\/","name":"La Diagonale","description":"Le site des supporters de l&#039;AS Monaco FC","potentialAction":[{"@type":"SearchAction","target":{"@type":"EntryPoint","urlTemplate":"https:\/\/www.ladiagonale.net\/?s={search_term_string}"},"query-input":"required name=search_term_string"}],"inLanguage":"fr-FR"},{"@type":"Person","@id":"https:\/\/www.ladiagonale.net\/#\/schema\/person\/79ff1e7b0853ed01b2aa26e64ad300bf","name":"Damien Dellerba","image":{"@type":"ImageObject","inLanguage":"fr-FR","@id":"https:\/\/www.ladiagonale.net\/#\/schema\/person\/image\/","url":"https:\/\/secure.gravatar.com\/avatar\/c7850e06d3ff63cdbaee88b7fc16e2f0?s=96&d=mm&r=g","contentUrl":"https:\/\/secure.gravatar.com\/avatar\/c7850e06d3ff63cdbaee88b7fc16e2f0?s=96&d=mm&r=g","caption":"Damien Dellerba"},"url":"https:\/\/www.ladiagonale.net\/index.php\/author\/damien\/"}]}},"_links":{"self":[{"href":"https:\/\/www.ladiagonale.net\/index.php\/wp-json\/wp\/v2\/posts\/40569"}],"collection":[{"href":"https:\/\/www.ladiagonale.net\/index.php\/wp-json\/wp\/v2\/posts"}],"about":[{"href":"https:\/\/www.ladiagonale.net\/index.php\/wp-json\/wp\/v2\/types\/post"}],"author":[{"embeddable":true,"href":"https:\/\/www.ladiagonale.net\/index.php\/wp-json\/wp\/v2\/users\/2"}],"replies":[{"embeddable":true,"href":"https:\/\/www.ladiagonale.net\/index.php\/wp-json\/wp\/v2\/comments?post=40569"}],"version-history":[{"count":2,"href":"https:\/\/www.ladiagonale.net\/index.php\/wp-json\/wp\/v2\/posts\/40569\/revisions"}],"predecessor-version":[{"id":40587,"href":"https:\/\/www.ladiagonale.net\/index.php\/wp-json\/wp\/v2\/posts\/40569\/revisions\/40587"}],"wp:attachment":[{"href":"https:\/\/www.ladiagonale.net\/index.php\/wp-json\/wp\/v2\/media?parent=40569"}],"wp:term":[{"taxonomy":"category","embeddable":true,"href":"https:\/\/www.ladiagonale.net\/index.php\/wp-json\/wp\/v2\/categories?post=40569"},{"taxonomy":"post_tag","embeddable":true,"href":"https:\/\/www.ladiagonale.net\/index.php\/wp-json\/wp\/v2\/tags?post=40569"}],"curies":[{"name":"wp","href":"https:\/\/api.w.org\/{rel}","templated":true}]}}