{"id":40578,"date":"2026-09-03T15:43:38","date_gmt":"2026-09-03T13:43:38","guid":{"rendered":"https:\/\/www.ladiagonale.net\/?p=40578"},"modified":"2026-09-03T15:43:39","modified_gmt":"2026-09-03T13:43:39","slug":"filipe-luis-concede-un-effectif-desequilibre","status":"publish","type":"post","link":"https:\/\/www.ladiagonale.net\/index.php\/2026\/09\/03\/filipe-luis-concede-un-effectif-desequilibre\/","title":{"rendered":"Filipe Luis conc\u00e8de un effectif \u00ab\u00a0d\u00e9s\u00e9quilibr\u00e9\u00a0\u00bb"},"content":{"rendered":"\n<p>Le mercato a r\u00e9serv\u00e9 de nombreuses surprises du c\u00f4t\u00e9 de l&rsquo;AS Monaco et les derniers jours ont \u00e9t\u00e9 \u00e9reintants. Mais ce march\u00e9 estival a-t-il pour autant permis de r\u00e9pondre aux attentes de Filipe Luis ? Malgr\u00e9 la pr\u00e9sence de Lamine Camara et de Folarin Balogun dans l&rsquo;effectif, le Br\u00e9silien a encore quelques points d&rsquo;interrogations. \u00ab\u00a0<em>Seul le temps nous dira si notre effectif est suffisamment qualitatif pour atteindre nos objectifs<\/em>, a-t-il d&rsquo;abord comment\u00e9. <em>De mon point de vue, nous avons une \u00e9quipe tr\u00e8s comp\u00e9titive mais il faudra le prouver \u00e0 chaque match.<\/em>\u00a0\u00bb<\/p>\n\n\n\n<p>L&rsquo;ancien de Flamengo a toutefois reconnu que l&rsquo;attaque \u00e9tait trop fournie actuellement, lui qui joue principalement avec un seul num\u00e9ro neuf depuis le d\u00e9but de la saison : \u00ab <em>C\u2019est un petit probl\u00e8me, c\u2019est d\u00e9s\u00e9quilibr\u00e9 en effet, mais certains joueurs peuvent \u00e9voluer \u00e0 une autre position. C\u2019est par exemple le cas de Paris Brunner qui a jou\u00e9 comme deuxi\u00e8me attaquant face au Gornik Zabrze ou Matthis Abline qui peut \u00e9voluer \u00e0 droite. Mon travail est de g\u00e9rer ceci.<\/em> \u00bb<\/p>\n\n\n\n<p>Car il faudra faire de la place pour Balogun, m\u00eame si son entra\u00eeneur attend qu&rsquo;il d\u00e9montre qu&rsquo;il m\u00e9rite d&rsquo;\u00eatre titulaire : \u00ab\u00a0<em>Il est un grand joueur, il a r\u00e9ussi une grosse saison derni\u00e8re, ainsi qu\u2019une belle Coupe du Monde. La r\u00e9alit\u00e9 est qu\u2019il n\u2019a pas jou\u00e9 sous mes ordres. (&#8230;) Quand il nous rejoindra, ce sera \u00e0 lui de se battre pour gagner sa place. Je n\u2019ai pas de timing de retour, il doit d\u2019abord revenir \u00e0 l\u2019entra\u00eenement. Il s\u2019entra\u00eenait individuellement, ce n\u2019est qu\u2019une question de temps avant qu\u2019il ne r\u00e9int\u00e8gre le groupe.<\/em>\u00a0\u00bb<\/p>\n\n\n\n<p>Et concernant l&rsquo;aile droite, personne n&rsquo;est arriv\u00e9 pour remplacer Maghnes Akliouche, puisque le dossier Far\u00e8s Ghedjemis n&rsquo;a pas abouti, tandis que l&rsquo;ASM a abandonn\u00e9 la piste Jean-Matt\u00e9o Bahoya. Filipe Luis va tenter de r\u00e9pondre \u00e0 cette probl\u00e9matique avec les joueurs \u00e0 sa disposition : \u00ab <em>Nous pouvons trouver des solutions au sein de notre effectif mais beaucoup de joueurs peuvent \u00e9voluer \u00e0 ce poste m\u00eame si ce ne sont pas des sp\u00e9cialistes. Je ne peux pas me plaindre de cette situation.<\/em> \u00bb<\/p>\n\n\n\n<p><br><\/p>\n\n\n","protected":false},"excerpt":{"rendered":"<p>Le mercato a r\u00e9serv\u00e9 de nombreuses surprises du c\u00f4t\u00e9 de l&rsquo;AS Monaco et les derniers jours ont \u00e9t\u00e9 \u00e9reintants. Mais ce march\u00e9 estival a-t-il pour autant permis de r\u00e9pondre aux attentes de Filipe Luis ? Malgr\u00e9 la pr\u00e9sence de Lamine Camara et de Folarin Balogun dans l&rsquo;effectif, le Br\u00e9silien a encore quelques points d&rsquo;interrogations. \u00ab\u00a0Seul [&#8230;]\n","protected":false},"author":2,"featured_media":0,"comment_status":"open","ping_status":"open","sticky":false,"template":"","format":"standard","meta":[],"categories":[6],"tags":[86,1301],"yoast_head":"<!-- This site is optimized with the Yoast SEO plugin v19.8 - https:\/\/yoast.com\/wordpress\/plugins\/seo\/ -->\n<title>Filipe Luis conc\u00e8de un effectif \u00ab\u00a0d\u00e9s\u00e9quilibr\u00e9\u00a0\u00bb - La Diagonale<\/title>\n<meta name=\"robots\" content=\"index, follow, max-snippet:-1, max-image-preview:large, max-video-preview:-1\" \/>\n<link rel=\"canonical\" href=\"https:\/\/www.ladiagonale.net\/index.php\/2026\/09\/03\/filipe-luis-concede-un-effectif-desequilibre\/\" \/>\n<meta property=\"og:locale\" content=\"fr_FR\" \/>\n<meta property=\"og:type\" content=\"article\" \/>\n<meta property=\"og:title\" content=\"Filipe Luis conc\u00e8de un effectif \u00ab\u00a0d\u00e9s\u00e9quilibr\u00e9\u00a0\u00bb - La Diagonale\" \/>\n<meta property=\"og:description\" content=\"Le mercato a r\u00e9serv\u00e9 de nombreuses surprises du c\u00f4t\u00e9 de l&rsquo;AS Monaco et les derniers jours ont \u00e9t\u00e9 \u00e9reintants. Mais ce march\u00e9 estival a-t-il pour autant permis de r\u00e9pondre aux attentes de Filipe Luis ? Malgr\u00e9 la pr\u00e9sence de Lamine Camara et de Folarin Balogun dans l&rsquo;effectif, le Br\u00e9silien a encore quelques points d&rsquo;interrogations. \u00ab\u00a0Seul [...]\" \/>\n<meta property=\"og:url\" content=\"https:\/\/www.ladiagonale.net\/index.php\/2026\/09\/03\/filipe-luis-concede-un-effectif-desequilibre\/\" \/>\n<meta property=\"og:site_name\" content=\"La Diagonale\" \/>\n<meta property=\"article:published_time\" content=\"2026-09-03T13:43:38+00:00\" \/>\n<meta property=\"article:modified_time\" content=\"2026-09-03T13:43:39+00:00\" \/>\n<meta property=\"og:image\" content=\"https:\/\/www.ladiagonale.net\/wp-content\/uploads\/2026\/08\/Filipe-Luis-OM-1.png\" \/>\n\t<meta property=\"og:image:width\" content=\"1160\" \/>\n\t<meta property=\"og:image:height\" content=\"650\" \/>\n\t<meta property=\"og:image:type\" content=\"image\/png\" \/>\n<meta name=\"author\" content=\"Damien Dellerba\" \/>\n<meta name=\"twitter:card\" content=\"summary_large_image\" \/>\n<meta name=\"twitter:image\" content=\"https:\/\/www.ladiagonale.net\/wp-content\/uploads\/2026\/08\/Filipe-Luis-OM-1.png\" \/>\n<meta name=\"twitter:label1\" content=\"\u00c9crit par\" \/>\n\t<meta name=\"twitter:data1\" content=\"Damien Dellerba\" \/>\n\t<meta name=\"twitter:label2\" content=\"Dur\u00e9e de lecture estim\u00e9e\" \/>\n\t<meta name=\"twitter:data2\" content=\"2 minutes\" \/>\n<script type=\"application\/ld+json\" class=\"yoast-schema-graph\">{\"@context\":\"https:\/\/schema.org\",\"@graph\":[{\"@type\":\"WebPage\",\"@id\":\"https:\/\/www.ladiagonale.net\/index.php\/2026\/09\/03\/filipe-luis-concede-un-effectif-desequilibre\/\",\"url\":\"https:\/\/www.ladiagonale.net\/index.php\/2026\/09\/03\/filipe-luis-concede-un-effectif-desequilibre\/\",\"name\":\"Filipe Luis conc\u00e8de un effectif \u00ab\u00a0d\u00e9s\u00e9quilibr\u00e9\u00a0\u00bb - La Diagonale\",\"isPartOf\":{\"@id\":\"https:\/\/www.ladiagonale.net\/#website\"},\"datePublished\":\"2026-09-03T13:43:38+00:00\",\"dateModified\":\"2026-09-03T13:43:39+00:00\",\"author\":{\"@id\":\"https:\/\/www.ladiagonale.net\/#\/schema\/person\/79ff1e7b0853ed01b2aa26e64ad300bf\"},\"breadcrumb\":{\"@id\":\"https:\/\/www.ladiagonale.net\/index.php\/2026\/09\/03\/filipe-luis-concede-un-effectif-desequilibre\/#breadcrumb\"},\"inLanguage\":\"fr-FR\",\"potentialAction\":[{\"@type\":\"ReadAction\",\"target\":[\"https:\/\/www.ladiagonale.net\/index.php\/2026\/09\/03\/filipe-luis-concede-un-effectif-desequilibre\/\"]}]},{\"@type\":\"BreadcrumbList\",\"@id\":\"https:\/\/www.ladiagonale.net\/index.php\/2026\/09\/03\/filipe-luis-concede-un-effectif-desequilibre\/#breadcrumb\",\"itemListElement\":[{\"@type\":\"ListItem\",\"position\":1,\"name\":\"Accueil\",\"item\":\"https:\/\/www.ladiagonale.net\/\"},{\"@type\":\"ListItem\",\"position\":2,\"name\":\"Filipe Luis conc\u00e8de un effectif \u00ab\u00a0d\u00e9s\u00e9quilibr\u00e9\u00a0\u00bb\"}]},{\"@type\":\"WebSite\",\"@id\":\"https:\/\/www.ladiagonale.net\/#website\",\"url\":\"https:\/\/www.ladiagonale.net\/\",\"name\":\"La Diagonale\",\"description\":\"Le site des supporters de l&#039;AS Monaco FC\",\"potentialAction\":[{\"@type\":\"SearchAction\",\"target\":{\"@type\":\"EntryPoint\",\"urlTemplate\":\"https:\/\/www.ladiagonale.net\/?s={search_term_string}\"},\"query-input\":\"required name=search_term_string\"}],\"inLanguage\":\"fr-FR\"},{\"@type\":\"Person\",\"@id\":\"https:\/\/www.ladiagonale.net\/#\/schema\/person\/79ff1e7b0853ed01b2aa26e64ad300bf\",\"name\":\"Damien Dellerba\",\"image\":{\"@type\":\"ImageObject\",\"inLanguage\":\"fr-FR\",\"@id\":\"https:\/\/www.ladiagonale.net\/#\/schema\/person\/image\/\",\"url\":\"https:\/\/secure.gravatar.com\/avatar\/c7850e06d3ff63cdbaee88b7fc16e2f0?s=96&d=mm&r=g\",\"contentUrl\":\"https:\/\/secure.gravatar.com\/avatar\/c7850e06d3ff63cdbaee88b7fc16e2f0?s=96&d=mm&r=g\",\"caption\":\"Damien Dellerba\"},\"url\":\"https:\/\/www.ladiagonale.net\/index.php\/author\/damien\/\"}]}<\/script>\n<!-- \/ Yoast SEO plugin. -->","yoast_head_json":{"title":"Filipe Luis conc\u00e8de un effectif \u00ab\u00a0d\u00e9s\u00e9quilibr\u00e9\u00a0\u00bb - La Diagonale","robots":{"index":"index","follow":"follow","max-snippet":"max-snippet:-1","max-image-preview":"max-image-preview:large","max-video-preview":"max-video-preview:-1"},"canonical":"https:\/\/www.ladiagonale.net\/index.php\/2026\/09\/03\/filipe-luis-concede-un-effectif-desequilibre\/","og_locale":"fr_FR","og_type":"article","og_title":"Filipe Luis conc\u00e8de un effectif \u00ab\u00a0d\u00e9s\u00e9quilibr\u00e9\u00a0\u00bb - La Diagonale","og_description":"Le mercato a r\u00e9serv\u00e9 de nombreuses surprises du c\u00f4t\u00e9 de l&rsquo;AS Monaco et les derniers jours ont \u00e9t\u00e9 \u00e9reintants. Mais ce march\u00e9 estival a-t-il pour autant permis de r\u00e9pondre aux attentes de Filipe Luis ? Malgr\u00e9 la pr\u00e9sence de Lamine Camara et de Folarin Balogun dans l&rsquo;effectif, le Br\u00e9silien a encore quelques points d&rsquo;interrogations. \u00ab\u00a0Seul [...]","og_url":"https:\/\/www.ladiagonale.net\/index.php\/2026\/09\/03\/filipe-luis-concede-un-effectif-desequilibre\/","og_site_name":"La Diagonale","article_published_time":"2026-09-03T13:43:38+00:00","article_modified_time":"2026-09-03T13:43:39+00:00","og_image":[{"width":1160,"height":650,"url":"https:\/\/www.ladiagonale.net\/wp-content\/uploads\/2026\/08\/Filipe-Luis-OM-1.png","type":"image\/png"}],"author":"Damien Dellerba","twitter_card":"summary_large_image","twitter_image":"https:\/\/www.ladiagonale.net\/wp-content\/uploads\/2026\/08\/Filipe-Luis-OM-1.png","twitter_misc":{"\u00c9crit par":"Damien Dellerba","Dur\u00e9e de lecture estim\u00e9e":"2 minutes"},"schema":{"@context":"https:\/\/schema.org","@graph":[{"@type":"WebPage","@id":"https:\/\/www.ladiagonale.net\/index.php\/2026\/09\/03\/filipe-luis-concede-un-effectif-desequilibre\/","url":"https:\/\/www.ladiagonale.net\/index.php\/2026\/09\/03\/filipe-luis-concede-un-effectif-desequilibre\/","name":"Filipe Luis conc\u00e8de un effectif \u00ab\u00a0d\u00e9s\u00e9quilibr\u00e9\u00a0\u00bb - La Diagonale","isPartOf":{"@id":"https:\/\/www.ladiagonale.net\/#website"},"datePublished":"2026-09-03T13:43:38+00:00","dateModified":"2026-09-03T13:43:39+00:00","author":{"@id":"https:\/\/www.ladiagonale.net\/#\/schema\/person\/79ff1e7b0853ed01b2aa26e64ad300bf"},"breadcrumb":{"@id":"https:\/\/www.ladiagonale.net\/index.php\/2026\/09\/03\/filipe-luis-concede-un-effectif-desequilibre\/#breadcrumb"},"inLanguage":"fr-FR","potentialAction":[{"@type":"ReadAction","target":["https:\/\/www.ladiagonale.net\/index.php\/2026\/09\/03\/filipe-luis-concede-un-effectif-desequilibre\/"]}]},{"@type":"BreadcrumbList","@id":"https:\/\/www.ladiagonale.net\/index.php\/2026\/09\/03\/filipe-luis-concede-un-effectif-desequilibre\/#breadcrumb","itemListElement":[{"@type":"ListItem","position":1,"name":"Accueil","item":"https:\/\/www.ladiagonale.net\/"},{"@type":"ListItem","position":2,"name":"Filipe Luis conc\u00e8de un effectif \u00ab\u00a0d\u00e9s\u00e9quilibr\u00e9\u00a0\u00bb"}]},{"@type":"WebSite","@id":"https:\/\/www.ladiagonale.net\/#website","url":"https:\/\/www.ladiagonale.net\/","name":"La Diagonale","description":"Le site des supporters de l&#039;AS Monaco FC","potentialAction":[{"@type":"SearchAction","target":{"@type":"EntryPoint","urlTemplate":"https:\/\/www.ladiagonale.net\/?s={search_term_string}"},"query-input":"required name=search_term_string"}],"inLanguage":"fr-FR"},{"@type":"Person","@id":"https:\/\/www.ladiagonale.net\/#\/schema\/person\/79ff1e7b0853ed01b2aa26e64ad300bf","name":"Damien Dellerba","image":{"@type":"ImageObject","inLanguage":"fr-FR","@id":"https:\/\/www.ladiagonale.net\/#\/schema\/person\/image\/","url":"https:\/\/secure.gravatar.com\/avatar\/c7850e06d3ff63cdbaee88b7fc16e2f0?s=96&d=mm&r=g","contentUrl":"https:\/\/secure.gravatar.com\/avatar\/c7850e06d3ff63cdbaee88b7fc16e2f0?s=96&d=mm&r=g","caption":"Damien Dellerba"},"url":"https:\/\/www.ladiagonale.net\/index.php\/author\/damien\/"}]}},"_links":{"self":[{"href":"https:\/\/www.ladiagonale.net\/index.php\/wp-json\/wp\/v2\/posts\/40578"}],"collection":[{"href":"https:\/\/www.ladiagonale.net\/index.php\/wp-json\/wp\/v2\/posts"}],"about":[{"href":"https:\/\/www.ladiagonale.net\/index.php\/wp-json\/wp\/v2\/types\/post"}],"author":[{"embeddable":true,"href":"https:\/\/www.ladiagonale.net\/index.php\/wp-json\/wp\/v2\/users\/2"}],"replies":[{"embeddable":true,"href":"https:\/\/www.ladiagonale.net\/index.php\/wp-json\/wp\/v2\/comments?post=40578"}],"version-history":[{"count":5,"href":"https:\/\/www.ladiagonale.net\/index.php\/wp-json\/wp\/v2\/posts\/40578\/revisions"}],"predecessor-version":[{"id":40625,"href":"https:\/\/www.ladiagonale.net\/index.php\/wp-json\/wp\/v2\/posts\/40578\/revisions\/40625"}],"wp:attachment":[{"href":"https:\/\/www.ladiagonale.net\/index.php\/wp-json\/wp\/v2\/media?parent=40578"}],"wp:term":[{"taxonomy":"category","embeddable":true,"href":"https:\/\/www.ladiagonale.net\/index.php\/wp-json\/wp\/v2\/categories?post=40578"},{"taxonomy":"post_tag","embeddable":true,"href":"https:\/\/www.ladiagonale.net\/index.php\/wp-json\/wp\/v2\/tags?post=40578"}],"curies":[{"name":"wp","href":"https:\/\/api.w.org\/{rel}","templated":true}]}}