{"id":40582,"date":"2026-09-03T16:08:26","date_gmt":"2026-09-03T14:08:26","guid":{"rendered":"https:\/\/www.ladiagonale.net\/?p=40582"},"modified":"2026-09-03T16:08:27","modified_gmt":"2026-09-03T14:08:27","slug":"dier-vice-capitaine-camara-integre-au-groupe-des-capitaines","status":"publish","type":"post","link":"https:\/\/www.ladiagonale.net\/index.php\/2026\/09\/03\/dier-vice-capitaine-camara-integre-au-groupe-des-capitaines\/","title":{"rendered":"Dier vice-capitaine, Camara int\u00e9gr\u00e9 au groupe des capitaines"},"content":{"rendered":"\n\n\n<p>Interrog\u00e9 durant le mois d&rsquo;ao\u00fbt sur la composition de son groupe de capitaines, Filipe Luis avait r\u00e9serv\u00e9 sa r\u00e9ponse pour la fin du mercato, en attendant de conna\u00eetre les contours exacts de son effectif. M\u00eame si certains d\u00e9parts peuvent encore avoir lieu d&rsquo;ici les prochains jours, le technicien br\u00e9silien a finalement livr\u00e9 son verdict.<\/p>\n\n\n\n<p>Un groupe de quatre joueurs a \u00e9t\u00e9 compos\u00e9 par l&rsquo;ancien entra\u00eeneur de Flamengo et avec Denis Zakaria, qui va conserver le brassard de capitaine pour une troisi\u00e8me ann\u00e9e de suite, on trouvera Eric Dier, Lukas Hradecky et&#8230; Lamine Camara. L&rsquo;histoire ne dit pas si le choix du S\u00e9n\u00e9galais a \u00e9t\u00e9 motiv\u00e9 par les \u00e9v\u00e9nements des deux derniers jours et le transfert avort\u00e9 vers Chelsea, malgr\u00e9 <a href=\"https:\/\/www.ladiagonale.net\/index.php\/2026\/09\/03\/camara-aurait-tente-de-forcer-son-transfert-a-chelsea-en-passant-par-sartori\/\" target=\"_blank\" rel=\"noreferrer noopener\">une volont\u00e9 de s&rsquo;en aller<\/a>. <\/p>\n\n\n\n<p>Apr\u00e8s le d\u00e9part de Thilo Kehrer en pr\u00eat du c\u00f4t\u00e9 de l&rsquo;Ajax Amsterdam, Eric Dier sera le premier vice-capitaine : \u00ab\u00a0<em>C\u2019est un honneur et un privil\u00e8ge d\u2019avoir cette responsabilit\u00e9<\/em>, a comment\u00e9 l&rsquo;Anglais. <em>Vous devez donc la prendre avec s\u00e9rieux et faire les choses qu\u2019on attend de vous, \u00eatre l\u00e0 pour l\u2019\u00e9quipe, aider les joueurs individuellement et le collectif. Mais il s\u2019agit aussi d\u2019\u00eatre un relais pour le coach, d\u2019arriver \u00e0 motiver l\u2019\u00e9quipe pour s\u2019entra\u00eener tous les jours de la bonne mani\u00e8re. C\u2019est la chose la plus importante, donner le bon exemple. <\/em>\u00bb<\/p>\n","protected":false},"excerpt":{"rendered":"<p>Interrog\u00e9 durant le mois d&rsquo;ao\u00fbt sur la composition de son groupe de capitaines, Filipe Luis avait r\u00e9serv\u00e9 sa r\u00e9ponse pour la fin du mercato, en attendant de conna\u00eetre les contours exacts de son effectif. M\u00eame si certains d\u00e9parts peuvent encore avoir lieu d&rsquo;ici les prochains jours, le technicien br\u00e9silien a finalement livr\u00e9 son verdict. Un [&#8230;]\n","protected":false},"author":2,"featured_media":0,"comment_status":"open","ping_status":"open","sticky":false,"template":"","format":"standard","meta":[],"categories":[6,1003],"tags":[86,790,631,1026,1301,894,1094],"yoast_head":"<!-- This site is optimized with the Yoast SEO plugin v19.8 - https:\/\/yoast.com\/wordpress\/plugins\/seo\/ -->\n<title>Dier vice-capitaine, Camara int\u00e9gr\u00e9 au groupe des capitaines - La Diagonale<\/title>\n<meta name=\"robots\" content=\"index, follow, max-snippet:-1, max-image-preview:large, max-video-preview:-1\" \/>\n<link rel=\"canonical\" href=\"https:\/\/www.ladiagonale.net\/index.php\/2026\/09\/03\/dier-vice-capitaine-camara-integre-au-groupe-des-capitaines\/\" \/>\n<meta property=\"og:locale\" content=\"fr_FR\" \/>\n<meta property=\"og:type\" content=\"article\" \/>\n<meta property=\"og:title\" content=\"Dier vice-capitaine, Camara int\u00e9gr\u00e9 au groupe des capitaines - La Diagonale\" \/>\n<meta property=\"og:description\" content=\"Interrog\u00e9 durant le mois d&rsquo;ao\u00fbt sur la composition de son groupe de capitaines, Filipe Luis avait r\u00e9serv\u00e9 sa r\u00e9ponse pour la fin du mercato, en attendant de conna\u00eetre les contours exacts de son effectif. M\u00eame si certains d\u00e9parts peuvent encore avoir lieu d&rsquo;ici les prochains jours, le technicien br\u00e9silien a finalement livr\u00e9 son verdict. Un [...]\" \/>\n<meta property=\"og:url\" content=\"https:\/\/www.ladiagonale.net\/index.php\/2026\/09\/03\/dier-vice-capitaine-camara-integre-au-groupe-des-capitaines\/\" \/>\n<meta property=\"og:site_name\" content=\"La Diagonale\" \/>\n<meta property=\"article:published_time\" content=\"2026-09-03T14:08:26+00:00\" \/>\n<meta property=\"article:modified_time\" content=\"2026-09-03T14:08:27+00:00\" \/>\n<meta property=\"og:image\" content=\"https:\/\/www.ladiagonale.net\/wp-content\/uploads\/2026\/09\/Dier-Capitaine.png\" \/>\n\t<meta property=\"og:image:width\" content=\"1160\" \/>\n\t<meta property=\"og:image:height\" content=\"650\" \/>\n\t<meta property=\"og:image:type\" content=\"image\/png\" \/>\n<meta name=\"author\" content=\"Damien Dellerba\" \/>\n<meta name=\"twitter:card\" content=\"summary_large_image\" \/>\n<meta name=\"twitter:image\" content=\"https:\/\/www.ladiagonale.net\/wp-content\/uploads\/2026\/09\/Dier-Capitaine.png\" \/>\n<meta name=\"twitter:label1\" content=\"\u00c9crit par\" \/>\n\t<meta name=\"twitter:data1\" content=\"Damien Dellerba\" \/>\n\t<meta name=\"twitter:label2\" content=\"Dur\u00e9e de lecture estim\u00e9e\" \/>\n\t<meta name=\"twitter:data2\" content=\"2 minutes\" \/>\n<script type=\"application\/ld+json\" class=\"yoast-schema-graph\">{\"@context\":\"https:\/\/schema.org\",\"@graph\":[{\"@type\":\"WebPage\",\"@id\":\"https:\/\/www.ladiagonale.net\/index.php\/2026\/09\/03\/dier-vice-capitaine-camara-integre-au-groupe-des-capitaines\/\",\"url\":\"https:\/\/www.ladiagonale.net\/index.php\/2026\/09\/03\/dier-vice-capitaine-camara-integre-au-groupe-des-capitaines\/\",\"name\":\"Dier vice-capitaine, Camara int\u00e9gr\u00e9 au groupe des capitaines - La Diagonale\",\"isPartOf\":{\"@id\":\"https:\/\/www.ladiagonale.net\/#website\"},\"datePublished\":\"2026-09-03T14:08:26+00:00\",\"dateModified\":\"2026-09-03T14:08:27+00:00\",\"author\":{\"@id\":\"https:\/\/www.ladiagonale.net\/#\/schema\/person\/79ff1e7b0853ed01b2aa26e64ad300bf\"},\"breadcrumb\":{\"@id\":\"https:\/\/www.ladiagonale.net\/index.php\/2026\/09\/03\/dier-vice-capitaine-camara-integre-au-groupe-des-capitaines\/#breadcrumb\"},\"inLanguage\":\"fr-FR\",\"potentialAction\":[{\"@type\":\"ReadAction\",\"target\":[\"https:\/\/www.ladiagonale.net\/index.php\/2026\/09\/03\/dier-vice-capitaine-camara-integre-au-groupe-des-capitaines\/\"]}]},{\"@type\":\"BreadcrumbList\",\"@id\":\"https:\/\/www.ladiagonale.net\/index.php\/2026\/09\/03\/dier-vice-capitaine-camara-integre-au-groupe-des-capitaines\/#breadcrumb\",\"itemListElement\":[{\"@type\":\"ListItem\",\"position\":1,\"name\":\"Accueil\",\"item\":\"https:\/\/www.ladiagonale.net\/\"},{\"@type\":\"ListItem\",\"position\":2,\"name\":\"Dier vice-capitaine, Camara int\u00e9gr\u00e9 au groupe des capitaines\"}]},{\"@type\":\"WebSite\",\"@id\":\"https:\/\/www.ladiagonale.net\/#website\",\"url\":\"https:\/\/www.ladiagonale.net\/\",\"name\":\"La Diagonale\",\"description\":\"Le site des supporters de l&#039;AS Monaco FC\",\"potentialAction\":[{\"@type\":\"SearchAction\",\"target\":{\"@type\":\"EntryPoint\",\"urlTemplate\":\"https:\/\/www.ladiagonale.net\/?s={search_term_string}\"},\"query-input\":\"required name=search_term_string\"}],\"inLanguage\":\"fr-FR\"},{\"@type\":\"Person\",\"@id\":\"https:\/\/www.ladiagonale.net\/#\/schema\/person\/79ff1e7b0853ed01b2aa26e64ad300bf\",\"name\":\"Damien Dellerba\",\"image\":{\"@type\":\"ImageObject\",\"inLanguage\":\"fr-FR\",\"@id\":\"https:\/\/www.ladiagonale.net\/#\/schema\/person\/image\/\",\"url\":\"https:\/\/secure.gravatar.com\/avatar\/c7850e06d3ff63cdbaee88b7fc16e2f0?s=96&d=mm&r=g\",\"contentUrl\":\"https:\/\/secure.gravatar.com\/avatar\/c7850e06d3ff63cdbaee88b7fc16e2f0?s=96&d=mm&r=g\",\"caption\":\"Damien Dellerba\"},\"url\":\"https:\/\/www.ladiagonale.net\/index.php\/author\/damien\/\"}]}<\/script>\n<!-- \/ Yoast SEO plugin. -->","yoast_head_json":{"title":"Dier vice-capitaine, Camara int\u00e9gr\u00e9 au groupe des capitaines - La Diagonale","robots":{"index":"index","follow":"follow","max-snippet":"max-snippet:-1","max-image-preview":"max-image-preview:large","max-video-preview":"max-video-preview:-1"},"canonical":"https:\/\/www.ladiagonale.net\/index.php\/2026\/09\/03\/dier-vice-capitaine-camara-integre-au-groupe-des-capitaines\/","og_locale":"fr_FR","og_type":"article","og_title":"Dier vice-capitaine, Camara int\u00e9gr\u00e9 au groupe des capitaines - La Diagonale","og_description":"Interrog\u00e9 durant le mois d&rsquo;ao\u00fbt sur la composition de son groupe de capitaines, Filipe Luis avait r\u00e9serv\u00e9 sa r\u00e9ponse pour la fin du mercato, en attendant de conna\u00eetre les contours exacts de son effectif. M\u00eame si certains d\u00e9parts peuvent encore avoir lieu d&rsquo;ici les prochains jours, le technicien br\u00e9silien a finalement livr\u00e9 son verdict. Un [...]","og_url":"https:\/\/www.ladiagonale.net\/index.php\/2026\/09\/03\/dier-vice-capitaine-camara-integre-au-groupe-des-capitaines\/","og_site_name":"La Diagonale","article_published_time":"2026-09-03T14:08:26+00:00","article_modified_time":"2026-09-03T14:08:27+00:00","og_image":[{"width":1160,"height":650,"url":"https:\/\/www.ladiagonale.net\/wp-content\/uploads\/2026\/09\/Dier-Capitaine.png","type":"image\/png"}],"author":"Damien Dellerba","twitter_card":"summary_large_image","twitter_image":"https:\/\/www.ladiagonale.net\/wp-content\/uploads\/2026\/09\/Dier-Capitaine.png","twitter_misc":{"\u00c9crit par":"Damien Dellerba","Dur\u00e9e de lecture estim\u00e9e":"2 minutes"},"schema":{"@context":"https:\/\/schema.org","@graph":[{"@type":"WebPage","@id":"https:\/\/www.ladiagonale.net\/index.php\/2026\/09\/03\/dier-vice-capitaine-camara-integre-au-groupe-des-capitaines\/","url":"https:\/\/www.ladiagonale.net\/index.php\/2026\/09\/03\/dier-vice-capitaine-camara-integre-au-groupe-des-capitaines\/","name":"Dier vice-capitaine, Camara int\u00e9gr\u00e9 au groupe des capitaines - La Diagonale","isPartOf":{"@id":"https:\/\/www.ladiagonale.net\/#website"},"datePublished":"2026-09-03T14:08:26+00:00","dateModified":"2026-09-03T14:08:27+00:00","author":{"@id":"https:\/\/www.ladiagonale.net\/#\/schema\/person\/79ff1e7b0853ed01b2aa26e64ad300bf"},"breadcrumb":{"@id":"https:\/\/www.ladiagonale.net\/index.php\/2026\/09\/03\/dier-vice-capitaine-camara-integre-au-groupe-des-capitaines\/#breadcrumb"},"inLanguage":"fr-FR","potentialAction":[{"@type":"ReadAction","target":["https:\/\/www.ladiagonale.net\/index.php\/2026\/09\/03\/dier-vice-capitaine-camara-integre-au-groupe-des-capitaines\/"]}]},{"@type":"BreadcrumbList","@id":"https:\/\/www.ladiagonale.net\/index.php\/2026\/09\/03\/dier-vice-capitaine-camara-integre-au-groupe-des-capitaines\/#breadcrumb","itemListElement":[{"@type":"ListItem","position":1,"name":"Accueil","item":"https:\/\/www.ladiagonale.net\/"},{"@type":"ListItem","position":2,"name":"Dier vice-capitaine, Camara int\u00e9gr\u00e9 au groupe des capitaines"}]},{"@type":"WebSite","@id":"https:\/\/www.ladiagonale.net\/#website","url":"https:\/\/www.ladiagonale.net\/","name":"La Diagonale","description":"Le site des supporters de l&#039;AS Monaco FC","potentialAction":[{"@type":"SearchAction","target":{"@type":"EntryPoint","urlTemplate":"https:\/\/www.ladiagonale.net\/?s={search_term_string}"},"query-input":"required name=search_term_string"}],"inLanguage":"fr-FR"},{"@type":"Person","@id":"https:\/\/www.ladiagonale.net\/#\/schema\/person\/79ff1e7b0853ed01b2aa26e64ad300bf","name":"Damien Dellerba","image":{"@type":"ImageObject","inLanguage":"fr-FR","@id":"https:\/\/www.ladiagonale.net\/#\/schema\/person\/image\/","url":"https:\/\/secure.gravatar.com\/avatar\/c7850e06d3ff63cdbaee88b7fc16e2f0?s=96&d=mm&r=g","contentUrl":"https:\/\/secure.gravatar.com\/avatar\/c7850e06d3ff63cdbaee88b7fc16e2f0?s=96&d=mm&r=g","caption":"Damien Dellerba"},"url":"https:\/\/www.ladiagonale.net\/index.php\/author\/damien\/"}]}},"_links":{"self":[{"href":"https:\/\/www.ladiagonale.net\/index.php\/wp-json\/wp\/v2\/posts\/40582"}],"collection":[{"href":"https:\/\/www.ladiagonale.net\/index.php\/wp-json\/wp\/v2\/posts"}],"about":[{"href":"https:\/\/www.ladiagonale.net\/index.php\/wp-json\/wp\/v2\/types\/post"}],"author":[{"embeddable":true,"href":"https:\/\/www.ladiagonale.net\/index.php\/wp-json\/wp\/v2\/users\/2"}],"replies":[{"embeddable":true,"href":"https:\/\/www.ladiagonale.net\/index.php\/wp-json\/wp\/v2\/comments?post=40582"}],"version-history":[{"count":4,"href":"https:\/\/www.ladiagonale.net\/index.php\/wp-json\/wp\/v2\/posts\/40582\/revisions"}],"predecessor-version":[{"id":40627,"href":"https:\/\/www.ladiagonale.net\/index.php\/wp-json\/wp\/v2\/posts\/40582\/revisions\/40627"}],"wp:attachment":[{"href":"https:\/\/www.ladiagonale.net\/index.php\/wp-json\/wp\/v2\/media?parent=40582"}],"wp:term":[{"taxonomy":"category","embeddable":true,"href":"https:\/\/www.ladiagonale.net\/index.php\/wp-json\/wp\/v2\/categories?post=40582"},{"taxonomy":"post_tag","embeddable":true,"href":"https:\/\/www.ladiagonale.net\/index.php\/wp-json\/wp\/v2\/tags?post=40582"}],"curies":[{"name":"wp","href":"https:\/\/api.w.org\/{rel}","templated":true}]}}