{"id":40584,"date":"2026-09-04T16:56:58","date_gmt":"2026-09-04T14:56:58","guid":{"rendered":"https:\/\/www.ladiagonale.net\/?p=40584"},"modified":"2026-09-04T16:56:59","modified_gmt":"2026-09-04T14:56:59","slug":"brisard-designe-arbitre-de-psg-monaco","status":"publish","type":"post","link":"https:\/\/www.ladiagonale.net\/index.php\/2026\/09\/04\/brisard-designe-arbitre-de-psg-monaco\/","title":{"rendered":"Brisard d\u00e9sign\u00e9 arbitre de PSG-Monaco"},"content":{"rendered":"\n\n\n<p>Le choc entre l&rsquo;AS Monaco et le Paris Saint-Germain, ce vendredi, sera arbitr\u00e9 par J\u00e9r\u00f4me Brisard. L&rsquo;officiel de 40 ans arbitrera une confrontation entre les deux \u00e9quipes pour la premi\u00e8re fois de sa carri\u00e8re. Il sera assist\u00e9 par Alexis Auger et Aur\u00e9lien Berthomieu. Les assistants vid\u00e9os seront Alexandre Castro et Wilfried Bien.<\/p>\n\n\n\n<p>Brisard a dirig\u00e9 deux rencontres de l&rsquo;ASM la saison derni\u00e8re. La victoire \u00e0 Nantes (5-3) et la d\u00e9faite \u00e0 domicile contre Lyon (1-3), d\u00e9but janvier. Son arbitrage n&rsquo;avait d&rsquo;ailleurs pas manqu\u00e9 de susciter quelques pol\u00e9miques, et notamment pour un but refus\u00e9 \u00e0 Thilo Kehrer pour une suppos\u00e9e faute de Jordan Teze sur Tolisso.<\/p>\n","protected":false},"excerpt":{"rendered":"<p>Le choc entre l&rsquo;AS Monaco et le Paris Saint-Germain, ce vendredi, sera arbitr\u00e9 par J\u00e9r\u00f4me Brisard. L&rsquo;officiel de 40 ans arbitrera une confrontation entre les deux \u00e9quipes pour la premi\u00e8re fois de sa carri\u00e8re. Il sera assist\u00e9 par Alexis Auger et Aur\u00e9lien Berthomieu. Les assistants vid\u00e9os seront Alexandre Castro et Wilfried Bien. Brisard a dirig\u00e9 [&#8230;]\n","protected":false},"author":2,"featured_media":0,"comment_status":"open","ping_status":"open","sticky":false,"template":"","format":"standard","meta":[],"categories":[6,1000],"tags":[156,86,744,94,720],"yoast_head":"<!-- This site is optimized with the Yoast SEO plugin v19.8 - https:\/\/yoast.com\/wordpress\/plugins\/seo\/ -->\n<title>Brisard d\u00e9sign\u00e9 arbitre de PSG-Monaco - La Diagonale<\/title>\n<meta name=\"robots\" content=\"index, follow, max-snippet:-1, max-image-preview:large, max-video-preview:-1\" \/>\n<link rel=\"canonical\" href=\"https:\/\/www.ladiagonale.net\/index.php\/2026\/09\/04\/brisard-designe-arbitre-de-psg-monaco\/\" \/>\n<meta property=\"og:locale\" content=\"fr_FR\" \/>\n<meta property=\"og:type\" content=\"article\" \/>\n<meta property=\"og:title\" content=\"Brisard d\u00e9sign\u00e9 arbitre de PSG-Monaco - La Diagonale\" \/>\n<meta property=\"og:description\" content=\"Le choc entre l&rsquo;AS Monaco et le Paris Saint-Germain, ce vendredi, sera arbitr\u00e9 par J\u00e9r\u00f4me Brisard. L&rsquo;officiel de 40 ans arbitrera une confrontation entre les deux \u00e9quipes pour la premi\u00e8re fois de sa carri\u00e8re. Il sera assist\u00e9 par Alexis Auger et Aur\u00e9lien Berthomieu. Les assistants vid\u00e9os seront Alexandre Castro et Wilfried Bien. Brisard a dirig\u00e9 [...]\" \/>\n<meta property=\"og:url\" content=\"https:\/\/www.ladiagonale.net\/index.php\/2026\/09\/04\/brisard-designe-arbitre-de-psg-monaco\/\" \/>\n<meta property=\"og:site_name\" content=\"La Diagonale\" \/>\n<meta property=\"article:published_time\" content=\"2026-09-04T14:56:58+00:00\" \/>\n<meta property=\"article:modified_time\" content=\"2026-09-04T14:56:59+00:00\" \/>\n<meta property=\"og:image\" content=\"https:\/\/www.ladiagonale.net\/wp-content\/uploads\/2023\/01\/brisard.png\" \/>\n\t<meta property=\"og:image:width\" content=\"1160\" \/>\n\t<meta property=\"og:image:height\" content=\"650\" \/>\n\t<meta property=\"og:image:type\" content=\"image\/png\" \/>\n<meta name=\"author\" content=\"Damien Dellerba\" \/>\n<meta name=\"twitter:card\" content=\"summary_large_image\" \/>\n<meta name=\"twitter:image\" content=\"https:\/\/www.ladiagonale.net\/wp-content\/uploads\/2023\/01\/brisard.png\" \/>\n<meta name=\"twitter:label1\" content=\"\u00c9crit par\" \/>\n\t<meta name=\"twitter:data1\" content=\"Damien Dellerba\" \/>\n\t<meta name=\"twitter:label2\" content=\"Dur\u00e9e de lecture estim\u00e9e\" \/>\n\t<meta name=\"twitter:data2\" content=\"1 minute\" \/>\n<script type=\"application\/ld+json\" class=\"yoast-schema-graph\">{\"@context\":\"https:\/\/schema.org\",\"@graph\":[{\"@type\":\"WebPage\",\"@id\":\"https:\/\/www.ladiagonale.net\/index.php\/2026\/09\/04\/brisard-designe-arbitre-de-psg-monaco\/\",\"url\":\"https:\/\/www.ladiagonale.net\/index.php\/2026\/09\/04\/brisard-designe-arbitre-de-psg-monaco\/\",\"name\":\"Brisard d\u00e9sign\u00e9 arbitre de PSG-Monaco - La Diagonale\",\"isPartOf\":{\"@id\":\"https:\/\/www.ladiagonale.net\/#website\"},\"datePublished\":\"2026-09-04T14:56:58+00:00\",\"dateModified\":\"2026-09-04T14:56:59+00:00\",\"author\":{\"@id\":\"https:\/\/www.ladiagonale.net\/#\/schema\/person\/79ff1e7b0853ed01b2aa26e64ad300bf\"},\"breadcrumb\":{\"@id\":\"https:\/\/www.ladiagonale.net\/index.php\/2026\/09\/04\/brisard-designe-arbitre-de-psg-monaco\/#breadcrumb\"},\"inLanguage\":\"fr-FR\",\"potentialAction\":[{\"@type\":\"ReadAction\",\"target\":[\"https:\/\/www.ladiagonale.net\/index.php\/2026\/09\/04\/brisard-designe-arbitre-de-psg-monaco\/\"]}]},{\"@type\":\"BreadcrumbList\",\"@id\":\"https:\/\/www.ladiagonale.net\/index.php\/2026\/09\/04\/brisard-designe-arbitre-de-psg-monaco\/#breadcrumb\",\"itemListElement\":[{\"@type\":\"ListItem\",\"position\":1,\"name\":\"Accueil\",\"item\":\"https:\/\/www.ladiagonale.net\/\"},{\"@type\":\"ListItem\",\"position\":2,\"name\":\"Brisard d\u00e9sign\u00e9 arbitre de PSG-Monaco\"}]},{\"@type\":\"WebSite\",\"@id\":\"https:\/\/www.ladiagonale.net\/#website\",\"url\":\"https:\/\/www.ladiagonale.net\/\",\"name\":\"La Diagonale\",\"description\":\"Le site des supporters de l&#039;AS Monaco FC\",\"potentialAction\":[{\"@type\":\"SearchAction\",\"target\":{\"@type\":\"EntryPoint\",\"urlTemplate\":\"https:\/\/www.ladiagonale.net\/?s={search_term_string}\"},\"query-input\":\"required name=search_term_string\"}],\"inLanguage\":\"fr-FR\"},{\"@type\":\"Person\",\"@id\":\"https:\/\/www.ladiagonale.net\/#\/schema\/person\/79ff1e7b0853ed01b2aa26e64ad300bf\",\"name\":\"Damien Dellerba\",\"image\":{\"@type\":\"ImageObject\",\"inLanguage\":\"fr-FR\",\"@id\":\"https:\/\/www.ladiagonale.net\/#\/schema\/person\/image\/\",\"url\":\"https:\/\/secure.gravatar.com\/avatar\/c7850e06d3ff63cdbaee88b7fc16e2f0?s=96&d=mm&r=g\",\"contentUrl\":\"https:\/\/secure.gravatar.com\/avatar\/c7850e06d3ff63cdbaee88b7fc16e2f0?s=96&d=mm&r=g\",\"caption\":\"Damien Dellerba\"},\"url\":\"https:\/\/www.ladiagonale.net\/index.php\/author\/damien\/\"}]}<\/script>\n<!-- \/ Yoast SEO plugin. -->","yoast_head_json":{"title":"Brisard d\u00e9sign\u00e9 arbitre de PSG-Monaco - La Diagonale","robots":{"index":"index","follow":"follow","max-snippet":"max-snippet:-1","max-image-preview":"max-image-preview:large","max-video-preview":"max-video-preview:-1"},"canonical":"https:\/\/www.ladiagonale.net\/index.php\/2026\/09\/04\/brisard-designe-arbitre-de-psg-monaco\/","og_locale":"fr_FR","og_type":"article","og_title":"Brisard d\u00e9sign\u00e9 arbitre de PSG-Monaco - La Diagonale","og_description":"Le choc entre l&rsquo;AS Monaco et le Paris Saint-Germain, ce vendredi, sera arbitr\u00e9 par J\u00e9r\u00f4me Brisard. L&rsquo;officiel de 40 ans arbitrera une confrontation entre les deux \u00e9quipes pour la premi\u00e8re fois de sa carri\u00e8re. Il sera assist\u00e9 par Alexis Auger et Aur\u00e9lien Berthomieu. Les assistants vid\u00e9os seront Alexandre Castro et Wilfried Bien. Brisard a dirig\u00e9 [...]","og_url":"https:\/\/www.ladiagonale.net\/index.php\/2026\/09\/04\/brisard-designe-arbitre-de-psg-monaco\/","og_site_name":"La Diagonale","article_published_time":"2026-09-04T14:56:58+00:00","article_modified_time":"2026-09-04T14:56:59+00:00","og_image":[{"width":1160,"height":650,"url":"https:\/\/www.ladiagonale.net\/wp-content\/uploads\/2023\/01\/brisard.png","type":"image\/png"}],"author":"Damien Dellerba","twitter_card":"summary_large_image","twitter_image":"https:\/\/www.ladiagonale.net\/wp-content\/uploads\/2023\/01\/brisard.png","twitter_misc":{"\u00c9crit par":"Damien Dellerba","Dur\u00e9e de lecture estim\u00e9e":"1 minute"},"schema":{"@context":"https:\/\/schema.org","@graph":[{"@type":"WebPage","@id":"https:\/\/www.ladiagonale.net\/index.php\/2026\/09\/04\/brisard-designe-arbitre-de-psg-monaco\/","url":"https:\/\/www.ladiagonale.net\/index.php\/2026\/09\/04\/brisard-designe-arbitre-de-psg-monaco\/","name":"Brisard d\u00e9sign\u00e9 arbitre de PSG-Monaco - La Diagonale","isPartOf":{"@id":"https:\/\/www.ladiagonale.net\/#website"},"datePublished":"2026-09-04T14:56:58+00:00","dateModified":"2026-09-04T14:56:59+00:00","author":{"@id":"https:\/\/www.ladiagonale.net\/#\/schema\/person\/79ff1e7b0853ed01b2aa26e64ad300bf"},"breadcrumb":{"@id":"https:\/\/www.ladiagonale.net\/index.php\/2026\/09\/04\/brisard-designe-arbitre-de-psg-monaco\/#breadcrumb"},"inLanguage":"fr-FR","potentialAction":[{"@type":"ReadAction","target":["https:\/\/www.ladiagonale.net\/index.php\/2026\/09\/04\/brisard-designe-arbitre-de-psg-monaco\/"]}]},{"@type":"BreadcrumbList","@id":"https:\/\/www.ladiagonale.net\/index.php\/2026\/09\/04\/brisard-designe-arbitre-de-psg-monaco\/#breadcrumb","itemListElement":[{"@type":"ListItem","position":1,"name":"Accueil","item":"https:\/\/www.ladiagonale.net\/"},{"@type":"ListItem","position":2,"name":"Brisard d\u00e9sign\u00e9 arbitre de PSG-Monaco"}]},{"@type":"WebSite","@id":"https:\/\/www.ladiagonale.net\/#website","url":"https:\/\/www.ladiagonale.net\/","name":"La Diagonale","description":"Le site des supporters de l&#039;AS Monaco FC","potentialAction":[{"@type":"SearchAction","target":{"@type":"EntryPoint","urlTemplate":"https:\/\/www.ladiagonale.net\/?s={search_term_string}"},"query-input":"required name=search_term_string"}],"inLanguage":"fr-FR"},{"@type":"Person","@id":"https:\/\/www.ladiagonale.net\/#\/schema\/person\/79ff1e7b0853ed01b2aa26e64ad300bf","name":"Damien Dellerba","image":{"@type":"ImageObject","inLanguage":"fr-FR","@id":"https:\/\/www.ladiagonale.net\/#\/schema\/person\/image\/","url":"https:\/\/secure.gravatar.com\/avatar\/c7850e06d3ff63cdbaee88b7fc16e2f0?s=96&d=mm&r=g","contentUrl":"https:\/\/secure.gravatar.com\/avatar\/c7850e06d3ff63cdbaee88b7fc16e2f0?s=96&d=mm&r=g","caption":"Damien Dellerba"},"url":"https:\/\/www.ladiagonale.net\/index.php\/author\/damien\/"}]}},"_links":{"self":[{"href":"https:\/\/www.ladiagonale.net\/index.php\/wp-json\/wp\/v2\/posts\/40584"}],"collection":[{"href":"https:\/\/www.ladiagonale.net\/index.php\/wp-json\/wp\/v2\/posts"}],"about":[{"href":"https:\/\/www.ladiagonale.net\/index.php\/wp-json\/wp\/v2\/types\/post"}],"author":[{"embeddable":true,"href":"https:\/\/www.ladiagonale.net\/index.php\/wp-json\/wp\/v2\/users\/2"}],"replies":[{"embeddable":true,"href":"https:\/\/www.ladiagonale.net\/index.php\/wp-json\/wp\/v2\/comments?post=40584"}],"version-history":[{"count":2,"href":"https:\/\/www.ladiagonale.net\/index.php\/wp-json\/wp\/v2\/posts\/40584\/revisions"}],"predecessor-version":[{"id":40662,"href":"https:\/\/www.ladiagonale.net\/index.php\/wp-json\/wp\/v2\/posts\/40584\/revisions\/40662"}],"wp:attachment":[{"href":"https:\/\/www.ladiagonale.net\/index.php\/wp-json\/wp\/v2\/media?parent=40584"}],"wp:term":[{"taxonomy":"category","embeddable":true,"href":"https:\/\/www.ladiagonale.net\/index.php\/wp-json\/wp\/v2\/categories?post=40584"},{"taxonomy":"post_tag","embeddable":true,"href":"https:\/\/www.ladiagonale.net\/index.php\/wp-json\/wp\/v2\/tags?post=40584"}],"curies":[{"name":"wp","href":"https:\/\/api.w.org\/{rel}","templated":true}]}}