{"id":40589,"date":"2026-09-03T19:13:25","date_gmt":"2026-09-03T17:13:25","guid":{"rendered":"https:\/\/www.ladiagonale.net\/?p=40589"},"modified":"2026-09-03T19:13:26","modified_gmt":"2026-09-03T17:13:26","slug":"la-lfp-devoile-les-programmations-de-six-journees-de-l1","status":"publish","type":"post","link":"https:\/\/www.ladiagonale.net\/index.php\/2026\/09\/03\/la-lfp-devoile-les-programmations-de-six-journees-de-l1\/","title":{"rendered":"La LFP d\u00e9voile les programmations de six journ\u00e9es de L1"},"content":{"rendered":"\n\n\n<p>La LFP a pu avancer sur la programmation de son Championnat. Sur les derniers jours, pas moins de six journ\u00e9es ont \u00e9t\u00e9 fix\u00e9es, de la 6<sup>e<\/sup> \u00e0 la 11<sup>e<\/sup>. Durant cette p\u00e9riode, l&rsquo;AS Monaco jouera trois un dimanche \u00e0 17h15. Contre Lorient, le Paris FC, et contre Le Mans. Cette derni\u00e8re rencontre prendra place dans le multiplex, d\u00e9plac\u00e9 du samedi au dimanche en raison des comp\u00e9titions europ\u00e9ennes.<\/p>\n\n\n\n<h3>Le calendrier de Monaco en Ligue 1<\/h3>\n\n\n\n<p><strong>6<sup>e<\/sup> journ\u00e9e<\/strong><br>Samedi 10 octobre 2026 \u00e0 20h45 sur Ligue 1+<br>AS Monaco \u2013 Toulouse FC<\/p>\n\n\n\n<p><strong>7<sup>e<\/sup> journ\u00e9e<\/strong><br>Dimanche 18 octobre 2026 \u00e0 17h15 sur Ligue 1+<br>FC Lorient \u2013 AS Monaco<\/p>\n\n\n\n<p><strong>8<sup>e<\/sup> journ\u00e9e<\/strong><br>Dimanche 25 octobre 2026 \u00e0 15h00 sur Ligue 1+<br>AS Monaco \u2013 LOSC<\/p>\n\n\n\n<p><strong>9<sup>e<\/sup> journ\u00e9e<\/strong><br>Dimanche 1<sup>er<\/sup> novembre 2026 \u00e0 17h15 sur Ligue 1+<br>Paris FC \u2013 AS Monaco<\/p>\n\n\n\n<p><strong>10e journ\u00e9e<\/strong><br>Dimanche 8 novembre 2026 \u00e0 17h15 sur Ligue 1+<br>Le Mans FC \u2013 AS Monaco<\/p>\n\n\n\n<p><strong>11e journ\u00e9e<\/strong><br>Samedi 21 novembre 2026 \u00e0 20h45 sur Ligue 1+<br>AS Monaco \u2013 AJ Auxerre<\/p>\n","protected":false},"excerpt":{"rendered":"<p>La LFP a pu avancer sur la programmation de son Championnat. Sur les derniers jours, pas moins de six journ\u00e9es ont \u00e9t\u00e9 fix\u00e9es, de la 6e \u00e0 la 11e. Durant cette p\u00e9riode, l&rsquo;AS Monaco jouera trois un dimanche \u00e0 17h15. Contre Lorient, le Paris FC, et contre Le Mans. Cette derni\u00e8re rencontre prendra place dans [&#8230;]\n","protected":false},"author":2,"featured_media":0,"comment_status":"open","ping_status":"open","sticky":false,"template":"","format":"standard","meta":[],"categories":[6],"tags":[86,94,172],"yoast_head":"<!-- This site is optimized with the Yoast SEO plugin v19.8 - https:\/\/yoast.com\/wordpress\/plugins\/seo\/ -->\n<title>La LFP d\u00e9voile les programmations de six journ\u00e9es de L1 - La Diagonale<\/title>\n<meta name=\"robots\" content=\"index, follow, max-snippet:-1, max-image-preview:large, max-video-preview:-1\" \/>\n<link rel=\"canonical\" href=\"https:\/\/www.ladiagonale.net\/index.php\/2026\/09\/03\/la-lfp-devoile-les-programmations-de-six-journees-de-l1\/\" \/>\n<meta property=\"og:locale\" content=\"fr_FR\" \/>\n<meta property=\"og:type\" content=\"article\" \/>\n<meta property=\"og:title\" content=\"La LFP d\u00e9voile les programmations de six journ\u00e9es de L1 - La Diagonale\" \/>\n<meta property=\"og:description\" content=\"La LFP a pu avancer sur la programmation de son Championnat. Sur les derniers jours, pas moins de six journ\u00e9es ont \u00e9t\u00e9 fix\u00e9es, de la 6e \u00e0 la 11e. Durant cette p\u00e9riode, l&rsquo;AS Monaco jouera trois un dimanche \u00e0 17h15. Contre Lorient, le Paris FC, et contre Le Mans. Cette derni\u00e8re rencontre prendra place dans [...]\" \/>\n<meta property=\"og:url\" content=\"https:\/\/www.ladiagonale.net\/index.php\/2026\/09\/03\/la-lfp-devoile-les-programmations-de-six-journees-de-l1\/\" \/>\n<meta property=\"og:site_name\" content=\"La Diagonale\" \/>\n<meta property=\"article:published_time\" content=\"2026-09-03T17:13:25+00:00\" \/>\n<meta property=\"article:modified_time\" content=\"2026-09-03T17:13:26+00:00\" \/>\n<meta property=\"og:image\" content=\"https:\/\/www.ladiagonale.net\/wp-content\/uploads\/2024\/09\/prog.png\" \/>\n\t<meta property=\"og:image:width\" content=\"1160\" \/>\n\t<meta property=\"og:image:height\" content=\"650\" \/>\n\t<meta property=\"og:image:type\" content=\"image\/png\" \/>\n<meta name=\"author\" content=\"Damien Dellerba\" \/>\n<meta name=\"twitter:card\" content=\"summary_large_image\" \/>\n<meta name=\"twitter:image\" content=\"https:\/\/www.ladiagonale.net\/wp-content\/uploads\/2024\/09\/prog.png\" \/>\n<meta name=\"twitter:label1\" content=\"\u00c9crit par\" \/>\n\t<meta name=\"twitter:data1\" content=\"Damien Dellerba\" \/>\n\t<meta name=\"twitter:label2\" content=\"Dur\u00e9e de lecture estim\u00e9e\" \/>\n\t<meta name=\"twitter:data2\" content=\"1 minute\" \/>\n<script type=\"application\/ld+json\" class=\"yoast-schema-graph\">{\"@context\":\"https:\/\/schema.org\",\"@graph\":[{\"@type\":\"WebPage\",\"@id\":\"https:\/\/www.ladiagonale.net\/index.php\/2026\/09\/03\/la-lfp-devoile-les-programmations-de-six-journees-de-l1\/\",\"url\":\"https:\/\/www.ladiagonale.net\/index.php\/2026\/09\/03\/la-lfp-devoile-les-programmations-de-six-journees-de-l1\/\",\"name\":\"La LFP d\u00e9voile les programmations de six journ\u00e9es de L1 - La Diagonale\",\"isPartOf\":{\"@id\":\"https:\/\/www.ladiagonale.net\/#website\"},\"datePublished\":\"2026-09-03T17:13:25+00:00\",\"dateModified\":\"2026-09-03T17:13:26+00:00\",\"author\":{\"@id\":\"https:\/\/www.ladiagonale.net\/#\/schema\/person\/79ff1e7b0853ed01b2aa26e64ad300bf\"},\"breadcrumb\":{\"@id\":\"https:\/\/www.ladiagonale.net\/index.php\/2026\/09\/03\/la-lfp-devoile-les-programmations-de-six-journees-de-l1\/#breadcrumb\"},\"inLanguage\":\"fr-FR\",\"potentialAction\":[{\"@type\":\"ReadAction\",\"target\":[\"https:\/\/www.ladiagonale.net\/index.php\/2026\/09\/03\/la-lfp-devoile-les-programmations-de-six-journees-de-l1\/\"]}]},{\"@type\":\"BreadcrumbList\",\"@id\":\"https:\/\/www.ladiagonale.net\/index.php\/2026\/09\/03\/la-lfp-devoile-les-programmations-de-six-journees-de-l1\/#breadcrumb\",\"itemListElement\":[{\"@type\":\"ListItem\",\"position\":1,\"name\":\"Accueil\",\"item\":\"https:\/\/www.ladiagonale.net\/\"},{\"@type\":\"ListItem\",\"position\":2,\"name\":\"La LFP d\u00e9voile les programmations de six journ\u00e9es de L1\"}]},{\"@type\":\"WebSite\",\"@id\":\"https:\/\/www.ladiagonale.net\/#website\",\"url\":\"https:\/\/www.ladiagonale.net\/\",\"name\":\"La Diagonale\",\"description\":\"Le site des supporters de l&#039;AS Monaco FC\",\"potentialAction\":[{\"@type\":\"SearchAction\",\"target\":{\"@type\":\"EntryPoint\",\"urlTemplate\":\"https:\/\/www.ladiagonale.net\/?s={search_term_string}\"},\"query-input\":\"required name=search_term_string\"}],\"inLanguage\":\"fr-FR\"},{\"@type\":\"Person\",\"@id\":\"https:\/\/www.ladiagonale.net\/#\/schema\/person\/79ff1e7b0853ed01b2aa26e64ad300bf\",\"name\":\"Damien Dellerba\",\"image\":{\"@type\":\"ImageObject\",\"inLanguage\":\"fr-FR\",\"@id\":\"https:\/\/www.ladiagonale.net\/#\/schema\/person\/image\/\",\"url\":\"https:\/\/secure.gravatar.com\/avatar\/c7850e06d3ff63cdbaee88b7fc16e2f0?s=96&d=mm&r=g\",\"contentUrl\":\"https:\/\/secure.gravatar.com\/avatar\/c7850e06d3ff63cdbaee88b7fc16e2f0?s=96&d=mm&r=g\",\"caption\":\"Damien Dellerba\"},\"url\":\"https:\/\/www.ladiagonale.net\/index.php\/author\/damien\/\"}]}<\/script>\n<!-- \/ Yoast SEO plugin. -->","yoast_head_json":{"title":"La LFP d\u00e9voile les programmations de six journ\u00e9es de L1 - La Diagonale","robots":{"index":"index","follow":"follow","max-snippet":"max-snippet:-1","max-image-preview":"max-image-preview:large","max-video-preview":"max-video-preview:-1"},"canonical":"https:\/\/www.ladiagonale.net\/index.php\/2026\/09\/03\/la-lfp-devoile-les-programmations-de-six-journees-de-l1\/","og_locale":"fr_FR","og_type":"article","og_title":"La LFP d\u00e9voile les programmations de six journ\u00e9es de L1 - La Diagonale","og_description":"La LFP a pu avancer sur la programmation de son Championnat. Sur les derniers jours, pas moins de six journ\u00e9es ont \u00e9t\u00e9 fix\u00e9es, de la 6e \u00e0 la 11e. Durant cette p\u00e9riode, l&rsquo;AS Monaco jouera trois un dimanche \u00e0 17h15. Contre Lorient, le Paris FC, et contre Le Mans. Cette derni\u00e8re rencontre prendra place dans [...]","og_url":"https:\/\/www.ladiagonale.net\/index.php\/2026\/09\/03\/la-lfp-devoile-les-programmations-de-six-journees-de-l1\/","og_site_name":"La Diagonale","article_published_time":"2026-09-03T17:13:25+00:00","article_modified_time":"2026-09-03T17:13:26+00:00","og_image":[{"width":1160,"height":650,"url":"https:\/\/www.ladiagonale.net\/wp-content\/uploads\/2024\/09\/prog.png","type":"image\/png"}],"author":"Damien Dellerba","twitter_card":"summary_large_image","twitter_image":"https:\/\/www.ladiagonale.net\/wp-content\/uploads\/2024\/09\/prog.png","twitter_misc":{"\u00c9crit par":"Damien Dellerba","Dur\u00e9e de lecture estim\u00e9e":"1 minute"},"schema":{"@context":"https:\/\/schema.org","@graph":[{"@type":"WebPage","@id":"https:\/\/www.ladiagonale.net\/index.php\/2026\/09\/03\/la-lfp-devoile-les-programmations-de-six-journees-de-l1\/","url":"https:\/\/www.ladiagonale.net\/index.php\/2026\/09\/03\/la-lfp-devoile-les-programmations-de-six-journees-de-l1\/","name":"La LFP d\u00e9voile les programmations de six journ\u00e9es de L1 - La Diagonale","isPartOf":{"@id":"https:\/\/www.ladiagonale.net\/#website"},"datePublished":"2026-09-03T17:13:25+00:00","dateModified":"2026-09-03T17:13:26+00:00","author":{"@id":"https:\/\/www.ladiagonale.net\/#\/schema\/person\/79ff1e7b0853ed01b2aa26e64ad300bf"},"breadcrumb":{"@id":"https:\/\/www.ladiagonale.net\/index.php\/2026\/09\/03\/la-lfp-devoile-les-programmations-de-six-journees-de-l1\/#breadcrumb"},"inLanguage":"fr-FR","potentialAction":[{"@type":"ReadAction","target":["https:\/\/www.ladiagonale.net\/index.php\/2026\/09\/03\/la-lfp-devoile-les-programmations-de-six-journees-de-l1\/"]}]},{"@type":"BreadcrumbList","@id":"https:\/\/www.ladiagonale.net\/index.php\/2026\/09\/03\/la-lfp-devoile-les-programmations-de-six-journees-de-l1\/#breadcrumb","itemListElement":[{"@type":"ListItem","position":1,"name":"Accueil","item":"https:\/\/www.ladiagonale.net\/"},{"@type":"ListItem","position":2,"name":"La LFP d\u00e9voile les programmations de six journ\u00e9es de L1"}]},{"@type":"WebSite","@id":"https:\/\/www.ladiagonale.net\/#website","url":"https:\/\/www.ladiagonale.net\/","name":"La Diagonale","description":"Le site des supporters de l&#039;AS Monaco FC","potentialAction":[{"@type":"SearchAction","target":{"@type":"EntryPoint","urlTemplate":"https:\/\/www.ladiagonale.net\/?s={search_term_string}"},"query-input":"required name=search_term_string"}],"inLanguage":"fr-FR"},{"@type":"Person","@id":"https:\/\/www.ladiagonale.net\/#\/schema\/person\/79ff1e7b0853ed01b2aa26e64ad300bf","name":"Damien Dellerba","image":{"@type":"ImageObject","inLanguage":"fr-FR","@id":"https:\/\/www.ladiagonale.net\/#\/schema\/person\/image\/","url":"https:\/\/secure.gravatar.com\/avatar\/c7850e06d3ff63cdbaee88b7fc16e2f0?s=96&d=mm&r=g","contentUrl":"https:\/\/secure.gravatar.com\/avatar\/c7850e06d3ff63cdbaee88b7fc16e2f0?s=96&d=mm&r=g","caption":"Damien Dellerba"},"url":"https:\/\/www.ladiagonale.net\/index.php\/author\/damien\/"}]}},"_links":{"self":[{"href":"https:\/\/www.ladiagonale.net\/index.php\/wp-json\/wp\/v2\/posts\/40589"}],"collection":[{"href":"https:\/\/www.ladiagonale.net\/index.php\/wp-json\/wp\/v2\/posts"}],"about":[{"href":"https:\/\/www.ladiagonale.net\/index.php\/wp-json\/wp\/v2\/types\/post"}],"author":[{"embeddable":true,"href":"https:\/\/www.ladiagonale.net\/index.php\/wp-json\/wp\/v2\/users\/2"}],"replies":[{"embeddable":true,"href":"https:\/\/www.ladiagonale.net\/index.php\/wp-json\/wp\/v2\/comments?post=40589"}],"version-history":[{"count":4,"href":"https:\/\/www.ladiagonale.net\/index.php\/wp-json\/wp\/v2\/posts\/40589\/revisions"}],"predecessor-version":[{"id":40644,"href":"https:\/\/www.ladiagonale.net\/index.php\/wp-json\/wp\/v2\/posts\/40589\/revisions\/40644"}],"wp:attachment":[{"href":"https:\/\/www.ladiagonale.net\/index.php\/wp-json\/wp\/v2\/media?parent=40589"}],"wp:term":[{"taxonomy":"category","embeddable":true,"href":"https:\/\/www.ladiagonale.net\/index.php\/wp-json\/wp\/v2\/categories?post=40589"},{"taxonomy":"post_tag","embeddable":true,"href":"https:\/\/www.ladiagonale.net\/index.php\/wp-json\/wp\/v2\/tags?post=40589"}],"curies":[{"name":"wp","href":"https:\/\/api.w.org\/{rel}","templated":true}]}}