{"id":40595,"date":"2026-09-03T11:30:27","date_gmt":"2026-09-03T09:30:27","guid":{"rendered":"https:\/\/www.ladiagonale.net\/?p=40595"},"modified":"2026-09-03T11:30:45","modified_gmt":"2026-09-03T09:30:45","slug":"officiel-lienard-prete-au-cercle-bruges","status":"publish","type":"post","link":"https:\/\/www.ladiagonale.net\/index.php\/2026\/09\/03\/officiel-lienard-prete-au-cercle-bruges\/","title":{"rendered":"Officiel : Lienard pr\u00eat\u00e9 au Cercle Bruges"},"content":{"rendered":"\n\n\n<p>L&rsquo;AS Monaco vient d&rsquo;envoyer son troisi\u00e8me et dernier joueur au Cercle Bruges pour cette saison. Comme annonc\u00e9 il y a quelques jours, Yann Lienard a \u00e9t\u00e9 pr\u00eat\u00e9 du c\u00f4t\u00e9 de la Belgique. Un pr\u00eat qui s&rsquo;accompagnerait d&rsquo;une prolongation de contrat d&rsquo;un an, puisque son bail arrivait \u00e0 expiration en juin prochain. Le gardien de 23 ans devrait essayer de gagner du temps de jeu au sein du club satellite de l&rsquo;ASM, et retrouvera Lucas Michal et Valy Konat\u00e9.<\/p>\n\n\n\n<p>Le natif d&rsquo;Aubagne n&rsquo;a disput\u00e9 qu&rsquo;une seule rencontre chez les pros \u00e0 l&rsquo;ASM. C&rsquo;\u00e9tait en Coupe de France contre les amateurs de l&rsquo;Union Saint-Jean, en d\u00e9cembre 2024. Depuis quatre saisons, Lienard a assur\u00e9 la fonction de troisi\u00e8me gardien.<\/p>\n","protected":false},"excerpt":{"rendered":"<p>L&rsquo;AS Monaco vient d&rsquo;envoyer son troisi\u00e8me et dernier joueur au Cercle Bruges pour cette saison. Comme annonc\u00e9 il y a quelques jours, Yann Lienard a \u00e9t\u00e9 pr\u00eat\u00e9 du c\u00f4t\u00e9 de la Belgique. Un pr\u00eat qui s&rsquo;accompagnerait d&rsquo;une prolongation de contrat d&rsquo;un an, puisque son bail arrivait \u00e0 expiration en juin prochain. Le gardien de 23 [&#8230;]\n","protected":false},"author":2,"featured_media":0,"comment_status":"open","ping_status":"open","sticky":false,"template":"","format":"standard","meta":[],"categories":[6,1086],"tags":[86,111,110,146],"yoast_head":"<!-- This site is optimized with the Yoast SEO plugin v19.8 - https:\/\/yoast.com\/wordpress\/plugins\/seo\/ -->\n<title>Officiel : Lienard pr\u00eat\u00e9 au Cercle Bruges - La Diagonale<\/title>\n<meta name=\"robots\" content=\"index, follow, max-snippet:-1, max-image-preview:large, max-video-preview:-1\" \/>\n<link rel=\"canonical\" href=\"https:\/\/www.ladiagonale.net\/index.php\/2026\/09\/03\/officiel-lienard-prete-au-cercle-bruges\/\" \/>\n<meta property=\"og:locale\" content=\"fr_FR\" \/>\n<meta property=\"og:type\" content=\"article\" \/>\n<meta property=\"og:title\" content=\"Officiel : Lienard pr\u00eat\u00e9 au Cercle Bruges - La Diagonale\" \/>\n<meta property=\"og:description\" content=\"L&rsquo;AS Monaco vient d&rsquo;envoyer son troisi\u00e8me et dernier joueur au Cercle Bruges pour cette saison. Comme annonc\u00e9 il y a quelques jours, Yann Lienard a \u00e9t\u00e9 pr\u00eat\u00e9 du c\u00f4t\u00e9 de la Belgique. Un pr\u00eat qui s&rsquo;accompagnerait d&rsquo;une prolongation de contrat d&rsquo;un an, puisque son bail arrivait \u00e0 expiration en juin prochain. Le gardien de 23 [...]\" \/>\n<meta property=\"og:url\" content=\"https:\/\/www.ladiagonale.net\/index.php\/2026\/09\/03\/officiel-lienard-prete-au-cercle-bruges\/\" \/>\n<meta property=\"og:site_name\" content=\"La Diagonale\" \/>\n<meta property=\"article:published_time\" content=\"2026-09-03T09:30:27+00:00\" \/>\n<meta property=\"article:modified_time\" content=\"2026-09-03T09:30:45+00:00\" \/>\n<meta property=\"og:image\" content=\"https:\/\/www.ladiagonale.net\/wp-content\/uploads\/2025\/07\/Lienard.png\" \/>\n\t<meta property=\"og:image:width\" content=\"1160\" \/>\n\t<meta property=\"og:image:height\" content=\"650\" \/>\n\t<meta property=\"og:image:type\" content=\"image\/png\" \/>\n<meta name=\"author\" content=\"Damien Dellerba\" \/>\n<meta name=\"twitter:card\" content=\"summary_large_image\" \/>\n<meta name=\"twitter:image\" content=\"https:\/\/www.ladiagonale.net\/wp-content\/uploads\/2025\/07\/Lienard.png\" \/>\n<meta name=\"twitter:label1\" content=\"\u00c9crit par\" \/>\n\t<meta name=\"twitter:data1\" content=\"Damien Dellerba\" \/>\n\t<meta name=\"twitter:label2\" content=\"Dur\u00e9e de lecture estim\u00e9e\" \/>\n\t<meta name=\"twitter:data2\" content=\"1 minute\" \/>\n<script type=\"application\/ld+json\" class=\"yoast-schema-graph\">{\"@context\":\"https:\/\/schema.org\",\"@graph\":[{\"@type\":\"WebPage\",\"@id\":\"https:\/\/www.ladiagonale.net\/index.php\/2026\/09\/03\/officiel-lienard-prete-au-cercle-bruges\/\",\"url\":\"https:\/\/www.ladiagonale.net\/index.php\/2026\/09\/03\/officiel-lienard-prete-au-cercle-bruges\/\",\"name\":\"Officiel : Lienard pr\u00eat\u00e9 au Cercle Bruges - La Diagonale\",\"isPartOf\":{\"@id\":\"https:\/\/www.ladiagonale.net\/#website\"},\"datePublished\":\"2026-09-03T09:30:27+00:00\",\"dateModified\":\"2026-09-03T09:30:45+00:00\",\"author\":{\"@id\":\"https:\/\/www.ladiagonale.net\/#\/schema\/person\/79ff1e7b0853ed01b2aa26e64ad300bf\"},\"breadcrumb\":{\"@id\":\"https:\/\/www.ladiagonale.net\/index.php\/2026\/09\/03\/officiel-lienard-prete-au-cercle-bruges\/#breadcrumb\"},\"inLanguage\":\"fr-FR\",\"potentialAction\":[{\"@type\":\"ReadAction\",\"target\":[\"https:\/\/www.ladiagonale.net\/index.php\/2026\/09\/03\/officiel-lienard-prete-au-cercle-bruges\/\"]}]},{\"@type\":\"BreadcrumbList\",\"@id\":\"https:\/\/www.ladiagonale.net\/index.php\/2026\/09\/03\/officiel-lienard-prete-au-cercle-bruges\/#breadcrumb\",\"itemListElement\":[{\"@type\":\"ListItem\",\"position\":1,\"name\":\"Accueil\",\"item\":\"https:\/\/www.ladiagonale.net\/\"},{\"@type\":\"ListItem\",\"position\":2,\"name\":\"Officiel : Lienard pr\u00eat\u00e9 au Cercle Bruges\"}]},{\"@type\":\"WebSite\",\"@id\":\"https:\/\/www.ladiagonale.net\/#website\",\"url\":\"https:\/\/www.ladiagonale.net\/\",\"name\":\"La Diagonale\",\"description\":\"Le site des supporters de l&#039;AS Monaco FC\",\"potentialAction\":[{\"@type\":\"SearchAction\",\"target\":{\"@type\":\"EntryPoint\",\"urlTemplate\":\"https:\/\/www.ladiagonale.net\/?s={search_term_string}\"},\"query-input\":\"required name=search_term_string\"}],\"inLanguage\":\"fr-FR\"},{\"@type\":\"Person\",\"@id\":\"https:\/\/www.ladiagonale.net\/#\/schema\/person\/79ff1e7b0853ed01b2aa26e64ad300bf\",\"name\":\"Damien Dellerba\",\"image\":{\"@type\":\"ImageObject\",\"inLanguage\":\"fr-FR\",\"@id\":\"https:\/\/www.ladiagonale.net\/#\/schema\/person\/image\/\",\"url\":\"https:\/\/secure.gravatar.com\/avatar\/c7850e06d3ff63cdbaee88b7fc16e2f0?s=96&d=mm&r=g\",\"contentUrl\":\"https:\/\/secure.gravatar.com\/avatar\/c7850e06d3ff63cdbaee88b7fc16e2f0?s=96&d=mm&r=g\",\"caption\":\"Damien Dellerba\"},\"url\":\"https:\/\/www.ladiagonale.net\/index.php\/author\/damien\/\"}]}<\/script>\n<!-- \/ Yoast SEO plugin. -->","yoast_head_json":{"title":"Officiel : Lienard pr\u00eat\u00e9 au Cercle Bruges - La Diagonale","robots":{"index":"index","follow":"follow","max-snippet":"max-snippet:-1","max-image-preview":"max-image-preview:large","max-video-preview":"max-video-preview:-1"},"canonical":"https:\/\/www.ladiagonale.net\/index.php\/2026\/09\/03\/officiel-lienard-prete-au-cercle-bruges\/","og_locale":"fr_FR","og_type":"article","og_title":"Officiel : Lienard pr\u00eat\u00e9 au Cercle Bruges - La Diagonale","og_description":"L&rsquo;AS Monaco vient d&rsquo;envoyer son troisi\u00e8me et dernier joueur au Cercle Bruges pour cette saison. Comme annonc\u00e9 il y a quelques jours, Yann Lienard a \u00e9t\u00e9 pr\u00eat\u00e9 du c\u00f4t\u00e9 de la Belgique. Un pr\u00eat qui s&rsquo;accompagnerait d&rsquo;une prolongation de contrat d&rsquo;un an, puisque son bail arrivait \u00e0 expiration en juin prochain. Le gardien de 23 [...]","og_url":"https:\/\/www.ladiagonale.net\/index.php\/2026\/09\/03\/officiel-lienard-prete-au-cercle-bruges\/","og_site_name":"La Diagonale","article_published_time":"2026-09-03T09:30:27+00:00","article_modified_time":"2026-09-03T09:30:45+00:00","og_image":[{"width":1160,"height":650,"url":"https:\/\/www.ladiagonale.net\/wp-content\/uploads\/2025\/07\/Lienard.png","type":"image\/png"}],"author":"Damien Dellerba","twitter_card":"summary_large_image","twitter_image":"https:\/\/www.ladiagonale.net\/wp-content\/uploads\/2025\/07\/Lienard.png","twitter_misc":{"\u00c9crit par":"Damien Dellerba","Dur\u00e9e de lecture estim\u00e9e":"1 minute"},"schema":{"@context":"https:\/\/schema.org","@graph":[{"@type":"WebPage","@id":"https:\/\/www.ladiagonale.net\/index.php\/2026\/09\/03\/officiel-lienard-prete-au-cercle-bruges\/","url":"https:\/\/www.ladiagonale.net\/index.php\/2026\/09\/03\/officiel-lienard-prete-au-cercle-bruges\/","name":"Officiel : Lienard pr\u00eat\u00e9 au Cercle Bruges - La Diagonale","isPartOf":{"@id":"https:\/\/www.ladiagonale.net\/#website"},"datePublished":"2026-09-03T09:30:27+00:00","dateModified":"2026-09-03T09:30:45+00:00","author":{"@id":"https:\/\/www.ladiagonale.net\/#\/schema\/person\/79ff1e7b0853ed01b2aa26e64ad300bf"},"breadcrumb":{"@id":"https:\/\/www.ladiagonale.net\/index.php\/2026\/09\/03\/officiel-lienard-prete-au-cercle-bruges\/#breadcrumb"},"inLanguage":"fr-FR","potentialAction":[{"@type":"ReadAction","target":["https:\/\/www.ladiagonale.net\/index.php\/2026\/09\/03\/officiel-lienard-prete-au-cercle-bruges\/"]}]},{"@type":"BreadcrumbList","@id":"https:\/\/www.ladiagonale.net\/index.php\/2026\/09\/03\/officiel-lienard-prete-au-cercle-bruges\/#breadcrumb","itemListElement":[{"@type":"ListItem","position":1,"name":"Accueil","item":"https:\/\/www.ladiagonale.net\/"},{"@type":"ListItem","position":2,"name":"Officiel : Lienard pr\u00eat\u00e9 au Cercle Bruges"}]},{"@type":"WebSite","@id":"https:\/\/www.ladiagonale.net\/#website","url":"https:\/\/www.ladiagonale.net\/","name":"La Diagonale","description":"Le site des supporters de l&#039;AS Monaco FC","potentialAction":[{"@type":"SearchAction","target":{"@type":"EntryPoint","urlTemplate":"https:\/\/www.ladiagonale.net\/?s={search_term_string}"},"query-input":"required name=search_term_string"}],"inLanguage":"fr-FR"},{"@type":"Person","@id":"https:\/\/www.ladiagonale.net\/#\/schema\/person\/79ff1e7b0853ed01b2aa26e64ad300bf","name":"Damien Dellerba","image":{"@type":"ImageObject","inLanguage":"fr-FR","@id":"https:\/\/www.ladiagonale.net\/#\/schema\/person\/image\/","url":"https:\/\/secure.gravatar.com\/avatar\/c7850e06d3ff63cdbaee88b7fc16e2f0?s=96&d=mm&r=g","contentUrl":"https:\/\/secure.gravatar.com\/avatar\/c7850e06d3ff63cdbaee88b7fc16e2f0?s=96&d=mm&r=g","caption":"Damien Dellerba"},"url":"https:\/\/www.ladiagonale.net\/index.php\/author\/damien\/"}]}},"_links":{"self":[{"href":"https:\/\/www.ladiagonale.net\/index.php\/wp-json\/wp\/v2\/posts\/40595"}],"collection":[{"href":"https:\/\/www.ladiagonale.net\/index.php\/wp-json\/wp\/v2\/posts"}],"about":[{"href":"https:\/\/www.ladiagonale.net\/index.php\/wp-json\/wp\/v2\/types\/post"}],"author":[{"embeddable":true,"href":"https:\/\/www.ladiagonale.net\/index.php\/wp-json\/wp\/v2\/users\/2"}],"replies":[{"embeddable":true,"href":"https:\/\/www.ladiagonale.net\/index.php\/wp-json\/wp\/v2\/comments?post=40595"}],"version-history":[{"count":3,"href":"https:\/\/www.ladiagonale.net\/index.php\/wp-json\/wp\/v2\/posts\/40595\/revisions"}],"predecessor-version":[{"id":40598,"href":"https:\/\/www.ladiagonale.net\/index.php\/wp-json\/wp\/v2\/posts\/40595\/revisions\/40598"}],"wp:attachment":[{"href":"https:\/\/www.ladiagonale.net\/index.php\/wp-json\/wp\/v2\/media?parent=40595"}],"wp:term":[{"taxonomy":"category","embeddable":true,"href":"https:\/\/www.ladiagonale.net\/index.php\/wp-json\/wp\/v2\/categories?post=40595"},{"taxonomy":"post_tag","embeddable":true,"href":"https:\/\/www.ladiagonale.net\/index.php\/wp-json\/wp\/v2\/tags?post=40595"}],"curies":[{"name":"wp","href":"https:\/\/api.w.org\/{rel}","templated":true}]}}