{"id":40606,"date":"2026-09-03T12:31:46","date_gmt":"2026-09-03T10:31:46","guid":{"rendered":"https:\/\/www.ladiagonale.net\/?p=40606"},"modified":"2026-09-03T12:35:09","modified_gmt":"2026-09-03T10:35:09","slug":"golovin-aussi-sur-le-depart","status":"publish","type":"post","link":"https:\/\/www.ladiagonale.net\/index.php\/2026\/09\/03\/golovin-aussi-sur-le-depart\/","title":{"rendered":"Golovin aussi sur le d\u00e9part ?"},"content":{"rendered":"\n\n\n<p>L&rsquo;AS Monaco pourrait se s\u00e9parer de Pape Cabral dans les prochains jours, mais elle risque aussi de perdre Aleksandr Golovin. Le milieu offensif russe, qui dispose d&rsquo;un contrat jusqu&rsquo;en 2029, \u00e9tait un des noms \u00e9voqu\u00e9s sur le d\u00e9part au d\u00e9but du mercato et son agent avait d&rsquo;ailleurs \u00e9voqu\u00e9 <a href=\"https:\/\/www.ladiagonale.net\/index.php\/2026\/08\/04\/lagent-de-golovin-confirme-des-negociations-avec-dautres-clubs\/\" target=\"_blank\" rel=\"noreferrer noopener\">des discussions en ce sens<\/a>. Si les rumeurs \u00e9taient retomb\u00e9es, elles ont repris de plus belle apr\u00e8s l&rsquo;\u00e9chec d&rsquo;une derni\u00e8re grosse vente mardi. D&rsquo;apr\u00e8s <em>Nice-Matin<\/em>, un retour au pays serait envisag\u00e9 pour le joueur de 30 ans et Monaco esp\u00e9rerait entre 20 et 25 millions d&rsquo;euros. Des discussions seraient en cours avec le Z\u00e9nith Saint-P\u00e9tersbourg et le Spartak Moscou.<\/p>\n\n\n\n<p>Pour le premier, ce n&rsquo;est pas une surprise puisque cet int\u00e9r\u00eat avait d\u00e9j\u00e0 \u00e9t\u00e9 r\u00e9v\u00e9l\u00e9 il y a plusieurs semaines d\u00e9j\u00e0, m\u00eame si \u00e0 ce moment, Golovin semblait privil\u00e9gier un transfert en Arabie saoudite. La seconde piste \u00e9voqu\u00e9e est en revanche plus surprenante puisqu&rsquo;au cours d&rsquo;une <a href=\"https:\/\/www.ladiagonale.net\/index.php\/2024\/10\/11\/golovin-si-un-grand-club-se-presente\/\">interview donn\u00e9e en octobre 2024<\/a>, l&rsquo;ancien du CSKA Moscou, club rival du Spartak, s&rsquo;\u00e9tait clairement positionn\u00e9 contre cette \u00e9ventualit\u00e9. \u00ab\u00a0<em>Je peux dire que je veux absolument terminer ma carri\u00e8re en Russie. Mais o\u00f9, c&rsquo;est encore difficile \u00e0 dire. Au Spartak Moscou, c&rsquo;est utopique, mais ce n&rsquo;est certainement pas le cas du Z\u00e9nith<\/em>\u00a0\u00bb, avait-il alors d\u00e9clar\u00e9. Le mercato russe fermera ses portes le 10 septembre.<\/p>\n","protected":false},"excerpt":{"rendered":"<p>L&rsquo;AS Monaco pourrait se s\u00e9parer de Pape Cabral dans les prochains jours, mais elle risque aussi de perdre Aleksandr Golovin. Le milieu offensif russe, qui dispose d&rsquo;un contrat jusqu&rsquo;en 2029, \u00e9tait un des noms \u00e9voqu\u00e9s sur le d\u00e9part au d\u00e9but du mercato et son agent avait d&rsquo;ailleurs \u00e9voqu\u00e9 des discussions en ce sens. Si les [&#8230;]\n","protected":false},"author":2,"featured_media":0,"comment_status":"open","ping_status":"open","sticky":false,"template":"","format":"standard","meta":[],"categories":[6,1086],"tags":[184,86,111,110],"yoast_head":"<!-- This site is optimized with the Yoast SEO plugin v19.8 - https:\/\/yoast.com\/wordpress\/plugins\/seo\/ -->\n<title>Golovin aussi sur le d\u00e9part ? - La Diagonale<\/title>\n<meta name=\"robots\" content=\"index, follow, max-snippet:-1, max-image-preview:large, max-video-preview:-1\" \/>\n<link rel=\"canonical\" href=\"https:\/\/www.ladiagonale.net\/index.php\/2026\/09\/03\/golovin-aussi-sur-le-depart\/\" \/>\n<meta property=\"og:locale\" content=\"fr_FR\" \/>\n<meta property=\"og:type\" content=\"article\" \/>\n<meta property=\"og:title\" content=\"Golovin aussi sur le d\u00e9part ? - La Diagonale\" \/>\n<meta property=\"og:description\" content=\"L&rsquo;AS Monaco pourrait se s\u00e9parer de Pape Cabral dans les prochains jours, mais elle risque aussi de perdre Aleksandr Golovin. Le milieu offensif russe, qui dispose d&rsquo;un contrat jusqu&rsquo;en 2029, \u00e9tait un des noms \u00e9voqu\u00e9s sur le d\u00e9part au d\u00e9but du mercato et son agent avait d&rsquo;ailleurs \u00e9voqu\u00e9 des discussions en ce sens. Si les [...]\" \/>\n<meta property=\"og:url\" content=\"https:\/\/www.ladiagonale.net\/index.php\/2026\/09\/03\/golovin-aussi-sur-le-depart\/\" \/>\n<meta property=\"og:site_name\" content=\"La Diagonale\" \/>\n<meta property=\"article:published_time\" content=\"2026-09-03T10:31:46+00:00\" \/>\n<meta property=\"article:modified_time\" content=\"2026-09-03T10:35:09+00:00\" \/>\n<meta property=\"og:image\" content=\"https:\/\/www.ladiagonale.net\/wp-content\/uploads\/2026\/07\/Golovin-sporting.png\" \/>\n\t<meta property=\"og:image:width\" content=\"1160\" \/>\n\t<meta property=\"og:image:height\" content=\"650\" \/>\n\t<meta property=\"og:image:type\" content=\"image\/png\" \/>\n<meta name=\"author\" content=\"Damien Dellerba\" \/>\n<meta name=\"twitter:card\" content=\"summary_large_image\" \/>\n<meta name=\"twitter:image\" content=\"https:\/\/www.ladiagonale.net\/wp-content\/uploads\/2026\/07\/Golovin-sporting.png\" \/>\n<meta name=\"twitter:label1\" content=\"\u00c9crit par\" \/>\n\t<meta name=\"twitter:data1\" content=\"Damien Dellerba\" \/>\n\t<meta name=\"twitter:label2\" content=\"Dur\u00e9e de lecture estim\u00e9e\" \/>\n\t<meta name=\"twitter:data2\" content=\"2 minutes\" \/>\n<script type=\"application\/ld+json\" class=\"yoast-schema-graph\">{\"@context\":\"https:\/\/schema.org\",\"@graph\":[{\"@type\":\"WebPage\",\"@id\":\"https:\/\/www.ladiagonale.net\/index.php\/2026\/09\/03\/golovin-aussi-sur-le-depart\/\",\"url\":\"https:\/\/www.ladiagonale.net\/index.php\/2026\/09\/03\/golovin-aussi-sur-le-depart\/\",\"name\":\"Golovin aussi sur le d\u00e9part ? - La Diagonale\",\"isPartOf\":{\"@id\":\"https:\/\/www.ladiagonale.net\/#website\"},\"datePublished\":\"2026-09-03T10:31:46+00:00\",\"dateModified\":\"2026-09-03T10:35:09+00:00\",\"author\":{\"@id\":\"https:\/\/www.ladiagonale.net\/#\/schema\/person\/79ff1e7b0853ed01b2aa26e64ad300bf\"},\"breadcrumb\":{\"@id\":\"https:\/\/www.ladiagonale.net\/index.php\/2026\/09\/03\/golovin-aussi-sur-le-depart\/#breadcrumb\"},\"inLanguage\":\"fr-FR\",\"potentialAction\":[{\"@type\":\"ReadAction\",\"target\":[\"https:\/\/www.ladiagonale.net\/index.php\/2026\/09\/03\/golovin-aussi-sur-le-depart\/\"]}]},{\"@type\":\"BreadcrumbList\",\"@id\":\"https:\/\/www.ladiagonale.net\/index.php\/2026\/09\/03\/golovin-aussi-sur-le-depart\/#breadcrumb\",\"itemListElement\":[{\"@type\":\"ListItem\",\"position\":1,\"name\":\"Accueil\",\"item\":\"https:\/\/www.ladiagonale.net\/\"},{\"@type\":\"ListItem\",\"position\":2,\"name\":\"Golovin aussi sur le d\u00e9part ?\"}]},{\"@type\":\"WebSite\",\"@id\":\"https:\/\/www.ladiagonale.net\/#website\",\"url\":\"https:\/\/www.ladiagonale.net\/\",\"name\":\"La Diagonale\",\"description\":\"Le site des supporters de l&#039;AS Monaco FC\",\"potentialAction\":[{\"@type\":\"SearchAction\",\"target\":{\"@type\":\"EntryPoint\",\"urlTemplate\":\"https:\/\/www.ladiagonale.net\/?s={search_term_string}\"},\"query-input\":\"required name=search_term_string\"}],\"inLanguage\":\"fr-FR\"},{\"@type\":\"Person\",\"@id\":\"https:\/\/www.ladiagonale.net\/#\/schema\/person\/79ff1e7b0853ed01b2aa26e64ad300bf\",\"name\":\"Damien Dellerba\",\"image\":{\"@type\":\"ImageObject\",\"inLanguage\":\"fr-FR\",\"@id\":\"https:\/\/www.ladiagonale.net\/#\/schema\/person\/image\/\",\"url\":\"https:\/\/secure.gravatar.com\/avatar\/c7850e06d3ff63cdbaee88b7fc16e2f0?s=96&d=mm&r=g\",\"contentUrl\":\"https:\/\/secure.gravatar.com\/avatar\/c7850e06d3ff63cdbaee88b7fc16e2f0?s=96&d=mm&r=g\",\"caption\":\"Damien Dellerba\"},\"url\":\"https:\/\/www.ladiagonale.net\/index.php\/author\/damien\/\"}]}<\/script>\n<!-- \/ Yoast SEO plugin. -->","yoast_head_json":{"title":"Golovin aussi sur le d\u00e9part ? - La Diagonale","robots":{"index":"index","follow":"follow","max-snippet":"max-snippet:-1","max-image-preview":"max-image-preview:large","max-video-preview":"max-video-preview:-1"},"canonical":"https:\/\/www.ladiagonale.net\/index.php\/2026\/09\/03\/golovin-aussi-sur-le-depart\/","og_locale":"fr_FR","og_type":"article","og_title":"Golovin aussi sur le d\u00e9part ? - La Diagonale","og_description":"L&rsquo;AS Monaco pourrait se s\u00e9parer de Pape Cabral dans les prochains jours, mais elle risque aussi de perdre Aleksandr Golovin. Le milieu offensif russe, qui dispose d&rsquo;un contrat jusqu&rsquo;en 2029, \u00e9tait un des noms \u00e9voqu\u00e9s sur le d\u00e9part au d\u00e9but du mercato et son agent avait d&rsquo;ailleurs \u00e9voqu\u00e9 des discussions en ce sens. Si les [...]","og_url":"https:\/\/www.ladiagonale.net\/index.php\/2026\/09\/03\/golovin-aussi-sur-le-depart\/","og_site_name":"La Diagonale","article_published_time":"2026-09-03T10:31:46+00:00","article_modified_time":"2026-09-03T10:35:09+00:00","og_image":[{"width":1160,"height":650,"url":"https:\/\/www.ladiagonale.net\/wp-content\/uploads\/2026\/07\/Golovin-sporting.png","type":"image\/png"}],"author":"Damien Dellerba","twitter_card":"summary_large_image","twitter_image":"https:\/\/www.ladiagonale.net\/wp-content\/uploads\/2026\/07\/Golovin-sporting.png","twitter_misc":{"\u00c9crit par":"Damien Dellerba","Dur\u00e9e de lecture estim\u00e9e":"2 minutes"},"schema":{"@context":"https:\/\/schema.org","@graph":[{"@type":"WebPage","@id":"https:\/\/www.ladiagonale.net\/index.php\/2026\/09\/03\/golovin-aussi-sur-le-depart\/","url":"https:\/\/www.ladiagonale.net\/index.php\/2026\/09\/03\/golovin-aussi-sur-le-depart\/","name":"Golovin aussi sur le d\u00e9part ? - La Diagonale","isPartOf":{"@id":"https:\/\/www.ladiagonale.net\/#website"},"datePublished":"2026-09-03T10:31:46+00:00","dateModified":"2026-09-03T10:35:09+00:00","author":{"@id":"https:\/\/www.ladiagonale.net\/#\/schema\/person\/79ff1e7b0853ed01b2aa26e64ad300bf"},"breadcrumb":{"@id":"https:\/\/www.ladiagonale.net\/index.php\/2026\/09\/03\/golovin-aussi-sur-le-depart\/#breadcrumb"},"inLanguage":"fr-FR","potentialAction":[{"@type":"ReadAction","target":["https:\/\/www.ladiagonale.net\/index.php\/2026\/09\/03\/golovin-aussi-sur-le-depart\/"]}]},{"@type":"BreadcrumbList","@id":"https:\/\/www.ladiagonale.net\/index.php\/2026\/09\/03\/golovin-aussi-sur-le-depart\/#breadcrumb","itemListElement":[{"@type":"ListItem","position":1,"name":"Accueil","item":"https:\/\/www.ladiagonale.net\/"},{"@type":"ListItem","position":2,"name":"Golovin aussi sur le d\u00e9part ?"}]},{"@type":"WebSite","@id":"https:\/\/www.ladiagonale.net\/#website","url":"https:\/\/www.ladiagonale.net\/","name":"La Diagonale","description":"Le site des supporters de l&#039;AS Monaco FC","potentialAction":[{"@type":"SearchAction","target":{"@type":"EntryPoint","urlTemplate":"https:\/\/www.ladiagonale.net\/?s={search_term_string}"},"query-input":"required name=search_term_string"}],"inLanguage":"fr-FR"},{"@type":"Person","@id":"https:\/\/www.ladiagonale.net\/#\/schema\/person\/79ff1e7b0853ed01b2aa26e64ad300bf","name":"Damien Dellerba","image":{"@type":"ImageObject","inLanguage":"fr-FR","@id":"https:\/\/www.ladiagonale.net\/#\/schema\/person\/image\/","url":"https:\/\/secure.gravatar.com\/avatar\/c7850e06d3ff63cdbaee88b7fc16e2f0?s=96&d=mm&r=g","contentUrl":"https:\/\/secure.gravatar.com\/avatar\/c7850e06d3ff63cdbaee88b7fc16e2f0?s=96&d=mm&r=g","caption":"Damien Dellerba"},"url":"https:\/\/www.ladiagonale.net\/index.php\/author\/damien\/"}]}},"_links":{"self":[{"href":"https:\/\/www.ladiagonale.net\/index.php\/wp-json\/wp\/v2\/posts\/40606"}],"collection":[{"href":"https:\/\/www.ladiagonale.net\/index.php\/wp-json\/wp\/v2\/posts"}],"about":[{"href":"https:\/\/www.ladiagonale.net\/index.php\/wp-json\/wp\/v2\/types\/post"}],"author":[{"embeddable":true,"href":"https:\/\/www.ladiagonale.net\/index.php\/wp-json\/wp\/v2\/users\/2"}],"replies":[{"embeddable":true,"href":"https:\/\/www.ladiagonale.net\/index.php\/wp-json\/wp\/v2\/comments?post=40606"}],"version-history":[{"count":3,"href":"https:\/\/www.ladiagonale.net\/index.php\/wp-json\/wp\/v2\/posts\/40606\/revisions"}],"predecessor-version":[{"id":40610,"href":"https:\/\/www.ladiagonale.net\/index.php\/wp-json\/wp\/v2\/posts\/40606\/revisions\/40610"}],"wp:attachment":[{"href":"https:\/\/www.ladiagonale.net\/index.php\/wp-json\/wp\/v2\/media?parent=40606"}],"wp:term":[{"taxonomy":"category","embeddable":true,"href":"https:\/\/www.ladiagonale.net\/index.php\/wp-json\/wp\/v2\/categories?post=40606"},{"taxonomy":"post_tag","embeddable":true,"href":"https:\/\/www.ladiagonale.net\/index.php\/wp-json\/wp\/v2\/tags?post=40606"}],"curies":[{"name":"wp","href":"https:\/\/api.w.org\/{rel}","templated":true}]}}