{"id":40612,"date":"2026-09-03T15:31:17","date_gmt":"2026-09-03T13:31:17","guid":{"rendered":"https:\/\/www.ladiagonale.net\/?p=40612"},"modified":"2026-09-03T15:32:36","modified_gmt":"2026-09-03T13:32:36","slug":"genou-depart-en-janvier-le-cas-balogun-pas-encore-regle","status":"publish","type":"post","link":"https:\/\/www.ladiagonale.net\/index.php\/2026\/09\/03\/genou-depart-en-janvier-le-cas-balogun-pas-encore-regle\/","title":{"rendered":"Genou, d\u00e9part en janvier&#8230; le cas Balogun pas encore r\u00e9gl\u00e9"},"content":{"rendered":"\n\n\n<p>L&rsquo;imbroglio Folarin Balogun n&rsquo;a pas fini de faire causer. L&rsquo;attaquant am\u00e9ricain, qui devait se diriger vers Everton mardi, ne s&rsquo;est finalement pas engag\u00e9 avec le club anglais et ce transfert avort\u00e9 a eu de nombreuses cons\u00e9quences sur la fin de mercato de l&rsquo;ASM. Il a d&rsquo;abord cr\u00e9\u00e9 <a href=\"https:\/\/www.ladiagonale.net\/index.php\/2026\/09\/03\/camara-aurait-tente-de-forcer-son-transfert-a-chelsea-en-passant-par-sartori\/\" target=\"_blank\" rel=\"noreferrer noopener\">un malaise avec Lamine Camara<\/a>, emp\u00each\u00e9 l&rsquo;arriv\u00e9e d&rsquo;Erik Lira et il contraint maintenant le club de la Principaut\u00e9 \u00e0 se d\u00e9lester d&rsquo;autres joueurs, <a href=\"https:\/\/www.ladiagonale.net\/index.php\/2026\/09\/03\/cabral-serait-en-partance-vers-larabie-saoudite\/\" target=\"_blank\" rel=\"noreferrer noopener\">comme Pape Cabral<\/a> voire <a href=\"https:\/\/www.ladiagonale.net\/index.php\/2026\/09\/03\/golovin-aussi-sur-le-depart\/\" target=\"_blank\" rel=\"noreferrer noopener\">Aleksandr Golovin<\/a>.<\/p>\n\n\n\n<p>Si l&rsquo;attaquant am\u00e9ricain a eu le dernier mot dans cette histoire, en refusant de signer le contrat propos\u00e9 par Everton et que l&rsquo;ASM n&rsquo;a pas voulu lui forcer la main, comme l&rsquo;a expliqu\u00e9 Thiago Scuro, cette situation aurait peut-\u00eatre pu \u00eatre \u00e9vit\u00e9e. Car l&rsquo;origine du refus de Balogun tiendrait dans les doutes \u00e9mis par le pensionnaire de <em>Premier League<\/em> quant \u00e0 l&rsquo;\u00e9tat d&rsquo;un de ses genoux, qui ont retard\u00e9 l&rsquo;op\u00e9ration et entra\u00een\u00e9 une tentative de ren\u00e9gociation.<\/p>\n\n\n\n<h3>Un transfert attendu en janvier<\/h3>\n\n\n\n<p>Selon plusieurs sources, ce probl\u00e8me \u00e9tait connu du c\u00f4t\u00e9 du staff m\u00e9dical mon\u00e9gasque, Filipe Luis avait d&rsquo;ailleurs lui m\u00eame reconnu que le joueur \u00e9tait revenu de la Coupe du monde avec un petit souci physique, et le joueur n&rsquo;a d&rsquo;ailleurs toujours pas retrouv\u00e9 l&rsquo;entra\u00eenement collectif. L&rsquo;ASM a soutenu de son c\u00f4t\u00e9 qu&rsquo;il n&rsquo;y avait pas de probl\u00e8me de nature \u00e0 emp\u00eacher le transfert et que les r\u00e9serves d&rsquo;Everton ne semblaient <em>a priori<\/em> pas fond\u00e9es. Il va cependant falloir aller de l&rsquo;avant pour toutes les parties et pour Balogun retrouver les terrains. <\/p>\n\n\n\n<p>Thiago Scuro a assur\u00e9 que le joueur n&rsquo;\u00e9tait pas psychologiquement \u00ab\u00a0<em>affect\u00e9<\/em>\u00a0\u00bb car la d\u00e9cision venait de lui. Mais sa ligne d&rsquo;horizon au sein du club pourrait ne pas d\u00e9passer janvier. S&rsquo;il ne devrait pas \u00eatre transf\u00e9r\u00e9 dans les prochains jours, malgr\u00e9 un march\u00e9 saoudien encore ouvert jusqu&rsquo;en octobre, un d\u00e9part au cours du mercato hivernal serait d\u00e9sormais privil\u00e9gi\u00e9, selon <em>Nice-Matin<\/em> et <em>L&rsquo;\u00c9quipe<\/em>. M\u00eame si le club a conscience que la p\u00e9riode en question n&rsquo;est pas la plus propice pour r\u00e9aliser une grosse vente.<\/p>\n","protected":false},"excerpt":{"rendered":"<p>L&rsquo;imbroglio Folarin Balogun n&rsquo;a pas fini de faire causer. L&rsquo;attaquant am\u00e9ricain, qui devait se diriger vers Everton mardi, ne s&rsquo;est finalement pas engag\u00e9 avec le club anglais et ce transfert avort\u00e9 a eu de nombreuses cons\u00e9quences sur la fin de mercato de l&rsquo;ASM. Il a d&rsquo;abord cr\u00e9\u00e9 un malaise avec Lamine Camara, emp\u00each\u00e9 l&rsquo;arriv\u00e9e d&rsquo;Erik [&#8230;]\n","protected":false},"author":2,"featured_media":0,"comment_status":"open","ping_status":"open","sticky":false,"template":"","format":"standard","meta":[],"categories":[6,1086],"tags":[86,483,111,110],"yoast_head":"<!-- This site is optimized with the Yoast SEO plugin v19.8 - https:\/\/yoast.com\/wordpress\/plugins\/seo\/ -->\n<title>Genou, d\u00e9part en janvier... le cas Balogun pas encore r\u00e9gl\u00e9 - La Diagonale<\/title>\n<meta name=\"robots\" content=\"index, follow, max-snippet:-1, max-image-preview:large, max-video-preview:-1\" \/>\n<link rel=\"canonical\" href=\"https:\/\/www.ladiagonale.net\/index.php\/2026\/09\/03\/genou-depart-en-janvier-le-cas-balogun-pas-encore-regle\/\" \/>\n<meta property=\"og:locale\" content=\"fr_FR\" \/>\n<meta property=\"og:type\" content=\"article\" \/>\n<meta property=\"og:title\" content=\"Genou, d\u00e9part en janvier... le cas Balogun pas encore r\u00e9gl\u00e9 - La Diagonale\" \/>\n<meta property=\"og:description\" content=\"L&rsquo;imbroglio Folarin Balogun n&rsquo;a pas fini de faire causer. L&rsquo;attaquant am\u00e9ricain, qui devait se diriger vers Everton mardi, ne s&rsquo;est finalement pas engag\u00e9 avec le club anglais et ce transfert avort\u00e9 a eu de nombreuses cons\u00e9quences sur la fin de mercato de l&rsquo;ASM. Il a d&rsquo;abord cr\u00e9\u00e9 un malaise avec Lamine Camara, emp\u00each\u00e9 l&rsquo;arriv\u00e9e d&rsquo;Erik [...]\" \/>\n<meta property=\"og:url\" content=\"https:\/\/www.ladiagonale.net\/index.php\/2026\/09\/03\/genou-depart-en-janvier-le-cas-balogun-pas-encore-regle\/\" \/>\n<meta property=\"og:site_name\" content=\"La Diagonale\" \/>\n<meta property=\"article:published_time\" content=\"2026-09-03T13:31:17+00:00\" \/>\n<meta property=\"article:modified_time\" content=\"2026-09-03T13:32:36+00:00\" \/>\n<meta property=\"og:image\" content=\"https:\/\/www.ladiagonale.net\/wp-content\/uploads\/2024\/10\/folarin-balogun-ldc-zagreb.jpg\" \/>\n\t<meta property=\"og:image:width\" content=\"1160\" \/>\n\t<meta property=\"og:image:height\" content=\"650\" \/>\n\t<meta property=\"og:image:type\" content=\"image\/jpeg\" \/>\n<meta name=\"author\" content=\"Damien Dellerba\" \/>\n<meta name=\"twitter:card\" content=\"summary_large_image\" \/>\n<meta name=\"twitter:image\" content=\"https:\/\/www.ladiagonale.net\/wp-content\/uploads\/2024\/10\/folarin-balogun-ldc-zagreb.jpg\" \/>\n<meta name=\"twitter:label1\" content=\"\u00c9crit par\" \/>\n\t<meta name=\"twitter:data1\" content=\"Damien Dellerba\" \/>\n\t<meta name=\"twitter:label2\" content=\"Dur\u00e9e de lecture estim\u00e9e\" \/>\n\t<meta name=\"twitter:data2\" content=\"2 minutes\" \/>\n<script type=\"application\/ld+json\" class=\"yoast-schema-graph\">{\"@context\":\"https:\/\/schema.org\",\"@graph\":[{\"@type\":\"WebPage\",\"@id\":\"https:\/\/www.ladiagonale.net\/index.php\/2026\/09\/03\/genou-depart-en-janvier-le-cas-balogun-pas-encore-regle\/\",\"url\":\"https:\/\/www.ladiagonale.net\/index.php\/2026\/09\/03\/genou-depart-en-janvier-le-cas-balogun-pas-encore-regle\/\",\"name\":\"Genou, d\u00e9part en janvier... le cas Balogun pas encore r\u00e9gl\u00e9 - La Diagonale\",\"isPartOf\":{\"@id\":\"https:\/\/www.ladiagonale.net\/#website\"},\"datePublished\":\"2026-09-03T13:31:17+00:00\",\"dateModified\":\"2026-09-03T13:32:36+00:00\",\"author\":{\"@id\":\"https:\/\/www.ladiagonale.net\/#\/schema\/person\/79ff1e7b0853ed01b2aa26e64ad300bf\"},\"breadcrumb\":{\"@id\":\"https:\/\/www.ladiagonale.net\/index.php\/2026\/09\/03\/genou-depart-en-janvier-le-cas-balogun-pas-encore-regle\/#breadcrumb\"},\"inLanguage\":\"fr-FR\",\"potentialAction\":[{\"@type\":\"ReadAction\",\"target\":[\"https:\/\/www.ladiagonale.net\/index.php\/2026\/09\/03\/genou-depart-en-janvier-le-cas-balogun-pas-encore-regle\/\"]}]},{\"@type\":\"BreadcrumbList\",\"@id\":\"https:\/\/www.ladiagonale.net\/index.php\/2026\/09\/03\/genou-depart-en-janvier-le-cas-balogun-pas-encore-regle\/#breadcrumb\",\"itemListElement\":[{\"@type\":\"ListItem\",\"position\":1,\"name\":\"Accueil\",\"item\":\"https:\/\/www.ladiagonale.net\/\"},{\"@type\":\"ListItem\",\"position\":2,\"name\":\"Genou, d\u00e9part en janvier&#8230; le cas Balogun pas encore r\u00e9gl\u00e9\"}]},{\"@type\":\"WebSite\",\"@id\":\"https:\/\/www.ladiagonale.net\/#website\",\"url\":\"https:\/\/www.ladiagonale.net\/\",\"name\":\"La Diagonale\",\"description\":\"Le site des supporters de l&#039;AS Monaco FC\",\"potentialAction\":[{\"@type\":\"SearchAction\",\"target\":{\"@type\":\"EntryPoint\",\"urlTemplate\":\"https:\/\/www.ladiagonale.net\/?s={search_term_string}\"},\"query-input\":\"required name=search_term_string\"}],\"inLanguage\":\"fr-FR\"},{\"@type\":\"Person\",\"@id\":\"https:\/\/www.ladiagonale.net\/#\/schema\/person\/79ff1e7b0853ed01b2aa26e64ad300bf\",\"name\":\"Damien Dellerba\",\"image\":{\"@type\":\"ImageObject\",\"inLanguage\":\"fr-FR\",\"@id\":\"https:\/\/www.ladiagonale.net\/#\/schema\/person\/image\/\",\"url\":\"https:\/\/secure.gravatar.com\/avatar\/c7850e06d3ff63cdbaee88b7fc16e2f0?s=96&d=mm&r=g\",\"contentUrl\":\"https:\/\/secure.gravatar.com\/avatar\/c7850e06d3ff63cdbaee88b7fc16e2f0?s=96&d=mm&r=g\",\"caption\":\"Damien Dellerba\"},\"url\":\"https:\/\/www.ladiagonale.net\/index.php\/author\/damien\/\"}]}<\/script>\n<!-- \/ Yoast SEO plugin. -->","yoast_head_json":{"title":"Genou, d\u00e9part en janvier... le cas Balogun pas encore r\u00e9gl\u00e9 - La Diagonale","robots":{"index":"index","follow":"follow","max-snippet":"max-snippet:-1","max-image-preview":"max-image-preview:large","max-video-preview":"max-video-preview:-1"},"canonical":"https:\/\/www.ladiagonale.net\/index.php\/2026\/09\/03\/genou-depart-en-janvier-le-cas-balogun-pas-encore-regle\/","og_locale":"fr_FR","og_type":"article","og_title":"Genou, d\u00e9part en janvier... le cas Balogun pas encore r\u00e9gl\u00e9 - La Diagonale","og_description":"L&rsquo;imbroglio Folarin Balogun n&rsquo;a pas fini de faire causer. L&rsquo;attaquant am\u00e9ricain, qui devait se diriger vers Everton mardi, ne s&rsquo;est finalement pas engag\u00e9 avec le club anglais et ce transfert avort\u00e9 a eu de nombreuses cons\u00e9quences sur la fin de mercato de l&rsquo;ASM. Il a d&rsquo;abord cr\u00e9\u00e9 un malaise avec Lamine Camara, emp\u00each\u00e9 l&rsquo;arriv\u00e9e d&rsquo;Erik [...]","og_url":"https:\/\/www.ladiagonale.net\/index.php\/2026\/09\/03\/genou-depart-en-janvier-le-cas-balogun-pas-encore-regle\/","og_site_name":"La Diagonale","article_published_time":"2026-09-03T13:31:17+00:00","article_modified_time":"2026-09-03T13:32:36+00:00","og_image":[{"width":1160,"height":650,"url":"https:\/\/www.ladiagonale.net\/wp-content\/uploads\/2024\/10\/folarin-balogun-ldc-zagreb.jpg","type":"image\/jpeg"}],"author":"Damien Dellerba","twitter_card":"summary_large_image","twitter_image":"https:\/\/www.ladiagonale.net\/wp-content\/uploads\/2024\/10\/folarin-balogun-ldc-zagreb.jpg","twitter_misc":{"\u00c9crit par":"Damien Dellerba","Dur\u00e9e de lecture estim\u00e9e":"2 minutes"},"schema":{"@context":"https:\/\/schema.org","@graph":[{"@type":"WebPage","@id":"https:\/\/www.ladiagonale.net\/index.php\/2026\/09\/03\/genou-depart-en-janvier-le-cas-balogun-pas-encore-regle\/","url":"https:\/\/www.ladiagonale.net\/index.php\/2026\/09\/03\/genou-depart-en-janvier-le-cas-balogun-pas-encore-regle\/","name":"Genou, d\u00e9part en janvier... le cas Balogun pas encore r\u00e9gl\u00e9 - La Diagonale","isPartOf":{"@id":"https:\/\/www.ladiagonale.net\/#website"},"datePublished":"2026-09-03T13:31:17+00:00","dateModified":"2026-09-03T13:32:36+00:00","author":{"@id":"https:\/\/www.ladiagonale.net\/#\/schema\/person\/79ff1e7b0853ed01b2aa26e64ad300bf"},"breadcrumb":{"@id":"https:\/\/www.ladiagonale.net\/index.php\/2026\/09\/03\/genou-depart-en-janvier-le-cas-balogun-pas-encore-regle\/#breadcrumb"},"inLanguage":"fr-FR","potentialAction":[{"@type":"ReadAction","target":["https:\/\/www.ladiagonale.net\/index.php\/2026\/09\/03\/genou-depart-en-janvier-le-cas-balogun-pas-encore-regle\/"]}]},{"@type":"BreadcrumbList","@id":"https:\/\/www.ladiagonale.net\/index.php\/2026\/09\/03\/genou-depart-en-janvier-le-cas-balogun-pas-encore-regle\/#breadcrumb","itemListElement":[{"@type":"ListItem","position":1,"name":"Accueil","item":"https:\/\/www.ladiagonale.net\/"},{"@type":"ListItem","position":2,"name":"Genou, d\u00e9part en janvier&#8230; le cas Balogun pas encore r\u00e9gl\u00e9"}]},{"@type":"WebSite","@id":"https:\/\/www.ladiagonale.net\/#website","url":"https:\/\/www.ladiagonale.net\/","name":"La Diagonale","description":"Le site des supporters de l&#039;AS Monaco FC","potentialAction":[{"@type":"SearchAction","target":{"@type":"EntryPoint","urlTemplate":"https:\/\/www.ladiagonale.net\/?s={search_term_string}"},"query-input":"required name=search_term_string"}],"inLanguage":"fr-FR"},{"@type":"Person","@id":"https:\/\/www.ladiagonale.net\/#\/schema\/person\/79ff1e7b0853ed01b2aa26e64ad300bf","name":"Damien Dellerba","image":{"@type":"ImageObject","inLanguage":"fr-FR","@id":"https:\/\/www.ladiagonale.net\/#\/schema\/person\/image\/","url":"https:\/\/secure.gravatar.com\/avatar\/c7850e06d3ff63cdbaee88b7fc16e2f0?s=96&d=mm&r=g","contentUrl":"https:\/\/secure.gravatar.com\/avatar\/c7850e06d3ff63cdbaee88b7fc16e2f0?s=96&d=mm&r=g","caption":"Damien Dellerba"},"url":"https:\/\/www.ladiagonale.net\/index.php\/author\/damien\/"}]}},"_links":{"self":[{"href":"https:\/\/www.ladiagonale.net\/index.php\/wp-json\/wp\/v2\/posts\/40612"}],"collection":[{"href":"https:\/\/www.ladiagonale.net\/index.php\/wp-json\/wp\/v2\/posts"}],"about":[{"href":"https:\/\/www.ladiagonale.net\/index.php\/wp-json\/wp\/v2\/types\/post"}],"author":[{"embeddable":true,"href":"https:\/\/www.ladiagonale.net\/index.php\/wp-json\/wp\/v2\/users\/2"}],"replies":[{"embeddable":true,"href":"https:\/\/www.ladiagonale.net\/index.php\/wp-json\/wp\/v2\/comments?post=40612"}],"version-history":[{"count":6,"href":"https:\/\/www.ladiagonale.net\/index.php\/wp-json\/wp\/v2\/posts\/40612\/revisions"}],"predecessor-version":[{"id":40624,"href":"https:\/\/www.ladiagonale.net\/index.php\/wp-json\/wp\/v2\/posts\/40612\/revisions\/40624"}],"wp:attachment":[{"href":"https:\/\/www.ladiagonale.net\/index.php\/wp-json\/wp\/v2\/media?parent=40612"}],"wp:term":[{"taxonomy":"category","embeddable":true,"href":"https:\/\/www.ladiagonale.net\/index.php\/wp-json\/wp\/v2\/categories?post=40612"},{"taxonomy":"post_tag","embeddable":true,"href":"https:\/\/www.ladiagonale.net\/index.php\/wp-json\/wp\/v2\/tags?post=40612"}],"curies":[{"name":"wp","href":"https:\/\/api.w.org\/{rel}","templated":true}]}}