{"id":40615,"date":"2026-09-03T14:23:49","date_gmt":"2026-09-03T12:23:49","guid":{"rendered":"https:\/\/www.ladiagonale.net\/?p=40615"},"modified":"2026-09-03T14:31:06","modified_gmt":"2026-09-03T12:31:06","slug":"camara-aurait-tente-de-forcer-son-transfert-a-chelsea-en-passant-par-sartori","status":"publish","type":"post","link":"https:\/\/www.ladiagonale.net\/index.php\/2026\/09\/03\/camara-aurait-tente-de-forcer-son-transfert-a-chelsea-en-passant-par-sartori\/","title":{"rendered":"Camara aurait tent\u00e9 de forcer son transfert \u00e0 Chelsea en passant par Sartori"},"content":{"rendered":"\n\n\n<p>En conf\u00e9rence de presse, Filipe Luis avait reconnu que l\u2019\u00e9pisode v\u00e9cu par Lamine Camara, proche de s\u2019engager avec Chelsea dans les derni\u00e8res heures du mercato avant d\u2019\u00eatre finalement bloqu\u00e9 par l\u2019AS Monaco, risquait d\u2019avoir <a href=\"https:\/\/www.ladiagonale.net\/index.php\/2026\/09\/03\/filipe-luis-sur-le-transfert-avorte-de-camara-cela-peut-avoir-un-impact-dans-sa-tete\/\" target=\"_blank\" rel=\"noreferrer noopener\">un impact dans la t\u00eate du S\u00e9n\u00e9galais<\/a>. Si l\u2019entra\u00eeneur br\u00e9silien s\u2019attend \u00e0 avoir un joueur \u00ab\u00a0<em>\u00e0 100%<\/em>\u00a0\u00bb pour affronter le PSG, vendredi soir, difficile de dire si cela sera vraiment le cas. Selon <em>L\u2019\u00c9quipe<\/em>, le milieu de terrain de 22 ans aurait confi\u00e9 \u00e0 son entourage qu\u2019il tentera de rester le plus professionnel possible cette saison.<\/p>\n\n\n\n<p>Une information qui traduit un certain malaise, une rupture avec la direction m\u00eame, comme le pr\u00e9cise le quotidien, car la volont\u00e9 du joueur \u00e9tait de partir cet \u00e9t\u00e9, contredisant <a href=\"https:\/\/www.ladiagonale.net\/index.php\/2026\/09\/02\/il-ny-avait-pas-daccord-avec-chelsea-scuro-raconte-la-derniere-journee-totalement-folle-du-mercato\/\" target=\"_blank\" rel=\"noreferrer noopener\">la version des faits<\/a> donn\u00e9e par Thiago Scuro lors de sa conf\u00e9rence de presse. L\u2019ancien Messin lui aurait fait part de son envie de rejoindre la capitale anglaise \u00e0 plusieurs reprises pendant le week-end, et il aurait r\u00e9it\u00e9r\u00e9 le mardi matin, jour de cl\u00f4ture du mercato anglais. Mais l\u2019ASM aurait refus\u00e9 d\u2019acc\u00e9der \u00e0 ses demandes, apr\u00e8s avoir, dans un premier temps, expliqu\u00e9 que le pr\u00e9sident Rybolovlev n&rsquo;autoriserait pas son d\u00e9part \u00e0 moins d&rsquo;une offre de 70 millions d&rsquo;euros.<\/p>\n\n\n\n<p>Ce n\u2019est que lorsque le transfert de Folarin Balogun vers Everton a commenc\u00e9 \u00e0 prendre du plomb dans l\u2019aile que le club de la Principaut\u00e9 a ouvert la porte, comme cela avait \u00e9t\u00e9 expliqu\u00e9 par Scuro. Mais finalement, la reprise des n\u00e9gociations pour l&rsquo;attaquant l\u2019a fait se refermer presque aussi t\u00f4t. Camara aurait ensuite tent\u00e9 de court-circuiter le directeur g\u00e9n\u00e9ral de l\u2019ASM pour passer par le vice-pr\u00e9sident Juan Sartori et forcer la main pour pouvoir partir. Quelques minutes avant l&rsquo;heure fatidique, c\u2019est finalement Scuro qui l\u2019aurait rappel\u00e9 pour lui confirmer qu\u2019il n\u2019y aurait pas de transfert. D&rsquo;apr\u00e8s <em>Nice-Matin<\/em>, Camara ne devrait quitter le club qu&rsquo;en fin de saison.<\/p>\n","protected":false},"excerpt":{"rendered":"<p>En conf\u00e9rence de presse, Filipe Luis avait reconnu que l\u2019\u00e9pisode v\u00e9cu par Lamine Camara, proche de s\u2019engager avec Chelsea dans les derni\u00e8res heures du mercato avant d\u2019\u00eatre finalement bloqu\u00e9 par l\u2019AS Monaco, risquait d\u2019avoir un impact dans la t\u00eate du S\u00e9n\u00e9galais. Si l\u2019entra\u00eeneur br\u00e9silien s\u2019attend \u00e0 avoir un joueur \u00ab\u00a0\u00e0 100%\u00a0\u00bb pour affronter le PSG, [&#8230;]\n","protected":false},"author":2,"featured_media":0,"comment_status":"open","ping_status":"open","sticky":false,"template":"","format":"standard","meta":[],"categories":[6,1086],"tags":[86,427,894,111,479,110],"yoast_head":"<!-- This site is optimized with the Yoast SEO plugin v19.8 - https:\/\/yoast.com\/wordpress\/plugins\/seo\/ -->\n<title>Camara aurait tent\u00e9 de forcer son transfert \u00e0 Chelsea en passant par Sartori - La Diagonale<\/title>\n<meta name=\"robots\" content=\"index, follow, max-snippet:-1, max-image-preview:large, max-video-preview:-1\" \/>\n<link rel=\"canonical\" href=\"https:\/\/www.ladiagonale.net\/index.php\/2026\/09\/03\/camara-aurait-tente-de-forcer-son-transfert-a-chelsea-en-passant-par-sartori\/\" \/>\n<meta property=\"og:locale\" content=\"fr_FR\" \/>\n<meta property=\"og:type\" content=\"article\" \/>\n<meta property=\"og:title\" content=\"Camara aurait tent\u00e9 de forcer son transfert \u00e0 Chelsea en passant par Sartori - La Diagonale\" \/>\n<meta property=\"og:description\" content=\"En conf\u00e9rence de presse, Filipe Luis avait reconnu que l\u2019\u00e9pisode v\u00e9cu par Lamine Camara, proche de s\u2019engager avec Chelsea dans les derni\u00e8res heures du mercato avant d\u2019\u00eatre finalement bloqu\u00e9 par l\u2019AS Monaco, risquait d\u2019avoir un impact dans la t\u00eate du S\u00e9n\u00e9galais. Si l\u2019entra\u00eeneur br\u00e9silien s\u2019attend \u00e0 avoir un joueur \u00ab\u00a0\u00e0 100%\u00a0\u00bb pour affronter le PSG, [...]\" \/>\n<meta property=\"og:url\" content=\"https:\/\/www.ladiagonale.net\/index.php\/2026\/09\/03\/camara-aurait-tente-de-forcer-son-transfert-a-chelsea-en-passant-par-sartori\/\" \/>\n<meta property=\"og:site_name\" content=\"La Diagonale\" \/>\n<meta property=\"article:published_time\" content=\"2026-09-03T12:23:49+00:00\" \/>\n<meta property=\"article:modified_time\" content=\"2026-09-03T12:31:06+00:00\" \/>\n<meta property=\"og:image\" content=\"https:\/\/www.ladiagonale.net\/wp-content\/uploads\/2026\/09\/Camara27-1.png\" \/>\n\t<meta property=\"og:image:width\" content=\"1160\" \/>\n\t<meta property=\"og:image:height\" content=\"650\" \/>\n\t<meta property=\"og:image:type\" content=\"image\/png\" \/>\n<meta name=\"author\" content=\"Damien Dellerba\" \/>\n<meta name=\"twitter:card\" content=\"summary_large_image\" \/>\n<meta name=\"twitter:image\" content=\"https:\/\/www.ladiagonale.net\/wp-content\/uploads\/2026\/09\/Camara27-1.png\" \/>\n<meta name=\"twitter:label1\" content=\"\u00c9crit par\" \/>\n\t<meta name=\"twitter:data1\" content=\"Damien Dellerba\" \/>\n\t<meta name=\"twitter:label2\" content=\"Dur\u00e9e de lecture estim\u00e9e\" \/>\n\t<meta name=\"twitter:data2\" content=\"2 minutes\" \/>\n<script type=\"application\/ld+json\" class=\"yoast-schema-graph\">{\"@context\":\"https:\/\/schema.org\",\"@graph\":[{\"@type\":\"WebPage\",\"@id\":\"https:\/\/www.ladiagonale.net\/index.php\/2026\/09\/03\/camara-aurait-tente-de-forcer-son-transfert-a-chelsea-en-passant-par-sartori\/\",\"url\":\"https:\/\/www.ladiagonale.net\/index.php\/2026\/09\/03\/camara-aurait-tente-de-forcer-son-transfert-a-chelsea-en-passant-par-sartori\/\",\"name\":\"Camara aurait tent\u00e9 de forcer son transfert \u00e0 Chelsea en passant par Sartori - La Diagonale\",\"isPartOf\":{\"@id\":\"https:\/\/www.ladiagonale.net\/#website\"},\"datePublished\":\"2026-09-03T12:23:49+00:00\",\"dateModified\":\"2026-09-03T12:31:06+00:00\",\"author\":{\"@id\":\"https:\/\/www.ladiagonale.net\/#\/schema\/person\/79ff1e7b0853ed01b2aa26e64ad300bf\"},\"breadcrumb\":{\"@id\":\"https:\/\/www.ladiagonale.net\/index.php\/2026\/09\/03\/camara-aurait-tente-de-forcer-son-transfert-a-chelsea-en-passant-par-sartori\/#breadcrumb\"},\"inLanguage\":\"fr-FR\",\"potentialAction\":[{\"@type\":\"ReadAction\",\"target\":[\"https:\/\/www.ladiagonale.net\/index.php\/2026\/09\/03\/camara-aurait-tente-de-forcer-son-transfert-a-chelsea-en-passant-par-sartori\/\"]}]},{\"@type\":\"BreadcrumbList\",\"@id\":\"https:\/\/www.ladiagonale.net\/index.php\/2026\/09\/03\/camara-aurait-tente-de-forcer-son-transfert-a-chelsea-en-passant-par-sartori\/#breadcrumb\",\"itemListElement\":[{\"@type\":\"ListItem\",\"position\":1,\"name\":\"Accueil\",\"item\":\"https:\/\/www.ladiagonale.net\/\"},{\"@type\":\"ListItem\",\"position\":2,\"name\":\"Camara aurait tent\u00e9 de forcer son transfert \u00e0 Chelsea en passant par Sartori\"}]},{\"@type\":\"WebSite\",\"@id\":\"https:\/\/www.ladiagonale.net\/#website\",\"url\":\"https:\/\/www.ladiagonale.net\/\",\"name\":\"La Diagonale\",\"description\":\"Le site des supporters de l&#039;AS Monaco FC\",\"potentialAction\":[{\"@type\":\"SearchAction\",\"target\":{\"@type\":\"EntryPoint\",\"urlTemplate\":\"https:\/\/www.ladiagonale.net\/?s={search_term_string}\"},\"query-input\":\"required name=search_term_string\"}],\"inLanguage\":\"fr-FR\"},{\"@type\":\"Person\",\"@id\":\"https:\/\/www.ladiagonale.net\/#\/schema\/person\/79ff1e7b0853ed01b2aa26e64ad300bf\",\"name\":\"Damien Dellerba\",\"image\":{\"@type\":\"ImageObject\",\"inLanguage\":\"fr-FR\",\"@id\":\"https:\/\/www.ladiagonale.net\/#\/schema\/person\/image\/\",\"url\":\"https:\/\/secure.gravatar.com\/avatar\/c7850e06d3ff63cdbaee88b7fc16e2f0?s=96&d=mm&r=g\",\"contentUrl\":\"https:\/\/secure.gravatar.com\/avatar\/c7850e06d3ff63cdbaee88b7fc16e2f0?s=96&d=mm&r=g\",\"caption\":\"Damien Dellerba\"},\"url\":\"https:\/\/www.ladiagonale.net\/index.php\/author\/damien\/\"}]}<\/script>\n<!-- \/ Yoast SEO plugin. -->","yoast_head_json":{"title":"Camara aurait tent\u00e9 de forcer son transfert \u00e0 Chelsea en passant par Sartori - La Diagonale","robots":{"index":"index","follow":"follow","max-snippet":"max-snippet:-1","max-image-preview":"max-image-preview:large","max-video-preview":"max-video-preview:-1"},"canonical":"https:\/\/www.ladiagonale.net\/index.php\/2026\/09\/03\/camara-aurait-tente-de-forcer-son-transfert-a-chelsea-en-passant-par-sartori\/","og_locale":"fr_FR","og_type":"article","og_title":"Camara aurait tent\u00e9 de forcer son transfert \u00e0 Chelsea en passant par Sartori - La Diagonale","og_description":"En conf\u00e9rence de presse, Filipe Luis avait reconnu que l\u2019\u00e9pisode v\u00e9cu par Lamine Camara, proche de s\u2019engager avec Chelsea dans les derni\u00e8res heures du mercato avant d\u2019\u00eatre finalement bloqu\u00e9 par l\u2019AS Monaco, risquait d\u2019avoir un impact dans la t\u00eate du S\u00e9n\u00e9galais. Si l\u2019entra\u00eeneur br\u00e9silien s\u2019attend \u00e0 avoir un joueur \u00ab\u00a0\u00e0 100%\u00a0\u00bb pour affronter le PSG, [...]","og_url":"https:\/\/www.ladiagonale.net\/index.php\/2026\/09\/03\/camara-aurait-tente-de-forcer-son-transfert-a-chelsea-en-passant-par-sartori\/","og_site_name":"La Diagonale","article_published_time":"2026-09-03T12:23:49+00:00","article_modified_time":"2026-09-03T12:31:06+00:00","og_image":[{"width":1160,"height":650,"url":"https:\/\/www.ladiagonale.net\/wp-content\/uploads\/2026\/09\/Camara27-1.png","type":"image\/png"}],"author":"Damien Dellerba","twitter_card":"summary_large_image","twitter_image":"https:\/\/www.ladiagonale.net\/wp-content\/uploads\/2026\/09\/Camara27-1.png","twitter_misc":{"\u00c9crit par":"Damien Dellerba","Dur\u00e9e de lecture estim\u00e9e":"2 minutes"},"schema":{"@context":"https:\/\/schema.org","@graph":[{"@type":"WebPage","@id":"https:\/\/www.ladiagonale.net\/index.php\/2026\/09\/03\/camara-aurait-tente-de-forcer-son-transfert-a-chelsea-en-passant-par-sartori\/","url":"https:\/\/www.ladiagonale.net\/index.php\/2026\/09\/03\/camara-aurait-tente-de-forcer-son-transfert-a-chelsea-en-passant-par-sartori\/","name":"Camara aurait tent\u00e9 de forcer son transfert \u00e0 Chelsea en passant par Sartori - La Diagonale","isPartOf":{"@id":"https:\/\/www.ladiagonale.net\/#website"},"datePublished":"2026-09-03T12:23:49+00:00","dateModified":"2026-09-03T12:31:06+00:00","author":{"@id":"https:\/\/www.ladiagonale.net\/#\/schema\/person\/79ff1e7b0853ed01b2aa26e64ad300bf"},"breadcrumb":{"@id":"https:\/\/www.ladiagonale.net\/index.php\/2026\/09\/03\/camara-aurait-tente-de-forcer-son-transfert-a-chelsea-en-passant-par-sartori\/#breadcrumb"},"inLanguage":"fr-FR","potentialAction":[{"@type":"ReadAction","target":["https:\/\/www.ladiagonale.net\/index.php\/2026\/09\/03\/camara-aurait-tente-de-forcer-son-transfert-a-chelsea-en-passant-par-sartori\/"]}]},{"@type":"BreadcrumbList","@id":"https:\/\/www.ladiagonale.net\/index.php\/2026\/09\/03\/camara-aurait-tente-de-forcer-son-transfert-a-chelsea-en-passant-par-sartori\/#breadcrumb","itemListElement":[{"@type":"ListItem","position":1,"name":"Accueil","item":"https:\/\/www.ladiagonale.net\/"},{"@type":"ListItem","position":2,"name":"Camara aurait tent\u00e9 de forcer son transfert \u00e0 Chelsea en passant par Sartori"}]},{"@type":"WebSite","@id":"https:\/\/www.ladiagonale.net\/#website","url":"https:\/\/www.ladiagonale.net\/","name":"La Diagonale","description":"Le site des supporters de l&#039;AS Monaco FC","potentialAction":[{"@type":"SearchAction","target":{"@type":"EntryPoint","urlTemplate":"https:\/\/www.ladiagonale.net\/?s={search_term_string}"},"query-input":"required name=search_term_string"}],"inLanguage":"fr-FR"},{"@type":"Person","@id":"https:\/\/www.ladiagonale.net\/#\/schema\/person\/79ff1e7b0853ed01b2aa26e64ad300bf","name":"Damien Dellerba","image":{"@type":"ImageObject","inLanguage":"fr-FR","@id":"https:\/\/www.ladiagonale.net\/#\/schema\/person\/image\/","url":"https:\/\/secure.gravatar.com\/avatar\/c7850e06d3ff63cdbaee88b7fc16e2f0?s=96&d=mm&r=g","contentUrl":"https:\/\/secure.gravatar.com\/avatar\/c7850e06d3ff63cdbaee88b7fc16e2f0?s=96&d=mm&r=g","caption":"Damien Dellerba"},"url":"https:\/\/www.ladiagonale.net\/index.php\/author\/damien\/"}]}},"_links":{"self":[{"href":"https:\/\/www.ladiagonale.net\/index.php\/wp-json\/wp\/v2\/posts\/40615"}],"collection":[{"href":"https:\/\/www.ladiagonale.net\/index.php\/wp-json\/wp\/v2\/posts"}],"about":[{"href":"https:\/\/www.ladiagonale.net\/index.php\/wp-json\/wp\/v2\/types\/post"}],"author":[{"embeddable":true,"href":"https:\/\/www.ladiagonale.net\/index.php\/wp-json\/wp\/v2\/users\/2"}],"replies":[{"embeddable":true,"href":"https:\/\/www.ladiagonale.net\/index.php\/wp-json\/wp\/v2\/comments?post=40615"}],"version-history":[{"count":3,"href":"https:\/\/www.ladiagonale.net\/index.php\/wp-json\/wp\/v2\/posts\/40615\/revisions"}],"predecessor-version":[{"id":40621,"href":"https:\/\/www.ladiagonale.net\/index.php\/wp-json\/wp\/v2\/posts\/40615\/revisions\/40621"}],"wp:attachment":[{"href":"https:\/\/www.ladiagonale.net\/index.php\/wp-json\/wp\/v2\/media?parent=40615"}],"wp:term":[{"taxonomy":"category","embeddable":true,"href":"https:\/\/www.ladiagonale.net\/index.php\/wp-json\/wp\/v2\/categories?post=40615"},{"taxonomy":"post_tag","embeddable":true,"href":"https:\/\/www.ladiagonale.net\/index.php\/wp-json\/wp\/v2\/tags?post=40615"}],"curies":[{"name":"wp","href":"https:\/\/api.w.org\/{rel}","templated":true}]}}